{"id":33136,"date":"2025-02-11T09:32:22","date_gmt":"2025-02-11T12:32:22","guid":{"rendered":"http:\/\/revistavitrineibiuna.com.br\/?p=33136"},"modified":"2025-02-11T09:32:23","modified_gmt":"2025-02-11T12:32:23","slug":"saude-com-as-ondas-de-calor-seu-corpo-precisa-de-mais-agua","status":"publish","type":"post","link":"https:\/\/revistavitrineibiuna.com.br\/?p=33136","title":{"rendered":"SA\u00daDE &#8211; COM AS ONDAS DE CALOR, SEU CORPO PRECISA DE MAIS \u00c1GUA"},"content":{"rendered":"\n<p class=\"has-drop-cap\"><strong>Com a previs\u00e3o da ocorr\u00eancia de altas temperaturas na maior parte do Brasil, a palavra de ordem quando o assunto \u00e9 sa\u00fade \u00e9: hidratar bem o corpo.<\/strong><\/p>\n\n\n\n<p><strong>A \u00e1gua \u00e9 fundamental para a vida humana e comp\u00f5e 70% do corpo.<\/strong><\/p>\n\n\n\n<p><strong>A m\u00e1 hidrata\u00e7\u00e3o pode causar diversos problemas ao corpo : \u201cA perda de 1% a 2% de \u00e1gua corporal pode ocasionar aumento da frequ\u00eancia card\u00edaca e redu\u00e7\u00e3o da fun\u00e7\u00e3o cognitiva. A desidrata\u00e7\u00e3o mais severa, de 7% a 10% de perda h\u00eddrica, pode causar del\u00edrio, espasmos musculares, perda de equil\u00edbrio e at\u00e9 a morte\u201d, informa a nutricionista Let\u00edcia Mazepa.<\/strong><\/p>\n\n\n\n<p><strong>Mas os efeitos da falta de \u00e1gua no corpo provocam muitos outros sintomas, como dores de cabe\u00e7a, tontura, fraqueza, fadiga, confus\u00e3o, problemas renais e urin\u00e1rios, ressecamento da pele, secura nos olhos, constipa\u00e7\u00e3o e problemas digestivos.<\/strong><\/p>\n\n\n\n<p><strong>DICAS DE PREVEN\u00c7\u00c3O<\/strong><\/p>\n\n\n\n<p><strong>Com a eleva\u00e7\u00e3o das temperaturas, como tem ocorrido e com a tend\u00eancia de recordes de calor previstos pelos institutos de meteorologia \u00e9 importante adotar medidas preventivas, como:<\/strong><\/p>\n\n\n\n<p><strong>. Beber muito l\u00edquido, principalmente crian\u00e7as e idosos;<\/strong><\/p>\n\n\n\n<p><strong>. Usar roupas leves, dando prefer\u00eancia \u00e0s cores claras;<\/strong><\/p>\n\n\n\n<p><strong>. Evitar exposi\u00e7\u00e3o direta ao sol nos dias mais quentes;<\/strong><\/p>\n\n\n\n<p><strong>. N\u00e3o praticar exerc\u00edcios f\u00edsicos nas horas mais quentes do dia;<\/strong><\/p>\n\n\n\n<p><strong>. Cuidados com a alimenta\u00e7\u00e3o e com a higiene;]<\/strong><\/p>\n\n\n\n<p><strong>. Evitar o consumo de \u00e1lcool, uma vez que aumenta a perda de l\u00edquido pela urina<\/strong><\/p>\n\n\n\n<p><strong>. Sempre que poss\u00edvel, evitar sair no per\u00edodo entre 10h e 16h, preferindo sair de manh\u00e3zinha ou ao entardecer;<\/strong><\/p>\n\n\n\n<p><strong>. Use filtro solar, sempre, e o reaplique ap\u00f3s algumas horas ou quando transpirar muito e procure caminhar na sombra;<\/strong><\/p>\n\n\n\n<p><strong>. Prefira uma alimenta\u00e7\u00e3o leve com frutas, legumes e saladas, com refei\u00e7\u00f5es leves em intervalos menores entre as refei\u00e7\u00f5es;<\/strong><\/p>\n\n\n\n<p><strong>. Dentro de casa ou no trabalho, abra janelas e portas, deixando o ar circular e feche cortinas e persianas para bloquear o sol;<\/strong><\/p>\n\n\n\n<p><strong>. Use hidratantes para pele e umidifique o ambiente;<\/strong><\/p>\n\n\n\n<p><strong>. N\u00e3o permane\u00e7a em ve\u00edculos estacionados no sol e ao entrar em um carro que ficou parado sob o Sol, abra primeiro portas e janelas para o ar circular.<\/strong><\/p>\n\n\n\n<p><strong>E LEMBRE-SE<\/strong><\/p>\n\n\n\n<p><strong>Beber muita \u00e1gua traz v\u00e1rios benef\u00edcios para a sa\u00fade, como preven\u00e7\u00e3o de problemas renais (forma\u00e7\u00e3o de c\u00e1lculos, por exemplo), a melhoria do sistema imunol\u00f3gico e a redu\u00e7\u00e3o do risco de doen\u00e7as card\u00edacas.<\/strong><\/p>\n","protected":false},"excerpt":{"rendered":"<p>Com a previs\u00e3o da ocorr\u00eancia de altas temperaturas na maior parte do Brasil, a palavra de ordem quando o assunto<\/p>\n","protected":false},"author":1,"featured_media":33137,"comment_status":"open","ping_status":"open","sticky":false,"template":"","format":"standard","meta":[],"categories":[3],"tags":[],"yoast_head":"<!-- This site is optimized with the Yoast SEO plugin v15.8 - https:\/\/yoast.com\/wordpress\/plugins\/seo\/ -->\n<title>SA\u00daDE - COM AS ONDAS DE CALOR, SEU CORPO PRECISA DE MAIS \u00c1GUA - Revista Vitrine Online<\/title>\n<meta name=\"robots\" content=\"index, follow, max-snippet:-1, max-image-preview:large, max-video-preview:-1\" \/>\n<link rel=\"canonical\" href=\"https:\/\/revistavitrineibiuna.com.br\/?p=33136\" \/>\n<meta property=\"og:locale\" content=\"pt_BR\" \/>\n<meta property=\"og:type\" content=\"article\" \/>\n<meta property=\"og:title\" content=\"SA\u00daDE - COM AS ONDAS DE CALOR, SEU CORPO PRECISA DE MAIS \u00c1GUA - Revista Vitrine Online\" \/>\n<meta property=\"og:description\" content=\"Com a previs\u00e3o da ocorr\u00eancia de altas temperaturas na maior parte do Brasil, a palavra de ordem quando o assunto\" \/>\n<meta property=\"og:url\" content=\"https:\/\/revistavitrineibiuna.com.br\/?p=33136\" \/>\n<meta property=\"og:site_name\" content=\"Revista Vitrine Online\" \/>\n<meta property=\"article:published_time\" content=\"2025-02-11T12:32:22+00:00\" \/>\n<meta property=\"article:modified_time\" content=\"2025-02-11T12:32:23+00:00\" \/>\n<meta property=\"og:image\" content=\"https:\/\/revistavitrineibiuna.com.br\/wp-content\/uploads\/2025\/02\/sinal-positivo-agua.png\" \/>\n\t<meta property=\"og:image:width\" content=\"740\" \/>\n\t<meta property=\"og:image:height\" content=\"493\" \/>\n<meta name=\"twitter:card\" content=\"summary\" \/>\n<meta name=\"twitter:label1\" content=\"Est. reading time\">\n\t<meta name=\"twitter:data1\" content=\"2 minutos\">\n<script type=\"application\/ld+json\" class=\"yoast-schema-graph\">{\"@context\":\"https:\/\/schema.org\",\"@graph\":[{\"@type\":\"WebSite\",\"@id\":\"https:\/\/revistavitrineibiuna.com.br\/#website\",\"url\":\"https:\/\/revistavitrineibiuna.com.br\/\",\"name\":\"Revista Vitrine Ibi\\u00fana\",\"description\":\"A Revista de Ibi\\u00fana e Regi\\u00e3o\",\"publisher\":{\"@id\":\"https:\/\/revistavitrineibiuna.com.br\/#\/schema\/person\/e51ef49d6d88170ea21ceabff3f73deb\"},\"potentialAction\":[{\"@type\":\"SearchAction\",\"target\":\"https:\/\/revistavitrineibiuna.com.br\/?s={search_term_string}\",\"query-input\":\"required name=search_term_string\"}],\"inLanguage\":\"pt-BR\"},{\"@type\":\"ImageObject\",\"@id\":\"https:\/\/revistavitrineibiuna.com.br\/?p=33136#primaryimage\",\"inLanguage\":\"pt-BR\",\"url\":\"https:\/\/revistavitrineibiuna.com.br\/wp-content\/uploads\/2025\/02\/sinal-positivo-agua.png\",\"width\":740,\"height\":493},{\"@type\":\"WebPage\",\"@id\":\"https:\/\/revistavitrineibiuna.com.br\/?p=33136#webpage\",\"url\":\"https:\/\/revistavitrineibiuna.com.br\/?p=33136\",\"name\":\"SA\\u00daDE - COM AS ONDAS DE CALOR, SEU CORPO PRECISA DE MAIS \\u00c1GUA - Revista Vitrine Online\",\"isPartOf\":{\"@id\":\"https:\/\/revistavitrineibiuna.com.br\/#website\"},\"primaryImageOfPage\":{\"@id\":\"https:\/\/revistavitrineibiuna.com.br\/?p=33136#primaryimage\"},\"datePublished\":\"2025-02-11T12:32:22+00:00\",\"dateModified\":\"2025-02-11T12:32:23+00:00\",\"breadcrumb\":{\"@id\":\"https:\/\/revistavitrineibiuna.com.br\/?p=33136#breadcrumb\"},\"inLanguage\":\"pt-BR\",\"potentialAction\":[{\"@type\":\"ReadAction\",\"target\":[\"https:\/\/revistavitrineibiuna.com.br\/?p=33136\"]}]},{\"@type\":\"BreadcrumbList\",\"@id\":\"https:\/\/revistavitrineibiuna.com.br\/?p=33136#breadcrumb\",\"itemListElement\":[{\"@type\":\"ListItem\",\"position\":1,\"item\":{\"@type\":\"WebPage\",\"@id\":\"https:\/\/revistavitrineibiuna.com.br\/\",\"url\":\"https:\/\/revistavitrineibiuna.com.br\/\",\"name\":\"In\\u00edcio\"}},{\"@type\":\"ListItem\",\"position\":2,\"item\":{\"@type\":\"WebPage\",\"@id\":\"https:\/\/revistavitrineibiuna.com.br\/?p=33136\",\"url\":\"https:\/\/revistavitrineibiuna.com.br\/?p=33136\",\"name\":\"SA\\u00daDE &#8211; COM AS ONDAS DE CALOR, SEU CORPO PRECISA DE MAIS \\u00c1GUA\"}}]},{\"@type\":\"Article\",\"@id\":\"https:\/\/revistavitrineibiuna.com.br\/?p=33136#article\",\"isPartOf\":{\"@id\":\"https:\/\/revistavitrineibiuna.com.br\/?p=33136#webpage\"},\"author\":{\"@id\":\"https:\/\/revistavitrineibiuna.com.br\/#\/schema\/person\/e51ef49d6d88170ea21ceabff3f73deb\"},\"headline\":\"SA\\u00daDE &#8211; COM AS ONDAS DE CALOR, SEU CORPO PRECISA DE MAIS \\u00c1GUA\",\"datePublished\":\"2025-02-11T12:32:22+00:00\",\"dateModified\":\"2025-02-11T12:32:23+00:00\",\"mainEntityOfPage\":{\"@id\":\"https:\/\/revistavitrineibiuna.com.br\/?p=33136#webpage\"},\"commentCount\":0,\"publisher\":{\"@id\":\"https:\/\/revistavitrineibiuna.com.br\/#\/schema\/person\/e51ef49d6d88170ea21ceabff3f73deb\"},\"image\":{\"@id\":\"https:\/\/revistavitrineibiuna.com.br\/?p=33136#primaryimage\"},\"articleSection\":\"Not\\u00edcias\",\"inLanguage\":\"pt-BR\",\"potentialAction\":[{\"@type\":\"CommentAction\",\"name\":\"Comment\",\"target\":[\"https:\/\/revistavitrineibiuna.com.br\/?p=33136#respond\"]}]},{\"@type\":[\"Person\",\"Organization\"],\"@id\":\"https:\/\/revistavitrineibiuna.com.br\/#\/schema\/person\/e51ef49d6d88170ea21ceabff3f73deb\",\"name\":\"Carlos Rossini\",\"image\":{\"@type\":\"ImageObject\",\"@id\":\"https:\/\/revistavitrineibiuna.com.br\/#personlogo\",\"inLanguage\":\"pt-BR\",\"url\":\"https:\/\/secure.gravatar.com\/avatar\/4f2d0f99fac1f85c7d643f21f5c8d900?s=96&d=mm&r=g\",\"caption\":\"Carlos Rossini\"},\"logo\":{\"@id\":\"https:\/\/revistavitrineibiuna.com.br\/#personlogo\"},\"description\":\"Carlos Rossini \\u00e9 jornalista, soci\\u00f3logo, escritor e professor universit\\u00e1rio, tendo sido professor de jornalismo por vinte anos. Trabalhou em ve\\u00edculos de comunica\\u00e7\\u00e3o nas fun\\u00e7\\u00f5es de rep\\u00f3rter, redator, editor, articulista e colaborador, como Folha de S. Paulo, O Estado de S. Paulo, Di\\u00e1rio Popular, entre outros. Ao transferir a revista vitrine, vers\\u00e3o imprensa, de S\\u00e3o Paulo para Ibi\\u00fana h\\u00e1 alguns anos, iniciou uma nova experi\\u00eancia profissional, dedicando-se ao jornalismo regional, depois de cumprir uma trajet\\u00f3ria bem-sucedida na grande imprensa brasileira. Seu primeiro livro A Coragem de Comunicar foi lan\\u00e7ado na Bienal do Livro em S\\u00e3o Paulo no ano 2000, pela editora Madras.\"}]}<\/script>\n<!-- \/ Yoast SEO plugin. -->","_links":{"self":[{"href":"https:\/\/revistavitrineibiuna.com.br\/index.php?rest_route=\/wp\/v2\/posts\/33136"}],"collection":[{"href":"https:\/\/revistavitrineibiuna.com.br\/index.php?rest_route=\/wp\/v2\/posts"}],"about":[{"href":"https:\/\/revistavitrineibiuna.com.br\/index.php?rest_route=\/wp\/v2\/types\/post"}],"author":[{"embeddable":true,"href":"https:\/\/revistavitrineibiuna.com.br\/index.php?rest_route=\/wp\/v2\/users\/1"}],"replies":[{"embeddable":true,"href":"https:\/\/revistavitrineibiuna.com.br\/index.php?rest_route=%2Fwp%2Fv2%2Fcomments&post=33136"}],"version-history":[{"count":1,"href":"https:\/\/revistavitrineibiuna.com.br\/index.php?rest_route=\/wp\/v2\/posts\/33136\/revisions"}],"predecessor-version":[{"id":33138,"href":"https:\/\/revistavitrineibiuna.com.br\/index.php?rest_route=\/wp\/v2\/posts\/33136\/revisions\/33138"}],"wp:featuredmedia":[{"embeddable":true,"href":"https:\/\/revistavitrineibiuna.com.br\/index.php?rest_route=\/wp\/v2\/media\/33137"}],"wp:attachment":[{"href":"https:\/\/revistavitrineibiuna.com.br\/index.php?rest_route=%2Fwp%2Fv2%2Fmedia&parent=33136"}],"wp:term":[{"taxonomy":"category","embeddable":true,"href":"https:\/\/revistavitrineibiuna.com.br\/index.php?rest_route=%2Fwp%2Fv2%2Fcategories&post=33136"},{"taxonomy":"post_tag","embeddable":true,"href":"https:\/\/revistavitrineibiuna.com.br\/index.php?rest_route=%2Fwp%2Fv2%2Ftags&post=33136"}],"curies":[{"name":"wp","href":"https:\/\/api.w.org\/{rel}","templated":true}]}}