{"id":33140,"date":"2025-02-12T06:31:29","date_gmt":"2025-02-12T09:31:29","guid":{"rendered":"http:\/\/revistavitrineibiuna.com.br\/?p=33140"},"modified":"2025-02-12T06:32:17","modified_gmt":"2025-02-12T09:32:17","slug":"a-senhorinha-m","status":"publish","type":"post","link":"https:\/\/revistavitrineibiuna.com.br\/?p=33140","title":{"rendered":"A senhorinha M."},"content":{"rendered":"\n<p class=\"has-drop-cap\"><strong>Mora num residencial aqui em nossa cidade a senhorinha M., uma octogen\u00e1ria. Magra, de baixa estatura \u00e9 muito observadora com seus pequeninos olhos fundos. Poderia ser av\u00f3 de muitos entre n\u00f3s. Ela vive s\u00f3 em seu apartamento tolhida pelo medo. Sente-se insegura.<\/strong> <\/p>\n\n\n\n<p><strong>\u201cAqui mora muita gente boa, mas, tamb\u00e9m, muita gente ruim.\u201d<\/strong><\/p>\n\n\n\n<p><strong>Ela tem um cachorrinho que fica dentro da casa para dar alerta em caso de alguma amea\u00e7a.<\/strong><\/p>\n\n\n\n<p><strong>H\u00e1 pouco tempo, um dia desses viveu momentos de pavor.<\/strong><\/p>\n\n\n\n<p><strong>Ainda era madrugada e, de repente, come\u00e7aram a chegar carros da pol\u00edcia.<\/strong><\/p>\n\n\n\n<p><strong>Chegaram com tudo, quase ao mesmo tempo, agindo r\u00e1pido, procurando por bandidos. Era uma opera\u00e7\u00e3o planejada, tinham at\u00e9 mandado de busca e apreens\u00e3o, na linguagem policialesca.<\/strong><\/p>\n\n\n\n<p><strong>Ela percebeu toda a movimenta\u00e7\u00e3o e ficou muito assustada. Escutou ru\u00eddos estranhos, latidos de cachorros, barulhos de portas sendo arrebentadas para permitir a invas\u00e3o e, talvez, pegar algu\u00e9m em flagrante delito.<\/strong><\/p>\n\n\n\n<p><strong>\u201cDeixei a porta da minha casa meio aberta para que n\u00e3o fosse arrebentada\u201d, disse, revelando um cuidado preventivo, j\u00e1 que acredita que ningu\u00e9m, vendo-a, iria trat\u00e1-la como um delinquente.<\/strong><\/p>\n\n\n\n<p><strong>\u201cLevaram uns homens daqui, acho que foram presos\u201d, comentou imaginando que os policiais tinham algum motivo grave para tomar essa atitude.<\/strong><\/p>\n\n\n\n<p><strong>A opera\u00e7\u00e3o acabou! Ufa! M. resolveu fazer o relato para dizer que se sente muito insegura, que pretende vender sua Casinha e ir morar num barraco, para se livrar desses epis\u00f3dios assustadores.<\/strong><\/p>\n\n\n\n<p><strong>\u201cSempre que sinto medo, procuro ajuda da minha vizinha de cima. J\u00e1 vi coisas por aqui que me fizeram ligar para a pol\u00edcia, mas eles n\u00e3o v\u00eam, quando chamo.\u201d<\/strong><\/p>\n\n\n\n<p><strong>M. \u00e9 uma velhinha simp\u00e1tica, l\u00facida, observadora, mas, \u00e9 prov\u00e1vel, que se sinta s\u00f3 em sua casa, e tamb\u00e9m demonstra inseguran\u00e7a no ambiente em que vive.<\/strong><\/p>\n\n\n\n<p><strong>Consultei os meus bot\u00f5es. Ser\u00e1 que no cen\u00e1rio dos servi\u00e7os &nbsp;municipais aos cidad\u00e3os e cidad\u00e3s existe uma modalidade de acolhimento proativo que possa cuidar de casos como esse, de forma humanit\u00e1ria? &nbsp;<\/strong><\/p>\n\n\n\n<p><strong>Acho que deveriam fazer uma visita a ela, conversar e tomar alguma atitude para que, nesta altura da vida, com uma voz levemente arrastada pela idade, ela possa ter uma vida digna, despojada desse medo pesado e ter pelo menos alguns momentos de paz. (C.R.)<\/strong><\/p>\n","protected":false},"excerpt":{"rendered":"<p>Mora num residencial aqui em nossa cidade a senhorinha M., uma octogen\u00e1ria. Magra, de baixa estatura \u00e9 muito observadora com<\/p>\n","protected":false},"author":1,"featured_media":33141,"comment_status":"open","ping_status":"open","sticky":false,"template":"","format":"standard","meta":[],"categories":[3],"tags":[],"yoast_head":"<!-- This site is optimized with the Yoast SEO plugin v15.8 - https:\/\/yoast.com\/wordpress\/plugins\/seo\/ -->\n<title>A senhorinha M. - Revista Vitrine Online<\/title>\n<meta name=\"robots\" content=\"index, follow, max-snippet:-1, max-image-preview:large, max-video-preview:-1\" \/>\n<link rel=\"canonical\" href=\"https:\/\/revistavitrineibiuna.com.br\/?p=33140\" \/>\n<meta property=\"og:locale\" content=\"pt_BR\" \/>\n<meta property=\"og:type\" content=\"article\" \/>\n<meta property=\"og:title\" content=\"A senhorinha M. - Revista Vitrine Online\" \/>\n<meta property=\"og:description\" content=\"Mora num residencial aqui em nossa cidade a senhorinha M., uma octogen\u00e1ria. Magra, de baixa estatura \u00e9 muito observadora com\" \/>\n<meta property=\"og:url\" content=\"https:\/\/revistavitrineibiuna.com.br\/?p=33140\" \/>\n<meta property=\"og:site_name\" content=\"Revista Vitrine Online\" \/>\n<meta property=\"article:published_time\" content=\"2025-02-12T09:31:29+00:00\" \/>\n<meta property=\"article:modified_time\" content=\"2025-02-12T09:32:17+00:00\" \/>\n<meta property=\"og:image\" content=\"https:\/\/revistavitrineibiuna.com.br\/wp-content\/uploads\/2025\/02\/a-senhorinha-M..png\" \/>\n\t<meta property=\"og:image:width\" content=\"566\" \/>\n\t<meta property=\"og:image:height\" content=\"353\" \/>\n<meta name=\"twitter:card\" content=\"summary\" \/>\n<meta name=\"twitter:label1\" content=\"Est. reading time\">\n\t<meta name=\"twitter:data1\" content=\"2 minutos\">\n<script type=\"application\/ld+json\" class=\"yoast-schema-graph\">{\"@context\":\"https:\/\/schema.org\",\"@graph\":[{\"@type\":\"WebSite\",\"@id\":\"https:\/\/revistavitrineibiuna.com.br\/#website\",\"url\":\"https:\/\/revistavitrineibiuna.com.br\/\",\"name\":\"Revista Vitrine Ibi\\u00fana\",\"description\":\"A Revista de Ibi\\u00fana e Regi\\u00e3o\",\"publisher\":{\"@id\":\"https:\/\/revistavitrineibiuna.com.br\/#\/schema\/person\/e51ef49d6d88170ea21ceabff3f73deb\"},\"potentialAction\":[{\"@type\":\"SearchAction\",\"target\":\"https:\/\/revistavitrineibiuna.com.br\/?s={search_term_string}\",\"query-input\":\"required name=search_term_string\"}],\"inLanguage\":\"pt-BR\"},{\"@type\":\"ImageObject\",\"@id\":\"https:\/\/revistavitrineibiuna.com.br\/?p=33140#primaryimage\",\"inLanguage\":\"pt-BR\",\"url\":\"https:\/\/revistavitrineibiuna.com.br\/wp-content\/uploads\/2025\/02\/a-senhorinha-M..png\",\"width\":566,\"height\":353},{\"@type\":\"WebPage\",\"@id\":\"https:\/\/revistavitrineibiuna.com.br\/?p=33140#webpage\",\"url\":\"https:\/\/revistavitrineibiuna.com.br\/?p=33140\",\"name\":\"A senhorinha M. - Revista Vitrine Online\",\"isPartOf\":{\"@id\":\"https:\/\/revistavitrineibiuna.com.br\/#website\"},\"primaryImageOfPage\":{\"@id\":\"https:\/\/revistavitrineibiuna.com.br\/?p=33140#primaryimage\"},\"datePublished\":\"2025-02-12T09:31:29+00:00\",\"dateModified\":\"2025-02-12T09:32:17+00:00\",\"breadcrumb\":{\"@id\":\"https:\/\/revistavitrineibiuna.com.br\/?p=33140#breadcrumb\"},\"inLanguage\":\"pt-BR\",\"potentialAction\":[{\"@type\":\"ReadAction\",\"target\":[\"https:\/\/revistavitrineibiuna.com.br\/?p=33140\"]}]},{\"@type\":\"BreadcrumbList\",\"@id\":\"https:\/\/revistavitrineibiuna.com.br\/?p=33140#breadcrumb\",\"itemListElement\":[{\"@type\":\"ListItem\",\"position\":1,\"item\":{\"@type\":\"WebPage\",\"@id\":\"https:\/\/revistavitrineibiuna.com.br\/\",\"url\":\"https:\/\/revistavitrineibiuna.com.br\/\",\"name\":\"In\\u00edcio\"}},{\"@type\":\"ListItem\",\"position\":2,\"item\":{\"@type\":\"WebPage\",\"@id\":\"https:\/\/revistavitrineibiuna.com.br\/?p=33140\",\"url\":\"https:\/\/revistavitrineibiuna.com.br\/?p=33140\",\"name\":\"A senhorinha M.\"}}]},{\"@type\":\"Article\",\"@id\":\"https:\/\/revistavitrineibiuna.com.br\/?p=33140#article\",\"isPartOf\":{\"@id\":\"https:\/\/revistavitrineibiuna.com.br\/?p=33140#webpage\"},\"author\":{\"@id\":\"https:\/\/revistavitrineibiuna.com.br\/#\/schema\/person\/e51ef49d6d88170ea21ceabff3f73deb\"},\"headline\":\"A senhorinha M.\",\"datePublished\":\"2025-02-12T09:31:29+00:00\",\"dateModified\":\"2025-02-12T09:32:17+00:00\",\"mainEntityOfPage\":{\"@id\":\"https:\/\/revistavitrineibiuna.com.br\/?p=33140#webpage\"},\"commentCount\":0,\"publisher\":{\"@id\":\"https:\/\/revistavitrineibiuna.com.br\/#\/schema\/person\/e51ef49d6d88170ea21ceabff3f73deb\"},\"image\":{\"@id\":\"https:\/\/revistavitrineibiuna.com.br\/?p=33140#primaryimage\"},\"articleSection\":\"Not\\u00edcias\",\"inLanguage\":\"pt-BR\",\"potentialAction\":[{\"@type\":\"CommentAction\",\"name\":\"Comment\",\"target\":[\"https:\/\/revistavitrineibiuna.com.br\/?p=33140#respond\"]}]},{\"@type\":[\"Person\",\"Organization\"],\"@id\":\"https:\/\/revistavitrineibiuna.com.br\/#\/schema\/person\/e51ef49d6d88170ea21ceabff3f73deb\",\"name\":\"Carlos Rossini\",\"image\":{\"@type\":\"ImageObject\",\"@id\":\"https:\/\/revistavitrineibiuna.com.br\/#personlogo\",\"inLanguage\":\"pt-BR\",\"url\":\"https:\/\/secure.gravatar.com\/avatar\/4f2d0f99fac1f85c7d643f21f5c8d900?s=96&d=mm&r=g\",\"caption\":\"Carlos Rossini\"},\"logo\":{\"@id\":\"https:\/\/revistavitrineibiuna.com.br\/#personlogo\"},\"description\":\"Carlos Rossini \\u00e9 jornalista, soci\\u00f3logo, escritor e professor universit\\u00e1rio, tendo sido professor de jornalismo por vinte anos. Trabalhou em ve\\u00edculos de comunica\\u00e7\\u00e3o nas fun\\u00e7\\u00f5es de rep\\u00f3rter, redator, editor, articulista e colaborador, como Folha de S. Paulo, O Estado de S. Paulo, Di\\u00e1rio Popular, entre outros. Ao transferir a revista vitrine, vers\\u00e3o imprensa, de S\\u00e3o Paulo para Ibi\\u00fana h\\u00e1 alguns anos, iniciou uma nova experi\\u00eancia profissional, dedicando-se ao jornalismo regional, depois de cumprir uma trajet\\u00f3ria bem-sucedida na grande imprensa brasileira. Seu primeiro livro A Coragem de Comunicar foi lan\\u00e7ado na Bienal do Livro em S\\u00e3o Paulo no ano 2000, pela editora Madras.\"}]}<\/script>\n<!-- \/ Yoast SEO plugin. -->","_links":{"self":[{"href":"https:\/\/revistavitrineibiuna.com.br\/index.php?rest_route=\/wp\/v2\/posts\/33140"}],"collection":[{"href":"https:\/\/revistavitrineibiuna.com.br\/index.php?rest_route=\/wp\/v2\/posts"}],"about":[{"href":"https:\/\/revistavitrineibiuna.com.br\/index.php?rest_route=\/wp\/v2\/types\/post"}],"author":[{"embeddable":true,"href":"https:\/\/revistavitrineibiuna.com.br\/index.php?rest_route=\/wp\/v2\/users\/1"}],"replies":[{"embeddable":true,"href":"https:\/\/revistavitrineibiuna.com.br\/index.php?rest_route=%2Fwp%2Fv2%2Fcomments&post=33140"}],"version-history":[{"count":2,"href":"https:\/\/revistavitrineibiuna.com.br\/index.php?rest_route=\/wp\/v2\/posts\/33140\/revisions"}],"predecessor-version":[{"id":33144,"href":"https:\/\/revistavitrineibiuna.com.br\/index.php?rest_route=\/wp\/v2\/posts\/33140\/revisions\/33144"}],"wp:featuredmedia":[{"embeddable":true,"href":"https:\/\/revistavitrineibiuna.com.br\/index.php?rest_route=\/wp\/v2\/media\/33141"}],"wp:attachment":[{"href":"https:\/\/revistavitrineibiuna.com.br\/index.php?rest_route=%2Fwp%2Fv2%2Fmedia&parent=33140"}],"wp:term":[{"taxonomy":"category","embeddable":true,"href":"https:\/\/revistavitrineibiuna.com.br\/index.php?rest_route=%2Fwp%2Fv2%2Fcategories&post=33140"},{"taxonomy":"post_tag","embeddable":true,"href":"https:\/\/revistavitrineibiuna.com.br\/index.php?rest_route=%2Fwp%2Fv2%2Ftags&post=33140"}],"curies":[{"name":"wp","href":"https:\/\/api.w.org\/{rel}","templated":true}]}}