{"id":33145,"date":"2025-02-14T00:30:14","date_gmt":"2025-02-14T03:30:14","guid":{"rendered":"http:\/\/revistavitrineibiuna.com.br\/?p=33145"},"modified":"2025-02-14T00:46:21","modified_gmt":"2025-02-14T03:46:21","slug":"ibiuna-prefeito-pede-ajuda-para-o-hospital","status":"publish","type":"post","link":"https:\/\/revistavitrineibiuna.com.br\/?p=33145","title":{"rendered":"IBI\u00daNA \u2013 PREFEITO PEDE AJUDA PARA O HOSPITAL"},"content":{"rendered":"\n<p class=\"has-drop-cap\"><strong>Uma professora perguntou-me o que estava achando da atual administra\u00e7\u00e3o de Ibi\u00fana. Respondi que achava muito cedo para opinar, pois o novo governo est\u00e1 no comecinho do mandato, apenas quarenta e cinco dias. Era claramente necess\u00e1rio adiar a resposta.<\/strong><\/p>\n\n\n\n<p><strong>A conversa no momento girava em torno do hospital municipal que havia sido visitado h\u00e1 poucos dias por um deputado estadual, acompanhado de um vereador, que teria observado algumas situa\u00e7\u00f5es insatisfat\u00f3rias. Prometeu uma emenda de pouco mais de R$ 300 mil que devem desembarcar na conta municipal daqui a alguns meses.<\/strong><\/p>\n\n\n\n<p><strong>Pelo que se soube, o atual secret\u00e1rio da Sa\u00fade fora chamado para atender ao parlamentar e teria dito, sobre falta de insumos, motivo de queixas dos pacientes e de seus parentes, que o novo governo tinha recebido a prefeitura \u201cfalida\u201d.<\/strong><\/p>\n\n\n\n<p><strong>Resumindo a \u00f3pera: a prefeitura foi entregue \u201cquebrada\u201d motivo pelo qual est\u00e1 tentando se virar nos trinta para enfrentar tamb\u00e9m outros compromissos que exigem dinheiro.<\/strong><\/p>\n\n\n\n<p><strong>Tamb\u00e9m teria dito que j\u00e1 estavam providenciando licita\u00e7\u00e3o para aquisi\u00e7\u00e3o dos materiais que est\u00e3o em falta, ressalvando que, por quest\u00f5es burocr\u00e1ticas e legais, essa medida leva um tempo para produzir seus efeitos.<\/strong><\/p>\n\n\n\n<p><strong>N\u00e3o \u00e9 incomum que os pr\u00f3prios pacientes ou seus parentes tenham que ir a uma farm\u00e1cia para comprar medicamentos prescritos ou materiais para realiza\u00e7\u00e3o de exames.<\/strong><\/p>\n\n\n\n<p><strong>Se a pergunta me fosse feita agora, acho que responderia da seguinte forma: a falta de dinheiro \u00e9 apontada pela autoridade como a principal causa do engessamento do Executivo no que diz respeito a a\u00e7\u00f5es efetivas e reclamadas n\u00e3o apenas pelos usu\u00e1rios do hospital, mas tamb\u00e9m da situa\u00e7\u00e3o prec\u00e1ria das estradas e de outros servi\u00e7os p\u00fablicos.<\/strong><\/p>\n\n\n\n<p><strong>O prefeito, ent\u00e3o, como se v\u00ea em suas postagens nas redes sociais, se mobiliza intensamente e, como \u00fanico porta-voz no Executivo, se tornou personagem onipresente em eventos, como a recente ida em Bras\u00edlia para onde voaram os prefeitos paulistas a convite da Presid\u00eancia. Ele aparece ao lado de parlamentares que prometem apoio. A um deputado federal, pede ajuda para o hospital.<\/strong><\/p>\n\n\n\n<p><strong>Em que pese seu not\u00f3rio esfor\u00e7o, a quest\u00e3o da sa\u00fade \u00e9 tema&nbsp; para ontem, pois as necessidades dos indiv\u00edduos s\u00e3o em geral prementes, influenciando diretamente nos procedimentos m\u00e9dicos e nos tratamentos, e qualquer falha, na percep\u00e7\u00e3o dos pacientes e dos seus familiares, gera naturalmente algum tipo de rea\u00e7\u00e3o negativa. As ang\u00fastias ou desesperos das pessoas s\u00e3o reveladas nas redes sociais. A sa\u00fade sempre \u00e9 uma quest\u00e3o delicada.<\/strong><\/p>\n\n\n\n<p><strong>Quando n\u00e3o h\u00e1 dinheiro e nenhum mecenas por perto a mais recomend\u00e1vel das condutas \u00e9 a transpar\u00eancia nas informa\u00e7\u00f5es p\u00fablicas dos fatos reais, e agir com base no principio da prioridade (urg\u00eancia e emerg\u00eancia, na linguagem hospitalar) focando todas as aten\u00e7\u00f5es no paciente, o que, n\u00e3o raro, pode at\u00e9 se produzir um milagre em alguns casos, como acontece de fato pelo empenho dos profissionais da sa\u00fade.<\/strong><\/p>\n\n\n\n<p><strong>Quem acompanha a exist\u00eancia do hospital municipal sabe muito bem do seu c\u00edrculo vicioso, sempre com problemas cr\u00f4nicos insuper\u00e1veis e, como sabem, viveu at\u00e9 mesmo um epis\u00f3dio ir\u00f4nico: chegou a ser fechado quando o prefeito era um m\u00e9dico.<\/strong><\/p>\n\n\n\n<p><strong>N\u00f3s que amamos essa terra, estamos na torcida de que esse momento especialmente de extrema dificuldade seja superado e que o prefeito e sua equipe encontrem o caminho de dias melhores para todos, como nos foi prometido.<\/strong><\/p>\n\n\n\n<p><strong>N\u00e3o custa lembrar o que temos escrito nestas p\u00e1ginas: a sa\u00fade p\u00fablica que tem o hospital municipal como cen\u00e1rio central \u00e9 o problema n\u00famero 1 do munic\u00edpio de Ibi\u00fana, h\u00e1 d\u00e9cadas! E isso n\u00e3o pode continuar, pois a tend\u00eancia \u00e9 que as dificuldades se tornem ainda maiores, porque a popula\u00e7\u00e3o continua a crescer, e mais vidas precisar\u00e3o ser bem-cuidadas.(C.R.)<\/strong><\/p>\n","protected":false},"excerpt":{"rendered":"<p>Uma professora perguntou-me o que estava achando da atual administra\u00e7\u00e3o de Ibi\u00fana. Respondi que achava muito cedo para opinar, pois<\/p>\n","protected":false},"author":1,"featured_media":33146,"comment_status":"open","ping_status":"open","sticky":false,"template":"","format":"standard","meta":[],"categories":[3],"tags":[],"yoast_head":"<!-- This site is optimized with the Yoast SEO plugin v15.8 - https:\/\/yoast.com\/wordpress\/plugins\/seo\/ -->\n<title>IBI\u00daNA \u2013 PREFEITO PEDE AJUDA PARA O HOSPITAL - Revista Vitrine Online<\/title>\n<meta name=\"robots\" content=\"index, follow, max-snippet:-1, max-image-preview:large, max-video-preview:-1\" \/>\n<link rel=\"canonical\" href=\"http:\/\/revistavitrineibiuna.com.br\/?p=33145\" \/>\n<meta property=\"og:locale\" content=\"pt_BR\" \/>\n<meta property=\"og:type\" content=\"article\" \/>\n<meta property=\"og:title\" content=\"IBI\u00daNA \u2013 PREFEITO PEDE AJUDA PARA O HOSPITAL - Revista Vitrine Online\" \/>\n<meta property=\"og:description\" content=\"Uma professora perguntou-me o que estava achando da atual administra\u00e7\u00e3o de Ibi\u00fana. Respondi que achava muito cedo para opinar, pois\" \/>\n<meta property=\"og:url\" content=\"http:\/\/revistavitrineibiuna.com.br\/?p=33145\" \/>\n<meta property=\"og:site_name\" content=\"Revista Vitrine Online\" \/>\n<meta property=\"article:published_time\" content=\"2025-02-14T03:30:14+00:00\" \/>\n<meta property=\"article:modified_time\" content=\"2025-02-14T03:46:21+00:00\" \/>\n<meta property=\"og:image\" content=\"https:\/\/revistavitrineibiuna.com.br\/wp-content\/uploads\/2025\/02\/hospital-municipal.png\" \/>\n\t<meta property=\"og:image:width\" content=\"1024\" \/>\n\t<meta property=\"og:image:height\" content=\"588\" \/>\n<meta name=\"twitter:card\" content=\"summary\" \/>\n<meta name=\"twitter:label1\" content=\"Est. reading time\">\n\t<meta name=\"twitter:data1\" content=\"3 minutos\">\n<script type=\"application\/ld+json\" class=\"yoast-schema-graph\">{\"@context\":\"https:\/\/schema.org\",\"@graph\":[{\"@type\":\"WebSite\",\"@id\":\"https:\/\/revistavitrineibiuna.com.br\/#website\",\"url\":\"https:\/\/revistavitrineibiuna.com.br\/\",\"name\":\"Revista Vitrine Ibi\\u00fana\",\"description\":\"A Revista de Ibi\\u00fana e Regi\\u00e3o\",\"publisher\":{\"@id\":\"https:\/\/revistavitrineibiuna.com.br\/#\/schema\/person\/e51ef49d6d88170ea21ceabff3f73deb\"},\"potentialAction\":[{\"@type\":\"SearchAction\",\"target\":\"https:\/\/revistavitrineibiuna.com.br\/?s={search_term_string}\",\"query-input\":\"required name=search_term_string\"}],\"inLanguage\":\"pt-BR\"},{\"@type\":\"ImageObject\",\"@id\":\"http:\/\/revistavitrineibiuna.com.br\/?p=33145#primaryimage\",\"inLanguage\":\"pt-BR\",\"url\":\"https:\/\/revistavitrineibiuna.com.br\/wp-content\/uploads\/2025\/02\/hospital-municipal.png\",\"width\":1024,\"height\":588},{\"@type\":\"WebPage\",\"@id\":\"http:\/\/revistavitrineibiuna.com.br\/?p=33145#webpage\",\"url\":\"http:\/\/revistavitrineibiuna.com.br\/?p=33145\",\"name\":\"IBI\\u00daNA \\u2013 PREFEITO PEDE AJUDA PARA O HOSPITAL - Revista Vitrine Online\",\"isPartOf\":{\"@id\":\"https:\/\/revistavitrineibiuna.com.br\/#website\"},\"primaryImageOfPage\":{\"@id\":\"http:\/\/revistavitrineibiuna.com.br\/?p=33145#primaryimage\"},\"datePublished\":\"2025-02-14T03:30:14+00:00\",\"dateModified\":\"2025-02-14T03:46:21+00:00\",\"breadcrumb\":{\"@id\":\"http:\/\/revistavitrineibiuna.com.br\/?p=33145#breadcrumb\"},\"inLanguage\":\"pt-BR\",\"potentialAction\":[{\"@type\":\"ReadAction\",\"target\":[\"http:\/\/revistavitrineibiuna.com.br\/?p=33145\"]}]},{\"@type\":\"BreadcrumbList\",\"@id\":\"http:\/\/revistavitrineibiuna.com.br\/?p=33145#breadcrumb\",\"itemListElement\":[{\"@type\":\"ListItem\",\"position\":1,\"item\":{\"@type\":\"WebPage\",\"@id\":\"https:\/\/revistavitrineibiuna.com.br\/\",\"url\":\"https:\/\/revistavitrineibiuna.com.br\/\",\"name\":\"In\\u00edcio\"}},{\"@type\":\"ListItem\",\"position\":2,\"item\":{\"@type\":\"WebPage\",\"@id\":\"http:\/\/revistavitrineibiuna.com.br\/?p=33145\",\"url\":\"http:\/\/revistavitrineibiuna.com.br\/?p=33145\",\"name\":\"IBI\\u00daNA \\u2013 PREFEITO PEDE AJUDA PARA O HOSPITAL\"}}]},{\"@type\":\"Article\",\"@id\":\"http:\/\/revistavitrineibiuna.com.br\/?p=33145#article\",\"isPartOf\":{\"@id\":\"http:\/\/revistavitrineibiuna.com.br\/?p=33145#webpage\"},\"author\":{\"@id\":\"https:\/\/revistavitrineibiuna.com.br\/#\/schema\/person\/e51ef49d6d88170ea21ceabff3f73deb\"},\"headline\":\"IBI\\u00daNA \\u2013 PREFEITO PEDE AJUDA PARA O HOSPITAL\",\"datePublished\":\"2025-02-14T03:30:14+00:00\",\"dateModified\":\"2025-02-14T03:46:21+00:00\",\"mainEntityOfPage\":{\"@id\":\"http:\/\/revistavitrineibiuna.com.br\/?p=33145#webpage\"},\"commentCount\":0,\"publisher\":{\"@id\":\"https:\/\/revistavitrineibiuna.com.br\/#\/schema\/person\/e51ef49d6d88170ea21ceabff3f73deb\"},\"image\":{\"@id\":\"http:\/\/revistavitrineibiuna.com.br\/?p=33145#primaryimage\"},\"articleSection\":\"Not\\u00edcias\",\"inLanguage\":\"pt-BR\",\"potentialAction\":[{\"@type\":\"CommentAction\",\"name\":\"Comment\",\"target\":[\"http:\/\/revistavitrineibiuna.com.br\/?p=33145#respond\"]}]},{\"@type\":[\"Person\",\"Organization\"],\"@id\":\"https:\/\/revistavitrineibiuna.com.br\/#\/schema\/person\/e51ef49d6d88170ea21ceabff3f73deb\",\"name\":\"Carlos Rossini\",\"image\":{\"@type\":\"ImageObject\",\"@id\":\"https:\/\/revistavitrineibiuna.com.br\/#personlogo\",\"inLanguage\":\"pt-BR\",\"url\":\"https:\/\/secure.gravatar.com\/avatar\/4f2d0f99fac1f85c7d643f21f5c8d900?s=96&d=mm&r=g\",\"caption\":\"Carlos Rossini\"},\"logo\":{\"@id\":\"https:\/\/revistavitrineibiuna.com.br\/#personlogo\"},\"description\":\"Carlos Rossini \\u00e9 jornalista, soci\\u00f3logo, escritor e professor universit\\u00e1rio, tendo sido professor de jornalismo por vinte anos. Trabalhou em ve\\u00edculos de comunica\\u00e7\\u00e3o nas fun\\u00e7\\u00f5es de rep\\u00f3rter, redator, editor, articulista e colaborador, como Folha de S. Paulo, O Estado de S. Paulo, Di\\u00e1rio Popular, entre outros. Ao transferir a revista vitrine, vers\\u00e3o imprensa, de S\\u00e3o Paulo para Ibi\\u00fana h\\u00e1 alguns anos, iniciou uma nova experi\\u00eancia profissional, dedicando-se ao jornalismo regional, depois de cumprir uma trajet\\u00f3ria bem-sucedida na grande imprensa brasileira. Seu primeiro livro A Coragem de Comunicar foi lan\\u00e7ado na Bienal do Livro em S\\u00e3o Paulo no ano 2000, pela editora Madras.\"}]}<\/script>\n<!-- \/ Yoast SEO plugin. -->","_links":{"self":[{"href":"https:\/\/revistavitrineibiuna.com.br\/index.php?rest_route=\/wp\/v2\/posts\/33145"}],"collection":[{"href":"https:\/\/revistavitrineibiuna.com.br\/index.php?rest_route=\/wp\/v2\/posts"}],"about":[{"href":"https:\/\/revistavitrineibiuna.com.br\/index.php?rest_route=\/wp\/v2\/types\/post"}],"author":[{"embeddable":true,"href":"https:\/\/revistavitrineibiuna.com.br\/index.php?rest_route=\/wp\/v2\/users\/1"}],"replies":[{"embeddable":true,"href":"https:\/\/revistavitrineibiuna.com.br\/index.php?rest_route=%2Fwp%2Fv2%2Fcomments&post=33145"}],"version-history":[{"count":2,"href":"https:\/\/revistavitrineibiuna.com.br\/index.php?rest_route=\/wp\/v2\/posts\/33145\/revisions"}],"predecessor-version":[{"id":33148,"href":"https:\/\/revistavitrineibiuna.com.br\/index.php?rest_route=\/wp\/v2\/posts\/33145\/revisions\/33148"}],"wp:featuredmedia":[{"embeddable":true,"href":"https:\/\/revistavitrineibiuna.com.br\/index.php?rest_route=\/wp\/v2\/media\/33146"}],"wp:attachment":[{"href":"https:\/\/revistavitrineibiuna.com.br\/index.php?rest_route=%2Fwp%2Fv2%2Fmedia&parent=33145"}],"wp:term":[{"taxonomy":"category","embeddable":true,"href":"https:\/\/revistavitrineibiuna.com.br\/index.php?rest_route=%2Fwp%2Fv2%2Fcategories&post=33145"},{"taxonomy":"post_tag","embeddable":true,"href":"https:\/\/revistavitrineibiuna.com.br\/index.php?rest_route=%2Fwp%2Fv2%2Ftags&post=33145"}],"curies":[{"name":"wp","href":"https:\/\/api.w.org\/{rel}","templated":true}]}}