{"id":33149,"date":"2025-02-14T21:23:22","date_gmt":"2025-02-15T00:23:22","guid":{"rendered":"http:\/\/revistavitrineibiuna.com.br\/?p=33149"},"modified":"2025-02-14T21:27:49","modified_gmt":"2025-02-15T00:27:49","slug":"ibiuna-pm-realiza-operacao-de-combate-a-motos-irregulares-e-roubadas","status":"publish","type":"post","link":"https:\/\/revistavitrineibiuna.com.br\/?p=33149","title":{"rendered":"IBI\u00daNA &#8211; PM REALIZA OPERA\u00c7\u00c3O DE COMBATE A MOTOS IRREGULARES E ROUBADAS"},"content":{"rendered":"\n<p class=\"has-drop-cap\"><strong>A Pol\u00edcia Militar, sob o comando do capit\u00e3o Machado, realizou, nesta sexta-feira (14), uma opera\u00e7\u00e3o direcionada \u00e0 fiscaliza\u00e7\u00e3o e apreens\u00e3o de motocicletas irregulares no munic\u00edpio de Ibi\u00fana.<\/strong><\/p>\n\n\n\n<p><strong>A a\u00e7\u00e3o teve como foco principal motos com escapamentos alterados, que geram ru\u00eddo excessivo e causam polui\u00e7\u00e3o sonora nos bairros residenciais, al\u00e9m da identifica\u00e7\u00e3o e recupera\u00e7\u00e3o de ve\u00edculos produtos de roubo e furto.<\/strong><\/p>\n\n\n\n<p><strong>Durante a opera\u00e7\u00e3o, diversas motocicletas em situa\u00e7\u00e3o irregular foram apreendidas, refor\u00e7ando o compromisso da Pol\u00edcia Militar com a seguran\u00e7a e a qualidade de vida da popula\u00e7\u00e3o. Os condutores flagrados cometendo infra\u00e7\u00f5es foram autuados conforme a legisla\u00e7\u00e3o vigente.<\/strong><\/p>\n\n\n\n<p><strong>A iniciativa visa a coibir pr\u00e1ticas que perturbam o sossego p\u00fablico e, ao mesmo tempo, combater crimes relacionados ao uso de motocicletas roubadas ou furtadas. A Pol\u00edcia Militar continuar\u00e1 intensificando fiscaliza\u00e7\u00f5es e refor\u00e7a a import\u00e2ncia da colabora\u00e7\u00e3o da comunidade, que pode denunciar irregularidades por meio dos canais oficiais.<\/strong><\/p>\n\n\n\n<figure class=\"wp-block-image size-large\"><img loading=\"lazy\" width=\"1024\" height=\"624\" src=\"https:\/\/revistavitrineibiuna.com.br\/wp-content\/uploads\/2025\/02\/pms-nas-motos-3-1024x624.png\" alt=\"\" class=\"wp-image-33153\" srcset=\"https:\/\/revistavitrineibiuna.com.br\/wp-content\/uploads\/2025\/02\/pms-nas-motos-3-1024x624.png 1024w, https:\/\/revistavitrineibiuna.com.br\/wp-content\/uploads\/2025\/02\/pms-nas-motos-3-300x183.png 300w, https:\/\/revistavitrineibiuna.com.br\/wp-content\/uploads\/2025\/02\/pms-nas-motos-3-768x468.png 768w, https:\/\/revistavitrineibiuna.com.br\/wp-content\/uploads\/2025\/02\/pms-nas-motos-3.png 1522w\" sizes=\"(max-width: 1024px) 100vw, 1024px\" \/><figcaption>Diversas motos foram apreendidas durante a opera\u00e7\u00e3o realizada na manh\u00e3 de hoje em Ibi\u00fana<\/figcaption><\/figure>\n\n\n\n<figure class=\"wp-block-image size-large\"><img loading=\"lazy\" width=\"1024\" height=\"674\" src=\"https:\/\/revistavitrineibiuna.com.br\/wp-content\/uploads\/2025\/02\/pms-nas-motos-2-1024x674.png\" alt=\"\" class=\"wp-image-33156\" srcset=\"https:\/\/revistavitrineibiuna.com.br\/wp-content\/uploads\/2025\/02\/pms-nas-motos-2-1024x674.png 1024w, https:\/\/revistavitrineibiuna.com.br\/wp-content\/uploads\/2025\/02\/pms-nas-motos-2-300x197.png 300w, https:\/\/revistavitrineibiuna.com.br\/wp-content\/uploads\/2025\/02\/pms-nas-motos-2-768x505.png 768w, https:\/\/revistavitrineibiuna.com.br\/wp-content\/uploads\/2025\/02\/pms-nas-motos-2.png 1187w\" sizes=\"(max-width: 1024px) 100vw, 1024px\" \/><figcaption>O comandante da PM em Ibi\u00fana garantiu que opera\u00e7\u00f5es dessa natureza ser\u00e3o intensificadas<\/figcaption><\/figure>\n","protected":false},"excerpt":{"rendered":"<p>A Pol\u00edcia Militar, sob o comando do capit\u00e3o Machado, realizou, nesta sexta-feira (14), uma opera\u00e7\u00e3o direcionada \u00e0 fiscaliza\u00e7\u00e3o e apreens\u00e3o<\/p>\n","protected":false},"author":1,"featured_media":33150,"comment_status":"open","ping_status":"open","sticky":false,"template":"","format":"standard","meta":[],"categories":[3],"tags":[],"yoast_head":"<!-- This site is optimized with the Yoast SEO plugin v15.8 - https:\/\/yoast.com\/wordpress\/plugins\/seo\/ -->\n<title>IBI\u00daNA - PM REALIZA OPERA\u00c7\u00c3O DE COMBATE A MOTOS IRREGULARES E ROUBADAS - Revista Vitrine Online<\/title>\n<meta name=\"robots\" content=\"index, follow, max-snippet:-1, max-image-preview:large, max-video-preview:-1\" \/>\n<link rel=\"canonical\" href=\"http:\/\/revistavitrineibiuna.com.br\/?p=33149\" \/>\n<meta property=\"og:locale\" content=\"pt_BR\" \/>\n<meta property=\"og:type\" content=\"article\" \/>\n<meta property=\"og:title\" content=\"IBI\u00daNA - PM REALIZA OPERA\u00c7\u00c3O DE COMBATE A MOTOS IRREGULARES E ROUBADAS - Revista Vitrine Online\" \/>\n<meta property=\"og:description\" content=\"A Pol\u00edcia Militar, sob o comando do capit\u00e3o Machado, realizou, nesta sexta-feira (14), uma opera\u00e7\u00e3o direcionada \u00e0 fiscaliza\u00e7\u00e3o e apreens\u00e3o\" \/>\n<meta property=\"og:url\" content=\"http:\/\/revistavitrineibiuna.com.br\/?p=33149\" \/>\n<meta property=\"og:site_name\" content=\"Revista Vitrine Online\" \/>\n<meta property=\"article:published_time\" content=\"2025-02-15T00:23:22+00:00\" \/>\n<meta property=\"article:modified_time\" content=\"2025-02-15T00:27:49+00:00\" \/>\n<meta property=\"og:image\" content=\"https:\/\/revistavitrineibiuna.com.br\/wp-content\/uploads\/2025\/02\/pm-nas-motos-1.png\" \/>\n\t<meta property=\"og:image:width\" content=\"907\" \/>\n\t<meta property=\"og:image:height\" content=\"620\" \/>\n<meta name=\"twitter:card\" content=\"summary\" \/>\n<meta name=\"twitter:label1\" content=\"Est. reading time\">\n\t<meta name=\"twitter:data1\" content=\"2 minutos\">\n<script type=\"application\/ld+json\" class=\"yoast-schema-graph\">{\"@context\":\"https:\/\/schema.org\",\"@graph\":[{\"@type\":\"WebSite\",\"@id\":\"https:\/\/revistavitrineibiuna.com.br\/#website\",\"url\":\"https:\/\/revistavitrineibiuna.com.br\/\",\"name\":\"Revista Vitrine Ibi\\u00fana\",\"description\":\"A Revista de Ibi\\u00fana e Regi\\u00e3o\",\"publisher\":{\"@id\":\"https:\/\/revistavitrineibiuna.com.br\/#\/schema\/person\/e51ef49d6d88170ea21ceabff3f73deb\"},\"potentialAction\":[{\"@type\":\"SearchAction\",\"target\":\"https:\/\/revistavitrineibiuna.com.br\/?s={search_term_string}\",\"query-input\":\"required name=search_term_string\"}],\"inLanguage\":\"pt-BR\"},{\"@type\":\"ImageObject\",\"@id\":\"http:\/\/revistavitrineibiuna.com.br\/?p=33149#primaryimage\",\"inLanguage\":\"pt-BR\",\"url\":\"https:\/\/revistavitrineibiuna.com.br\/wp-content\/uploads\/2025\/02\/pm-nas-motos-1.png\",\"width\":907,\"height\":620},{\"@type\":\"WebPage\",\"@id\":\"http:\/\/revistavitrineibiuna.com.br\/?p=33149#webpage\",\"url\":\"http:\/\/revistavitrineibiuna.com.br\/?p=33149\",\"name\":\"IBI\\u00daNA - PM REALIZA OPERA\\u00c7\\u00c3O DE COMBATE A MOTOS IRREGULARES E ROUBADAS - Revista Vitrine Online\",\"isPartOf\":{\"@id\":\"https:\/\/revistavitrineibiuna.com.br\/#website\"},\"primaryImageOfPage\":{\"@id\":\"http:\/\/revistavitrineibiuna.com.br\/?p=33149#primaryimage\"},\"datePublished\":\"2025-02-15T00:23:22+00:00\",\"dateModified\":\"2025-02-15T00:27:49+00:00\",\"breadcrumb\":{\"@id\":\"http:\/\/revistavitrineibiuna.com.br\/?p=33149#breadcrumb\"},\"inLanguage\":\"pt-BR\",\"potentialAction\":[{\"@type\":\"ReadAction\",\"target\":[\"http:\/\/revistavitrineibiuna.com.br\/?p=33149\"]}]},{\"@type\":\"BreadcrumbList\",\"@id\":\"http:\/\/revistavitrineibiuna.com.br\/?p=33149#breadcrumb\",\"itemListElement\":[{\"@type\":\"ListItem\",\"position\":1,\"item\":{\"@type\":\"WebPage\",\"@id\":\"https:\/\/revistavitrineibiuna.com.br\/\",\"url\":\"https:\/\/revistavitrineibiuna.com.br\/\",\"name\":\"In\\u00edcio\"}},{\"@type\":\"ListItem\",\"position\":2,\"item\":{\"@type\":\"WebPage\",\"@id\":\"http:\/\/revistavitrineibiuna.com.br\/?p=33149\",\"url\":\"http:\/\/revistavitrineibiuna.com.br\/?p=33149\",\"name\":\"IBI\\u00daNA &#8211; PM REALIZA OPERA\\u00c7\\u00c3O DE COMBATE A MOTOS IRREGULARES E ROUBADAS\"}}]},{\"@type\":\"Article\",\"@id\":\"http:\/\/revistavitrineibiuna.com.br\/?p=33149#article\",\"isPartOf\":{\"@id\":\"http:\/\/revistavitrineibiuna.com.br\/?p=33149#webpage\"},\"author\":{\"@id\":\"https:\/\/revistavitrineibiuna.com.br\/#\/schema\/person\/e51ef49d6d88170ea21ceabff3f73deb\"},\"headline\":\"IBI\\u00daNA &#8211; PM REALIZA OPERA\\u00c7\\u00c3O DE COMBATE A MOTOS IRREGULARES E ROUBADAS\",\"datePublished\":\"2025-02-15T00:23:22+00:00\",\"dateModified\":\"2025-02-15T00:27:49+00:00\",\"mainEntityOfPage\":{\"@id\":\"http:\/\/revistavitrineibiuna.com.br\/?p=33149#webpage\"},\"commentCount\":0,\"publisher\":{\"@id\":\"https:\/\/revistavitrineibiuna.com.br\/#\/schema\/person\/e51ef49d6d88170ea21ceabff3f73deb\"},\"image\":{\"@id\":\"http:\/\/revistavitrineibiuna.com.br\/?p=33149#primaryimage\"},\"articleSection\":\"Not\\u00edcias\",\"inLanguage\":\"pt-BR\",\"potentialAction\":[{\"@type\":\"CommentAction\",\"name\":\"Comment\",\"target\":[\"http:\/\/revistavitrineibiuna.com.br\/?p=33149#respond\"]}]},{\"@type\":[\"Person\",\"Organization\"],\"@id\":\"https:\/\/revistavitrineibiuna.com.br\/#\/schema\/person\/e51ef49d6d88170ea21ceabff3f73deb\",\"name\":\"Carlos Rossini\",\"image\":{\"@type\":\"ImageObject\",\"@id\":\"https:\/\/revistavitrineibiuna.com.br\/#personlogo\",\"inLanguage\":\"pt-BR\",\"url\":\"https:\/\/secure.gravatar.com\/avatar\/4f2d0f99fac1f85c7d643f21f5c8d900?s=96&d=mm&r=g\",\"caption\":\"Carlos Rossini\"},\"logo\":{\"@id\":\"https:\/\/revistavitrineibiuna.com.br\/#personlogo\"},\"description\":\"Carlos Rossini \\u00e9 jornalista, soci\\u00f3logo, escritor e professor universit\\u00e1rio, tendo sido professor de jornalismo por vinte anos. Trabalhou em ve\\u00edculos de comunica\\u00e7\\u00e3o nas fun\\u00e7\\u00f5es de rep\\u00f3rter, redator, editor, articulista e colaborador, como Folha de S. Paulo, O Estado de S. Paulo, Di\\u00e1rio Popular, entre outros. Ao transferir a revista vitrine, vers\\u00e3o imprensa, de S\\u00e3o Paulo para Ibi\\u00fana h\\u00e1 alguns anos, iniciou uma nova experi\\u00eancia profissional, dedicando-se ao jornalismo regional, depois de cumprir uma trajet\\u00f3ria bem-sucedida na grande imprensa brasileira. Seu primeiro livro A Coragem de Comunicar foi lan\\u00e7ado na Bienal do Livro em S\\u00e3o Paulo no ano 2000, pela editora Madras.\"}]}<\/script>\n<!-- \/ Yoast SEO plugin. -->","_links":{"self":[{"href":"https:\/\/revistavitrineibiuna.com.br\/index.php?rest_route=\/wp\/v2\/posts\/33149"}],"collection":[{"href":"https:\/\/revistavitrineibiuna.com.br\/index.php?rest_route=\/wp\/v2\/posts"}],"about":[{"href":"https:\/\/revistavitrineibiuna.com.br\/index.php?rest_route=\/wp\/v2\/types\/post"}],"author":[{"embeddable":true,"href":"https:\/\/revistavitrineibiuna.com.br\/index.php?rest_route=\/wp\/v2\/users\/1"}],"replies":[{"embeddable":true,"href":"https:\/\/revistavitrineibiuna.com.br\/index.php?rest_route=%2Fwp%2Fv2%2Fcomments&post=33149"}],"version-history":[{"count":3,"href":"https:\/\/revistavitrineibiuna.com.br\/index.php?rest_route=\/wp\/v2\/posts\/33149\/revisions"}],"predecessor-version":[{"id":33157,"href":"https:\/\/revistavitrineibiuna.com.br\/index.php?rest_route=\/wp\/v2\/posts\/33149\/revisions\/33157"}],"wp:featuredmedia":[{"embeddable":true,"href":"https:\/\/revistavitrineibiuna.com.br\/index.php?rest_route=\/wp\/v2\/media\/33150"}],"wp:attachment":[{"href":"https:\/\/revistavitrineibiuna.com.br\/index.php?rest_route=%2Fwp%2Fv2%2Fmedia&parent=33149"}],"wp:term":[{"taxonomy":"category","embeddable":true,"href":"https:\/\/revistavitrineibiuna.com.br\/index.php?rest_route=%2Fwp%2Fv2%2Fcategories&post=33149"},{"taxonomy":"post_tag","embeddable":true,"href":"https:\/\/revistavitrineibiuna.com.br\/index.php?rest_route=%2Fwp%2Fv2%2Ftags&post=33149"}],"curies":[{"name":"wp","href":"https:\/\/api.w.org\/{rel}","templated":true}]}}