{"id":33158,"date":"2025-02-16T19:40:12","date_gmt":"2025-02-16T22:40:12","guid":{"rendered":"http:\/\/revistavitrineibiuna.com.br\/?p=33158"},"modified":"2025-02-16T21:10:07","modified_gmt":"2025-02-17T00:10:07","slug":"a-nova-tvuna-renovar-e-preciso","status":"publish","type":"post","link":"https:\/\/revistavitrineibiuna.com.br\/?p=33158","title":{"rendered":"A NOVA TVUNA: RENOVAR \u00c9 PRECISO!"},"content":{"rendered":"\n<p class=\"has-drop-cap\"><strong>A TVUNA \u00e9 um canal de TV via Internet. Foi ao ar pela primeira vez no dia 26 de abril de 2023 com o objetivo de prestar um servi\u00e7o de qualidade no ambiente do jornalismo profissional para a popula\u00e7\u00e3o ibiunense e regi\u00e3o. Portanto, em abril pr\u00f3ximo completar\u00e1 seu segundo ano.<\/strong><\/p>\n\n\n\n<p><strong>Esse per\u00edodo se caracterizou pelo enfrentamento de desafios pr\u00f3prios do seu noviciado e da dura realidade de manter-se existindo com a \u00fanica forma considerada para legitimar sua atua\u00e7\u00e3o: os anunciantes, por meio de patroc\u00ednios e\/ou propaganda.<\/strong><\/p>\n\n\n\n<p><strong>E valeu muito, como um cont\u00ednuo processo de aprendizado, especialmente no que diz respeito a ratificar nossa consci\u00eancia de uma autonomia editorial no cen\u00e1rio do potencial de anunciantes e\/ou patrocinadores, o principal obst\u00e1culo hist\u00f3rico para o desenvolvimento dos ve\u00edculos de comunica\u00e7\u00e3o em Ibi\u00fana.<\/strong><\/p>\n\n\n\n<p><strong>Esse fator depende de mudan\u00e7as importantes na vis\u00e3o empresarial sobre o saud\u00e1vel significado dos ve\u00edculos de comunica\u00e7\u00e3o para contribuir para o progresso de uma comunidade, que, ali\u00e1s, faz parte do mesmo fen\u00f4meno que alavanca o sucesso das empresas.<\/strong><\/p>\n\n\n\n<p><strong>Como todos sabem, vivemos num mundo em que tudo, de certa forma, depende de dinheiro para fazer frente aos custos de produ\u00e7\u00e3o de qualquer coisa material ou simb\u00f3lica, como \u00e9 nosso caso.<\/strong><\/p>\n\n\n\n<p><strong>A NOVA TVUNA<\/strong><\/p>\n\n\n\n<p><strong>Pois bem! Exatamente neste s\u00e1bado, dia 15 de fevereiro de 2025, a dire\u00e7\u00e3o da emissora decidiu iniciar uma nova fase editorial com importantes novidades:<\/strong><\/p>\n\n\n\n<p><strong>. Realizar coberturas ao vivo com melhores recursos t\u00e9cnicos, cumprir, tanto quanto poss\u00edvel, pautas diferenciadas e do interesse da popula\u00e7\u00e3o;<\/strong><\/p>\n\n\n\n<p><strong>. Ampliar o atendimento \u00e0s demandas populares;<\/strong><\/p>\n\n\n\n<p><strong>. Abrir o canal para os anunciantes, sobretudo o com\u00e9rcio local, para propaganda, promo\u00e7\u00e3o, eventos, lan\u00e7amento de produtos;<\/strong><\/p>\n\n\n\n<p><strong>. Exibir um resumo semanal das principais not\u00edcias para alcan\u00e7ar pessoas que estiveram muito ocupadas durante a semana, e assim por diante;<\/strong><\/p>\n\n\n\n<p><strong>. Intensificar a atua\u00e7\u00e3o nas principais plataformas, como Istagram, Facebook, Youtube, TikTok, a fim de ampliar sua \u00e1rea de influ\u00eancia;<\/strong><\/p>\n\n\n\n<p><strong>. Investir na divulga\u00e7\u00e3o da pr\u00f3pria TVUNA junto \u00e0 popula\u00e7\u00e3o, pois ser\u00e3o os telespectadores a medida dos nossos melhores resultados.<\/strong><\/p>\n\n\n\n<p><strong>Sejam todos bem-vindos \u00e0 nova TVUNA que foi feita para preencher uma \u00f3bvia lacuna das necessidades de um empreendimento metodol\u00f3gico no campo do jornalismo profissional, em sinal de respeito aos seus telespectadores.<\/strong><\/p>\n\n\n\n<p><strong>Grande abra\u00e7o e fiquem ligados. Nosso est\u00fadio j\u00e1 est\u00e1 preparando as principais not\u00edcias da semana!<\/strong><\/p>\n\n\n\n<p><strong>Carlos Rossini<\/strong><\/p>\n\n\n\n<p><strong>Jornalista e diretor da TVUNA<\/strong><\/p>\n\n\n\n<figure class=\"wp-block-image size-large is-resized\"><img loading=\"lazy\" src=\"https:\/\/revistavitrineibiuna.com.br\/wp-content\/uploads\/2025\/02\/calinho-da-celia.png\" alt=\"\" class=\"wp-image-33167\" width=\"165\" height=\"175\" srcset=\"https:\/\/revistavitrineibiuna.com.br\/wp-content\/uploads\/2025\/02\/calinho-da-celia.png 714w, https:\/\/revistavitrineibiuna.com.br\/wp-content\/uploads\/2025\/02\/calinho-da-celia-282x300.png 282w\" sizes=\"(max-width: 165px) 100vw, 165px\" \/><\/figure>\n","protected":false},"excerpt":{"rendered":"<p>A TVUNA \u00e9 um canal de TV via Internet. Foi ao ar pela primeira vez no dia 26 de abril<\/p>\n","protected":false},"author":1,"featured_media":33159,"comment_status":"open","ping_status":"open","sticky":false,"template":"","format":"standard","meta":[],"categories":[3],"tags":[],"yoast_head":"<!-- This site is optimized with the Yoast SEO plugin v15.8 - https:\/\/yoast.com\/wordpress\/plugins\/seo\/ -->\n<title>A NOVA TVUNA: RENOVAR \u00c9 PRECISO! - Revista Vitrine Online<\/title>\n<meta name=\"robots\" content=\"index, follow, max-snippet:-1, max-image-preview:large, max-video-preview:-1\" \/>\n<link rel=\"canonical\" href=\"http:\/\/revistavitrineibiuna.com.br\/?p=33158\" \/>\n<meta property=\"og:locale\" content=\"pt_BR\" \/>\n<meta property=\"og:type\" content=\"article\" \/>\n<meta property=\"og:title\" content=\"A NOVA TVUNA: RENOVAR \u00c9 PRECISO! - Revista Vitrine Online\" \/>\n<meta property=\"og:description\" content=\"A TVUNA \u00e9 um canal de TV via Internet. Foi ao ar pela primeira vez no dia 26 de abril\" \/>\n<meta property=\"og:url\" content=\"http:\/\/revistavitrineibiuna.com.br\/?p=33158\" \/>\n<meta property=\"og:site_name\" content=\"Revista Vitrine Online\" \/>\n<meta property=\"article:published_time\" content=\"2025-02-16T22:40:12+00:00\" \/>\n<meta property=\"article:modified_time\" content=\"2025-02-17T00:10:07+00:00\" \/>\n<meta property=\"og:image\" content=\"https:\/\/revistavitrineibiuna.com.br\/wp-content\/uploads\/2025\/02\/TVUNA-VINHETA-HOJE.png\" \/>\n\t<meta property=\"og:image:width\" content=\"711\" \/>\n\t<meta property=\"og:image:height\" content=\"405\" \/>\n<meta name=\"twitter:card\" content=\"summary\" \/>\n<meta name=\"twitter:label1\" content=\"Est. reading time\">\n\t<meta name=\"twitter:data1\" content=\"2 minutos\">\n<script type=\"application\/ld+json\" class=\"yoast-schema-graph\">{\"@context\":\"https:\/\/schema.org\",\"@graph\":[{\"@type\":\"WebSite\",\"@id\":\"https:\/\/revistavitrineibiuna.com.br\/#website\",\"url\":\"https:\/\/revistavitrineibiuna.com.br\/\",\"name\":\"Revista Vitrine Ibi\\u00fana\",\"description\":\"A Revista de Ibi\\u00fana e Regi\\u00e3o\",\"publisher\":{\"@id\":\"https:\/\/revistavitrineibiuna.com.br\/#\/schema\/person\/e51ef49d6d88170ea21ceabff3f73deb\"},\"potentialAction\":[{\"@type\":\"SearchAction\",\"target\":\"https:\/\/revistavitrineibiuna.com.br\/?s={search_term_string}\",\"query-input\":\"required name=search_term_string\"}],\"inLanguage\":\"pt-BR\"},{\"@type\":\"ImageObject\",\"@id\":\"http:\/\/revistavitrineibiuna.com.br\/?p=33158#primaryimage\",\"inLanguage\":\"pt-BR\",\"url\":\"https:\/\/revistavitrineibiuna.com.br\/wp-content\/uploads\/2025\/02\/TVUNA-VINHETA-HOJE.png\",\"width\":711,\"height\":405},{\"@type\":\"WebPage\",\"@id\":\"http:\/\/revistavitrineibiuna.com.br\/?p=33158#webpage\",\"url\":\"http:\/\/revistavitrineibiuna.com.br\/?p=33158\",\"name\":\"A NOVA TVUNA: RENOVAR \\u00c9 PRECISO! - Revista Vitrine Online\",\"isPartOf\":{\"@id\":\"https:\/\/revistavitrineibiuna.com.br\/#website\"},\"primaryImageOfPage\":{\"@id\":\"http:\/\/revistavitrineibiuna.com.br\/?p=33158#primaryimage\"},\"datePublished\":\"2025-02-16T22:40:12+00:00\",\"dateModified\":\"2025-02-17T00:10:07+00:00\",\"breadcrumb\":{\"@id\":\"http:\/\/revistavitrineibiuna.com.br\/?p=33158#breadcrumb\"},\"inLanguage\":\"pt-BR\",\"potentialAction\":[{\"@type\":\"ReadAction\",\"target\":[\"http:\/\/revistavitrineibiuna.com.br\/?p=33158\"]}]},{\"@type\":\"BreadcrumbList\",\"@id\":\"http:\/\/revistavitrineibiuna.com.br\/?p=33158#breadcrumb\",\"itemListElement\":[{\"@type\":\"ListItem\",\"position\":1,\"item\":{\"@type\":\"WebPage\",\"@id\":\"https:\/\/revistavitrineibiuna.com.br\/\",\"url\":\"https:\/\/revistavitrineibiuna.com.br\/\",\"name\":\"In\\u00edcio\"}},{\"@type\":\"ListItem\",\"position\":2,\"item\":{\"@type\":\"WebPage\",\"@id\":\"http:\/\/revistavitrineibiuna.com.br\/?p=33158\",\"url\":\"http:\/\/revistavitrineibiuna.com.br\/?p=33158\",\"name\":\"A NOVA TVUNA: RENOVAR \\u00c9 PRECISO!\"}}]},{\"@type\":\"Article\",\"@id\":\"http:\/\/revistavitrineibiuna.com.br\/?p=33158#article\",\"isPartOf\":{\"@id\":\"http:\/\/revistavitrineibiuna.com.br\/?p=33158#webpage\"},\"author\":{\"@id\":\"https:\/\/revistavitrineibiuna.com.br\/#\/schema\/person\/e51ef49d6d88170ea21ceabff3f73deb\"},\"headline\":\"A NOVA TVUNA: RENOVAR \\u00c9 PRECISO!\",\"datePublished\":\"2025-02-16T22:40:12+00:00\",\"dateModified\":\"2025-02-17T00:10:07+00:00\",\"mainEntityOfPage\":{\"@id\":\"http:\/\/revistavitrineibiuna.com.br\/?p=33158#webpage\"},\"commentCount\":0,\"publisher\":{\"@id\":\"https:\/\/revistavitrineibiuna.com.br\/#\/schema\/person\/e51ef49d6d88170ea21ceabff3f73deb\"},\"image\":{\"@id\":\"http:\/\/revistavitrineibiuna.com.br\/?p=33158#primaryimage\"},\"articleSection\":\"Not\\u00edcias\",\"inLanguage\":\"pt-BR\",\"potentialAction\":[{\"@type\":\"CommentAction\",\"name\":\"Comment\",\"target\":[\"http:\/\/revistavitrineibiuna.com.br\/?p=33158#respond\"]}]},{\"@type\":[\"Person\",\"Organization\"],\"@id\":\"https:\/\/revistavitrineibiuna.com.br\/#\/schema\/person\/e51ef49d6d88170ea21ceabff3f73deb\",\"name\":\"Carlos Rossini\",\"image\":{\"@type\":\"ImageObject\",\"@id\":\"https:\/\/revistavitrineibiuna.com.br\/#personlogo\",\"inLanguage\":\"pt-BR\",\"url\":\"https:\/\/secure.gravatar.com\/avatar\/4f2d0f99fac1f85c7d643f21f5c8d900?s=96&d=mm&r=g\",\"caption\":\"Carlos Rossini\"},\"logo\":{\"@id\":\"https:\/\/revistavitrineibiuna.com.br\/#personlogo\"},\"description\":\"Carlos Rossini \\u00e9 jornalista, soci\\u00f3logo, escritor e professor universit\\u00e1rio, tendo sido professor de jornalismo por vinte anos. Trabalhou em ve\\u00edculos de comunica\\u00e7\\u00e3o nas fun\\u00e7\\u00f5es de rep\\u00f3rter, redator, editor, articulista e colaborador, como Folha de S. Paulo, O Estado de S. Paulo, Di\\u00e1rio Popular, entre outros. Ao transferir a revista vitrine, vers\\u00e3o imprensa, de S\\u00e3o Paulo para Ibi\\u00fana h\\u00e1 alguns anos, iniciou uma nova experi\\u00eancia profissional, dedicando-se ao jornalismo regional, depois de cumprir uma trajet\\u00f3ria bem-sucedida na grande imprensa brasileira. Seu primeiro livro A Coragem de Comunicar foi lan\\u00e7ado na Bienal do Livro em S\\u00e3o Paulo no ano 2000, pela editora Madras.\"}]}<\/script>\n<!-- \/ Yoast SEO plugin. -->","_links":{"self":[{"href":"https:\/\/revistavitrineibiuna.com.br\/index.php?rest_route=\/wp\/v2\/posts\/33158"}],"collection":[{"href":"https:\/\/revistavitrineibiuna.com.br\/index.php?rest_route=\/wp\/v2\/posts"}],"about":[{"href":"https:\/\/revistavitrineibiuna.com.br\/index.php?rest_route=\/wp\/v2\/types\/post"}],"author":[{"embeddable":true,"href":"https:\/\/revistavitrineibiuna.com.br\/index.php?rest_route=\/wp\/v2\/users\/1"}],"replies":[{"embeddable":true,"href":"https:\/\/revistavitrineibiuna.com.br\/index.php?rest_route=%2Fwp%2Fv2%2Fcomments&post=33158"}],"version-history":[{"count":8,"href":"https:\/\/revistavitrineibiuna.com.br\/index.php?rest_route=\/wp\/v2\/posts\/33158\/revisions"}],"predecessor-version":[{"id":33174,"href":"https:\/\/revistavitrineibiuna.com.br\/index.php?rest_route=\/wp\/v2\/posts\/33158\/revisions\/33174"}],"wp:featuredmedia":[{"embeddable":true,"href":"https:\/\/revistavitrineibiuna.com.br\/index.php?rest_route=\/wp\/v2\/media\/33159"}],"wp:attachment":[{"href":"https:\/\/revistavitrineibiuna.com.br\/index.php?rest_route=%2Fwp%2Fv2%2Fmedia&parent=33158"}],"wp:term":[{"taxonomy":"category","embeddable":true,"href":"https:\/\/revistavitrineibiuna.com.br\/index.php?rest_route=%2Fwp%2Fv2%2Fcategories&post=33158"},{"taxonomy":"post_tag","embeddable":true,"href":"https:\/\/revistavitrineibiuna.com.br\/index.php?rest_route=%2Fwp%2Fv2%2Ftags&post=33158"}],"curies":[{"name":"wp","href":"https:\/\/api.w.org\/{rel}","templated":true}]}}