{"id":33176,"date":"2025-02-20T19:55:10","date_gmt":"2025-02-20T22:55:10","guid":{"rendered":"http:\/\/revistavitrineibiuna.com.br\/?p=33176"},"modified":"2025-02-21T20:46:49","modified_gmt":"2025-02-21T23:46:49","slug":"ibiuna-homem-que-denunciava-problemas-agora-trabalha-no-hospital","status":"publish","type":"post","link":"https:\/\/revistavitrineibiuna.com.br\/?p=33176","title":{"rendered":"IBI\u00daNA \u2013 HOMEM QUE DENUNCIAVA PROBLEMAS, AGORA TRABALHA NO HOSPITAL"},"content":{"rendered":"\n<p class=\"has-drop-cap\"><strong>Carlos Pissarro, 64, criador do grupo \u201cA verdade doa a quem doer\u201d, p\u00e1gina no Facebook retirada do ar no ano passado por den\u00fancia feita pelo ex-prefeito Paulo Sasaki, come\u00e7ou a trabalhar no Hospital Municipal de Ibi\u00fana na \u00faltima ter\u00e7a-feira (18), depois de passar os \u00faltimos anos exatamente ali fazendo cont\u00ednuas den\u00fancias sobre os servi\u00e7os prestados aos pacientes.<\/strong><\/p>\n\n\n\n<p><strong>Ele conquistou muitos seguidores em sua p\u00e1gina exatamente por fazer uma imagem ser porta-voz dos queixosos de todas as esp\u00e9cies de problemas, incluindo longas esperas e atendimentos insatisfat\u00f3rios, servi\u00e7os prec\u00e1rios, falta de m\u00e9dicos, equipamentos quebrados ou dificuldades na realiza\u00e7\u00e3o de exames laboratoriais, etc.<\/strong><\/p>\n\n\n\n<p><strong>Com o tempo, ele que coleciona diversos processos, se tornou uma inc\u00f4moda pedra no sapato das autoridades municipais, especialmente aquelas da \u00e1rea da sa\u00fade. N\u00e3o \u00e9 \u00e0 toa que passou a ser visto como persona non grata de um lado, e, por outro, pessoa procurada sobretudo por pessoas simples aflitas e desprovidas de apoio.<\/strong><\/p>\n\n\n\n<p><strong>Em 2020 canditatou-se ao cargo de prefeito de Ibi\u00fana pelo PMB e ficou no oitavo e \u00faltimo lugar com 480 votos, sendo visto, na ocasi\u00e3o, numa pizzaria em S\u00e3o Paulo, num encontro promovido por outro candidato a prefeito, Jo\u00e3o Mello, para os seus correligion\u00e1rios.<\/strong><\/p>\n\n\n\n<p><strong>Segundo coment\u00e1rio de um observador das cenas pol\u00edticas ibiunenses, Pissarro trocar\u00e1 o papel de \u201cincendi\u00e1rio\u201d para o de \u201cbombeiro\u201d, pois certamente, \u00e9 o que dele se espera: ajudar a resolver problemas.<\/strong><\/p>\n\n\n\n<p><strong>At\u00e9 o momento um especialista em encontrar pelo em ovos na internet n\u00e3o localizou a nomea\u00e7\u00e3o de Pissarro no \u201cImprensa Oficial \u201c de Ibi\u00fana, o que pode indicar que poder\u00e1 ser contratado pelo Igats, empresa contratada pela Prefeitura para administrar os servi\u00e7os hospitalares.<\/strong><\/p>\n\n\n\n<p><strong>ATUALIZA\u00c7\u00c3O<\/strong><\/p>\n\n\n\n<p><strong>Carlos Pissarro assumiu a fun\u00e7\u00e3o de coordenador do Hospital Municipal de Ibi\u00fana, desde ter\u00e7a-feira (18). Ele foi contratado pelo Igats, empresa que administra o hospital. Sua miss\u00e3o \u00e9 apontar erros e falhas observados em todas as inst\u00e2ncias internas, a fim de que a empresa os corrija, pois ele n\u00e3o tem poder executivo. Pissarro cumpre um plantou de 12h, das 7h \u00e0s 19h, de segunda a sexta-feira. H\u00e1 outro coordenador, Tiago Borba, que trabalha 12h por 36h. Ele \u00e9 irm\u00e3o do vereador Lucas Borba, que tamb\u00e9m atua na \u00e1rea de resgate do Samu\/APH.<\/strong><\/p>\n","protected":false},"excerpt":{"rendered":"<p>Carlos Pissarro, 64, criador do grupo \u201cA verdade doa a quem doer\u201d, p\u00e1gina no Facebook retirada do ar no ano<\/p>\n","protected":false},"author":1,"featured_media":33177,"comment_status":"open","ping_status":"open","sticky":false,"template":"","format":"standard","meta":[],"categories":[70],"tags":[],"yoast_head":"<!-- This site is optimized with the Yoast SEO plugin v15.8 - https:\/\/yoast.com\/wordpress\/plugins\/seo\/ -->\n<title>IBI\u00daNA \u2013 HOMEM QUE DENUNCIAVA PROBLEMAS, AGORA TRABALHA NO HOSPITAL - Revista Vitrine Online<\/title>\n<meta name=\"robots\" content=\"index, follow, max-snippet:-1, max-image-preview:large, max-video-preview:-1\" \/>\n<link rel=\"canonical\" href=\"http:\/\/revistavitrineibiuna.com.br\/?p=33176\" \/>\n<meta property=\"og:locale\" content=\"pt_BR\" \/>\n<meta property=\"og:type\" content=\"article\" \/>\n<meta property=\"og:title\" content=\"IBI\u00daNA \u2013 HOMEM QUE DENUNCIAVA PROBLEMAS, AGORA TRABALHA NO HOSPITAL - Revista Vitrine Online\" \/>\n<meta property=\"og:description\" content=\"Carlos Pissarro, 64, criador do grupo \u201cA verdade doa a quem doer\u201d, p\u00e1gina no Facebook retirada do ar no ano\" \/>\n<meta property=\"og:url\" content=\"http:\/\/revistavitrineibiuna.com.br\/?p=33176\" \/>\n<meta property=\"og:site_name\" content=\"Revista Vitrine Online\" \/>\n<meta property=\"article:published_time\" content=\"2025-02-20T22:55:10+00:00\" \/>\n<meta property=\"article:modified_time\" content=\"2025-02-21T23:46:49+00:00\" \/>\n<meta property=\"og:image\" content=\"https:\/\/revistavitrineibiuna.com.br\/wp-content\/uploads\/2025\/02\/pissarro.png\" \/>\n\t<meta property=\"og:image:width\" content=\"605\" \/>\n\t<meta property=\"og:image:height\" content=\"450\" \/>\n<meta name=\"twitter:card\" content=\"summary\" \/>\n<meta name=\"twitter:label1\" content=\"Est. reading time\">\n\t<meta name=\"twitter:data1\" content=\"2 minutos\">\n<script type=\"application\/ld+json\" class=\"yoast-schema-graph\">{\"@context\":\"https:\/\/schema.org\",\"@graph\":[{\"@type\":\"WebSite\",\"@id\":\"https:\/\/revistavitrineibiuna.com.br\/#website\",\"url\":\"https:\/\/revistavitrineibiuna.com.br\/\",\"name\":\"Revista Vitrine Ibi\\u00fana\",\"description\":\"A Revista de Ibi\\u00fana e Regi\\u00e3o\",\"publisher\":{\"@id\":\"https:\/\/revistavitrineibiuna.com.br\/#\/schema\/person\/e51ef49d6d88170ea21ceabff3f73deb\"},\"potentialAction\":[{\"@type\":\"SearchAction\",\"target\":\"https:\/\/revistavitrineibiuna.com.br\/?s={search_term_string}\",\"query-input\":\"required name=search_term_string\"}],\"inLanguage\":\"pt-BR\"},{\"@type\":\"ImageObject\",\"@id\":\"http:\/\/revistavitrineibiuna.com.br\/?p=33176#primaryimage\",\"inLanguage\":\"pt-BR\",\"url\":\"https:\/\/revistavitrineibiuna.com.br\/wp-content\/uploads\/2025\/02\/pissarro.png\",\"width\":605,\"height\":450},{\"@type\":\"WebPage\",\"@id\":\"http:\/\/revistavitrineibiuna.com.br\/?p=33176#webpage\",\"url\":\"http:\/\/revistavitrineibiuna.com.br\/?p=33176\",\"name\":\"IBI\\u00daNA \\u2013 HOMEM QUE DENUNCIAVA PROBLEMAS, AGORA TRABALHA NO HOSPITAL - Revista Vitrine Online\",\"isPartOf\":{\"@id\":\"https:\/\/revistavitrineibiuna.com.br\/#website\"},\"primaryImageOfPage\":{\"@id\":\"http:\/\/revistavitrineibiuna.com.br\/?p=33176#primaryimage\"},\"datePublished\":\"2025-02-20T22:55:10+00:00\",\"dateModified\":\"2025-02-21T23:46:49+00:00\",\"breadcrumb\":{\"@id\":\"http:\/\/revistavitrineibiuna.com.br\/?p=33176#breadcrumb\"},\"inLanguage\":\"pt-BR\",\"potentialAction\":[{\"@type\":\"ReadAction\",\"target\":[\"http:\/\/revistavitrineibiuna.com.br\/?p=33176\"]}]},{\"@type\":\"BreadcrumbList\",\"@id\":\"http:\/\/revistavitrineibiuna.com.br\/?p=33176#breadcrumb\",\"itemListElement\":[{\"@type\":\"ListItem\",\"position\":1,\"item\":{\"@type\":\"WebPage\",\"@id\":\"https:\/\/revistavitrineibiuna.com.br\/\",\"url\":\"https:\/\/revistavitrineibiuna.com.br\/\",\"name\":\"In\\u00edcio\"}},{\"@type\":\"ListItem\",\"position\":2,\"item\":{\"@type\":\"WebPage\",\"@id\":\"http:\/\/revistavitrineibiuna.com.br\/?p=33176\",\"url\":\"http:\/\/revistavitrineibiuna.com.br\/?p=33176\",\"name\":\"IBI\\u00daNA \\u2013 HOMEM QUE DENUNCIAVA PROBLEMAS, AGORA TRABALHA NO HOSPITAL\"}}]},{\"@type\":\"Article\",\"@id\":\"http:\/\/revistavitrineibiuna.com.br\/?p=33176#article\",\"isPartOf\":{\"@id\":\"http:\/\/revistavitrineibiuna.com.br\/?p=33176#webpage\"},\"author\":{\"@id\":\"https:\/\/revistavitrineibiuna.com.br\/#\/schema\/person\/e51ef49d6d88170ea21ceabff3f73deb\"},\"headline\":\"IBI\\u00daNA \\u2013 HOMEM QUE DENUNCIAVA PROBLEMAS, AGORA TRABALHA NO HOSPITAL\",\"datePublished\":\"2025-02-20T22:55:10+00:00\",\"dateModified\":\"2025-02-21T23:46:49+00:00\",\"mainEntityOfPage\":{\"@id\":\"http:\/\/revistavitrineibiuna.com.br\/?p=33176#webpage\"},\"commentCount\":0,\"publisher\":{\"@id\":\"https:\/\/revistavitrineibiuna.com.br\/#\/schema\/person\/e51ef49d6d88170ea21ceabff3f73deb\"},\"image\":{\"@id\":\"http:\/\/revistavitrineibiuna.com.br\/?p=33176#primaryimage\"},\"articleSection\":\"Rapidinhas\",\"inLanguage\":\"pt-BR\",\"potentialAction\":[{\"@type\":\"CommentAction\",\"name\":\"Comment\",\"target\":[\"http:\/\/revistavitrineibiuna.com.br\/?p=33176#respond\"]}]},{\"@type\":[\"Person\",\"Organization\"],\"@id\":\"https:\/\/revistavitrineibiuna.com.br\/#\/schema\/person\/e51ef49d6d88170ea21ceabff3f73deb\",\"name\":\"Carlos Rossini\",\"image\":{\"@type\":\"ImageObject\",\"@id\":\"https:\/\/revistavitrineibiuna.com.br\/#personlogo\",\"inLanguage\":\"pt-BR\",\"url\":\"https:\/\/secure.gravatar.com\/avatar\/4f2d0f99fac1f85c7d643f21f5c8d900?s=96&d=mm&r=g\",\"caption\":\"Carlos Rossini\"},\"logo\":{\"@id\":\"https:\/\/revistavitrineibiuna.com.br\/#personlogo\"},\"description\":\"Carlos Rossini \\u00e9 jornalista, soci\\u00f3logo, escritor e professor universit\\u00e1rio, tendo sido professor de jornalismo por vinte anos. Trabalhou em ve\\u00edculos de comunica\\u00e7\\u00e3o nas fun\\u00e7\\u00f5es de rep\\u00f3rter, redator, editor, articulista e colaborador, como Folha de S. Paulo, O Estado de S. Paulo, Di\\u00e1rio Popular, entre outros. Ao transferir a revista vitrine, vers\\u00e3o imprensa, de S\\u00e3o Paulo para Ibi\\u00fana h\\u00e1 alguns anos, iniciou uma nova experi\\u00eancia profissional, dedicando-se ao jornalismo regional, depois de cumprir uma trajet\\u00f3ria bem-sucedida na grande imprensa brasileira. Seu primeiro livro A Coragem de Comunicar foi lan\\u00e7ado na Bienal do Livro em S\\u00e3o Paulo no ano 2000, pela editora Madras.\"}]}<\/script>\n<!-- \/ Yoast SEO plugin. -->","_links":{"self":[{"href":"https:\/\/revistavitrineibiuna.com.br\/index.php?rest_route=\/wp\/v2\/posts\/33176"}],"collection":[{"href":"https:\/\/revistavitrineibiuna.com.br\/index.php?rest_route=\/wp\/v2\/posts"}],"about":[{"href":"https:\/\/revistavitrineibiuna.com.br\/index.php?rest_route=\/wp\/v2\/types\/post"}],"author":[{"embeddable":true,"href":"https:\/\/revistavitrineibiuna.com.br\/index.php?rest_route=\/wp\/v2\/users\/1"}],"replies":[{"embeddable":true,"href":"https:\/\/revistavitrineibiuna.com.br\/index.php?rest_route=%2Fwp%2Fv2%2Fcomments&post=33176"}],"version-history":[{"count":6,"href":"https:\/\/revistavitrineibiuna.com.br\/index.php?rest_route=\/wp\/v2\/posts\/33176\/revisions"}],"predecessor-version":[{"id":33185,"href":"https:\/\/revistavitrineibiuna.com.br\/index.php?rest_route=\/wp\/v2\/posts\/33176\/revisions\/33185"}],"wp:featuredmedia":[{"embeddable":true,"href":"https:\/\/revistavitrineibiuna.com.br\/index.php?rest_route=\/wp\/v2\/media\/33177"}],"wp:attachment":[{"href":"https:\/\/revistavitrineibiuna.com.br\/index.php?rest_route=%2Fwp%2Fv2%2Fmedia&parent=33176"}],"wp:term":[{"taxonomy":"category","embeddable":true,"href":"https:\/\/revistavitrineibiuna.com.br\/index.php?rest_route=%2Fwp%2Fv2%2Fcategories&post=33176"},{"taxonomy":"post_tag","embeddable":true,"href":"https:\/\/revistavitrineibiuna.com.br\/index.php?rest_route=%2Fwp%2Fv2%2Ftags&post=33176"}],"curies":[{"name":"wp","href":"https:\/\/api.w.org\/{rel}","templated":true}]}}