{"id":33186,"date":"2025-02-22T20:50:37","date_gmt":"2025-02-22T23:50:37","guid":{"rendered":"http:\/\/revistavitrineibiuna.com.br\/?p=33186"},"modified":"2025-02-22T21:25:29","modified_gmt":"2025-02-23T00:25:29","slug":"jurupara-ex-vereador-lino-jr-diz-que-terras-de-sua-familia-foram-roubadas","status":"publish","type":"post","link":"https:\/\/revistavitrineibiuna.com.br\/?p=33186","title":{"rendered":"JURUPAR\u00c1 \u2013 EX-VEREADOR LINO JR. DIZ QUE TERRAS DE SUA FAM\u00cdLIA FORAM \u201cROUBADAS\u201d"},"content":{"rendered":"\n<p class=\"has-drop-cap\"><strong>O ex-vereador ibiunense Lino Jr. \u00e9 o convidado desta quarta-feira (26) da TVUNA. O programa ser\u00e1 transmitido ao vivo, \u00e0s 18h, pelo Youtube, Instagram e Facebook. E voc\u00ea poder\u00e1 interagir por meio chat do canal. Inscreva-se: <a href=\"mailto:youtube.com\/@tv-una\">youtube.com\/@tv-una<\/a>.<\/strong><\/p>\n\n\n\n<p><strong>Vitrine online e a TVUNA, para aqueles que nos acompanham, tem apoiado a causa do povo do Jurupar\u00e1, por consider\u00e1-la justa e humanit\u00e1ria. Assim, contar\u00e1, por  mais um protagonista, essa hist\u00f3ria que precisa ser mais conhecida e a justi\u00e7a, ainda que tardia, seja feita.<\/strong><\/p>\n\n\n\n<p><strong>O SONHO DE UMA FAM\u00cdLIA<\/strong><\/p>\n\n\n\n<p><strong>\u201cCheguei no Jurupar\u00e1 com apenas seis meses&nbsp; de vida junto com o meu pai, Armelino, e minha m\u00e3e, C\u00e9lia, e j\u00e1 havia ali muitas fam\u00edlias morando. Meus pais achavam que o local ia se desenvolver. Mor\u00e1vamos inicialmente numa casa de pau a pique e em 1988\/89 passamos a morar numa casa de alvenaria constru\u00edda com muito suor.\u201d<\/strong><\/p>\n\n\n\n<p><strong>Assim, o ex-vereador Lino J\u00fanior inicia sua narrativa de uma hist\u00f3ria dram\u00e1tica vivida por mais de seiscentas fam\u00edlias, muitas das quais nativas, cujas terras foram confiscadas pelo governo do estado de S\u00e3o Paulo por meio de um decreto de 1992 que criou o Parque Estadual do Jurupar\u00e1, numa extens\u00e3o de 26 mil hectares, no munic\u00edpio de Ibi\u00fana e numa pequena arte de cerca de 2% no munic\u00edpio de Piedade.<\/strong><\/p>\n\n\n\n<p><strong>TUDO DENTRO DA LEI<\/strong><\/p>\n\n\n\n<p><strong>O terreno comprado por seu pai, j\u00e1 falecido, era a realiza\u00e7\u00e3o de um sonho e tudo foi legalmente respeitado: regisrro em cart\u00f3rio, mapa das divisas, impostos pagos, ITR, cadastro no Incra.<\/strong><\/p>\n\n\n\n<p><strong>Essa informa\u00e7\u00e3o \u00e9 relevante porque, depois que o decreto draconiano do governo estadual, todas aquelas fam\u00edlias que ali plantavam, criavam animais, enfim produziam, passaram a ser tratadas como \u201cinvasoras\u201d, fato repelido com veem\u00eancia pela associa\u00e7\u00e3o que representa e defende os direitos daquelas fam\u00edlias.<\/strong><\/p>\n\n\n\n<p><strong>Segundo Lino, o governo criou uma \u00e1rea de \u201cprote\u00e7\u00e3o integral\u201d, mas que todos poderiam ficar tranquilos que se tivessem que sair \u201ctodo o nosso investimento seria indenizado. Mentiram.\u201d<\/strong><\/p>\n\n\n\n<p><strong>EXPULS\u00d5ES E DEMOLI\u00c7\u00d5ES<\/strong><\/p>\n\n\n\n<p><strong>Na realidade, muitas fam\u00edlias j\u00e1 foram expulsas das suas terras, tiveram suas casas demolidas. Em suma perderam o que tinham levado toda a vida para construir.<\/strong><\/p>\n\n\n\n<p><strong>Lino, pela forma injusta com que o governo estadual tem tratado esse assunto e feito reintegra\u00e7\u00f5es de posse \u201ccriminosas nesses mais de trinta anos\u201d, sente-se como se sua fam\u00edlia tivesse sido \u201croubada\u201d.<\/strong><\/p>\n\n\n\n<p><strong>\u201cN\u00c3O SOMOS INVASORES\u201d<\/strong><\/p>\n\n\n\n<p><strong>\u201cN\u00e3o somos invasores. Meus pais compraram e pagaram pelas terras.\u201d<\/strong><\/p>\n\n\n\n<p><strong>O ex-vereador disse ainda acredita na justi\u00e7a\u00a0 e que espera ver seus direitos respeitados, assim como os de todos os demais, incluindo muitas pessoas simples e humildes que nem mesmo chegaram a ser informadas e n\u00e3o sabiam das medidas arbitr\u00e1rias que eram tomadas unilateralmente pelas autoridades estaduais.<\/strong><\/p>\n\n\n\n<p><strong>A gleba de sua fam\u00edlia est\u00e1 localizada no bairro Ribeirao Grande no munic\u00edpio de Piedade.<\/strong><\/p>\n","protected":false},"excerpt":{"rendered":"<p>O ex-vereador ibiunense Lino Jr. \u00e9 o convidado desta quarta-feira (26) da TVUNA. O programa ser\u00e1 transmitido ao vivo, \u00e0s<\/p>\n","protected":false},"author":1,"featured_media":33187,"comment_status":"open","ping_status":"open","sticky":false,"template":"","format":"standard","meta":[],"categories":[3],"tags":[],"yoast_head":"<!-- This site is optimized with the Yoast SEO plugin v15.8 - https:\/\/yoast.com\/wordpress\/plugins\/seo\/ -->\n<title>JURUPAR\u00c1 \u2013 EX-VEREADOR LINO JR. DIZ QUE TERRAS DE SUA FAM\u00cdLIA FORAM \u201cROUBADAS\u201d - Revista Vitrine Online<\/title>\n<meta name=\"robots\" content=\"index, follow, max-snippet:-1, max-image-preview:large, max-video-preview:-1\" \/>\n<link rel=\"canonical\" href=\"http:\/\/revistavitrineibiuna.com.br\/?p=33186\" \/>\n<meta property=\"og:locale\" content=\"pt_BR\" \/>\n<meta property=\"og:type\" content=\"article\" \/>\n<meta property=\"og:title\" content=\"JURUPAR\u00c1 \u2013 EX-VEREADOR LINO JR. DIZ QUE TERRAS DE SUA FAM\u00cdLIA FORAM \u201cROUBADAS\u201d - Revista Vitrine Online\" \/>\n<meta property=\"og:description\" content=\"O ex-vereador ibiunense Lino Jr. \u00e9 o convidado desta quarta-feira (26) da TVUNA. O programa ser\u00e1 transmitido ao vivo, \u00e0s\" \/>\n<meta property=\"og:url\" content=\"http:\/\/revistavitrineibiuna.com.br\/?p=33186\" \/>\n<meta property=\"og:site_name\" content=\"Revista Vitrine Online\" \/>\n<meta property=\"article:published_time\" content=\"2025-02-22T23:50:37+00:00\" \/>\n<meta property=\"article:modified_time\" content=\"2025-02-23T00:25:29+00:00\" \/>\n<meta property=\"og:image\" content=\"https:\/\/revistavitrineibiuna.com.br\/wp-content\/uploads\/2025\/02\/lino-no-jurupara.png\" \/>\n\t<meta property=\"og:image:width\" content=\"1071\" \/>\n\t<meta property=\"og:image:height\" content=\"725\" \/>\n<meta name=\"twitter:card\" content=\"summary\" \/>\n<meta name=\"twitter:label1\" content=\"Est. reading time\">\n\t<meta name=\"twitter:data1\" content=\"2 minutos\">\n<script type=\"application\/ld+json\" class=\"yoast-schema-graph\">{\"@context\":\"https:\/\/schema.org\",\"@graph\":[{\"@type\":\"WebSite\",\"@id\":\"https:\/\/revistavitrineibiuna.com.br\/#website\",\"url\":\"https:\/\/revistavitrineibiuna.com.br\/\",\"name\":\"Revista Vitrine Ibi\\u00fana\",\"description\":\"A Revista de Ibi\\u00fana e Regi\\u00e3o\",\"publisher\":{\"@id\":\"https:\/\/revistavitrineibiuna.com.br\/#\/schema\/person\/e51ef49d6d88170ea21ceabff3f73deb\"},\"potentialAction\":[{\"@type\":\"SearchAction\",\"target\":\"https:\/\/revistavitrineibiuna.com.br\/?s={search_term_string}\",\"query-input\":\"required name=search_term_string\"}],\"inLanguage\":\"pt-BR\"},{\"@type\":\"ImageObject\",\"@id\":\"http:\/\/revistavitrineibiuna.com.br\/?p=33186#primaryimage\",\"inLanguage\":\"pt-BR\",\"url\":\"https:\/\/revistavitrineibiuna.com.br\/wp-content\/uploads\/2025\/02\/lino-no-jurupara.png\",\"width\":1071,\"height\":725},{\"@type\":\"WebPage\",\"@id\":\"http:\/\/revistavitrineibiuna.com.br\/?p=33186#webpage\",\"url\":\"http:\/\/revistavitrineibiuna.com.br\/?p=33186\",\"name\":\"JURUPAR\\u00c1 \\u2013 EX-VEREADOR LINO JR. DIZ QUE TERRAS DE SUA FAM\\u00cdLIA FORAM \\u201cROUBADAS\\u201d - Revista Vitrine Online\",\"isPartOf\":{\"@id\":\"https:\/\/revistavitrineibiuna.com.br\/#website\"},\"primaryImageOfPage\":{\"@id\":\"http:\/\/revistavitrineibiuna.com.br\/?p=33186#primaryimage\"},\"datePublished\":\"2025-02-22T23:50:37+00:00\",\"dateModified\":\"2025-02-23T00:25:29+00:00\",\"breadcrumb\":{\"@id\":\"http:\/\/revistavitrineibiuna.com.br\/?p=33186#breadcrumb\"},\"inLanguage\":\"pt-BR\",\"potentialAction\":[{\"@type\":\"ReadAction\",\"target\":[\"http:\/\/revistavitrineibiuna.com.br\/?p=33186\"]}]},{\"@type\":\"BreadcrumbList\",\"@id\":\"http:\/\/revistavitrineibiuna.com.br\/?p=33186#breadcrumb\",\"itemListElement\":[{\"@type\":\"ListItem\",\"position\":1,\"item\":{\"@type\":\"WebPage\",\"@id\":\"https:\/\/revistavitrineibiuna.com.br\/\",\"url\":\"https:\/\/revistavitrineibiuna.com.br\/\",\"name\":\"In\\u00edcio\"}},{\"@type\":\"ListItem\",\"position\":2,\"item\":{\"@type\":\"WebPage\",\"@id\":\"http:\/\/revistavitrineibiuna.com.br\/?p=33186\",\"url\":\"http:\/\/revistavitrineibiuna.com.br\/?p=33186\",\"name\":\"JURUPAR\\u00c1 \\u2013 EX-VEREADOR LINO JR. DIZ QUE TERRAS DE SUA FAM\\u00cdLIA FORAM \\u201cROUBADAS\\u201d\"}}]},{\"@type\":\"Article\",\"@id\":\"http:\/\/revistavitrineibiuna.com.br\/?p=33186#article\",\"isPartOf\":{\"@id\":\"http:\/\/revistavitrineibiuna.com.br\/?p=33186#webpage\"},\"author\":{\"@id\":\"https:\/\/revistavitrineibiuna.com.br\/#\/schema\/person\/e51ef49d6d88170ea21ceabff3f73deb\"},\"headline\":\"JURUPAR\\u00c1 \\u2013 EX-VEREADOR LINO JR. DIZ QUE TERRAS DE SUA FAM\\u00cdLIA FORAM \\u201cROUBADAS\\u201d\",\"datePublished\":\"2025-02-22T23:50:37+00:00\",\"dateModified\":\"2025-02-23T00:25:29+00:00\",\"mainEntityOfPage\":{\"@id\":\"http:\/\/revistavitrineibiuna.com.br\/?p=33186#webpage\"},\"commentCount\":0,\"publisher\":{\"@id\":\"https:\/\/revistavitrineibiuna.com.br\/#\/schema\/person\/e51ef49d6d88170ea21ceabff3f73deb\"},\"image\":{\"@id\":\"http:\/\/revistavitrineibiuna.com.br\/?p=33186#primaryimage\"},\"articleSection\":\"Not\\u00edcias\",\"inLanguage\":\"pt-BR\",\"potentialAction\":[{\"@type\":\"CommentAction\",\"name\":\"Comment\",\"target\":[\"http:\/\/revistavitrineibiuna.com.br\/?p=33186#respond\"]}]},{\"@type\":[\"Person\",\"Organization\"],\"@id\":\"https:\/\/revistavitrineibiuna.com.br\/#\/schema\/person\/e51ef49d6d88170ea21ceabff3f73deb\",\"name\":\"Carlos Rossini\",\"image\":{\"@type\":\"ImageObject\",\"@id\":\"https:\/\/revistavitrineibiuna.com.br\/#personlogo\",\"inLanguage\":\"pt-BR\",\"url\":\"https:\/\/secure.gravatar.com\/avatar\/4f2d0f99fac1f85c7d643f21f5c8d900?s=96&d=mm&r=g\",\"caption\":\"Carlos Rossini\"},\"logo\":{\"@id\":\"https:\/\/revistavitrineibiuna.com.br\/#personlogo\"},\"description\":\"Carlos Rossini \\u00e9 jornalista, soci\\u00f3logo, escritor e professor universit\\u00e1rio, tendo sido professor de jornalismo por vinte anos. Trabalhou em ve\\u00edculos de comunica\\u00e7\\u00e3o nas fun\\u00e7\\u00f5es de rep\\u00f3rter, redator, editor, articulista e colaborador, como Folha de S. Paulo, O Estado de S. Paulo, Di\\u00e1rio Popular, entre outros. Ao transferir a revista vitrine, vers\\u00e3o imprensa, de S\\u00e3o Paulo para Ibi\\u00fana h\\u00e1 alguns anos, iniciou uma nova experi\\u00eancia profissional, dedicando-se ao jornalismo regional, depois de cumprir uma trajet\\u00f3ria bem-sucedida na grande imprensa brasileira. Seu primeiro livro A Coragem de Comunicar foi lan\\u00e7ado na Bienal do Livro em S\\u00e3o Paulo no ano 2000, pela editora Madras.\"}]}<\/script>\n<!-- \/ Yoast SEO plugin. -->","_links":{"self":[{"href":"https:\/\/revistavitrineibiuna.com.br\/index.php?rest_route=\/wp\/v2\/posts\/33186"}],"collection":[{"href":"https:\/\/revistavitrineibiuna.com.br\/index.php?rest_route=\/wp\/v2\/posts"}],"about":[{"href":"https:\/\/revistavitrineibiuna.com.br\/index.php?rest_route=\/wp\/v2\/types\/post"}],"author":[{"embeddable":true,"href":"https:\/\/revistavitrineibiuna.com.br\/index.php?rest_route=\/wp\/v2\/users\/1"}],"replies":[{"embeddable":true,"href":"https:\/\/revistavitrineibiuna.com.br\/index.php?rest_route=%2Fwp%2Fv2%2Fcomments&post=33186"}],"version-history":[{"count":8,"href":"https:\/\/revistavitrineibiuna.com.br\/index.php?rest_route=\/wp\/v2\/posts\/33186\/revisions"}],"predecessor-version":[{"id":33198,"href":"https:\/\/revistavitrineibiuna.com.br\/index.php?rest_route=\/wp\/v2\/posts\/33186\/revisions\/33198"}],"wp:featuredmedia":[{"embeddable":true,"href":"https:\/\/revistavitrineibiuna.com.br\/index.php?rest_route=\/wp\/v2\/media\/33187"}],"wp:attachment":[{"href":"https:\/\/revistavitrineibiuna.com.br\/index.php?rest_route=%2Fwp%2Fv2%2Fmedia&parent=33186"}],"wp:term":[{"taxonomy":"category","embeddable":true,"href":"https:\/\/revistavitrineibiuna.com.br\/index.php?rest_route=%2Fwp%2Fv2%2Fcategories&post=33186"},{"taxonomy":"post_tag","embeddable":true,"href":"https:\/\/revistavitrineibiuna.com.br\/index.php?rest_route=%2Fwp%2Fv2%2Ftags&post=33186"}],"curies":[{"name":"wp","href":"https:\/\/api.w.org\/{rel}","templated":true}]}}