{"id":33199,"date":"2025-02-25T15:58:45","date_gmt":"2025-02-25T18:58:45","guid":{"rendered":"http:\/\/revistavitrineibiuna.com.br\/?p=33199"},"modified":"2025-02-25T19:13:24","modified_gmt":"2025-02-25T22:13:24","slug":"sao-roque-multidao-tenta-falar-com-o-prefeito-contra-aumento-abusivo-do-iptu","status":"publish","type":"post","link":"https:\/\/revistavitrineibiuna.com.br\/?p=33199","title":{"rendered":"S\u00c3O ROQUE \u2013 MULTID\u00c3O TENTA FALAR COM O PREFEITO CONTRA AUMENTO \u201cABUSIVO\u201d DO IPTU"},"content":{"rendered":"\n<p class=\"has-drop-cap\"><strong>Acompanhada de 10 vereadores, uma multid\u00e3o se reuniu hoje (25), no sagu\u00e3o e em frente \u00e0 sede da prefeitura de S\u00e3o Roque com o objetivo de falar com o prefeito. O &nbsp;aumento do IPTU em 2025 foi considerado \u201cextremamente arbitr\u00e1rio e abusivo\u201d.<\/strong><\/p>\n\n\n\n<p><strong>O objetivo do grupo era pleitear a revoga\u00e7\u00e3o do projeto, mas nem o prefeito ou algum dos seus assessores se encontravam no local.<\/strong><\/p>\n\n\n\n<p><strong>Neste s\u00e1bado, \u00e0s 14h, haver\u00e1 um encontro da popula\u00e7\u00e3o na pra\u00e7a da Matriz, no centro da cidade, com o mesmo prop\u00f3sito: a revoga\u00e7\u00e3o do projeto que est\u00e1 \u201cinfernizando\u201d a vida de in\u00fameras fam\u00edlias.<\/strong><\/p>\n\n\n\n<p><strong>IMAGEM ARRANHADA<\/strong><\/p>\n\n\n\n<p><strong>Marcos Augusto Issa Henrique de Ara\u00fajo, ou Guto Issa, como \u00e9 mais conhecido, foi reeleito prefeito de S\u00e3o Roque em 2024 de modo surpreendente, com 73% dos votos v\u00e1lidos.<\/strong><\/p>\n\n\n\n<p><strong>Esse feito indiscutivelmente demonstra que a maioria da popula\u00e7\u00e3o sanroquense aprovou sua gest\u00e3o como algo retumbante.<\/strong><\/p>\n\n\n\n<p><strong>Formado em Hist\u00f3ria pela Universidade de S\u00e3o Paulo \u2013 USP e p\u00f3s-graduado em ci\u00eancias pol\u00edticas, ter\u00e1 usado conhecimento te\u00f3rico e pr\u00e1tico como um ator convincente, por meio de um sem n\u00fameros de v\u00eddeos em que protagonizava not\u00edcias extremamente exuberantes sobre o progresso econ\u00f4mico, social e atividades multiculturais em S\u00e3o Roque.<\/strong><\/p>\n\n\n\n<p><strong>Com esse sucesso todo, Guto Issa certamente estava na trilha de um futuro pol\u00edtico promissor, depois de concluir um novo mandato. Antes j\u00e1 havia sido eleito vereador por duas vezes.<\/strong><\/p>\n\n\n\n<p><strong>ESCORREG\u00c3O<\/strong><\/p>\n\n\n\n<p><strong>Provavelmente, n\u00e3o imaginou as consequ\u00eancias de um ato, desses que mudam a hist\u00f3ria, ao aumentar o IPTU do munic\u00edpio em 2025 \u201cabusivamente\u201d, como vem proclamando um grande n\u00famero de sanroquenses.<\/strong><\/p>\n\n\n\n<p><strong>Vitrine online publicou not\u00edcia sobre esse assunto em dois grupos sociais de S\u00e3o Roque e ficou estupefata com o n\u00famero e o teor das manifesta\u00e7\u00f5es.<\/strong><\/p>\n\n\n\n<p><strong>Em suma, muitas fam\u00edlias relataram sua situa\u00e7\u00e3o econ\u00f4mica, que envolve pessoas idosas que vivem de um sal\u00e1rio m\u00ednimo, por exemplo, que n\u00e3o ter\u00e3o condi\u00e7\u00f5es de pagar o tributo, podendo, em consequ\u00eancia, at\u00e9 mesmo ficar sem condi\u00e7\u00f5es de adqurir alimentos, se decidirem recolher os valores do tributo.<\/strong><\/p>\n\n\n\n<p><strong>\u201cFACADA NO POVO\u201d<\/strong><\/p>\n\n\n\n<p><strong>S.A.C. comentou: \u201cN\u00e3o argumente sr. prefeito! Explique o porqu\u00ea dessa facada no povo de S\u00e3o Roque, povo esse que acreditou em vc. Povo esse que o reelegeu. Espero que n\u00e3o esque\u00e7amos esse golpe.\u201d<\/strong><\/p>\n\n\n\n<p><strong>M.L.: \u201cEu sempre paguei R$ 160,00 e agora veio (o carn\u00ea) R$ 1.500,00. Isso \u00e9 um absurdo.\u201d<\/strong><\/p>\n\n\n\n<p><strong>V.T.: \u201c\u00c9 s\u00f3 n\u00e3o pagar e entrar com uma a\u00e7\u00e3o, dependendo da situa\u00e7\u00e3o financeira da pessoa realmente \u00e9 imposs\u00edvel, estar acostumado a pagar R$ 800,00 e logo em seguida receber uma conta de R$ 8.000,00.<\/strong><\/p>\n\n\n\n<p><strong>M.M.: \u201cEu pagava R$ 2.000,00, agora veio R$ 6.000,00. Um absurdo.\u201d<\/strong><\/p>\n\n\n\n<p><strong>Esses s\u00e3o apenas alguns de centenas de depoimentos em que se incluem tamb\u00e9m pessoas idosas que moram em casas recebidas como heran\u00e7a e que agora mal conseguem sobreviver com uma minguada aposentadoria.<\/strong><\/p>\n\n\n\n<p><strong>REVOLTA<\/strong><\/p>\n\n\n\n<p><strong>A popula\u00e7\u00e3o sanroquense est\u00e1 se movimentando para que o decreto do IPTU seja revogado, j\u00e1 que ele foi elaborado com base em informa\u00e7\u00f5es de uma firma que usou drones para vistoriar as propriedades, em que incluiu at\u00e9 mesmo um puxadinho para evitar que a chuva entre em casa.<\/strong><\/p>\n\n\n\n<p><strong>A prefeitura comunicou que se algu\u00e9m achar que o c\u00e1lculo do seu imposto est\u00e1 errado que a procure para que seja feita uma revis\u00e3o, mas h\u00e1 uma forte descren\u00e7a na decis\u00e3o tomada que come\u00e7ou a minar a imagem de um prefeito superavaliado durante as elei\u00e7\u00f5es.<\/strong><\/p>\n\n\n\n<p><strong>Vitrine online ouviu ontem (24) \u00e0 noite uma l\u00edder sindical de S\u00e3o Roque. \u201cEm meus 70 anos, nunca vi um movimento de rep\u00fadio da popula\u00e7\u00e3o contra um prefeito como este\u201d, ela declarou.<\/strong><\/p>\n\n\n\n<p><strong>MINIST\u00c9RIO P\u00daBLICO<\/strong><\/p>\n\n\n\n<p><strong>Atualiza\u00e7\u00e3o: Dois vereadores de S\u00e3o Roque, Dani Castro e Marquinho Arruda, deram entrada no Minist\u00e9rio P\u00fablico com foco em poss\u00edveis irregularidades na cobran\u00e7a do IPTU em 2025. De acordo com ambos, seja por erro de c\u00e1lculo ou por aumento irregular, a situa\u00e7\u00e3o \u00e9 indevida. Os dois parlamentares questional at\u00e9 mesmo a inconstitucionalidade da medida que aumentou a base de c\u00e1lculo. <\/strong><\/p>\n\n\n\n<p><strong>EM IBI\u00daNA<\/strong><\/p>\n\n\n\n<p><strong>Em 2017, no munic\u00edpio de Ibi\u00fana ocorreu um fato similar. Diante da intensa rea\u00e7\u00e3o popular contr\u00e1ria aos \u00edndices do aumento do IPTU, em Ibi\u00fana, o ent\u00e3o prefeito Jo\u00e3o Mello explicou que n\u00e3o se tratava de um aumento e sim de uma atualiza\u00e7\u00e3o de planta.<\/strong><\/p>\n\n\n\n<p><strong>Na ocasi\u00e3o, citou um exemplo, com base no valor venal de um im\u00f3vel a prefeitura estava cobrando R$ 5,00 por metro quadrado de \u00e1rea constru\u00edda, enquanto o correto seriam R$ 50,00.<\/strong><\/p>\n\n\n\n<p><strong>Resultado pr\u00e1tico, os propriet\u00e1rios de im\u00f3veis no munic\u00edpio viram os valores dos seus carn\u00eas subirem 200%, 300% e at\u00e9 400%, o que viria provocar um movimento contr\u00e1rio \u00e0 medida que chegou at\u00e9 a C\u00e2mara Municipal, por meio de um abaixo-assinado pedindo a anula\u00e7\u00e3o do aumento.<\/strong><\/p>\n\n\n\n<p><strong>N\u00e3o apenas por esse motivo, logicamente, Mello ficou com a fama de ter sido \u201co pior prefeito de Ibi\u00fana\u201d. A C\u00e2mara Municipal chegou a receber nove pedidos de sua cassa\u00e7\u00e3o, que acabou n\u00e3o ocorrendo, por conta da resist\u00eancia dos vereadores que lhe eram leais em sua base aliada.<\/strong><\/p>\n","protected":false},"excerpt":{"rendered":"<p>Acompanhada de 10 vereadores, uma multid\u00e3o se reuniu hoje (25), no sagu\u00e3o e em frente \u00e0 sede da prefeitura de<\/p>\n","protected":false},"author":1,"featured_media":33200,"comment_status":"open","ping_status":"open","sticky":false,"template":"","format":"standard","meta":[],"categories":[3],"tags":[],"yoast_head":"<!-- This site is optimized with the Yoast SEO plugin v15.8 - https:\/\/yoast.com\/wordpress\/plugins\/seo\/ -->\n<title>S\u00c3O ROQUE \u2013 MULTID\u00c3O TENTA FALAR COM O PREFEITO CONTRA AUMENTO \u201cABUSIVO\u201d DO IPTU - Revista Vitrine Online<\/title>\n<meta name=\"robots\" content=\"index, follow, max-snippet:-1, max-image-preview:large, max-video-preview:-1\" \/>\n<link rel=\"canonical\" href=\"https:\/\/revistavitrineibiuna.com.br\/?p=33199\" \/>\n<meta property=\"og:locale\" content=\"pt_BR\" \/>\n<meta property=\"og:type\" content=\"article\" \/>\n<meta property=\"og:title\" content=\"S\u00c3O ROQUE \u2013 MULTID\u00c3O TENTA FALAR COM O PREFEITO CONTRA AUMENTO \u201cABUSIVO\u201d DO IPTU - Revista Vitrine Online\" \/>\n<meta property=\"og:description\" content=\"Acompanhada de 10 vereadores, uma multid\u00e3o se reuniu hoje (25), no sagu\u00e3o e em frente \u00e0 sede da prefeitura de\" \/>\n<meta property=\"og:url\" content=\"https:\/\/revistavitrineibiuna.com.br\/?p=33199\" \/>\n<meta property=\"og:site_name\" content=\"Revista Vitrine Online\" \/>\n<meta property=\"article:published_time\" content=\"2025-02-25T18:58:45+00:00\" \/>\n<meta property=\"article:modified_time\" content=\"2025-02-25T22:13:24+00:00\" \/>\n<meta property=\"og:image\" content=\"https:\/\/revistavitrineibiuna.com.br\/wp-content\/uploads\/2025\/02\/povo-de-saoroque-na-prefeitura.png\" \/>\n\t<meta property=\"og:image:width\" content=\"720\" \/>\n\t<meta property=\"og:image:height\" content=\"471\" \/>\n<meta name=\"twitter:card\" content=\"summary\" \/>\n<meta name=\"twitter:label1\" content=\"Est. reading time\">\n\t<meta name=\"twitter:data1\" content=\"4 minutos\">\n<script type=\"application\/ld+json\" class=\"yoast-schema-graph\">{\"@context\":\"https:\/\/schema.org\",\"@graph\":[{\"@type\":\"WebSite\",\"@id\":\"https:\/\/revistavitrineibiuna.com.br\/#website\",\"url\":\"https:\/\/revistavitrineibiuna.com.br\/\",\"name\":\"Revista Vitrine Ibi\\u00fana\",\"description\":\"A Revista de Ibi\\u00fana e Regi\\u00e3o\",\"publisher\":{\"@id\":\"https:\/\/revistavitrineibiuna.com.br\/#\/schema\/person\/e51ef49d6d88170ea21ceabff3f73deb\"},\"potentialAction\":[{\"@type\":\"SearchAction\",\"target\":\"https:\/\/revistavitrineibiuna.com.br\/?s={search_term_string}\",\"query-input\":\"required name=search_term_string\"}],\"inLanguage\":\"pt-BR\"},{\"@type\":\"ImageObject\",\"@id\":\"https:\/\/revistavitrineibiuna.com.br\/?p=33199#primaryimage\",\"inLanguage\":\"pt-BR\",\"url\":\"https:\/\/revistavitrineibiuna.com.br\/wp-content\/uploads\/2025\/02\/povo-de-saoroque-na-prefeitura.png\",\"width\":720,\"height\":471},{\"@type\":\"WebPage\",\"@id\":\"https:\/\/revistavitrineibiuna.com.br\/?p=33199#webpage\",\"url\":\"https:\/\/revistavitrineibiuna.com.br\/?p=33199\",\"name\":\"S\\u00c3O ROQUE \\u2013 MULTID\\u00c3O TENTA FALAR COM O PREFEITO CONTRA AUMENTO \\u201cABUSIVO\\u201d DO IPTU - Revista Vitrine Online\",\"isPartOf\":{\"@id\":\"https:\/\/revistavitrineibiuna.com.br\/#website\"},\"primaryImageOfPage\":{\"@id\":\"https:\/\/revistavitrineibiuna.com.br\/?p=33199#primaryimage\"},\"datePublished\":\"2025-02-25T18:58:45+00:00\",\"dateModified\":\"2025-02-25T22:13:24+00:00\",\"breadcrumb\":{\"@id\":\"https:\/\/revistavitrineibiuna.com.br\/?p=33199#breadcrumb\"},\"inLanguage\":\"pt-BR\",\"potentialAction\":[{\"@type\":\"ReadAction\",\"target\":[\"https:\/\/revistavitrineibiuna.com.br\/?p=33199\"]}]},{\"@type\":\"BreadcrumbList\",\"@id\":\"https:\/\/revistavitrineibiuna.com.br\/?p=33199#breadcrumb\",\"itemListElement\":[{\"@type\":\"ListItem\",\"position\":1,\"item\":{\"@type\":\"WebPage\",\"@id\":\"https:\/\/revistavitrineibiuna.com.br\/\",\"url\":\"https:\/\/revistavitrineibiuna.com.br\/\",\"name\":\"In\\u00edcio\"}},{\"@type\":\"ListItem\",\"position\":2,\"item\":{\"@type\":\"WebPage\",\"@id\":\"https:\/\/revistavitrineibiuna.com.br\/?p=33199\",\"url\":\"https:\/\/revistavitrineibiuna.com.br\/?p=33199\",\"name\":\"S\\u00c3O ROQUE \\u2013 MULTID\\u00c3O TENTA FALAR COM O PREFEITO CONTRA AUMENTO \\u201cABUSIVO\\u201d DO IPTU\"}}]},{\"@type\":\"Article\",\"@id\":\"https:\/\/revistavitrineibiuna.com.br\/?p=33199#article\",\"isPartOf\":{\"@id\":\"https:\/\/revistavitrineibiuna.com.br\/?p=33199#webpage\"},\"author\":{\"@id\":\"https:\/\/revistavitrineibiuna.com.br\/#\/schema\/person\/e51ef49d6d88170ea21ceabff3f73deb\"},\"headline\":\"S\\u00c3O ROQUE \\u2013 MULTID\\u00c3O TENTA FALAR COM O PREFEITO CONTRA AUMENTO \\u201cABUSIVO\\u201d DO IPTU\",\"datePublished\":\"2025-02-25T18:58:45+00:00\",\"dateModified\":\"2025-02-25T22:13:24+00:00\",\"mainEntityOfPage\":{\"@id\":\"https:\/\/revistavitrineibiuna.com.br\/?p=33199#webpage\"},\"commentCount\":0,\"publisher\":{\"@id\":\"https:\/\/revistavitrineibiuna.com.br\/#\/schema\/person\/e51ef49d6d88170ea21ceabff3f73deb\"},\"image\":{\"@id\":\"https:\/\/revistavitrineibiuna.com.br\/?p=33199#primaryimage\"},\"articleSection\":\"Not\\u00edcias\",\"inLanguage\":\"pt-BR\",\"potentialAction\":[{\"@type\":\"CommentAction\",\"name\":\"Comment\",\"target\":[\"https:\/\/revistavitrineibiuna.com.br\/?p=33199#respond\"]}]},{\"@type\":[\"Person\",\"Organization\"],\"@id\":\"https:\/\/revistavitrineibiuna.com.br\/#\/schema\/person\/e51ef49d6d88170ea21ceabff3f73deb\",\"name\":\"Carlos Rossini\",\"image\":{\"@type\":\"ImageObject\",\"@id\":\"https:\/\/revistavitrineibiuna.com.br\/#personlogo\",\"inLanguage\":\"pt-BR\",\"url\":\"https:\/\/secure.gravatar.com\/avatar\/4f2d0f99fac1f85c7d643f21f5c8d900?s=96&d=mm&r=g\",\"caption\":\"Carlos Rossini\"},\"logo\":{\"@id\":\"https:\/\/revistavitrineibiuna.com.br\/#personlogo\"},\"description\":\"Carlos Rossini \\u00e9 jornalista, soci\\u00f3logo, escritor e professor universit\\u00e1rio, tendo sido professor de jornalismo por vinte anos. Trabalhou em ve\\u00edculos de comunica\\u00e7\\u00e3o nas fun\\u00e7\\u00f5es de rep\\u00f3rter, redator, editor, articulista e colaborador, como Folha de S. Paulo, O Estado de S. Paulo, Di\\u00e1rio Popular, entre outros. Ao transferir a revista vitrine, vers\\u00e3o imprensa, de S\\u00e3o Paulo para Ibi\\u00fana h\\u00e1 alguns anos, iniciou uma nova experi\\u00eancia profissional, dedicando-se ao jornalismo regional, depois de cumprir uma trajet\\u00f3ria bem-sucedida na grande imprensa brasileira. Seu primeiro livro A Coragem de Comunicar foi lan\\u00e7ado na Bienal do Livro em S\\u00e3o Paulo no ano 2000, pela editora Madras.\"}]}<\/script>\n<!-- \/ Yoast SEO plugin. -->","_links":{"self":[{"href":"https:\/\/revistavitrineibiuna.com.br\/index.php?rest_route=\/wp\/v2\/posts\/33199"}],"collection":[{"href":"https:\/\/revistavitrineibiuna.com.br\/index.php?rest_route=\/wp\/v2\/posts"}],"about":[{"href":"https:\/\/revistavitrineibiuna.com.br\/index.php?rest_route=\/wp\/v2\/types\/post"}],"author":[{"embeddable":true,"href":"https:\/\/revistavitrineibiuna.com.br\/index.php?rest_route=\/wp\/v2\/users\/1"}],"replies":[{"embeddable":true,"href":"https:\/\/revistavitrineibiuna.com.br\/index.php?rest_route=%2Fwp%2Fv2%2Fcomments&post=33199"}],"version-history":[{"count":4,"href":"https:\/\/revistavitrineibiuna.com.br\/index.php?rest_route=\/wp\/v2\/posts\/33199\/revisions"}],"predecessor-version":[{"id":33205,"href":"https:\/\/revistavitrineibiuna.com.br\/index.php?rest_route=\/wp\/v2\/posts\/33199\/revisions\/33205"}],"wp:featuredmedia":[{"embeddable":true,"href":"https:\/\/revistavitrineibiuna.com.br\/index.php?rest_route=\/wp\/v2\/media\/33200"}],"wp:attachment":[{"href":"https:\/\/revistavitrineibiuna.com.br\/index.php?rest_route=%2Fwp%2Fv2%2Fmedia&parent=33199"}],"wp:term":[{"taxonomy":"category","embeddable":true,"href":"https:\/\/revistavitrineibiuna.com.br\/index.php?rest_route=%2Fwp%2Fv2%2Fcategories&post=33199"},{"taxonomy":"post_tag","embeddable":true,"href":"https:\/\/revistavitrineibiuna.com.br\/index.php?rest_route=%2Fwp%2Fv2%2Ftags&post=33199"}],"curies":[{"name":"wp","href":"https:\/\/api.w.org\/{rel}","templated":true}]}}