{"id":33206,"date":"2025-02-27T15:39:28","date_gmt":"2025-02-27T18:39:28","guid":{"rendered":"http:\/\/revistavitrineibiuna.com.br\/?p=33206"},"modified":"2025-02-27T16:01:02","modified_gmt":"2025-02-27T19:01:02","slug":"ibiuna-gcm-atuara-como-policia-municipal","status":"publish","type":"post","link":"https:\/\/revistavitrineibiuna.com.br\/?p=33206","title":{"rendered":"IBI\u00daNA \u2013 GCM ATUAR\u00c1 COMO POL\u00cdCIA MUNICIPAL"},"content":{"rendered":"\n<p class=\"has-drop-cap\"><strong>O prefeito M\u00e1rio Pires, reunido na manh\u00e3 de hoje (17), em seu gabinete, com o vice-prefeito Naldo Firmino, o secret\u00e1rio da Seguran\u00e7a P\u00fablica, Apollo Rolim, e o comandante da Guarda Municipal, Cesar Siqueira, anunciou que a GCM &#8211; Guarda Civil Municipal, passar\u00e1 a se chamar Pol\u00edcia Municipal de Ibi\u00fana \u2013 PMI, que atuar\u00e1 com poder de pol\u00edcia.<\/strong><\/p>\n\n\n\n<p><strong>O prefeito explicou que essa medida, \u201cque dar\u00e1 melhor cobertura de seguran\u00e7a p\u00fablica \u00e0 popula\u00e7\u00e3o\u201d, se tornou poss\u00edvel gra\u00e7as ao entendimento do Superior Tribunal Federal de que as GCMs podem atuar no policiamento ostensivo, como fazem os policiais militares.<\/strong><\/p>\n\n\n\n<p><strong>Pires disse ainda que nos pr\u00f3ximos dias enviar\u00e1 projeto \u00e0 C\u00e2mara Municipal para aprova\u00e7\u00e3o da mudan\u00e7a anunciada, e que ser\u00e1 implantado o plano de carreira da GCMs, que vem sendo aguardado h\u00e1 alguns anos.<\/strong><\/p>\n","protected":false},"excerpt":{"rendered":"<p>O prefeito M\u00e1rio Pires, reunido na manh\u00e3 de hoje (17), em seu gabinete, com o vice-prefeito Naldo Firmino, o secret\u00e1rio<\/p>\n","protected":false},"author":1,"featured_media":33207,"comment_status":"open","ping_status":"open","sticky":false,"template":"","format":"standard","meta":[],"categories":[3],"tags":[],"yoast_head":"<!-- This site is optimized with the Yoast SEO plugin v15.8 - https:\/\/yoast.com\/wordpress\/plugins\/seo\/ -->\n<title>IBI\u00daNA \u2013 GCM ATUAR\u00c1 COMO POL\u00cdCIA MUNICIPAL - Revista Vitrine Online<\/title>\n<meta name=\"robots\" content=\"index, follow, max-snippet:-1, max-image-preview:large, max-video-preview:-1\" \/>\n<link rel=\"canonical\" href=\"http:\/\/revistavitrineibiuna.com.br\/?p=33206\" \/>\n<meta property=\"og:locale\" content=\"pt_BR\" \/>\n<meta property=\"og:type\" content=\"article\" \/>\n<meta property=\"og:title\" content=\"IBI\u00daNA \u2013 GCM ATUAR\u00c1 COMO POL\u00cdCIA MUNICIPAL - Revista Vitrine Online\" \/>\n<meta property=\"og:description\" content=\"O prefeito M\u00e1rio Pires, reunido na manh\u00e3 de hoje (17), em seu gabinete, com o vice-prefeito Naldo Firmino, o secret\u00e1rio\" \/>\n<meta property=\"og:url\" content=\"http:\/\/revistavitrineibiuna.com.br\/?p=33206\" \/>\n<meta property=\"og:site_name\" content=\"Revista Vitrine Online\" \/>\n<meta property=\"article:published_time\" content=\"2025-02-27T18:39:28+00:00\" \/>\n<meta property=\"article:modified_time\" content=\"2025-02-27T19:01:02+00:00\" \/>\n<meta property=\"og:image\" content=\"https:\/\/revistavitrineibiuna.com.br\/wp-content\/uploads\/2025\/02\/Mario-Pires-e-Apollo-Rolim.png\" \/>\n\t<meta property=\"og:image:width\" content=\"719\" \/>\n\t<meta property=\"og:image:height\" content=\"464\" \/>\n<meta name=\"twitter:card\" content=\"summary\" \/>\n<meta name=\"twitter:label1\" content=\"Est. reading time\">\n\t<meta name=\"twitter:data1\" content=\"1 minuto\">\n<script type=\"application\/ld+json\" class=\"yoast-schema-graph\">{\"@context\":\"https:\/\/schema.org\",\"@graph\":[{\"@type\":\"WebSite\",\"@id\":\"https:\/\/revistavitrineibiuna.com.br\/#website\",\"url\":\"https:\/\/revistavitrineibiuna.com.br\/\",\"name\":\"Revista Vitrine Ibi\\u00fana\",\"description\":\"A Revista de Ibi\\u00fana e Regi\\u00e3o\",\"publisher\":{\"@id\":\"https:\/\/revistavitrineibiuna.com.br\/#\/schema\/person\/e51ef49d6d88170ea21ceabff3f73deb\"},\"potentialAction\":[{\"@type\":\"SearchAction\",\"target\":\"https:\/\/revistavitrineibiuna.com.br\/?s={search_term_string}\",\"query-input\":\"required name=search_term_string\"}],\"inLanguage\":\"pt-BR\"},{\"@type\":\"ImageObject\",\"@id\":\"http:\/\/revistavitrineibiuna.com.br\/?p=33206#primaryimage\",\"inLanguage\":\"pt-BR\",\"url\":\"https:\/\/revistavitrineibiuna.com.br\/wp-content\/uploads\/2025\/02\/Mario-Pires-e-Apollo-Rolim.png\",\"width\":719,\"height\":464},{\"@type\":\"WebPage\",\"@id\":\"http:\/\/revistavitrineibiuna.com.br\/?p=33206#webpage\",\"url\":\"http:\/\/revistavitrineibiuna.com.br\/?p=33206\",\"name\":\"IBI\\u00daNA \\u2013 GCM ATUAR\\u00c1 COMO POL\\u00cdCIA MUNICIPAL - Revista Vitrine Online\",\"isPartOf\":{\"@id\":\"https:\/\/revistavitrineibiuna.com.br\/#website\"},\"primaryImageOfPage\":{\"@id\":\"http:\/\/revistavitrineibiuna.com.br\/?p=33206#primaryimage\"},\"datePublished\":\"2025-02-27T18:39:28+00:00\",\"dateModified\":\"2025-02-27T19:01:02+00:00\",\"breadcrumb\":{\"@id\":\"http:\/\/revistavitrineibiuna.com.br\/?p=33206#breadcrumb\"},\"inLanguage\":\"pt-BR\",\"potentialAction\":[{\"@type\":\"ReadAction\",\"target\":[\"http:\/\/revistavitrineibiuna.com.br\/?p=33206\"]}]},{\"@type\":\"BreadcrumbList\",\"@id\":\"http:\/\/revistavitrineibiuna.com.br\/?p=33206#breadcrumb\",\"itemListElement\":[{\"@type\":\"ListItem\",\"position\":1,\"item\":{\"@type\":\"WebPage\",\"@id\":\"https:\/\/revistavitrineibiuna.com.br\/\",\"url\":\"https:\/\/revistavitrineibiuna.com.br\/\",\"name\":\"In\\u00edcio\"}},{\"@type\":\"ListItem\",\"position\":2,\"item\":{\"@type\":\"WebPage\",\"@id\":\"http:\/\/revistavitrineibiuna.com.br\/?p=33206\",\"url\":\"http:\/\/revistavitrineibiuna.com.br\/?p=33206\",\"name\":\"IBI\\u00daNA \\u2013 GCM ATUAR\\u00c1 COMO POL\\u00cdCIA MUNICIPAL\"}}]},{\"@type\":\"Article\",\"@id\":\"http:\/\/revistavitrineibiuna.com.br\/?p=33206#article\",\"isPartOf\":{\"@id\":\"http:\/\/revistavitrineibiuna.com.br\/?p=33206#webpage\"},\"author\":{\"@id\":\"https:\/\/revistavitrineibiuna.com.br\/#\/schema\/person\/e51ef49d6d88170ea21ceabff3f73deb\"},\"headline\":\"IBI\\u00daNA \\u2013 GCM ATUAR\\u00c1 COMO POL\\u00cdCIA MUNICIPAL\",\"datePublished\":\"2025-02-27T18:39:28+00:00\",\"dateModified\":\"2025-02-27T19:01:02+00:00\",\"mainEntityOfPage\":{\"@id\":\"http:\/\/revistavitrineibiuna.com.br\/?p=33206#webpage\"},\"commentCount\":0,\"publisher\":{\"@id\":\"https:\/\/revistavitrineibiuna.com.br\/#\/schema\/person\/e51ef49d6d88170ea21ceabff3f73deb\"},\"image\":{\"@id\":\"http:\/\/revistavitrineibiuna.com.br\/?p=33206#primaryimage\"},\"articleSection\":\"Not\\u00edcias\",\"inLanguage\":\"pt-BR\",\"potentialAction\":[{\"@type\":\"CommentAction\",\"name\":\"Comment\",\"target\":[\"http:\/\/revistavitrineibiuna.com.br\/?p=33206#respond\"]}]},{\"@type\":[\"Person\",\"Organization\"],\"@id\":\"https:\/\/revistavitrineibiuna.com.br\/#\/schema\/person\/e51ef49d6d88170ea21ceabff3f73deb\",\"name\":\"Carlos Rossini\",\"image\":{\"@type\":\"ImageObject\",\"@id\":\"https:\/\/revistavitrineibiuna.com.br\/#personlogo\",\"inLanguage\":\"pt-BR\",\"url\":\"https:\/\/secure.gravatar.com\/avatar\/4f2d0f99fac1f85c7d643f21f5c8d900?s=96&d=mm&r=g\",\"caption\":\"Carlos Rossini\"},\"logo\":{\"@id\":\"https:\/\/revistavitrineibiuna.com.br\/#personlogo\"},\"description\":\"Carlos Rossini \\u00e9 jornalista, soci\\u00f3logo, escritor e professor universit\\u00e1rio, tendo sido professor de jornalismo por vinte anos. Trabalhou em ve\\u00edculos de comunica\\u00e7\\u00e3o nas fun\\u00e7\\u00f5es de rep\\u00f3rter, redator, editor, articulista e colaborador, como Folha de S. Paulo, O Estado de S. Paulo, Di\\u00e1rio Popular, entre outros. Ao transferir a revista vitrine, vers\\u00e3o imprensa, de S\\u00e3o Paulo para Ibi\\u00fana h\\u00e1 alguns anos, iniciou uma nova experi\\u00eancia profissional, dedicando-se ao jornalismo regional, depois de cumprir uma trajet\\u00f3ria bem-sucedida na grande imprensa brasileira. Seu primeiro livro A Coragem de Comunicar foi lan\\u00e7ado na Bienal do Livro em S\\u00e3o Paulo no ano 2000, pela editora Madras.\"}]}<\/script>\n<!-- \/ Yoast SEO plugin. -->","_links":{"self":[{"href":"https:\/\/revistavitrineibiuna.com.br\/index.php?rest_route=\/wp\/v2\/posts\/33206"}],"collection":[{"href":"https:\/\/revistavitrineibiuna.com.br\/index.php?rest_route=\/wp\/v2\/posts"}],"about":[{"href":"https:\/\/revistavitrineibiuna.com.br\/index.php?rest_route=\/wp\/v2\/types\/post"}],"author":[{"embeddable":true,"href":"https:\/\/revistavitrineibiuna.com.br\/index.php?rest_route=\/wp\/v2\/users\/1"}],"replies":[{"embeddable":true,"href":"https:\/\/revistavitrineibiuna.com.br\/index.php?rest_route=%2Fwp%2Fv2%2Fcomments&post=33206"}],"version-history":[{"count":3,"href":"https:\/\/revistavitrineibiuna.com.br\/index.php?rest_route=\/wp\/v2\/posts\/33206\/revisions"}],"predecessor-version":[{"id":33210,"href":"https:\/\/revistavitrineibiuna.com.br\/index.php?rest_route=\/wp\/v2\/posts\/33206\/revisions\/33210"}],"wp:featuredmedia":[{"embeddable":true,"href":"https:\/\/revistavitrineibiuna.com.br\/index.php?rest_route=\/wp\/v2\/media\/33207"}],"wp:attachment":[{"href":"https:\/\/revistavitrineibiuna.com.br\/index.php?rest_route=%2Fwp%2Fv2%2Fmedia&parent=33206"}],"wp:term":[{"taxonomy":"category","embeddable":true,"href":"https:\/\/revistavitrineibiuna.com.br\/index.php?rest_route=%2Fwp%2Fv2%2Fcategories&post=33206"},{"taxonomy":"post_tag","embeddable":true,"href":"https:\/\/revistavitrineibiuna.com.br\/index.php?rest_route=%2Fwp%2Fv2%2Ftags&post=33206"}],"curies":[{"name":"wp","href":"https:\/\/api.w.org\/{rel}","templated":true}]}}