{"id":33212,"date":"2025-03-08T14:34:45","date_gmt":"2025-03-08T17:34:45","guid":{"rendered":"http:\/\/revistavitrineibiuna.com.br\/?p=33212"},"modified":"2025-03-08T15:10:53","modified_gmt":"2025-03-08T18:10:53","slug":"por-que-hoje-e-dia-internacional-da-mulher","status":"publish","type":"post","link":"https:\/\/revistavitrineibiuna.com.br\/?p=33212","title":{"rendered":"POR QUE HOJE \u00c9 DIA INTERNACIONAL DA MULHER"},"content":{"rendered":"\n<p class=\"has-drop-cap\"><strong>H\u00e1 108 anos, 90 mil russas oper\u00e1rias de tecelagens sa\u00edram em marcha pelas ruas de S\u00e3o Petersburgo para exigir melhores condi\u00e7\u00f5es de trabalho, contra a fome, contra o autoritarismo do imperador Nicolau II, e pelo fim da I Guerra Mundial.<\/strong><\/p>\n\n\n\n<p><strong>Esse movimento que entrou para a hist\u00f3ria da luta das mulheres para se libertarem jugo patriarcal ficou conhecido como marcha do \u201cP\u00e3o e Paz\u201d.<\/strong><\/p>\n\n\n\n<p><strong>Isso aconteceu no dia 8 de mar\u00e7o de 1917, raz\u00e3o por qu\u00ea hoje se comemora o Dia Internacional da Mulher.<\/strong><\/p>\n\n\n\n<p><strong>Em 1975, a Organiza\u00e7\u00e3o das Na\u00e7\u00f5es Unidas oficializou o 8 de mar\u00e7o como dia de promover a igualdade, a prote\u00e7\u00e3o qualquer tipo de viol\u00eancia contra a mulher.<\/strong><\/p>\n\n\n\n<p><strong>Se dermos um breve passeio pela hist\u00f3ria, veremos que na Gr\u00e9cia antiga e em Roma a mulher n\u00e3o era considerada cidad\u00e3, tampouco tinha direitos pol\u00edticos, sociais e econ\u00f4micos. Nem mesmo possu\u00eda o direito de ser propriet\u00e1ria.<\/strong><\/p>\n\n\n\n<p><strong>A figura dominadora do homem como ser superior se tornou t\u00e3o poderosa na hist\u00f3ria da humanidade, que na \u00cdndia havia uma pr\u00e1tica hindu\u00edsta [mais tarde proibida pelo governo colonialista ingl\u00eas] chamada Sati. Quando os maridos morriam as mulheres tinham que se imolar na sua pira funer\u00e1ria.<\/strong><\/p>\n\n\n\n<p><strong>PATRIARCADO E MATRIARCADO<\/strong><\/p>\n\n\n\n<p><strong>A figura masculina t\u00edpica do  patriarcado, que est\u00e1 na origem e manuten\u00e7\u00e3o do dom\u00ednio do homem sobre a mulher, sustenta o sistema social favorece os homem em rela\u00e7\u00e3o \u00e0s mulheres em poder e dom\u00ednio.<\/strong><\/p>\n\n\n\n<p><strong>J\u00e1 no matriarcado \u00e9 a m\u00e3e ou mulher que det\u00e9m o poder como autoridade absoluta no \u00e2mbito da fam\u00edlia ou de um grupo social, mas nada que se compara com o que acontece no patriarcado.<\/strong><\/p>\n\n\n\n<p><strong>CONQUISTAS<\/strong><\/p>\n\n\n\n<p><strong>Desde o 8 de mar\u00e7o de 2017 e depois, houve movimentos pela liberta\u00e7\u00e3o das mulheres nos Estados Unidos igualmente por melhores condi\u00e7\u00f5es de vida e que foram reprimidas com viol\u00eancia pelo estado e em outros lugares do mundo.<\/strong><\/p>\n\n\n\n<p><strong>Conquistas importantes foram pontificadas e hoje em dia as mulheres ocupam importantes posi\u00e7\u00f5es no interior das fam\u00edlias e nas mais diversas fun\u00e7\u00f5es profissionais<\/strong> <strong>e cient\u00edficas.<\/strong> <strong>No passado houve mulheres brilhantes em todos os campos da cultura humana, mas n\u00e3o contaram com os holofotes voltados para o cen\u00e1rio masculino.<\/strong><\/p>\n\n\n\n<p><strong>No Brasil, as mulheres passaram a ter o direito ao voto em 1932, portanto h\u00e1 93 anos. O direito ao trabalho sem autoriza\u00e7\u00e3o dos respectivos maridos ocorreu em 1962, h\u00e1 53 anos. E, pasmem, mais uma vez, o direito de igualdade salarial somente ocorreu em 2023, h\u00e1 3 anos.<\/strong><\/p>\n\n\n\n<p><strong>PROBLEMAS CONTINUAM<\/strong><\/p>\n\n\n\n<p><strong>Apesar dessas conquistas, h\u00e1 ainda muitos progressos a serem feitos. O Dia Internacional da Mulher \u00e9 o dia de luta por igualdade, e contra preconceito, machismo, viol\u00eancia, feminic\u00eddio, discrimina\u00e7\u00e3o e desigualdade salarial, que ainda se pode verificar.<\/strong><\/p>\n\n\n\n<p><strong>Pois \u00e9 oportuno mencionar que ainda se encontram em nosso pa\u00eds flagras de trabalhadores, muitos deles de origem humilde, que exercem fun\u00e7\u00f5es semelhantes ao trabalho escravo.<\/strong><\/p>\n\n\n\n<p><strong>SEXO FR\u00c1GIL?<\/strong><\/p>\n\n\n\n<p><strong>Como cantava Erasmo Carlos \u201cDizem que a mulher \u00e9 o sexo fr\u00e1gil\/Mas que mentira absurda!\/Eu que fa\u00e7o parte da rotina de uma delas sei que a for\u00e7a est\u00e1 com elas&#8230;\u201d<\/strong><\/p>\n\n\n\n<p><strong>Verdade. A mulher vem se libertando e continua sendo a origem e a prote\u00e7\u00e3o da vida. Trabalha em jornadas duplas, fora e em casa, depois que volta do emprego. Cuida do marido, dos filhos, do alimento, da limpeza.<\/strong><\/p>\n\n\n\n<p><strong>Vivemos num fluxo em que a mulher assume cada vez mais fun\u00e7\u00f5es cruciais dentro e fora de casa, como eixo em torno do qual a vida acontece.<\/strong><\/p>\n\n\n\n<p><strong>Por tudo isso e muito mais, vitrine online e a TVUNA desejam um Feliz Dia da Mulher para todas as mulheres!<\/strong><\/p>\n","protected":false},"excerpt":{"rendered":"<p>H\u00e1 108 anos, 90 mil russas oper\u00e1rias de tecelagens sa\u00edram em marcha pelas ruas de S\u00e3o Petersburgo para exigir melhores<\/p>\n","protected":false},"author":1,"featured_media":33213,"comment_status":"open","ping_status":"open","sticky":false,"template":"","format":"standard","meta":[],"categories":[3],"tags":[],"yoast_head":"<!-- This site is optimized with the Yoast SEO plugin v15.8 - https:\/\/yoast.com\/wordpress\/plugins\/seo\/ -->\n<title>POR QUE HOJE \u00c9 DIA INTERNACIONAL DA MULHER - Revista Vitrine Online<\/title>\n<meta name=\"robots\" content=\"index, follow, max-snippet:-1, max-image-preview:large, max-video-preview:-1\" \/>\n<link rel=\"canonical\" href=\"http:\/\/revistavitrineibiuna.com.br\/?p=33212\" \/>\n<meta property=\"og:locale\" content=\"pt_BR\" \/>\n<meta property=\"og:type\" content=\"article\" \/>\n<meta property=\"og:title\" content=\"POR QUE HOJE \u00c9 DIA INTERNACIONAL DA MULHER - Revista Vitrine Online\" \/>\n<meta property=\"og:description\" content=\"H\u00e1 108 anos, 90 mil russas oper\u00e1rias de tecelagens sa\u00edram em marcha pelas ruas de S\u00e3o Petersburgo para exigir melhores\" \/>\n<meta property=\"og:url\" content=\"http:\/\/revistavitrineibiuna.com.br\/?p=33212\" \/>\n<meta property=\"og:site_name\" content=\"Revista Vitrine Online\" \/>\n<meta property=\"article:published_time\" content=\"2025-03-08T17:34:45+00:00\" \/>\n<meta property=\"article:modified_time\" content=\"2025-03-08T18:10:53+00:00\" \/>\n<meta property=\"og:image\" content=\"https:\/\/revistavitrineibiuna.com.br\/wp-content\/uploads\/2025\/03\/GREVE-PETESBURGO.jpeg\" \/>\n\t<meta property=\"og:image:width\" content=\"800\" \/>\n\t<meta property=\"og:image:height\" content=\"450\" \/>\n<meta name=\"twitter:card\" content=\"summary\" \/>\n<meta name=\"twitter:label1\" content=\"Est. reading time\">\n\t<meta name=\"twitter:data1\" content=\"3 minutos\">\n<script type=\"application\/ld+json\" class=\"yoast-schema-graph\">{\"@context\":\"https:\/\/schema.org\",\"@graph\":[{\"@type\":\"WebSite\",\"@id\":\"https:\/\/revistavitrineibiuna.com.br\/#website\",\"url\":\"https:\/\/revistavitrineibiuna.com.br\/\",\"name\":\"Revista Vitrine Ibi\\u00fana\",\"description\":\"A Revista de Ibi\\u00fana e Regi\\u00e3o\",\"publisher\":{\"@id\":\"https:\/\/revistavitrineibiuna.com.br\/#\/schema\/person\/e51ef49d6d88170ea21ceabff3f73deb\"},\"potentialAction\":[{\"@type\":\"SearchAction\",\"target\":\"https:\/\/revistavitrineibiuna.com.br\/?s={search_term_string}\",\"query-input\":\"required name=search_term_string\"}],\"inLanguage\":\"pt-BR\"},{\"@type\":\"ImageObject\",\"@id\":\"http:\/\/revistavitrineibiuna.com.br\/?p=33212#primaryimage\",\"inLanguage\":\"pt-BR\",\"url\":\"https:\/\/revistavitrineibiuna.com.br\/wp-content\/uploads\/2025\/03\/GREVE-PETESBURGO.jpeg\",\"width\":800,\"height\":450},{\"@type\":\"WebPage\",\"@id\":\"http:\/\/revistavitrineibiuna.com.br\/?p=33212#webpage\",\"url\":\"http:\/\/revistavitrineibiuna.com.br\/?p=33212\",\"name\":\"POR QUE HOJE \\u00c9 DIA INTERNACIONAL DA MULHER - Revista Vitrine Online\",\"isPartOf\":{\"@id\":\"https:\/\/revistavitrineibiuna.com.br\/#website\"},\"primaryImageOfPage\":{\"@id\":\"http:\/\/revistavitrineibiuna.com.br\/?p=33212#primaryimage\"},\"datePublished\":\"2025-03-08T17:34:45+00:00\",\"dateModified\":\"2025-03-08T18:10:53+00:00\",\"breadcrumb\":{\"@id\":\"http:\/\/revistavitrineibiuna.com.br\/?p=33212#breadcrumb\"},\"inLanguage\":\"pt-BR\",\"potentialAction\":[{\"@type\":\"ReadAction\",\"target\":[\"http:\/\/revistavitrineibiuna.com.br\/?p=33212\"]}]},{\"@type\":\"BreadcrumbList\",\"@id\":\"http:\/\/revistavitrineibiuna.com.br\/?p=33212#breadcrumb\",\"itemListElement\":[{\"@type\":\"ListItem\",\"position\":1,\"item\":{\"@type\":\"WebPage\",\"@id\":\"https:\/\/revistavitrineibiuna.com.br\/\",\"url\":\"https:\/\/revistavitrineibiuna.com.br\/\",\"name\":\"In\\u00edcio\"}},{\"@type\":\"ListItem\",\"position\":2,\"item\":{\"@type\":\"WebPage\",\"@id\":\"http:\/\/revistavitrineibiuna.com.br\/?p=33212\",\"url\":\"http:\/\/revistavitrineibiuna.com.br\/?p=33212\",\"name\":\"POR QUE HOJE \\u00c9 DIA INTERNACIONAL DA MULHER\"}}]},{\"@type\":\"Article\",\"@id\":\"http:\/\/revistavitrineibiuna.com.br\/?p=33212#article\",\"isPartOf\":{\"@id\":\"http:\/\/revistavitrineibiuna.com.br\/?p=33212#webpage\"},\"author\":{\"@id\":\"https:\/\/revistavitrineibiuna.com.br\/#\/schema\/person\/e51ef49d6d88170ea21ceabff3f73deb\"},\"headline\":\"POR QUE HOJE \\u00c9 DIA INTERNACIONAL DA MULHER\",\"datePublished\":\"2025-03-08T17:34:45+00:00\",\"dateModified\":\"2025-03-08T18:10:53+00:00\",\"mainEntityOfPage\":{\"@id\":\"http:\/\/revistavitrineibiuna.com.br\/?p=33212#webpage\"},\"commentCount\":0,\"publisher\":{\"@id\":\"https:\/\/revistavitrineibiuna.com.br\/#\/schema\/person\/e51ef49d6d88170ea21ceabff3f73deb\"},\"image\":{\"@id\":\"http:\/\/revistavitrineibiuna.com.br\/?p=33212#primaryimage\"},\"articleSection\":\"Not\\u00edcias\",\"inLanguage\":\"pt-BR\",\"potentialAction\":[{\"@type\":\"CommentAction\",\"name\":\"Comment\",\"target\":[\"http:\/\/revistavitrineibiuna.com.br\/?p=33212#respond\"]}]},{\"@type\":[\"Person\",\"Organization\"],\"@id\":\"https:\/\/revistavitrineibiuna.com.br\/#\/schema\/person\/e51ef49d6d88170ea21ceabff3f73deb\",\"name\":\"Carlos Rossini\",\"image\":{\"@type\":\"ImageObject\",\"@id\":\"https:\/\/revistavitrineibiuna.com.br\/#personlogo\",\"inLanguage\":\"pt-BR\",\"url\":\"https:\/\/secure.gravatar.com\/avatar\/4f2d0f99fac1f85c7d643f21f5c8d900?s=96&d=mm&r=g\",\"caption\":\"Carlos Rossini\"},\"logo\":{\"@id\":\"https:\/\/revistavitrineibiuna.com.br\/#personlogo\"},\"description\":\"Carlos Rossini \\u00e9 jornalista, soci\\u00f3logo, escritor e professor universit\\u00e1rio, tendo sido professor de jornalismo por vinte anos. Trabalhou em ve\\u00edculos de comunica\\u00e7\\u00e3o nas fun\\u00e7\\u00f5es de rep\\u00f3rter, redator, editor, articulista e colaborador, como Folha de S. Paulo, O Estado de S. Paulo, Di\\u00e1rio Popular, entre outros. Ao transferir a revista vitrine, vers\\u00e3o imprensa, de S\\u00e3o Paulo para Ibi\\u00fana h\\u00e1 alguns anos, iniciou uma nova experi\\u00eancia profissional, dedicando-se ao jornalismo regional, depois de cumprir uma trajet\\u00f3ria bem-sucedida na grande imprensa brasileira. Seu primeiro livro A Coragem de Comunicar foi lan\\u00e7ado na Bienal do Livro em S\\u00e3o Paulo no ano 2000, pela editora Madras.\"}]}<\/script>\n<!-- \/ Yoast SEO plugin. -->","_links":{"self":[{"href":"https:\/\/revistavitrineibiuna.com.br\/index.php?rest_route=\/wp\/v2\/posts\/33212"}],"collection":[{"href":"https:\/\/revistavitrineibiuna.com.br\/index.php?rest_route=\/wp\/v2\/posts"}],"about":[{"href":"https:\/\/revistavitrineibiuna.com.br\/index.php?rest_route=\/wp\/v2\/types\/post"}],"author":[{"embeddable":true,"href":"https:\/\/revistavitrineibiuna.com.br\/index.php?rest_route=\/wp\/v2\/users\/1"}],"replies":[{"embeddable":true,"href":"https:\/\/revistavitrineibiuna.com.br\/index.php?rest_route=%2Fwp%2Fv2%2Fcomments&post=33212"}],"version-history":[{"count":9,"href":"https:\/\/revistavitrineibiuna.com.br\/index.php?rest_route=\/wp\/v2\/posts\/33212\/revisions"}],"predecessor-version":[{"id":33225,"href":"https:\/\/revistavitrineibiuna.com.br\/index.php?rest_route=\/wp\/v2\/posts\/33212\/revisions\/33225"}],"wp:featuredmedia":[{"embeddable":true,"href":"https:\/\/revistavitrineibiuna.com.br\/index.php?rest_route=\/wp\/v2\/media\/33213"}],"wp:attachment":[{"href":"https:\/\/revistavitrineibiuna.com.br\/index.php?rest_route=%2Fwp%2Fv2%2Fmedia&parent=33212"}],"wp:term":[{"taxonomy":"category","embeddable":true,"href":"https:\/\/revistavitrineibiuna.com.br\/index.php?rest_route=%2Fwp%2Fv2%2Fcategories&post=33212"},{"taxonomy":"post_tag","embeddable":true,"href":"https:\/\/revistavitrineibiuna.com.br\/index.php?rest_route=%2Fwp%2Fv2%2Ftags&post=33212"}],"curies":[{"name":"wp","href":"https:\/\/api.w.org\/{rel}","templated":true}]}}