{"id":33226,"date":"2025-03-14T16:27:06","date_gmt":"2025-03-14T19:27:06","guid":{"rendered":"http:\/\/revistavitrineibiuna.com.br\/?p=33226"},"modified":"2025-03-14T16:41:21","modified_gmt":"2025-03-14T19:41:21","slug":"jornalista-sofre-acidente-grave-numa-trilha-e-escreve-livro-para-contar-sua-aventura","status":"publish","type":"post","link":"https:\/\/revistavitrineibiuna.com.br\/?p=33226","title":{"rendered":"JORNALISTA SOFRE ACIDENTE GRAVE NUMA TRILHA E ESCREVE LIVRO PARA CONTAR SUA \u201cAVENTURA\u201d"},"content":{"rendered":"\n<p class=\"has-drop-cap\"><strong>O jornalista Antoninho Rossini lan\u00e7ar\u00e1 seu livro, o <em>Velhice Radical<\/em>, no dia 18 de mar\u00e7o de 2025, em um evento na Ag\u00eancia Rino &amp; Partners, em S\u00e3o Paulo, \u00e0s 19h. Este \u00e9 o 16\u00ba livro autoral do jornalista e prop\u00f5e ao leitor uma reflex\u00e3o sobre a forma de enxergar a vida, mostrando que a idade n\u00e3o deve ser uma barreira para alcan\u00e7ar seus sonhos. Al\u00e9m da edi\u00e7\u00e3o f\u00edsica, o livro ser\u00e1 comercializado em vers\u00e3o digital por meio das plataformas Amazon KDP e pelo Google Book. De esp\u00edrito aventureiro, com saltos de paraquedas, tirolesa, rapel, caminhadas e trilhas de longa dist\u00e2ncia, sempre foram prazeres que o mant\u00e9m com preparo f\u00edsico e disposi\u00e7\u00e3o, apesar dos seus mais de 82 anos.<\/strong><\/p>\n\n\n\n<p><strong>\u201cEsse livro \u00e9 resultado de uma experi\u00eancia mal sucedida ocorrida comigo em julho do ano passado quando praticava trilha na Serra da Canastra, no interior de Minas Gerais. Foi escrito em menos de um m\u00eas enquanto me recuperava de um grave acidente, tendo que passar por cirurgia, coloca\u00e7\u00e3o de placas, pinos e parafuso na perna direita, convivendo com dores atrozes. Meu tratamento ainda se encontra em curso, mas em fase de franca recupera\u00e7\u00e3o\u201d, diz Rossini. Embora afastado de suas atividades por quase sete meses, considerou que deveria, com esse livro, alertar que as pessoas devem manter seus sonhos, apesar da idade e outras barreiras sociais ou preconceituosas.<\/strong><\/p>\n\n\n\n<p><strong>A obra re\u00fane relatos pessoais e emocionantes da vida do jornalista, al\u00e9m de fotos de suas \u201caventuras\u201d, desde sua atua\u00e7\u00e3o como rep\u00f3rter nos tempos da ditadura militar at\u00e9 o acidente.<\/strong><\/p>\n\n\n\n<figure class=\"wp-block-image size-large\"><img loading=\"lazy\" width=\"620\" height=\"929\" src=\"https:\/\/revistavitrineibiuna.com.br\/wp-content\/uploads\/2025\/03\/Tite-2.png\" alt=\"\" class=\"wp-image-33227\" srcset=\"https:\/\/revistavitrineibiuna.com.br\/wp-content\/uploads\/2025\/03\/Tite-2.png 620w, https:\/\/revistavitrineibiuna.com.br\/wp-content\/uploads\/2025\/03\/Tite-2-200x300.png 200w\" sizes=\"(max-width: 620px) 100vw, 620px\" \/><\/figure>\n\n\n\n<p><strong>Rossini \u00e9 jornalista, bacharel em Direito e administrador de empresas. Foi diretor de reda\u00e7\u00e3o do caderno Propaganda &amp; Marketing e atualmente atua como membro do Conselho Executivo do site Adnews. Al\u00e9m disso, dirige a Editora Tag &amp; Line e, como escritor e editor, tem dezenas de obras publicadas, incluindo biografias, perfis empresariais, romances e tradu\u00e7\u00f5es de obras internacionais. O comunicador destaca uma novidade sobre a sua nova publica\u00e7\u00e3o. \u201c\u00c9 o meu primeiro livro que recebeu tratamento de arte para diagrama\u00e7\u00e3o e capa por meio de processo digital\u201d, revela o autor.<\/strong><\/p>\n\n\n\n<p><strong>Antoninho ainda atuou como rep\u00f3rter do jornal \u201cO Combate Democr\u00e1tico\u201d, que foi fechado durante a ditadura militar. Integrou o time de profissionais do jornal \u201c\u00daltima Hora\u201d, um dos principais jornais do Brasil, e tamb\u00e9m fez parte do seleto grupo de jornalistas que inauguraram a revista \u201cVeja\u201d, em setembro de 1968, al\u00e9m de ter atuado em emissoras de r\u00e1dio como Bandeirantes e CBN.<\/strong><\/p>\n\n\n\n<figure class=\"wp-block-image size-large\"><img loading=\"lazy\" width=\"819\" height=\"478\" src=\"https:\/\/revistavitrineibiuna.com.br\/wp-content\/uploads\/2025\/03\/Tite-3.png\" alt=\"\" class=\"wp-image-33230\" srcset=\"https:\/\/revistavitrineibiuna.com.br\/wp-content\/uploads\/2025\/03\/Tite-3.png 819w, https:\/\/revistavitrineibiuna.com.br\/wp-content\/uploads\/2025\/03\/Tite-3-300x175.png 300w, https:\/\/revistavitrineibiuna.com.br\/wp-content\/uploads\/2025\/03\/Tite-3-768x448.png 768w\" sizes=\"(max-width: 819px) 100vw, 819px\" \/><figcaption>Salto de paraquedas: pura adrenalina<\/figcaption><\/figure>\n\n\n\n<p><strong>Ele conta: \u201cO que eu mais gosto? Se \u00e9 da aventura, ou da escrita? Eu acho que em algum momento elas se confundem, s\u00f3 n\u00e3o sei em que altura\u201d. E completa, \u201cEu n\u00e3o posso parar. J\u00e1 estou criando novos planos para as minhas peraltices de aventureiro\u201d, afirma. \u201cTenho 82 anos. Pretendo ser a melhor vers\u00e3o de mim mesmo\u201d, finaliza.<\/strong><\/p>\n\n\n\n<figure class=\"wp-block-image size-large\"><img loading=\"lazy\" width=\"768\" height=\"608\" src=\"https:\/\/revistavitrineibiuna.com.br\/wp-content\/uploads\/2025\/03\/tite-4.png\" alt=\"\" class=\"wp-image-33234\" srcset=\"https:\/\/revistavitrineibiuna.com.br\/wp-content\/uploads\/2025\/03\/tite-4.png 768w, https:\/\/revistavitrineibiuna.com.br\/wp-content\/uploads\/2025\/03\/tite-4-300x238.png 300w\" sizes=\"(max-width: 768px) 100vw, 768px\" \/><figcaption>A aventura de flutuar<\/figcaption><\/figure>\n\n\n\n<p><strong>Ficha t\u00e9cnica:<\/strong><\/p>\n\n\n\n<p><strong>T\u00edtulo: \u201cVelhice Radical\u201d<\/strong><\/p>\n\n\n\n<p><strong>Autor: Antoninho Rossini<\/strong><\/p>\n\n\n\n<p><strong>Editora: Tag &amp; Line<\/strong><\/p>\n\n\n\n<p><strong>Ano: 2025<\/strong><\/p>\n\n\n\n<p><strong>P\u00e1ginas: 118<\/strong><\/p>\n\n\n\n<p><strong>Lan\u00e7amento do livro \u201cVelhice Radical\u201d:<\/strong><\/p>\n\n\n\n<p><strong>Data: 18\/03\/2025<\/strong><\/p>\n\n\n\n<p><strong>Local: Rino &amp; Partners \u2013 Av. Arnolfo Azevedo, 126 \u2013 Pacaembu, S\u00e3o Paulo \u2013 SP, 01236-030<\/strong><\/p>\n\n\n\n<p><strong>Hora: 19h<\/strong><\/p>\n","protected":false},"excerpt":{"rendered":"<p>O jornalista Antoninho Rossini lan\u00e7ar\u00e1 seu livro, o Velhice Radical, no dia 18 de mar\u00e7o de 2025, em um evento<\/p>\n","protected":false},"author":1,"featured_media":33237,"comment_status":"open","ping_status":"open","sticky":false,"template":"","format":"standard","meta":[],"categories":[3],"tags":[],"yoast_head":"<!-- This site is optimized with the Yoast SEO plugin v15.8 - https:\/\/yoast.com\/wordpress\/plugins\/seo\/ -->\n<title>JORNALISTA SOFRE ACIDENTE GRAVE NUMA TRILHA E ESCREVE LIVRO PARA CONTAR SUA \u201cAVENTURA\u201d - Revista Vitrine Online<\/title>\n<meta name=\"robots\" content=\"index, follow, max-snippet:-1, max-image-preview:large, max-video-preview:-1\" \/>\n<link rel=\"canonical\" href=\"http:\/\/revistavitrineibiuna.com.br\/?p=33226\" \/>\n<meta property=\"og:locale\" content=\"pt_BR\" \/>\n<meta property=\"og:type\" content=\"article\" \/>\n<meta property=\"og:title\" content=\"JORNALISTA SOFRE ACIDENTE GRAVE NUMA TRILHA E ESCREVE LIVRO PARA CONTAR SUA \u201cAVENTURA\u201d - Revista Vitrine Online\" \/>\n<meta property=\"og:description\" content=\"O jornalista Antoninho Rossini lan\u00e7ar\u00e1 seu livro, o Velhice Radical, no dia 18 de mar\u00e7o de 2025, em um evento\" \/>\n<meta property=\"og:url\" content=\"http:\/\/revistavitrineibiuna.com.br\/?p=33226\" \/>\n<meta property=\"og:site_name\" content=\"Revista Vitrine Online\" \/>\n<meta property=\"article:published_time\" content=\"2025-03-14T19:27:06+00:00\" \/>\n<meta property=\"article:modified_time\" content=\"2025-03-14T19:41:21+00:00\" \/>\n<meta property=\"og:image\" content=\"https:\/\/revistavitrineibiuna.com.br\/wp-content\/uploads\/2025\/03\/Tite-1.png\" \/>\n\t<meta property=\"og:image:width\" content=\"800\" \/>\n\t<meta property=\"og:image:height\" content=\"446\" \/>\n<meta name=\"twitter:card\" content=\"summary\" \/>\n<meta name=\"twitter:label1\" content=\"Est. reading time\">\n\t<meta name=\"twitter:data1\" content=\"3 minutos\">\n<script type=\"application\/ld+json\" class=\"yoast-schema-graph\">{\"@context\":\"https:\/\/schema.org\",\"@graph\":[{\"@type\":\"WebSite\",\"@id\":\"https:\/\/revistavitrineibiuna.com.br\/#website\",\"url\":\"https:\/\/revistavitrineibiuna.com.br\/\",\"name\":\"Revista Vitrine Ibi\\u00fana\",\"description\":\"A Revista de Ibi\\u00fana e Regi\\u00e3o\",\"publisher\":{\"@id\":\"https:\/\/revistavitrineibiuna.com.br\/#\/schema\/person\/e51ef49d6d88170ea21ceabff3f73deb\"},\"potentialAction\":[{\"@type\":\"SearchAction\",\"target\":\"https:\/\/revistavitrineibiuna.com.br\/?s={search_term_string}\",\"query-input\":\"required name=search_term_string\"}],\"inLanguage\":\"pt-BR\"},{\"@type\":\"ImageObject\",\"@id\":\"http:\/\/revistavitrineibiuna.com.br\/?p=33226#primaryimage\",\"inLanguage\":\"pt-BR\",\"url\":\"https:\/\/revistavitrineibiuna.com.br\/wp-content\/uploads\/2025\/03\/Tite-1.png\",\"width\":800,\"height\":446},{\"@type\":\"WebPage\",\"@id\":\"http:\/\/revistavitrineibiuna.com.br\/?p=33226#webpage\",\"url\":\"http:\/\/revistavitrineibiuna.com.br\/?p=33226\",\"name\":\"JORNALISTA SOFRE ACIDENTE GRAVE NUMA TRILHA E ESCREVE LIVRO PARA CONTAR SUA \\u201cAVENTURA\\u201d - Revista Vitrine Online\",\"isPartOf\":{\"@id\":\"https:\/\/revistavitrineibiuna.com.br\/#website\"},\"primaryImageOfPage\":{\"@id\":\"http:\/\/revistavitrineibiuna.com.br\/?p=33226#primaryimage\"},\"datePublished\":\"2025-03-14T19:27:06+00:00\",\"dateModified\":\"2025-03-14T19:41:21+00:00\",\"breadcrumb\":{\"@id\":\"http:\/\/revistavitrineibiuna.com.br\/?p=33226#breadcrumb\"},\"inLanguage\":\"pt-BR\",\"potentialAction\":[{\"@type\":\"ReadAction\",\"target\":[\"http:\/\/revistavitrineibiuna.com.br\/?p=33226\"]}]},{\"@type\":\"BreadcrumbList\",\"@id\":\"http:\/\/revistavitrineibiuna.com.br\/?p=33226#breadcrumb\",\"itemListElement\":[{\"@type\":\"ListItem\",\"position\":1,\"item\":{\"@type\":\"WebPage\",\"@id\":\"https:\/\/revistavitrineibiuna.com.br\/\",\"url\":\"https:\/\/revistavitrineibiuna.com.br\/\",\"name\":\"In\\u00edcio\"}},{\"@type\":\"ListItem\",\"position\":2,\"item\":{\"@type\":\"WebPage\",\"@id\":\"http:\/\/revistavitrineibiuna.com.br\/?p=33226\",\"url\":\"http:\/\/revistavitrineibiuna.com.br\/?p=33226\",\"name\":\"JORNALISTA SOFRE ACIDENTE GRAVE NUMA TRILHA E ESCREVE LIVRO PARA CONTAR SUA \\u201cAVENTURA\\u201d\"}}]},{\"@type\":\"Article\",\"@id\":\"http:\/\/revistavitrineibiuna.com.br\/?p=33226#article\",\"isPartOf\":{\"@id\":\"http:\/\/revistavitrineibiuna.com.br\/?p=33226#webpage\"},\"author\":{\"@id\":\"https:\/\/revistavitrineibiuna.com.br\/#\/schema\/person\/e51ef49d6d88170ea21ceabff3f73deb\"},\"headline\":\"JORNALISTA SOFRE ACIDENTE GRAVE NUMA TRILHA E ESCREVE LIVRO PARA CONTAR SUA \\u201cAVENTURA\\u201d\",\"datePublished\":\"2025-03-14T19:27:06+00:00\",\"dateModified\":\"2025-03-14T19:41:21+00:00\",\"mainEntityOfPage\":{\"@id\":\"http:\/\/revistavitrineibiuna.com.br\/?p=33226#webpage\"},\"commentCount\":0,\"publisher\":{\"@id\":\"https:\/\/revistavitrineibiuna.com.br\/#\/schema\/person\/e51ef49d6d88170ea21ceabff3f73deb\"},\"image\":{\"@id\":\"http:\/\/revistavitrineibiuna.com.br\/?p=33226#primaryimage\"},\"articleSection\":\"Not\\u00edcias\",\"inLanguage\":\"pt-BR\",\"potentialAction\":[{\"@type\":\"CommentAction\",\"name\":\"Comment\",\"target\":[\"http:\/\/revistavitrineibiuna.com.br\/?p=33226#respond\"]}]},{\"@type\":[\"Person\",\"Organization\"],\"@id\":\"https:\/\/revistavitrineibiuna.com.br\/#\/schema\/person\/e51ef49d6d88170ea21ceabff3f73deb\",\"name\":\"Carlos Rossini\",\"image\":{\"@type\":\"ImageObject\",\"@id\":\"https:\/\/revistavitrineibiuna.com.br\/#personlogo\",\"inLanguage\":\"pt-BR\",\"url\":\"https:\/\/secure.gravatar.com\/avatar\/4f2d0f99fac1f85c7d643f21f5c8d900?s=96&d=mm&r=g\",\"caption\":\"Carlos Rossini\"},\"logo\":{\"@id\":\"https:\/\/revistavitrineibiuna.com.br\/#personlogo\"},\"description\":\"Carlos Rossini \\u00e9 jornalista, soci\\u00f3logo, escritor e professor universit\\u00e1rio, tendo sido professor de jornalismo por vinte anos. Trabalhou em ve\\u00edculos de comunica\\u00e7\\u00e3o nas fun\\u00e7\\u00f5es de rep\\u00f3rter, redator, editor, articulista e colaborador, como Folha de S. Paulo, O Estado de S. Paulo, Di\\u00e1rio Popular, entre outros. Ao transferir a revista vitrine, vers\\u00e3o imprensa, de S\\u00e3o Paulo para Ibi\\u00fana h\\u00e1 alguns anos, iniciou uma nova experi\\u00eancia profissional, dedicando-se ao jornalismo regional, depois de cumprir uma trajet\\u00f3ria bem-sucedida na grande imprensa brasileira. Seu primeiro livro A Coragem de Comunicar foi lan\\u00e7ado na Bienal do Livro em S\\u00e3o Paulo no ano 2000, pela editora Madras.\"}]}<\/script>\n<!-- \/ Yoast SEO plugin. -->","_links":{"self":[{"href":"https:\/\/revistavitrineibiuna.com.br\/index.php?rest_route=\/wp\/v2\/posts\/33226"}],"collection":[{"href":"https:\/\/revistavitrineibiuna.com.br\/index.php?rest_route=\/wp\/v2\/posts"}],"about":[{"href":"https:\/\/revistavitrineibiuna.com.br\/index.php?rest_route=\/wp\/v2\/types\/post"}],"author":[{"embeddable":true,"href":"https:\/\/revistavitrineibiuna.com.br\/index.php?rest_route=\/wp\/v2\/users\/1"}],"replies":[{"embeddable":true,"href":"https:\/\/revistavitrineibiuna.com.br\/index.php?rest_route=%2Fwp%2Fv2%2Fcomments&post=33226"}],"version-history":[{"count":5,"href":"https:\/\/revistavitrineibiuna.com.br\/index.php?rest_route=\/wp\/v2\/posts\/33226\/revisions"}],"predecessor-version":[{"id":33236,"href":"https:\/\/revistavitrineibiuna.com.br\/index.php?rest_route=\/wp\/v2\/posts\/33226\/revisions\/33236"}],"wp:featuredmedia":[{"embeddable":true,"href":"https:\/\/revistavitrineibiuna.com.br\/index.php?rest_route=\/wp\/v2\/media\/33237"}],"wp:attachment":[{"href":"https:\/\/revistavitrineibiuna.com.br\/index.php?rest_route=%2Fwp%2Fv2%2Fmedia&parent=33226"}],"wp:term":[{"taxonomy":"category","embeddable":true,"href":"https:\/\/revistavitrineibiuna.com.br\/index.php?rest_route=%2Fwp%2Fv2%2Fcategories&post=33226"},{"taxonomy":"post_tag","embeddable":true,"href":"https:\/\/revistavitrineibiuna.com.br\/index.php?rest_route=%2Fwp%2Fv2%2Ftags&post=33226"}],"curies":[{"name":"wp","href":"https:\/\/api.w.org\/{rel}","templated":true}]}}