{"id":33240,"date":"2025-03-21T15:49:58","date_gmt":"2025-03-21T18:49:58","guid":{"rendered":"http:\/\/revistavitrineibiuna.com.br\/?p=33240"},"modified":"2025-03-21T15:50:00","modified_gmt":"2025-03-21T18:50:00","slug":"ibiuna-simplicidade-marca-celebracoes-168o-aniversario-cidade","status":"publish","type":"post","link":"https:\/\/revistavitrineibiuna.com.br\/?p=33240","title":{"rendered":"IBI\u00daNA \u2013 SIMPLICIDADE MARCA CELEBRA\u00c7\u00d5ES 168\u00ba ANIVERS\u00c1RIO CIDADE"},"content":{"rendered":"\n<p class=\"has-drop-cap\"><strong>A Prefeitura de Ibi\u00fana convida toda a popula\u00e7\u00e3o para celebrar os 168 anos de hist\u00f3ria e tradi\u00e7\u00e3o da cidade com um evento especial no dia 24 de mar\u00e7o, a partir das 9 horas, no Pa\u00e7o Municipal, com o tema &#8220;Viva Ibi\u00fana, 168 anos de tradi\u00e7\u00e3o&#8221;.<\/strong><\/p>\n\n\n\n<p><strong>A festa ter\u00e1 in\u00edcio com a abertura oficial e um ato c\u00edvico, incluindo o hasteamento da bandeiras, seguido pela execu\u00e7\u00e3o do Hino Nacional e do Hino do Munic\u00edpio, interpretados pela Orquestra Jovem de Ibi\u00fana (OJESPI).<\/strong><\/p>\n\n\n\n<p><strong>POLO EAD E PEI<\/strong><\/p>\n\n\n\n<p><strong>Entre os destaques da programa\u00e7\u00e3o durante o ato c\u00edvico, est\u00e1 a assinatura do conv\u00eanio com o Instituto Federal para a cria\u00e7\u00e3o do Polo EAD em Ibi\u00fana, a entrega de uma nova Ambul\u00e2ncia do Samu (Servi\u00e7o de Atendimento M\u00f3vel de Urg\u00eancia), al\u00e9m dos programas &#8220;Todas In Rede&#8221; e &#8220;Programa de Empregabilidade Inclusiva (PEI)&#8221;, que visam promover a inclus\u00e3o social e profissional de pessoas com defici\u00eancia, que contar\u00e1 com a presen\u00e7a do secret\u00e1rio de Estado dos Direitos da Pessoa Com Defici\u00eancia, Marcos da Costa.<\/strong><\/p>\n\n\n\n<p><strong>No mesmo dia, a Pra\u00e7a da Capelinha ser\u00e1 palco de uma rica programa\u00e7\u00e3o cultural e gastron\u00f4mica, das 12h \u00e0s 20h, que inclui apresenta\u00e7\u00f5es art\u00edsticas que celebram a diversidade cultural da nossa cidade.<\/strong><\/p>\n\n\n\n<p><strong>Cronograma:<\/strong><\/p>\n\n\n\n<p><strong>21\/03 &#8211; Feira Noturna \u2013 \u00c1rea de Lazer 1<\/strong><\/p>\n\n\n\n<p><strong>19h \u2013 Show com o grupo Nova Era<\/strong><\/p>\n\n\n\n<p><strong>24\/03 \u2013 Pa\u00e7o Municipal &#8211; Av. Capit\u00e3o Manoel de Oliveira Carvalho, 51.<\/strong><\/p>\n\n\n\n<p><strong>9h \u00e0s 12h \u2013 Ato C\u00edvico<\/strong><\/p>\n\n\n\n<p><strong>12h \u00e0s 20h \u2013 Pra\u00e7a da Capelinha &#8211; Programa\u00e7\u00e3o Cultural e Gastron\u00f4mica<\/strong><\/p>\n","protected":false},"excerpt":{"rendered":"<p>A Prefeitura de Ibi\u00fana convida toda a popula\u00e7\u00e3o para celebrar os 168 anos de hist\u00f3ria e tradi\u00e7\u00e3o da cidade com<\/p>\n","protected":false},"author":1,"featured_media":33241,"comment_status":"open","ping_status":"open","sticky":false,"template":"","format":"standard","meta":[],"categories":[3],"tags":[],"yoast_head":"<!-- This site is optimized with the Yoast SEO plugin v15.8 - https:\/\/yoast.com\/wordpress\/plugins\/seo\/ -->\n<title>IBI\u00daNA \u2013 SIMPLICIDADE MARCA CELEBRA\u00c7\u00d5ES 168\u00ba ANIVERS\u00c1RIO CIDADE - Revista Vitrine Online<\/title>\n<meta name=\"robots\" content=\"index, follow, max-snippet:-1, max-image-preview:large, max-video-preview:-1\" \/>\n<link rel=\"canonical\" href=\"http:\/\/revistavitrineibiuna.com.br\/?p=33240\" \/>\n<meta property=\"og:locale\" content=\"pt_BR\" \/>\n<meta property=\"og:type\" content=\"article\" \/>\n<meta property=\"og:title\" content=\"IBI\u00daNA \u2013 SIMPLICIDADE MARCA CELEBRA\u00c7\u00d5ES 168\u00ba ANIVERS\u00c1RIO CIDADE - Revista Vitrine Online\" \/>\n<meta property=\"og:description\" content=\"A Prefeitura de Ibi\u00fana convida toda a popula\u00e7\u00e3o para celebrar os 168 anos de hist\u00f3ria e tradi\u00e7\u00e3o da cidade com\" \/>\n<meta property=\"og:url\" content=\"http:\/\/revistavitrineibiuna.com.br\/?p=33240\" \/>\n<meta property=\"og:site_name\" content=\"Revista Vitrine Online\" \/>\n<meta property=\"article:published_time\" content=\"2025-03-21T18:49:58+00:00\" \/>\n<meta property=\"article:modified_time\" content=\"2025-03-21T18:50:00+00:00\" \/>\n<meta property=\"og:image\" content=\"https:\/\/revistavitrineibiuna.com.br\/wp-content\/uploads\/2025\/03\/350255911_3509009249311404_6249500423034707736_n.jpg\" \/>\n\t<meta property=\"og:image:width\" content=\"720\" \/>\n\t<meta property=\"og:image:height\" content=\"507\" \/>\n<meta name=\"twitter:card\" content=\"summary\" \/>\n<meta name=\"twitter:label1\" content=\"Est. reading time\">\n\t<meta name=\"twitter:data1\" content=\"2 minutos\">\n<script type=\"application\/ld+json\" class=\"yoast-schema-graph\">{\"@context\":\"https:\/\/schema.org\",\"@graph\":[{\"@type\":\"WebSite\",\"@id\":\"https:\/\/revistavitrineibiuna.com.br\/#website\",\"url\":\"https:\/\/revistavitrineibiuna.com.br\/\",\"name\":\"Revista Vitrine Ibi\\u00fana\",\"description\":\"A Revista de Ibi\\u00fana e Regi\\u00e3o\",\"publisher\":{\"@id\":\"https:\/\/revistavitrineibiuna.com.br\/#\/schema\/person\/e51ef49d6d88170ea21ceabff3f73deb\"},\"potentialAction\":[{\"@type\":\"SearchAction\",\"target\":\"https:\/\/revistavitrineibiuna.com.br\/?s={search_term_string}\",\"query-input\":\"required name=search_term_string\"}],\"inLanguage\":\"pt-BR\"},{\"@type\":\"ImageObject\",\"@id\":\"http:\/\/revistavitrineibiuna.com.br\/?p=33240#primaryimage\",\"inLanguage\":\"pt-BR\",\"url\":\"https:\/\/revistavitrineibiuna.com.br\/wp-content\/uploads\/2025\/03\/350255911_3509009249311404_6249500423034707736_n.jpg\",\"width\":720,\"height\":507},{\"@type\":\"WebPage\",\"@id\":\"http:\/\/revistavitrineibiuna.com.br\/?p=33240#webpage\",\"url\":\"http:\/\/revistavitrineibiuna.com.br\/?p=33240\",\"name\":\"IBI\\u00daNA \\u2013 SIMPLICIDADE MARCA CELEBRA\\u00c7\\u00d5ES 168\\u00ba ANIVERS\\u00c1RIO CIDADE - Revista Vitrine Online\",\"isPartOf\":{\"@id\":\"https:\/\/revistavitrineibiuna.com.br\/#website\"},\"primaryImageOfPage\":{\"@id\":\"http:\/\/revistavitrineibiuna.com.br\/?p=33240#primaryimage\"},\"datePublished\":\"2025-03-21T18:49:58+00:00\",\"dateModified\":\"2025-03-21T18:50:00+00:00\",\"breadcrumb\":{\"@id\":\"http:\/\/revistavitrineibiuna.com.br\/?p=33240#breadcrumb\"},\"inLanguage\":\"pt-BR\",\"potentialAction\":[{\"@type\":\"ReadAction\",\"target\":[\"http:\/\/revistavitrineibiuna.com.br\/?p=33240\"]}]},{\"@type\":\"BreadcrumbList\",\"@id\":\"http:\/\/revistavitrineibiuna.com.br\/?p=33240#breadcrumb\",\"itemListElement\":[{\"@type\":\"ListItem\",\"position\":1,\"item\":{\"@type\":\"WebPage\",\"@id\":\"https:\/\/revistavitrineibiuna.com.br\/\",\"url\":\"https:\/\/revistavitrineibiuna.com.br\/\",\"name\":\"In\\u00edcio\"}},{\"@type\":\"ListItem\",\"position\":2,\"item\":{\"@type\":\"WebPage\",\"@id\":\"http:\/\/revistavitrineibiuna.com.br\/?p=33240\",\"url\":\"http:\/\/revistavitrineibiuna.com.br\/?p=33240\",\"name\":\"IBI\\u00daNA \\u2013 SIMPLICIDADE MARCA CELEBRA\\u00c7\\u00d5ES 168\\u00ba ANIVERS\\u00c1RIO CIDADE\"}}]},{\"@type\":\"Article\",\"@id\":\"http:\/\/revistavitrineibiuna.com.br\/?p=33240#article\",\"isPartOf\":{\"@id\":\"http:\/\/revistavitrineibiuna.com.br\/?p=33240#webpage\"},\"author\":{\"@id\":\"https:\/\/revistavitrineibiuna.com.br\/#\/schema\/person\/e51ef49d6d88170ea21ceabff3f73deb\"},\"headline\":\"IBI\\u00daNA \\u2013 SIMPLICIDADE MARCA CELEBRA\\u00c7\\u00d5ES 168\\u00ba ANIVERS\\u00c1RIO CIDADE\",\"datePublished\":\"2025-03-21T18:49:58+00:00\",\"dateModified\":\"2025-03-21T18:50:00+00:00\",\"mainEntityOfPage\":{\"@id\":\"http:\/\/revistavitrineibiuna.com.br\/?p=33240#webpage\"},\"commentCount\":0,\"publisher\":{\"@id\":\"https:\/\/revistavitrineibiuna.com.br\/#\/schema\/person\/e51ef49d6d88170ea21ceabff3f73deb\"},\"image\":{\"@id\":\"http:\/\/revistavitrineibiuna.com.br\/?p=33240#primaryimage\"},\"articleSection\":\"Not\\u00edcias\",\"inLanguage\":\"pt-BR\",\"potentialAction\":[{\"@type\":\"CommentAction\",\"name\":\"Comment\",\"target\":[\"http:\/\/revistavitrineibiuna.com.br\/?p=33240#respond\"]}]},{\"@type\":[\"Person\",\"Organization\"],\"@id\":\"https:\/\/revistavitrineibiuna.com.br\/#\/schema\/person\/e51ef49d6d88170ea21ceabff3f73deb\",\"name\":\"Carlos Rossini\",\"image\":{\"@type\":\"ImageObject\",\"@id\":\"https:\/\/revistavitrineibiuna.com.br\/#personlogo\",\"inLanguage\":\"pt-BR\",\"url\":\"https:\/\/secure.gravatar.com\/avatar\/4f2d0f99fac1f85c7d643f21f5c8d900?s=96&d=mm&r=g\",\"caption\":\"Carlos Rossini\"},\"logo\":{\"@id\":\"https:\/\/revistavitrineibiuna.com.br\/#personlogo\"},\"description\":\"Carlos Rossini \\u00e9 jornalista, soci\\u00f3logo, escritor e professor universit\\u00e1rio, tendo sido professor de jornalismo por vinte anos. Trabalhou em ve\\u00edculos de comunica\\u00e7\\u00e3o nas fun\\u00e7\\u00f5es de rep\\u00f3rter, redator, editor, articulista e colaborador, como Folha de S. Paulo, O Estado de S. Paulo, Di\\u00e1rio Popular, entre outros. Ao transferir a revista vitrine, vers\\u00e3o imprensa, de S\\u00e3o Paulo para Ibi\\u00fana h\\u00e1 alguns anos, iniciou uma nova experi\\u00eancia profissional, dedicando-se ao jornalismo regional, depois de cumprir uma trajet\\u00f3ria bem-sucedida na grande imprensa brasileira. Seu primeiro livro A Coragem de Comunicar foi lan\\u00e7ado na Bienal do Livro em S\\u00e3o Paulo no ano 2000, pela editora Madras.\"}]}<\/script>\n<!-- \/ Yoast SEO plugin. -->","_links":{"self":[{"href":"https:\/\/revistavitrineibiuna.com.br\/index.php?rest_route=\/wp\/v2\/posts\/33240"}],"collection":[{"href":"https:\/\/revistavitrineibiuna.com.br\/index.php?rest_route=\/wp\/v2\/posts"}],"about":[{"href":"https:\/\/revistavitrineibiuna.com.br\/index.php?rest_route=\/wp\/v2\/types\/post"}],"author":[{"embeddable":true,"href":"https:\/\/revistavitrineibiuna.com.br\/index.php?rest_route=\/wp\/v2\/users\/1"}],"replies":[{"embeddable":true,"href":"https:\/\/revistavitrineibiuna.com.br\/index.php?rest_route=%2Fwp%2Fv2%2Fcomments&post=33240"}],"version-history":[{"count":1,"href":"https:\/\/revistavitrineibiuna.com.br\/index.php?rest_route=\/wp\/v2\/posts\/33240\/revisions"}],"predecessor-version":[{"id":33242,"href":"https:\/\/revistavitrineibiuna.com.br\/index.php?rest_route=\/wp\/v2\/posts\/33240\/revisions\/33242"}],"wp:featuredmedia":[{"embeddable":true,"href":"https:\/\/revistavitrineibiuna.com.br\/index.php?rest_route=\/wp\/v2\/media\/33241"}],"wp:attachment":[{"href":"https:\/\/revistavitrineibiuna.com.br\/index.php?rest_route=%2Fwp%2Fv2%2Fmedia&parent=33240"}],"wp:term":[{"taxonomy":"category","embeddable":true,"href":"https:\/\/revistavitrineibiuna.com.br\/index.php?rest_route=%2Fwp%2Fv2%2Fcategories&post=33240"},{"taxonomy":"post_tag","embeddable":true,"href":"https:\/\/revistavitrineibiuna.com.br\/index.php?rest_route=%2Fwp%2Fv2%2Ftags&post=33240"}],"curies":[{"name":"wp","href":"https:\/\/api.w.org\/{rel}","templated":true}]}}