{"id":33243,"date":"2025-03-23T10:17:41","date_gmt":"2025-03-23T13:17:41","guid":{"rendered":"http:\/\/revistavitrineibiuna.com.br\/?p=33243"},"modified":"2025-03-23T10:33:17","modified_gmt":"2025-03-23T13:33:17","slug":"parabens-ibiuna-168-anos-a-esperanca-de-dias-melhores-esta-de-pe","status":"publish","type":"post","link":"https:\/\/revistavitrineibiuna.com.br\/?p=33243","title":{"rendered":"PARAB\u00c9NS IBI\u00daNA! \u2013 168 ANOS: A ESPERAN\u00c7A DE DIAS MELHORES EST\u00c1 DE P\u00c9"},"content":{"rendered":"\n<p class=\"has-drop-cap\"><strong>Ao contr\u00e1rio das celebra\u00e7\u00f5es do 167<\/strong><strong>\u00ba anivers\u00e1rio de Ibi\u00fana, em um ano eleitoral, quando a Prefeitura investiu R$ 500 mil, incluindo um mega evento, com o show de Zez\u00e9 Di Camargo e Luciano, na \u00c1rea de Lazer, as comemora\u00e7\u00f5es deste ano, quando o munic\u00edpio completa 168 anos, ter\u00e3o gastos modestos. Basta ver a programa\u00e7\u00e3o que vitrine online publicou.<\/strong><\/p>\n\n\n\n<p><strong>O motivo principal, segundo se sabe, \u00e9 o caixa zerado e a d\u00edvida milion\u00e1ria deixada pela administra\u00e7\u00e3o anterior como uma carga pesada, al\u00e9m do pr\u00f3prio processo de transi\u00e7\u00e3o feito de forma nefasta. Pela mesma raz\u00e3o, o atual prefeito cancelou a comemora\u00e7\u00e3o do Carnaval na cidade.<\/strong><\/p>\n\n\n\n<p><strong>A IBI\u00daNA QUE QUEREMOS<\/strong><\/p>\n\n\n\n<p><strong>Mas os tempos s\u00e3o outros e a hora \u00e9 apropriada para nutrir a esperan\u00e7a em rela\u00e7\u00e3o \u00e0 Ibi\u00fana que todos queremos. Pois foi essa mesma esperan\u00e7a que sufragou o novo chefe do Executivo com um recorde hist\u00f3rico de votos. Esperan\u00e7a, palavra de origem latina, n\u00e3o custa repetir, significa \u2018esperan\u00e7a em algo positivo\u2019, que dever\u00e1 acontecer, pois diz respeito ao futuro.<\/strong><\/p>\n\n\n\n<p><strong>\u00c9 not\u00f3rio que o atual prefeito est\u00e1 se virando nos 30 para superar os obst\u00e1culos, como se observa por suas movimenta\u00e7\u00f5es politicas, sobretudo em busca de recursos federais e estaduais.<\/strong><\/p>\n\n\n\n<p><strong>Essa observa\u00e7\u00e3o n\u00e3o \u00e9 um ju\u00edzo de valor mas a considera\u00e7\u00e3o que o atual governo ainda se encontra no estado de lat\u00eancia, ou seja, est\u00e1 como o povo diz \u2018tentando p\u00f4r a casa em ordem\u2019 para, enfim, gravar a sua marca na condu\u00e7\u00e3o pol\u00edtica e administrativa da cidade.<\/strong><\/p>\n\n\n\n<p><strong>Exatamente por isso, temos evitado apontar assuntos atribu\u00edveis ao governo anterior, como a falta de medicamentos hospitalar por falta de licita\u00e7\u00e3o, ao atual governante, j\u00e1 que precisa de tempo para iniciar as marcas e compet\u00eancias de sua gest\u00e3o.<\/strong><\/p>\n\n\n\n<p><strong>A partir de algum momento, sem que possamos precisar, e cumprida a promessa de transpar\u00eancia, o atual governo dever\u00e1 se sentir confort\u00e1vel em chamar a imprensa (?) para dar boas e substantivas not\u00edcias de melhorias inquestion\u00e1veis nos setores da sa\u00fade, do transporte p\u00fablico, da seguran\u00e7a p\u00fablica, da educa\u00e7\u00e3o e tamb\u00e9m nas demais \u00e1reas de responsabilidade p\u00fablica.<\/strong><\/p>\n\n\n\n<p><strong>Ali\u00e1s, do ponto de vista do observat\u00f3rio jornal\u00edstico, um sinal de que as coisas p\u00fablicas est\u00e3o funcionando satisfatoriamente \u00e9 a aus\u00eancia ou diminui\u00e7\u00e3o de queixas da popula\u00e7\u00e3o. Esse \u00e9 um term\u00f4metro decisivo para avaliar uma gest\u00e3o.<\/strong><\/p>\n\n\n\n<p><strong>E ser\u00e1 a melhor forma com que ter\u00e1 de dar combate \u00e0 profus\u00e3o de fake news ou uma de modalidade generalizada de postagens sob a rubrica de \u201cparticipante an\u00f4nimo\u201d que, em alguns casos, constituem a \u00fanica forma de tornar um fato p\u00fablico sem correr risco de repres\u00e1lia, que faz parte da nossa cultura. A maioria, no entanto, s\u00e3o formas de ataques com objetivos mal-intencionados, de parte a parte.<\/strong><\/p>\n\n\n\n<p><strong>ESPERAN\u00c7A CONTINUA DE P\u00c9<\/strong><\/p>\n\n\n\n<p><strong>Ainda consideramos que a melhor forma de governar \u00e9 por meio da transpar\u00eancia dos atos em forma de bons servi\u00e7os e obras colocadas \u00e0 disposi\u00e7\u00e3o dos cidad\u00e3os que, bem-informados, podem avaliar com mais precis\u00e3o as informa\u00e7\u00f5es que recebem.<\/strong><\/p>\n\n\n\n<p><strong>Vitrine online e a TVUNA desejam a todos os ibiunenses um feliz dia de anivers\u00e1rio da nossa cidade.<\/strong><\/p>\n\n\n\n<p><a href=\"https:\/\/revistavitrineibiuna.com.br\/?p=33243\">Ver Post<\/a><\/p>\n\n\n\n<p><strong>\u00c9 preciso manter a esperan\u00e7a de p\u00e9, sen\u00e3o poremos em risco um not\u00e1vel desejo popular de dias melhores, como supostamente todos queremos. (C.R.)<\/strong><\/p>\n","protected":false},"excerpt":{"rendered":"<p>Ao contr\u00e1rio das celebra\u00e7\u00f5es do 167\u00ba anivers\u00e1rio de Ibi\u00fana, em um ano eleitoral, quando a Prefeitura investiu R$ 500 mil,<\/p>\n","protected":false},"author":1,"featured_media":33244,"comment_status":"open","ping_status":"open","sticky":false,"template":"","format":"standard","meta":[],"categories":[3],"tags":[],"yoast_head":"<!-- This site is optimized with the Yoast SEO plugin v15.8 - https:\/\/yoast.com\/wordpress\/plugins\/seo\/ -->\n<title>PARAB\u00c9NS IBI\u00daNA! \u2013 168 ANOS: A ESPERAN\u00c7A DE DIAS MELHORES EST\u00c1 DE P\u00c9 - Revista Vitrine Online<\/title>\n<meta name=\"robots\" content=\"index, follow, max-snippet:-1, max-image-preview:large, max-video-preview:-1\" \/>\n<link rel=\"canonical\" href=\"http:\/\/revistavitrineibiuna.com.br\/?p=33243\" \/>\n<meta property=\"og:locale\" content=\"pt_BR\" \/>\n<meta property=\"og:type\" content=\"article\" \/>\n<meta property=\"og:title\" content=\"PARAB\u00c9NS IBI\u00daNA! \u2013 168 ANOS: A ESPERAN\u00c7A DE DIAS MELHORES EST\u00c1 DE P\u00c9 - Revista Vitrine Online\" \/>\n<meta property=\"og:description\" content=\"Ao contr\u00e1rio das celebra\u00e7\u00f5es do 167\u00ba anivers\u00e1rio de Ibi\u00fana, em um ano eleitoral, quando a Prefeitura investiu R$ 500 mil,\" \/>\n<meta property=\"og:url\" content=\"http:\/\/revistavitrineibiuna.com.br\/?p=33243\" \/>\n<meta property=\"og:site_name\" content=\"Revista Vitrine Online\" \/>\n<meta property=\"article:published_time\" content=\"2025-03-23T13:17:41+00:00\" \/>\n<meta property=\"article:modified_time\" content=\"2025-03-23T13:33:17+00:00\" \/>\n<meta property=\"og:image\" content=\"https:\/\/revistavitrineibiuna.com.br\/wp-content\/uploads\/2025\/03\/ibiuna-168-anos.png\" \/>\n\t<meta property=\"og:image:width\" content=\"750\" \/>\n\t<meta property=\"og:image:height\" content=\"422\" \/>\n<meta name=\"twitter:card\" content=\"summary\" \/>\n<meta name=\"twitter:label1\" content=\"Est. reading time\">\n\t<meta name=\"twitter:data1\" content=\"3 minutos\">\n<script type=\"application\/ld+json\" class=\"yoast-schema-graph\">{\"@context\":\"https:\/\/schema.org\",\"@graph\":[{\"@type\":\"WebSite\",\"@id\":\"https:\/\/revistavitrineibiuna.com.br\/#website\",\"url\":\"https:\/\/revistavitrineibiuna.com.br\/\",\"name\":\"Revista Vitrine Ibi\\u00fana\",\"description\":\"A Revista de Ibi\\u00fana e Regi\\u00e3o\",\"publisher\":{\"@id\":\"https:\/\/revistavitrineibiuna.com.br\/#\/schema\/person\/e51ef49d6d88170ea21ceabff3f73deb\"},\"potentialAction\":[{\"@type\":\"SearchAction\",\"target\":\"https:\/\/revistavitrineibiuna.com.br\/?s={search_term_string}\",\"query-input\":\"required name=search_term_string\"}],\"inLanguage\":\"pt-BR\"},{\"@type\":\"ImageObject\",\"@id\":\"http:\/\/revistavitrineibiuna.com.br\/?p=33243#primaryimage\",\"inLanguage\":\"pt-BR\",\"url\":\"https:\/\/revistavitrineibiuna.com.br\/wp-content\/uploads\/2025\/03\/ibiuna-168-anos.png\",\"width\":750,\"height\":422},{\"@type\":\"WebPage\",\"@id\":\"http:\/\/revistavitrineibiuna.com.br\/?p=33243#webpage\",\"url\":\"http:\/\/revistavitrineibiuna.com.br\/?p=33243\",\"name\":\"PARAB\\u00c9NS IBI\\u00daNA! \\u2013 168 ANOS: A ESPERAN\\u00c7A DE DIAS MELHORES EST\\u00c1 DE P\\u00c9 - Revista Vitrine Online\",\"isPartOf\":{\"@id\":\"https:\/\/revistavitrineibiuna.com.br\/#website\"},\"primaryImageOfPage\":{\"@id\":\"http:\/\/revistavitrineibiuna.com.br\/?p=33243#primaryimage\"},\"datePublished\":\"2025-03-23T13:17:41+00:00\",\"dateModified\":\"2025-03-23T13:33:17+00:00\",\"breadcrumb\":{\"@id\":\"http:\/\/revistavitrineibiuna.com.br\/?p=33243#breadcrumb\"},\"inLanguage\":\"pt-BR\",\"potentialAction\":[{\"@type\":\"ReadAction\",\"target\":[\"http:\/\/revistavitrineibiuna.com.br\/?p=33243\"]}]},{\"@type\":\"BreadcrumbList\",\"@id\":\"http:\/\/revistavitrineibiuna.com.br\/?p=33243#breadcrumb\",\"itemListElement\":[{\"@type\":\"ListItem\",\"position\":1,\"item\":{\"@type\":\"WebPage\",\"@id\":\"https:\/\/revistavitrineibiuna.com.br\/\",\"url\":\"https:\/\/revistavitrineibiuna.com.br\/\",\"name\":\"In\\u00edcio\"}},{\"@type\":\"ListItem\",\"position\":2,\"item\":{\"@type\":\"WebPage\",\"@id\":\"http:\/\/revistavitrineibiuna.com.br\/?p=33243\",\"url\":\"http:\/\/revistavitrineibiuna.com.br\/?p=33243\",\"name\":\"PARAB\\u00c9NS IBI\\u00daNA! \\u2013 168 ANOS: A ESPERAN\\u00c7A DE DIAS MELHORES EST\\u00c1 DE P\\u00c9\"}}]},{\"@type\":\"Article\",\"@id\":\"http:\/\/revistavitrineibiuna.com.br\/?p=33243#article\",\"isPartOf\":{\"@id\":\"http:\/\/revistavitrineibiuna.com.br\/?p=33243#webpage\"},\"author\":{\"@id\":\"https:\/\/revistavitrineibiuna.com.br\/#\/schema\/person\/e51ef49d6d88170ea21ceabff3f73deb\"},\"headline\":\"PARAB\\u00c9NS IBI\\u00daNA! \\u2013 168 ANOS: A ESPERAN\\u00c7A DE DIAS MELHORES EST\\u00c1 DE P\\u00c9\",\"datePublished\":\"2025-03-23T13:17:41+00:00\",\"dateModified\":\"2025-03-23T13:33:17+00:00\",\"mainEntityOfPage\":{\"@id\":\"http:\/\/revistavitrineibiuna.com.br\/?p=33243#webpage\"},\"commentCount\":0,\"publisher\":{\"@id\":\"https:\/\/revistavitrineibiuna.com.br\/#\/schema\/person\/e51ef49d6d88170ea21ceabff3f73deb\"},\"image\":{\"@id\":\"http:\/\/revistavitrineibiuna.com.br\/?p=33243#primaryimage\"},\"articleSection\":\"Not\\u00edcias\",\"inLanguage\":\"pt-BR\",\"potentialAction\":[{\"@type\":\"CommentAction\",\"name\":\"Comment\",\"target\":[\"http:\/\/revistavitrineibiuna.com.br\/?p=33243#respond\"]}]},{\"@type\":[\"Person\",\"Organization\"],\"@id\":\"https:\/\/revistavitrineibiuna.com.br\/#\/schema\/person\/e51ef49d6d88170ea21ceabff3f73deb\",\"name\":\"Carlos Rossini\",\"image\":{\"@type\":\"ImageObject\",\"@id\":\"https:\/\/revistavitrineibiuna.com.br\/#personlogo\",\"inLanguage\":\"pt-BR\",\"url\":\"https:\/\/secure.gravatar.com\/avatar\/4f2d0f99fac1f85c7d643f21f5c8d900?s=96&d=mm&r=g\",\"caption\":\"Carlos Rossini\"},\"logo\":{\"@id\":\"https:\/\/revistavitrineibiuna.com.br\/#personlogo\"},\"description\":\"Carlos Rossini \\u00e9 jornalista, soci\\u00f3logo, escritor e professor universit\\u00e1rio, tendo sido professor de jornalismo por vinte anos. Trabalhou em ve\\u00edculos de comunica\\u00e7\\u00e3o nas fun\\u00e7\\u00f5es de rep\\u00f3rter, redator, editor, articulista e colaborador, como Folha de S. Paulo, O Estado de S. Paulo, Di\\u00e1rio Popular, entre outros. Ao transferir a revista vitrine, vers\\u00e3o imprensa, de S\\u00e3o Paulo para Ibi\\u00fana h\\u00e1 alguns anos, iniciou uma nova experi\\u00eancia profissional, dedicando-se ao jornalismo regional, depois de cumprir uma trajet\\u00f3ria bem-sucedida na grande imprensa brasileira. Seu primeiro livro A Coragem de Comunicar foi lan\\u00e7ado na Bienal do Livro em S\\u00e3o Paulo no ano 2000, pela editora Madras.\"}]}<\/script>\n<!-- \/ Yoast SEO plugin. -->","_links":{"self":[{"href":"https:\/\/revistavitrineibiuna.com.br\/index.php?rest_route=\/wp\/v2\/posts\/33243"}],"collection":[{"href":"https:\/\/revistavitrineibiuna.com.br\/index.php?rest_route=\/wp\/v2\/posts"}],"about":[{"href":"https:\/\/revistavitrineibiuna.com.br\/index.php?rest_route=\/wp\/v2\/types\/post"}],"author":[{"embeddable":true,"href":"https:\/\/revistavitrineibiuna.com.br\/index.php?rest_route=\/wp\/v2\/users\/1"}],"replies":[{"embeddable":true,"href":"https:\/\/revistavitrineibiuna.com.br\/index.php?rest_route=%2Fwp%2Fv2%2Fcomments&post=33243"}],"version-history":[{"count":3,"href":"https:\/\/revistavitrineibiuna.com.br\/index.php?rest_route=\/wp\/v2\/posts\/33243\/revisions"}],"predecessor-version":[{"id":33247,"href":"https:\/\/revistavitrineibiuna.com.br\/index.php?rest_route=\/wp\/v2\/posts\/33243\/revisions\/33247"}],"wp:featuredmedia":[{"embeddable":true,"href":"https:\/\/revistavitrineibiuna.com.br\/index.php?rest_route=\/wp\/v2\/media\/33244"}],"wp:attachment":[{"href":"https:\/\/revistavitrineibiuna.com.br\/index.php?rest_route=%2Fwp%2Fv2%2Fmedia&parent=33243"}],"wp:term":[{"taxonomy":"category","embeddable":true,"href":"https:\/\/revistavitrineibiuna.com.br\/index.php?rest_route=%2Fwp%2Fv2%2Fcategories&post=33243"},{"taxonomy":"post_tag","embeddable":true,"href":"https:\/\/revistavitrineibiuna.com.br\/index.php?rest_route=%2Fwp%2Fv2%2Ftags&post=33243"}],"curies":[{"name":"wp","href":"https:\/\/api.w.org\/{rel}","templated":true}]}}