{"id":33248,"date":"2025-03-24T18:30:01","date_gmt":"2025-03-24T21:30:01","guid":{"rendered":"http:\/\/revistavitrineibiuna.com.br\/?p=33248"},"modified":"2025-03-24T20:35:22","modified_gmt":"2025-03-24T23:35:22","slug":"ibiuna-comemora-168-anos-em-alto-astral","status":"publish","type":"post","link":"https:\/\/revistavitrineibiuna.com.br\/?p=33248","title":{"rendered":"IBI\u00daNA COMEMORA 168 ANOS EM ALTO-ASTRAL"},"content":{"rendered":"\n<p class=\"has-drop-cap\"><strong>Um ato c\u00edvico-pol\u00edtico realizado na manh\u00e3 de hoje (24) sob uma grande tenda instalada em frente ao Pa\u00e7o Municipal marcou a celebra\u00e7\u00e3o do 168\u00ba anivers\u00e1rio do munic\u00edpio de Ibi\u00fana.<\/strong><\/p>\n\n\n\n<p><strong>O clima de alto-astral dominou o ambiente durante duas horas e contou com o prest\u00edgio da participa\u00e7\u00e3o de seis deputados estaduais, dois federais, dois secret\u00e1rios de estado, e brindou com importantes novidades.<\/strong><\/p>\n\n\n\n<p><strong>Tamb\u00e9m participaram representantes das cidades de Sorocaba, Cotia, Alum\u00ednio, Mairinque e vereadores de Ibi\u00fana.<\/strong><\/p>\n\n\n\n<p><strong>IBI\u00daNA NO CEN\u00c1RIO ESTADUAL<\/strong><\/p>\n\n\n\n<p><strong>Durante a solenidade foi assinado conv\u00eanio com o Instituto Federal para a cria\u00e7\u00e3o do Polo EAD em Ibi\u00fana, com diversos cursos de capacita\u00e7\u00e3o, a entrega de uma nova ambul\u00e2ncia para o Samu e de uma viatura para a Pol\u00edcia Municipal, e assinatura de conv\u00eanio para instala\u00e7\u00e3o do Programa de Empregabilidade Inclusiva (PEI), a fim de promover a inclus\u00e3o social e profissional de pessoas com defici\u00eancia.<\/strong><\/p>\n\n\n\n<p><strong>Tamb\u00e9m foi realizada a cerim\u00f4nia de entrega de 41 divisas de gradua\u00e7\u00e3o de classe distinta aos policiais municipais (antiga GCM), promovidos com a implanta\u00e7\u00e3o do novo plano de carreira da categoria. &nbsp;&nbsp;<\/strong><\/p>\n\n\n\n<figure class=\"wp-block-image size-large\"><img loading=\"lazy\" width=\"1024\" height=\"607\" src=\"https:\/\/revistavitrineibiuna.com.br\/wp-content\/uploads\/2025\/03\/168-anos-foto-da-plateia-4-1024x607.png\" alt=\"\" class=\"wp-image-33252\" srcset=\"https:\/\/revistavitrineibiuna.com.br\/wp-content\/uploads\/2025\/03\/168-anos-foto-da-plateia-4-1024x607.png 1024w, https:\/\/revistavitrineibiuna.com.br\/wp-content\/uploads\/2025\/03\/168-anos-foto-da-plateia-4-300x178.png 300w, https:\/\/revistavitrineibiuna.com.br\/wp-content\/uploads\/2025\/03\/168-anos-foto-da-plateia-4-768x455.png 768w, https:\/\/revistavitrineibiuna.com.br\/wp-content\/uploads\/2025\/03\/168-anos-foto-da-plateia-4-1536x910.png 1536w, https:\/\/revistavitrineibiuna.com.br\/wp-content\/uploads\/2025\/03\/168-anos-foto-da-plateia-4.png 1538w\" sizes=\"(max-width: 1024px) 100vw, 1024px\" \/><\/figure>\n\n\n\n<p><strong>\u00c0 TVUNA o prefeito M\u00e1rio Pires assinalou que com esse \u201cato pol\u00edtico estamos recolocando Ibi\u00fana no cen\u00e1rio pol\u00edtico do estado de S\u00e3o Paulo e que muita coisa boa vem a\u00ed para a nossa cidade\u201d.<\/strong><\/p>\n\n\n\n<p><strong>A abertura da festa contou com o hasteamento das bandeiras do Brasil, de S\u00e3o Paulo e de Ibi\u00fana, execu\u00e7\u00e3o do Hino Nacional e do Hino do Munic\u00edpio, interpretados pela Orquestra Jovem de Ibi\u00fana (Ojespi).<\/strong><\/p>\n\n\n\n<p><strong>\u201cPARAB\u00c9NS PRA VOC\u00ca, IBI\u00daNA!\u201d<\/strong><\/p>\n\n\n\n<figure class=\"wp-block-image size-large\"><img loading=\"lazy\" width=\"715\" height=\"556\" src=\"https:\/\/revistavitrineibiuna.com.br\/wp-content\/uploads\/2025\/03\/168-anos-foto-bolo.png\" alt=\"\" class=\"wp-image-33255\" srcset=\"https:\/\/revistavitrineibiuna.com.br\/wp-content\/uploads\/2025\/03\/168-anos-foto-bolo.png 715w, https:\/\/revistavitrineibiuna.com.br\/wp-content\/uploads\/2025\/03\/168-anos-foto-bolo-300x233.png 300w\" sizes=\"(max-width: 715px) 100vw, 715px\" \/><figcaption>Depois do &#8220;Parab\u00e9ns pra voc\u00ea&#8221;, dois bolos foram repartidos entre as pessoas na Pra\u00e7a da Capelinha<\/figcaption><\/figure>\n\n\n\n<p><strong>Ap\u00f3s a solenidade pol\u00edtica, todos foram convidados a irem \u00e0 Pra\u00e7a da Capelinha onde houve uma programa\u00e7\u00e3o cultural e gastron\u00f4mica, que se estendeu at\u00e9 as 20h, com apresenta\u00e7\u00f5es art\u00edsticas.<\/strong><\/p>\n\n\n\n<p><strong>Em uma das barracas havia dois bolos comemorativos enormes que foram repartidos e oferecidos ao povo, depois de cantarem \u201cParab\u00e9ns pra voc\u00ea\u201d.<\/strong><\/p>\n\n\n\n<p><strong>DEPUTADOS E SECRET\u00c1RIOS<\/strong><\/p>\n\n\n\n<p><strong>Participaram e discursaram garantindo apoio ao novo governo ibiunense os deputados federais Marcos Pereira, presidente nacional do Republicanos, e Danilo Balas; os estaduais Rog\u00e9rio Santos, Antonio Donato, Gilmaci Santos e Rodrigo Moraes, al\u00e9m dos secret\u00e1rios estaduais Marcos da Costa da Secretaria dos Direitos da Pessoa com Defici\u00eancia, e Roberto de Lucena, de Turismo.<\/strong><\/p>\n\n\n\n<figure class=\"wp-block-image size-large\"><img loading=\"lazy\" width=\"701\" height=\"602\" src=\"https:\/\/revistavitrineibiuna.com.br\/wp-content\/uploads\/2025\/03\/168-anos-foto-3-rainha-mirim.png\" alt=\"\" class=\"wp-image-33257\" srcset=\"https:\/\/revistavitrineibiuna.com.br\/wp-content\/uploads\/2025\/03\/168-anos-foto-3-rainha-mirim.png 701w, https:\/\/revistavitrineibiuna.com.br\/wp-content\/uploads\/2025\/03\/168-anos-foto-3-rainha-mirim-300x258.png 300w\" sizes=\"(max-width: 701px) 100vw, 701px\" \/><figcaption>No palco, M\u00e1rio Pires posa ao lado da miss mirim de Ibi\u00fana<\/figcaption><\/figure>\n\n\n\n<figure class=\"wp-block-image size-large\"><img loading=\"lazy\" width=\"715\" height=\"589\" src=\"https:\/\/revistavitrineibiuna.com.br\/wp-content\/uploads\/2025\/03\/168-anos-foto-6-mario-entrega-distincao.png\" alt=\"\" class=\"wp-image-33260\" srcset=\"https:\/\/revistavitrineibiuna.com.br\/wp-content\/uploads\/2025\/03\/168-anos-foto-6-mario-entrega-distincao.png 715w, https:\/\/revistavitrineibiuna.com.br\/wp-content\/uploads\/2025\/03\/168-anos-foto-6-mario-entrega-distincao-300x247.png 300w\" sizes=\"(max-width: 715px) 100vw, 715px\" \/><figcaption>Prefeito entrega divisa a um dos policiais municipais promovidos \u00e0 classe distinta<\/figcaption><\/figure>\n\n\n\n<figure class=\"wp-block-image size-large\"><img loading=\"lazy\" width=\"707\" height=\"486\" src=\"https:\/\/revistavitrineibiuna.com.br\/wp-content\/uploads\/2025\/03\/168-anos-foto-7-mario-e-a-bandeira.png\" alt=\"\" class=\"wp-image-33264\" srcset=\"https:\/\/revistavitrineibiuna.com.br\/wp-content\/uploads\/2025\/03\/168-anos-foto-7-mario-e-a-bandeira.png 707w, https:\/\/revistavitrineibiuna.com.br\/wp-content\/uploads\/2025\/03\/168-anos-foto-7-mario-e-a-bandeira-300x206.png 300w, https:\/\/revistavitrineibiuna.com.br\/wp-content\/uploads\/2025\/03\/168-anos-foto-7-mario-e-a-bandeira-130x90.png 130w\" sizes=\"(max-width: 707px) 100vw, 707px\" \/><figcaption>Hasteamento das bandeiras, ao som do Hino Nacional<\/figcaption><\/figure>\n\n\n\n<figure class=\"wp-block-image size-large\"><img loading=\"lazy\" width=\"1024\" height=\"660\" src=\"https:\/\/revistavitrineibiuna.com.br\/wp-content\/uploads\/2025\/03\/168-anos-povo-5-1024x660.png\" alt=\"\" class=\"wp-image-33267\" srcset=\"https:\/\/revistavitrineibiuna.com.br\/wp-content\/uploads\/2025\/03\/168-anos-povo-5-1024x660.png 1024w, https:\/\/revistavitrineibiuna.com.br\/wp-content\/uploads\/2025\/03\/168-anos-povo-5-300x193.png 300w, https:\/\/revistavitrineibiuna.com.br\/wp-content\/uploads\/2025\/03\/168-anos-povo-5-768x495.png 768w, https:\/\/revistavitrineibiuna.com.br\/wp-content\/uploads\/2025\/03\/168-anos-povo-5-1536x990.png 1536w, https:\/\/revistavitrineibiuna.com.br\/wp-content\/uploads\/2025\/03\/168-anos-povo-5.png 1575w\" sizes=\"(max-width: 1024px) 100vw, 1024px\" \/><figcaption>A comemora\u00e7\u00e3o do 168\u00ba anivers\u00e1rio de Ibi\u00fana atriu os cidad\u00e3os em frente ao Pa\u00e7o Municipal<\/figcaption><\/figure>\n","protected":false},"excerpt":{"rendered":"<p>Um ato c\u00edvico-pol\u00edtico realizado na manh\u00e3 de hoje (24) sob uma grande tenda instalada em frente ao Pa\u00e7o Municipal marcou<\/p>\n","protected":false},"author":1,"featured_media":33249,"comment_status":"open","ping_status":"open","sticky":false,"template":"","format":"standard","meta":[],"categories":[3],"tags":[],"yoast_head":"<!-- This site is optimized with the Yoast SEO plugin v15.8 - https:\/\/yoast.com\/wordpress\/plugins\/seo\/ -->\n<title>IBI\u00daNA COMEMORA 168 ANOS EM ALTO-ASTRAL - Revista Vitrine Online<\/title>\n<meta name=\"robots\" content=\"index, follow, max-snippet:-1, max-image-preview:large, max-video-preview:-1\" \/>\n<link rel=\"canonical\" href=\"http:\/\/revistavitrineibiuna.com.br\/?p=33248\" \/>\n<meta property=\"og:locale\" content=\"pt_BR\" \/>\n<meta property=\"og:type\" content=\"article\" \/>\n<meta property=\"og:title\" content=\"IBI\u00daNA COMEMORA 168 ANOS EM ALTO-ASTRAL - Revista Vitrine Online\" \/>\n<meta property=\"og:description\" content=\"Um ato c\u00edvico-pol\u00edtico realizado na manh\u00e3 de hoje (24) sob uma grande tenda instalada em frente ao Pa\u00e7o Municipal marcou\" \/>\n<meta property=\"og:url\" content=\"http:\/\/revistavitrineibiuna.com.br\/?p=33248\" \/>\n<meta property=\"og:site_name\" content=\"Revista Vitrine Online\" \/>\n<meta property=\"article:published_time\" content=\"2025-03-24T21:30:01+00:00\" \/>\n<meta property=\"article:modified_time\" content=\"2025-03-24T23:35:22+00:00\" \/>\n<meta property=\"og:image\" content=\"https:\/\/revistavitrineibiuna.com.br\/wp-content\/uploads\/2025\/03\/168-anos-foto-1-1024x668.png\" \/>\n\t<meta property=\"og:image:width\" content=\"1024\" \/>\n\t<meta property=\"og:image:height\" content=\"668\" \/>\n<meta name=\"twitter:card\" content=\"summary\" \/>\n<meta name=\"twitter:label1\" content=\"Est. reading time\">\n\t<meta name=\"twitter:data1\" content=\"4 minutos\">\n<script type=\"application\/ld+json\" class=\"yoast-schema-graph\">{\"@context\":\"https:\/\/schema.org\",\"@graph\":[{\"@type\":\"WebSite\",\"@id\":\"https:\/\/revistavitrineibiuna.com.br\/#website\",\"url\":\"https:\/\/revistavitrineibiuna.com.br\/\",\"name\":\"Revista Vitrine Ibi\\u00fana\",\"description\":\"A Revista de Ibi\\u00fana e Regi\\u00e3o\",\"publisher\":{\"@id\":\"https:\/\/revistavitrineibiuna.com.br\/#\/schema\/person\/e51ef49d6d88170ea21ceabff3f73deb\"},\"potentialAction\":[{\"@type\":\"SearchAction\",\"target\":\"https:\/\/revistavitrineibiuna.com.br\/?s={search_term_string}\",\"query-input\":\"required name=search_term_string\"}],\"inLanguage\":\"pt-BR\"},{\"@type\":\"ImageObject\",\"@id\":\"http:\/\/revistavitrineibiuna.com.br\/?p=33248#primaryimage\",\"inLanguage\":\"pt-BR\",\"url\":\"https:\/\/revistavitrineibiuna.com.br\/wp-content\/uploads\/2025\/03\/168-anos-foto-1.png\",\"width\":1600,\"height\":1043},{\"@type\":\"WebPage\",\"@id\":\"http:\/\/revistavitrineibiuna.com.br\/?p=33248#webpage\",\"url\":\"http:\/\/revistavitrineibiuna.com.br\/?p=33248\",\"name\":\"IBI\\u00daNA COMEMORA 168 ANOS EM ALTO-ASTRAL - Revista Vitrine Online\",\"isPartOf\":{\"@id\":\"https:\/\/revistavitrineibiuna.com.br\/#website\"},\"primaryImageOfPage\":{\"@id\":\"http:\/\/revistavitrineibiuna.com.br\/?p=33248#primaryimage\"},\"datePublished\":\"2025-03-24T21:30:01+00:00\",\"dateModified\":\"2025-03-24T23:35:22+00:00\",\"breadcrumb\":{\"@id\":\"http:\/\/revistavitrineibiuna.com.br\/?p=33248#breadcrumb\"},\"inLanguage\":\"pt-BR\",\"potentialAction\":[{\"@type\":\"ReadAction\",\"target\":[\"http:\/\/revistavitrineibiuna.com.br\/?p=33248\"]}]},{\"@type\":\"BreadcrumbList\",\"@id\":\"http:\/\/revistavitrineibiuna.com.br\/?p=33248#breadcrumb\",\"itemListElement\":[{\"@type\":\"ListItem\",\"position\":1,\"item\":{\"@type\":\"WebPage\",\"@id\":\"https:\/\/revistavitrineibiuna.com.br\/\",\"url\":\"https:\/\/revistavitrineibiuna.com.br\/\",\"name\":\"In\\u00edcio\"}},{\"@type\":\"ListItem\",\"position\":2,\"item\":{\"@type\":\"WebPage\",\"@id\":\"http:\/\/revistavitrineibiuna.com.br\/?p=33248\",\"url\":\"http:\/\/revistavitrineibiuna.com.br\/?p=33248\",\"name\":\"IBI\\u00daNA COMEMORA 168 ANOS EM ALTO-ASTRAL\"}}]},{\"@type\":\"Article\",\"@id\":\"http:\/\/revistavitrineibiuna.com.br\/?p=33248#article\",\"isPartOf\":{\"@id\":\"http:\/\/revistavitrineibiuna.com.br\/?p=33248#webpage\"},\"author\":{\"@id\":\"https:\/\/revistavitrineibiuna.com.br\/#\/schema\/person\/e51ef49d6d88170ea21ceabff3f73deb\"},\"headline\":\"IBI\\u00daNA COMEMORA 168 ANOS EM ALTO-ASTRAL\",\"datePublished\":\"2025-03-24T21:30:01+00:00\",\"dateModified\":\"2025-03-24T23:35:22+00:00\",\"mainEntityOfPage\":{\"@id\":\"http:\/\/revistavitrineibiuna.com.br\/?p=33248#webpage\"},\"commentCount\":0,\"publisher\":{\"@id\":\"https:\/\/revistavitrineibiuna.com.br\/#\/schema\/person\/e51ef49d6d88170ea21ceabff3f73deb\"},\"image\":{\"@id\":\"http:\/\/revistavitrineibiuna.com.br\/?p=33248#primaryimage\"},\"articleSection\":\"Not\\u00edcias\",\"inLanguage\":\"pt-BR\",\"potentialAction\":[{\"@type\":\"CommentAction\",\"name\":\"Comment\",\"target\":[\"http:\/\/revistavitrineibiuna.com.br\/?p=33248#respond\"]}]},{\"@type\":[\"Person\",\"Organization\"],\"@id\":\"https:\/\/revistavitrineibiuna.com.br\/#\/schema\/person\/e51ef49d6d88170ea21ceabff3f73deb\",\"name\":\"Carlos Rossini\",\"image\":{\"@type\":\"ImageObject\",\"@id\":\"https:\/\/revistavitrineibiuna.com.br\/#personlogo\",\"inLanguage\":\"pt-BR\",\"url\":\"https:\/\/secure.gravatar.com\/avatar\/4f2d0f99fac1f85c7d643f21f5c8d900?s=96&d=mm&r=g\",\"caption\":\"Carlos Rossini\"},\"logo\":{\"@id\":\"https:\/\/revistavitrineibiuna.com.br\/#personlogo\"},\"description\":\"Carlos Rossini \\u00e9 jornalista, soci\\u00f3logo, escritor e professor universit\\u00e1rio, tendo sido professor de jornalismo por vinte anos. Trabalhou em ve\\u00edculos de comunica\\u00e7\\u00e3o nas fun\\u00e7\\u00f5es de rep\\u00f3rter, redator, editor, articulista e colaborador, como Folha de S. Paulo, O Estado de S. Paulo, Di\\u00e1rio Popular, entre outros. Ao transferir a revista vitrine, vers\\u00e3o imprensa, de S\\u00e3o Paulo para Ibi\\u00fana h\\u00e1 alguns anos, iniciou uma nova experi\\u00eancia profissional, dedicando-se ao jornalismo regional, depois de cumprir uma trajet\\u00f3ria bem-sucedida na grande imprensa brasileira. Seu primeiro livro A Coragem de Comunicar foi lan\\u00e7ado na Bienal do Livro em S\\u00e3o Paulo no ano 2000, pela editora Madras.\"}]}<\/script>\n<!-- \/ Yoast SEO plugin. -->","_links":{"self":[{"href":"https:\/\/revistavitrineibiuna.com.br\/index.php?rest_route=\/wp\/v2\/posts\/33248"}],"collection":[{"href":"https:\/\/revistavitrineibiuna.com.br\/index.php?rest_route=\/wp\/v2\/posts"}],"about":[{"href":"https:\/\/revistavitrineibiuna.com.br\/index.php?rest_route=\/wp\/v2\/types\/post"}],"author":[{"embeddable":true,"href":"https:\/\/revistavitrineibiuna.com.br\/index.php?rest_route=\/wp\/v2\/users\/1"}],"replies":[{"embeddable":true,"href":"https:\/\/revistavitrineibiuna.com.br\/index.php?rest_route=%2Fwp%2Fv2%2Fcomments&post=33248"}],"version-history":[{"count":10,"href":"https:\/\/revistavitrineibiuna.com.br\/index.php?rest_route=\/wp\/v2\/posts\/33248\/revisions"}],"predecessor-version":[{"id":33271,"href":"https:\/\/revistavitrineibiuna.com.br\/index.php?rest_route=\/wp\/v2\/posts\/33248\/revisions\/33271"}],"wp:featuredmedia":[{"embeddable":true,"href":"https:\/\/revistavitrineibiuna.com.br\/index.php?rest_route=\/wp\/v2\/media\/33249"}],"wp:attachment":[{"href":"https:\/\/revistavitrineibiuna.com.br\/index.php?rest_route=%2Fwp%2Fv2%2Fmedia&parent=33248"}],"wp:term":[{"taxonomy":"category","embeddable":true,"href":"https:\/\/revistavitrineibiuna.com.br\/index.php?rest_route=%2Fwp%2Fv2%2Fcategories&post=33248"},{"taxonomy":"post_tag","embeddable":true,"href":"https:\/\/revistavitrineibiuna.com.br\/index.php?rest_route=%2Fwp%2Fv2%2Ftags&post=33248"}],"curies":[{"name":"wp","href":"https:\/\/api.w.org\/{rel}","templated":true}]}}