{"id":33272,"date":"2025-03-26T18:19:46","date_gmt":"2025-03-26T21:19:46","guid":{"rendered":"http:\/\/revistavitrineibiuna.com.br\/?p=33272"},"modified":"2025-03-26T18:19:47","modified_gmt":"2025-03-26T21:19:47","slug":"mario-pires-anuncia-duplicacao-da-av-antonio-falci-e-da-bunjiro-nakao","status":"publish","type":"post","link":"https:\/\/revistavitrineibiuna.com.br\/?p=33272","title":{"rendered":"M\u00c1RIO PIRES ANUNCIA DUPLICA\u00c7\u00c3O DA AV. ANT\u00d4NIO FALCI E DA BUNJIRO NAKAO"},"content":{"rendered":"\n<p class=\"has-drop-cap\"><strong>O prefeito de Ibi\u00fana M\u00e1rio Pires fez dois importantes an\u00fancios para a infraestrutura da cidade, nesta quarta-feira (26), ap\u00f3s participar da reuni\u00e3o com a CCR, vencedora da concess\u00e3o da Rota Sorocabana: a duplica\u00e7\u00e3o da Avenida Ant\u00f4nio Falci (Av. Marginal) e da Rodovia Bunjiro Nakao foram formalizadas.<\/strong><\/p>\n\n\n\n<p><strong>\u201cNossa Marginal ser\u00e1 duplicada, revitalizada e modernizada. Uma conquista do nosso trabalho de articula\u00e7\u00e3o junto ao governo do Estado dentro do pacote de investimentos da concess\u00e3o da Rota Sorocabana, que tamb\u00e9m vai duplicar e modernizar a Rodovia Bunjiro Nakao\u201d, declarou o prefeito M\u00e1rio Pires, ap\u00f3s encontro com a diretoria da CCR Sorocabana e prefeitos da Regi\u00e3o Metropolitana de Sorocaba.<\/strong><\/p>\n\n\n\n<p><strong>BENFEITORIAS<\/strong><\/p>\n\n\n\n<p><strong>A CCR assume a concess\u00e3o da Rota Sorocabana dia 30 de mar\u00e7o e dar\u00e1 in\u00edcio a uma s\u00e9rie de benfeitorias na Rodovia Bunjiro Nakao, bem como sinaliza\u00e7\u00e3o de solo, recupera\u00e7\u00e3o de asfalto e adequa\u00e7\u00f5es de seguran\u00e7a. Feito isso, iniciar\u00e1, em conjunto com o munic\u00edpio o processo de duplica\u00e7\u00e3o da via no trecho entre Vargem Grande Paulista e Ibi\u00fana.<\/strong><\/p>\n\n\n\n<p><strong>DESENVOLVIMENTO ECON\u00d4MICO<\/strong><\/p>\n\n\n\n<p><strong>\u201cEstou muito feliz com essa conquista e ainda mais por dar in\u00edcio a constru\u00e7\u00e3o do projeto de duplica\u00e7\u00e3o da Av. Ant\u00f4nio Falci em conjunto com a CCR. Estamos trabalhando firme! E se acostumem, Ibi\u00fana vai viver um per\u00edodo de desenvolvimento econ\u00f4mico acelerado, com novos investimentos, gera\u00e7\u00e3o de empregos e melhoria na qualidade de vida da nossa gente. Agora, a Prefeitura trabalha para voc\u00ea\u201d, afirmou o prefeito.<\/strong><\/p>\n\n\n\n<p><strong>O encontro contou com a presen\u00e7a dos prefeitos de Sorocaba, Rodrigo Manga; S\u00e3o Roque, Guto Issa; Piedade, Geraldo Pinto de Camargo Filho; Ara\u00e7oiaba da Serra, Dr. Jos\u00e9 Carlos Quevedo &nbsp;Jr.; Pilar do Sul, Clayton Machado; e do deputado estadual Ant\u00f4nio Donato.<\/strong><\/p>\n","protected":false},"excerpt":{"rendered":"<p>O prefeito de Ibi\u00fana M\u00e1rio Pires fez dois importantes an\u00fancios para a infraestrutura da cidade, nesta quarta-feira (26), ap\u00f3s participar<\/p>\n","protected":false},"author":1,"featured_media":33273,"comment_status":"open","ping_status":"open","sticky":false,"template":"","format":"standard","meta":[],"categories":[3],"tags":[],"yoast_head":"<!-- This site is optimized with the Yoast SEO plugin v15.8 - https:\/\/yoast.com\/wordpress\/plugins\/seo\/ -->\n<title>M\u00c1RIO PIRES ANUNCIA DUPLICA\u00c7\u00c3O DA AV. ANT\u00d4NIO FALCI E DA BUNJIRO NAKAO - Revista Vitrine Online<\/title>\n<meta name=\"robots\" content=\"index, follow, max-snippet:-1, max-image-preview:large, max-video-preview:-1\" \/>\n<link rel=\"canonical\" href=\"https:\/\/revistavitrineibiuna.com.br\/?p=33272\" \/>\n<meta property=\"og:locale\" content=\"pt_BR\" \/>\n<meta property=\"og:type\" content=\"article\" \/>\n<meta property=\"og:title\" content=\"M\u00c1RIO PIRES ANUNCIA DUPLICA\u00c7\u00c3O DA AV. ANT\u00d4NIO FALCI E DA BUNJIRO NAKAO - Revista Vitrine Online\" \/>\n<meta property=\"og:description\" content=\"O prefeito de Ibi\u00fana M\u00e1rio Pires fez dois importantes an\u00fancios para a infraestrutura da cidade, nesta quarta-feira (26), ap\u00f3s participar\" \/>\n<meta property=\"og:url\" content=\"https:\/\/revistavitrineibiuna.com.br\/?p=33272\" \/>\n<meta property=\"og:site_name\" content=\"Revista Vitrine Online\" \/>\n<meta property=\"article:published_time\" content=\"2025-03-26T21:19:46+00:00\" \/>\n<meta property=\"article:modified_time\" content=\"2025-03-26T21:19:47+00:00\" \/>\n<meta property=\"og:image\" content=\"https:\/\/revistavitrineibiuna.com.br\/wp-content\/uploads\/2025\/03\/79643c03-0546-4742-9b48-6b24353c74e1-scaled.jpg\" \/>\n\t<meta property=\"og:image:width\" content=\"2560\" \/>\n\t<meta property=\"og:image:height\" content=\"1440\" \/>\n<meta name=\"twitter:card\" content=\"summary\" \/>\n<meta name=\"twitter:label1\" content=\"Est. reading time\">\n\t<meta name=\"twitter:data1\" content=\"2 minutos\">\n<script type=\"application\/ld+json\" class=\"yoast-schema-graph\">{\"@context\":\"https:\/\/schema.org\",\"@graph\":[{\"@type\":\"WebSite\",\"@id\":\"https:\/\/revistavitrineibiuna.com.br\/#website\",\"url\":\"https:\/\/revistavitrineibiuna.com.br\/\",\"name\":\"Revista Vitrine Ibi\\u00fana\",\"description\":\"A Revista de Ibi\\u00fana e Regi\\u00e3o\",\"publisher\":{\"@id\":\"https:\/\/revistavitrineibiuna.com.br\/#\/schema\/person\/e51ef49d6d88170ea21ceabff3f73deb\"},\"potentialAction\":[{\"@type\":\"SearchAction\",\"target\":\"https:\/\/revistavitrineibiuna.com.br\/?s={search_term_string}\",\"query-input\":\"required name=search_term_string\"}],\"inLanguage\":\"pt-BR\"},{\"@type\":\"ImageObject\",\"@id\":\"https:\/\/revistavitrineibiuna.com.br\/?p=33272#primaryimage\",\"inLanguage\":\"pt-BR\",\"url\":\"https:\/\/revistavitrineibiuna.com.br\/wp-content\/uploads\/2025\/03\/79643c03-0546-4742-9b48-6b24353c74e1-scaled.jpg\",\"width\":2560,\"height\":1440},{\"@type\":\"WebPage\",\"@id\":\"https:\/\/revistavitrineibiuna.com.br\/?p=33272#webpage\",\"url\":\"https:\/\/revistavitrineibiuna.com.br\/?p=33272\",\"name\":\"M\\u00c1RIO PIRES ANUNCIA DUPLICA\\u00c7\\u00c3O DA AV. ANT\\u00d4NIO FALCI E DA BUNJIRO NAKAO - Revista Vitrine Online\",\"isPartOf\":{\"@id\":\"https:\/\/revistavitrineibiuna.com.br\/#website\"},\"primaryImageOfPage\":{\"@id\":\"https:\/\/revistavitrineibiuna.com.br\/?p=33272#primaryimage\"},\"datePublished\":\"2025-03-26T21:19:46+00:00\",\"dateModified\":\"2025-03-26T21:19:47+00:00\",\"breadcrumb\":{\"@id\":\"https:\/\/revistavitrineibiuna.com.br\/?p=33272#breadcrumb\"},\"inLanguage\":\"pt-BR\",\"potentialAction\":[{\"@type\":\"ReadAction\",\"target\":[\"https:\/\/revistavitrineibiuna.com.br\/?p=33272\"]}]},{\"@type\":\"BreadcrumbList\",\"@id\":\"https:\/\/revistavitrineibiuna.com.br\/?p=33272#breadcrumb\",\"itemListElement\":[{\"@type\":\"ListItem\",\"position\":1,\"item\":{\"@type\":\"WebPage\",\"@id\":\"https:\/\/revistavitrineibiuna.com.br\/\",\"url\":\"https:\/\/revistavitrineibiuna.com.br\/\",\"name\":\"In\\u00edcio\"}},{\"@type\":\"ListItem\",\"position\":2,\"item\":{\"@type\":\"WebPage\",\"@id\":\"https:\/\/revistavitrineibiuna.com.br\/?p=33272\",\"url\":\"https:\/\/revistavitrineibiuna.com.br\/?p=33272\",\"name\":\"M\\u00c1RIO PIRES ANUNCIA DUPLICA\\u00c7\\u00c3O DA AV. ANT\\u00d4NIO FALCI E DA BUNJIRO NAKAO\"}}]},{\"@type\":\"Article\",\"@id\":\"https:\/\/revistavitrineibiuna.com.br\/?p=33272#article\",\"isPartOf\":{\"@id\":\"https:\/\/revistavitrineibiuna.com.br\/?p=33272#webpage\"},\"author\":{\"@id\":\"https:\/\/revistavitrineibiuna.com.br\/#\/schema\/person\/e51ef49d6d88170ea21ceabff3f73deb\"},\"headline\":\"M\\u00c1RIO PIRES ANUNCIA DUPLICA\\u00c7\\u00c3O DA AV. ANT\\u00d4NIO FALCI E DA BUNJIRO NAKAO\",\"datePublished\":\"2025-03-26T21:19:46+00:00\",\"dateModified\":\"2025-03-26T21:19:47+00:00\",\"mainEntityOfPage\":{\"@id\":\"https:\/\/revistavitrineibiuna.com.br\/?p=33272#webpage\"},\"commentCount\":0,\"publisher\":{\"@id\":\"https:\/\/revistavitrineibiuna.com.br\/#\/schema\/person\/e51ef49d6d88170ea21ceabff3f73deb\"},\"image\":{\"@id\":\"https:\/\/revistavitrineibiuna.com.br\/?p=33272#primaryimage\"},\"articleSection\":\"Not\\u00edcias\",\"inLanguage\":\"pt-BR\",\"potentialAction\":[{\"@type\":\"CommentAction\",\"name\":\"Comment\",\"target\":[\"https:\/\/revistavitrineibiuna.com.br\/?p=33272#respond\"]}]},{\"@type\":[\"Person\",\"Organization\"],\"@id\":\"https:\/\/revistavitrineibiuna.com.br\/#\/schema\/person\/e51ef49d6d88170ea21ceabff3f73deb\",\"name\":\"Carlos Rossini\",\"image\":{\"@type\":\"ImageObject\",\"@id\":\"https:\/\/revistavitrineibiuna.com.br\/#personlogo\",\"inLanguage\":\"pt-BR\",\"url\":\"https:\/\/secure.gravatar.com\/avatar\/4f2d0f99fac1f85c7d643f21f5c8d900?s=96&d=mm&r=g\",\"caption\":\"Carlos Rossini\"},\"logo\":{\"@id\":\"https:\/\/revistavitrineibiuna.com.br\/#personlogo\"},\"description\":\"Carlos Rossini \\u00e9 jornalista, soci\\u00f3logo, escritor e professor universit\\u00e1rio, tendo sido professor de jornalismo por vinte anos. Trabalhou em ve\\u00edculos de comunica\\u00e7\\u00e3o nas fun\\u00e7\\u00f5es de rep\\u00f3rter, redator, editor, articulista e colaborador, como Folha de S. Paulo, O Estado de S. Paulo, Di\\u00e1rio Popular, entre outros. Ao transferir a revista vitrine, vers\\u00e3o imprensa, de S\\u00e3o Paulo para Ibi\\u00fana h\\u00e1 alguns anos, iniciou uma nova experi\\u00eancia profissional, dedicando-se ao jornalismo regional, depois de cumprir uma trajet\\u00f3ria bem-sucedida na grande imprensa brasileira. Seu primeiro livro A Coragem de Comunicar foi lan\\u00e7ado na Bienal do Livro em S\\u00e3o Paulo no ano 2000, pela editora Madras.\"}]}<\/script>\n<!-- \/ Yoast SEO plugin. -->","_links":{"self":[{"href":"https:\/\/revistavitrineibiuna.com.br\/index.php?rest_route=\/wp\/v2\/posts\/33272"}],"collection":[{"href":"https:\/\/revistavitrineibiuna.com.br\/index.php?rest_route=\/wp\/v2\/posts"}],"about":[{"href":"https:\/\/revistavitrineibiuna.com.br\/index.php?rest_route=\/wp\/v2\/types\/post"}],"author":[{"embeddable":true,"href":"https:\/\/revistavitrineibiuna.com.br\/index.php?rest_route=\/wp\/v2\/users\/1"}],"replies":[{"embeddable":true,"href":"https:\/\/revistavitrineibiuna.com.br\/index.php?rest_route=%2Fwp%2Fv2%2Fcomments&post=33272"}],"version-history":[{"count":1,"href":"https:\/\/revistavitrineibiuna.com.br\/index.php?rest_route=\/wp\/v2\/posts\/33272\/revisions"}],"predecessor-version":[{"id":33274,"href":"https:\/\/revistavitrineibiuna.com.br\/index.php?rest_route=\/wp\/v2\/posts\/33272\/revisions\/33274"}],"wp:featuredmedia":[{"embeddable":true,"href":"https:\/\/revistavitrineibiuna.com.br\/index.php?rest_route=\/wp\/v2\/media\/33273"}],"wp:attachment":[{"href":"https:\/\/revistavitrineibiuna.com.br\/index.php?rest_route=%2Fwp%2Fv2%2Fmedia&parent=33272"}],"wp:term":[{"taxonomy":"category","embeddable":true,"href":"https:\/\/revistavitrineibiuna.com.br\/index.php?rest_route=%2Fwp%2Fv2%2Fcategories&post=33272"},{"taxonomy":"post_tag","embeddable":true,"href":"https:\/\/revistavitrineibiuna.com.br\/index.php?rest_route=%2Fwp%2Fv2%2Ftags&post=33272"}],"curies":[{"name":"wp","href":"https:\/\/api.w.org\/{rel}","templated":true}]}}