{"id":33275,"date":"2025-03-28T08:36:27","date_gmt":"2025-03-28T11:36:27","guid":{"rendered":"http:\/\/revistavitrineibiuna.com.br\/?p=33275"},"modified":"2025-03-28T08:36:28","modified_gmt":"2025-03-28T11:36:28","slug":"ibiuna-168-anos-300-atletas-participam-neste-domingo-da-23a-corrida-e-caminhada","status":"publish","type":"post","link":"https:\/\/revistavitrineibiuna.com.br\/?p=33275","title":{"rendered":"IBI\u00daNA 168 ANOS &#8211; 300 ATLETAS PARTICIPAM NESTE DOMINGO DA 23\u00aa CORRIDA E CAMINHADA"},"content":{"rendered":"\n<p class=\"has-drop-cap\">Em comemora\u00e7\u00e3o ao seu 168\u00ba anivers\u00e1rio, Ibi\u00fana promove neste domingo (30) a 23\u00aa Corrida e Caminhada, evento tradicional na cidade. A largada est\u00e1 prevista para as 7h30. Mais&nbsp; de mais de 300 atletas se inscreveram.<\/p>\n\n\n\n<p>A novidade deste ano \u00e9 o local de partida: em frente \u00e0 Capelinha do Bom Jesus, um dos principais pontos tur\u00edsticos de Ibi\u00fana. O prefeito M\u00e1rio Pires ressaltou que a escolha do local visa n\u00e3o s\u00f3 fomentar o esporte, mas tamb\u00e9m valorizar as belezas da cidade. Ele disse:<\/p>\n\n\n\n<p>\u201cEste ano queremos proporcionar aos corredores um trajeto mais encantador, valorizando a Capelinha que \u00e9 s\u00edmbolo do turismo e da hist\u00f3ria da cidade\u201d.<\/p>\n\n\n\n<p>Em nota, a Prefeitura informa que a retirada dos kits para os atletas locais ser\u00e1 realizada neste s\u00e1bado, 29 de mar\u00e7o, das 13h \u00e0s 16h, em frente \u00e0 Capelinha. J\u00e1 para os atletas de outras cidades, a distribui\u00e7\u00e3o dos kits ser\u00e1 feita no pr\u00f3prio domingo, entre as 5h30 e 6h, tamb\u00e9m em frente ao ponto de largada.<\/p>\n\n\n\n<p>O aquecimento ser\u00e1 realizado \u00e0s 7h, garantindo que todos os participantes estejam preparados para o desafio. Al\u00e9m disso, a organiza\u00e7\u00e3o disponibilizar\u00e1 guarda-volumes para os atletas, proporcionando mais comodidade durante a participa\u00e7\u00e3o na prova.<\/p>\n\n\n\n<p>A 23\u00aa Corrida e Caminhada de Anivers\u00e1rio de Ibi\u00fana se consolidou como um evento tradicional no calend\u00e1rio da cidade, reunindo corredores de diferentes localidades. A expectativa \u00e9 de que a corrida seja mais uma vez um grande sucesso.<\/p>\n","protected":false},"excerpt":{"rendered":"<p>Em comemora\u00e7\u00e3o ao seu 168\u00ba anivers\u00e1rio, Ibi\u00fana promove neste domingo (30) a 23\u00aa Corrida e Caminhada, evento tradicional na cidade.<\/p>\n","protected":false},"author":1,"featured_media":33276,"comment_status":"open","ping_status":"open","sticky":false,"template":"","format":"standard","meta":[],"categories":[3],"tags":[],"yoast_head":"<!-- This site is optimized with the Yoast SEO plugin v15.8 - https:\/\/yoast.com\/wordpress\/plugins\/seo\/ -->\n<title>IBI\u00daNA 168 ANOS - 300 ATLETAS PARTICIPAM NESTE DOMINGO DA 23\u00aa CORRIDA E CAMINHADA - Revista Vitrine Online<\/title>\n<meta name=\"robots\" content=\"index, follow, max-snippet:-1, max-image-preview:large, max-video-preview:-1\" \/>\n<link rel=\"canonical\" href=\"http:\/\/revistavitrineibiuna.com.br\/?p=33275\" \/>\n<meta property=\"og:locale\" content=\"pt_BR\" \/>\n<meta property=\"og:type\" content=\"article\" \/>\n<meta property=\"og:title\" content=\"IBI\u00daNA 168 ANOS - 300 ATLETAS PARTICIPAM NESTE DOMINGO DA 23\u00aa CORRIDA E CAMINHADA - Revista Vitrine Online\" \/>\n<meta property=\"og:description\" content=\"Em comemora\u00e7\u00e3o ao seu 168\u00ba anivers\u00e1rio, Ibi\u00fana promove neste domingo (30) a 23\u00aa Corrida e Caminhada, evento tradicional na cidade.\" \/>\n<meta property=\"og:url\" content=\"http:\/\/revistavitrineibiuna.com.br\/?p=33275\" \/>\n<meta property=\"og:site_name\" content=\"Revista Vitrine Online\" \/>\n<meta property=\"article:published_time\" content=\"2025-03-28T11:36:27+00:00\" \/>\n<meta property=\"article:modified_time\" content=\"2025-03-28T11:36:28+00:00\" \/>\n<meta property=\"og:image\" content=\"https:\/\/revistavitrineibiuna.com.br\/wp-content\/uploads\/2025\/03\/corrida-e-caminhada.png\" \/>\n\t<meta property=\"og:image:width\" content=\"934\" \/>\n\t<meta property=\"og:image:height\" content=\"627\" \/>\n<meta name=\"twitter:card\" content=\"summary\" \/>\n<meta name=\"twitter:label1\" content=\"Est. reading time\">\n\t<meta name=\"twitter:data1\" content=\"2 minutos\">\n<script type=\"application\/ld+json\" class=\"yoast-schema-graph\">{\"@context\":\"https:\/\/schema.org\",\"@graph\":[{\"@type\":\"WebSite\",\"@id\":\"https:\/\/revistavitrineibiuna.com.br\/#website\",\"url\":\"https:\/\/revistavitrineibiuna.com.br\/\",\"name\":\"Revista Vitrine Ibi\\u00fana\",\"description\":\"A Revista de Ibi\\u00fana e Regi\\u00e3o\",\"publisher\":{\"@id\":\"https:\/\/revistavitrineibiuna.com.br\/#\/schema\/person\/e51ef49d6d88170ea21ceabff3f73deb\"},\"potentialAction\":[{\"@type\":\"SearchAction\",\"target\":\"https:\/\/revistavitrineibiuna.com.br\/?s={search_term_string}\",\"query-input\":\"required name=search_term_string\"}],\"inLanguage\":\"pt-BR\"},{\"@type\":\"ImageObject\",\"@id\":\"http:\/\/revistavitrineibiuna.com.br\/?p=33275#primaryimage\",\"inLanguage\":\"pt-BR\",\"url\":\"https:\/\/revistavitrineibiuna.com.br\/wp-content\/uploads\/2025\/03\/corrida-e-caminhada.png\",\"width\":934,\"height\":627},{\"@type\":\"WebPage\",\"@id\":\"http:\/\/revistavitrineibiuna.com.br\/?p=33275#webpage\",\"url\":\"http:\/\/revistavitrineibiuna.com.br\/?p=33275\",\"name\":\"IBI\\u00daNA 168 ANOS - 300 ATLETAS PARTICIPAM NESTE DOMINGO DA 23\\u00aa CORRIDA E CAMINHADA - Revista Vitrine Online\",\"isPartOf\":{\"@id\":\"https:\/\/revistavitrineibiuna.com.br\/#website\"},\"primaryImageOfPage\":{\"@id\":\"http:\/\/revistavitrineibiuna.com.br\/?p=33275#primaryimage\"},\"datePublished\":\"2025-03-28T11:36:27+00:00\",\"dateModified\":\"2025-03-28T11:36:28+00:00\",\"breadcrumb\":{\"@id\":\"http:\/\/revistavitrineibiuna.com.br\/?p=33275#breadcrumb\"},\"inLanguage\":\"pt-BR\",\"potentialAction\":[{\"@type\":\"ReadAction\",\"target\":[\"http:\/\/revistavitrineibiuna.com.br\/?p=33275\"]}]},{\"@type\":\"BreadcrumbList\",\"@id\":\"http:\/\/revistavitrineibiuna.com.br\/?p=33275#breadcrumb\",\"itemListElement\":[{\"@type\":\"ListItem\",\"position\":1,\"item\":{\"@type\":\"WebPage\",\"@id\":\"https:\/\/revistavitrineibiuna.com.br\/\",\"url\":\"https:\/\/revistavitrineibiuna.com.br\/\",\"name\":\"In\\u00edcio\"}},{\"@type\":\"ListItem\",\"position\":2,\"item\":{\"@type\":\"WebPage\",\"@id\":\"http:\/\/revistavitrineibiuna.com.br\/?p=33275\",\"url\":\"http:\/\/revistavitrineibiuna.com.br\/?p=33275\",\"name\":\"IBI\\u00daNA 168 ANOS &#8211; 300 ATLETAS PARTICIPAM NESTE DOMINGO DA 23\\u00aa CORRIDA E CAMINHADA\"}}]},{\"@type\":\"Article\",\"@id\":\"http:\/\/revistavitrineibiuna.com.br\/?p=33275#article\",\"isPartOf\":{\"@id\":\"http:\/\/revistavitrineibiuna.com.br\/?p=33275#webpage\"},\"author\":{\"@id\":\"https:\/\/revistavitrineibiuna.com.br\/#\/schema\/person\/e51ef49d6d88170ea21ceabff3f73deb\"},\"headline\":\"IBI\\u00daNA 168 ANOS &#8211; 300 ATLETAS PARTICIPAM NESTE DOMINGO DA 23\\u00aa CORRIDA E CAMINHADA\",\"datePublished\":\"2025-03-28T11:36:27+00:00\",\"dateModified\":\"2025-03-28T11:36:28+00:00\",\"mainEntityOfPage\":{\"@id\":\"http:\/\/revistavitrineibiuna.com.br\/?p=33275#webpage\"},\"commentCount\":0,\"publisher\":{\"@id\":\"https:\/\/revistavitrineibiuna.com.br\/#\/schema\/person\/e51ef49d6d88170ea21ceabff3f73deb\"},\"image\":{\"@id\":\"http:\/\/revistavitrineibiuna.com.br\/?p=33275#primaryimage\"},\"articleSection\":\"Not\\u00edcias\",\"inLanguage\":\"pt-BR\",\"potentialAction\":[{\"@type\":\"CommentAction\",\"name\":\"Comment\",\"target\":[\"http:\/\/revistavitrineibiuna.com.br\/?p=33275#respond\"]}]},{\"@type\":[\"Person\",\"Organization\"],\"@id\":\"https:\/\/revistavitrineibiuna.com.br\/#\/schema\/person\/e51ef49d6d88170ea21ceabff3f73deb\",\"name\":\"Carlos Rossini\",\"image\":{\"@type\":\"ImageObject\",\"@id\":\"https:\/\/revistavitrineibiuna.com.br\/#personlogo\",\"inLanguage\":\"pt-BR\",\"url\":\"https:\/\/secure.gravatar.com\/avatar\/4f2d0f99fac1f85c7d643f21f5c8d900?s=96&d=mm&r=g\",\"caption\":\"Carlos Rossini\"},\"logo\":{\"@id\":\"https:\/\/revistavitrineibiuna.com.br\/#personlogo\"},\"description\":\"Carlos Rossini \\u00e9 jornalista, soci\\u00f3logo, escritor e professor universit\\u00e1rio, tendo sido professor de jornalismo por vinte anos. Trabalhou em ve\\u00edculos de comunica\\u00e7\\u00e3o nas fun\\u00e7\\u00f5es de rep\\u00f3rter, redator, editor, articulista e colaborador, como Folha de S. Paulo, O Estado de S. Paulo, Di\\u00e1rio Popular, entre outros. Ao transferir a revista vitrine, vers\\u00e3o imprensa, de S\\u00e3o Paulo para Ibi\\u00fana h\\u00e1 alguns anos, iniciou uma nova experi\\u00eancia profissional, dedicando-se ao jornalismo regional, depois de cumprir uma trajet\\u00f3ria bem-sucedida na grande imprensa brasileira. Seu primeiro livro A Coragem de Comunicar foi lan\\u00e7ado na Bienal do Livro em S\\u00e3o Paulo no ano 2000, pela editora Madras.\"}]}<\/script>\n<!-- \/ Yoast SEO plugin. -->","_links":{"self":[{"href":"https:\/\/revistavitrineibiuna.com.br\/index.php?rest_route=\/wp\/v2\/posts\/33275"}],"collection":[{"href":"https:\/\/revistavitrineibiuna.com.br\/index.php?rest_route=\/wp\/v2\/posts"}],"about":[{"href":"https:\/\/revistavitrineibiuna.com.br\/index.php?rest_route=\/wp\/v2\/types\/post"}],"author":[{"embeddable":true,"href":"https:\/\/revistavitrineibiuna.com.br\/index.php?rest_route=\/wp\/v2\/users\/1"}],"replies":[{"embeddable":true,"href":"https:\/\/revistavitrineibiuna.com.br\/index.php?rest_route=%2Fwp%2Fv2%2Fcomments&post=33275"}],"version-history":[{"count":1,"href":"https:\/\/revistavitrineibiuna.com.br\/index.php?rest_route=\/wp\/v2\/posts\/33275\/revisions"}],"predecessor-version":[{"id":33277,"href":"https:\/\/revistavitrineibiuna.com.br\/index.php?rest_route=\/wp\/v2\/posts\/33275\/revisions\/33277"}],"wp:featuredmedia":[{"embeddable":true,"href":"https:\/\/revistavitrineibiuna.com.br\/index.php?rest_route=\/wp\/v2\/media\/33276"}],"wp:attachment":[{"href":"https:\/\/revistavitrineibiuna.com.br\/index.php?rest_route=%2Fwp%2Fv2%2Fmedia&parent=33275"}],"wp:term":[{"taxonomy":"category","embeddable":true,"href":"https:\/\/revistavitrineibiuna.com.br\/index.php?rest_route=%2Fwp%2Fv2%2Fcategories&post=33275"},{"taxonomy":"post_tag","embeddable":true,"href":"https:\/\/revistavitrineibiuna.com.br\/index.php?rest_route=%2Fwp%2Fv2%2Ftags&post=33275"}],"curies":[{"name":"wp","href":"https:\/\/api.w.org\/{rel}","templated":true}]}}