{"id":33278,"date":"2025-03-28T12:56:01","date_gmt":"2025-03-28T15:56:01","guid":{"rendered":"http:\/\/revistavitrineibiuna.com.br\/?p=33278"},"modified":"2025-03-28T13:10:08","modified_gmt":"2025-03-28T16:10:08","slug":"ibiuna-policia-investiga-caso-do-feto-encontrado-no-hospital-municipal","status":"publish","type":"post","link":"https:\/\/revistavitrineibiuna.com.br\/?p=33278","title":{"rendered":"IBI\u00daNA &#8211; POL\u00cdCIA INVESTIGA CASO DO FETO ENCONTRADO NO HOSPITAL MUNICIPAL"},"content":{"rendered":"\n<p class=\"has-drop-cap\"><strong>A Pol\u00edcia Civil e Cientifica est\u00e1 investigando o estranho caso de um feto que encontrado em um vaso sanit\u00e1rio de um banheiro do Hospital Municipal de Ibi\u00fana.<\/strong><\/p>\n\n\n\n<p><strong>O Boletim de Ocorr\u00eancia foi registrado pela pr\u00f3pria municipalidade que identificou o suposto crime por acaso, nesta quinta-feira (27), j\u00e1 que n\u00e3o houve nenhum registro de atendimento m\u00e9dico de gestantes passando mal ou de aborto.<\/strong><\/p>\n\n\n\n<p><strong>De acordo com nota enviada pela Prefeitura, a equipe de limpeza identificou que o vaso sanit\u00e1rio estava entupido e acionou a manuten\u00e7\u00e3o. No ato de desentupimento, foi notado a presen\u00e7a de um feto humano obstruindo o vaso. Ent\u00e3o, a municipalidade parou o procedimento e acionou a pol\u00edcia para averiguar o caso. Um especialista cortou o vaso sanit\u00e1rio e retirou o feto do local para per\u00edcia.<\/strong><\/p>\n\n\n\n<p><strong>Todas as imagens internas e registros de pacientes foram entregues \u00e0s autoridades. \u00c0 vitrine online, a Prefeitura afirmou que est\u00e1 totalmente \u00e0 disposi\u00e7\u00e3o para averigua\u00e7\u00e3o dos fatos e que \u00e9 a maior interessada na solu\u00e7\u00e3o do suposto crime e responsabiliza\u00e7\u00e3o dos culpados.<\/strong><\/p>\n\n\n\n<p><strong>Uma das hip\u00f3teses aventadas, j\u00e1 que caber\u00e1 a pol\u00edcia realizar a investiga\u00e7\u00e3o, seria uma jovem que esteve presente no Hospital Municipal, por\u00e9m n\u00e3o teria sido atendida por nenhuma m\u00e9dico.<\/strong><\/p>\n\n\n\n<p><strong>A suspeita diz respeito \u00e9 de que \u201cpossa ter ocorrido um aborto clandestino e o feto desovado no local\u201d. A presen\u00e7a no centro de sa\u00fade seria uma precau\u00e7\u00e3o, j\u00e1 que abortos clandestinos, al\u00e9m de serem crimes, s\u00e3o altamente ofensivos \u00e0 sa\u00fade da mulher e com alto risco de morte.<\/strong><\/p>\n\n\n\n<p class=\"has-drop-cap\"><strong>Vitrine online enc<\/strong>aminhou pedido de informa\u00e7\u00e3o a respeito desse fato \u00e0 Delegacia de Pol\u00edcia e atualizar\u00e1 esta not\u00edcia assim que receber o retorno.<\/p>\n","protected":false},"excerpt":{"rendered":"<p>A Pol\u00edcia Civil e Cientifica est\u00e1 investigando o estranho caso de um feto que encontrado em um vaso sanit\u00e1rio de<\/p>\n","protected":false},"author":1,"featured_media":33279,"comment_status":"open","ping_status":"open","sticky":false,"template":"","format":"standard","meta":[],"categories":[3],"tags":[],"yoast_head":"<!-- This site is optimized with the Yoast SEO plugin v15.8 - https:\/\/yoast.com\/wordpress\/plugins\/seo\/ -->\n<title>IBI\u00daNA - POL\u00cdCIA INVESTIGA CASO DO FETO ENCONTRADO NO HOSPITAL MUNICIPAL - Revista Vitrine Online<\/title>\n<meta name=\"robots\" content=\"index, follow, max-snippet:-1, max-image-preview:large, max-video-preview:-1\" \/>\n<link rel=\"canonical\" href=\"http:\/\/revistavitrineibiuna.com.br\/?p=33278\" \/>\n<meta property=\"og:locale\" content=\"pt_BR\" \/>\n<meta property=\"og:type\" content=\"article\" \/>\n<meta property=\"og:title\" content=\"IBI\u00daNA - POL\u00cdCIA INVESTIGA CASO DO FETO ENCONTRADO NO HOSPITAL MUNICIPAL - Revista Vitrine Online\" \/>\n<meta property=\"og:description\" content=\"A Pol\u00edcia Civil e Cientifica est\u00e1 investigando o estranho caso de um feto que encontrado em um vaso sanit\u00e1rio de\" \/>\n<meta property=\"og:url\" content=\"http:\/\/revistavitrineibiuna.com.br\/?p=33278\" \/>\n<meta property=\"og:site_name\" content=\"Revista Vitrine Online\" \/>\n<meta property=\"article:published_time\" content=\"2025-03-28T15:56:01+00:00\" \/>\n<meta property=\"article:modified_time\" content=\"2025-03-28T16:10:08+00:00\" \/>\n<meta property=\"og:image\" content=\"https:\/\/revistavitrineibiuna.com.br\/wp-content\/uploads\/2025\/03\/hospital-municipal.png\" \/>\n\t<meta property=\"og:image:width\" content=\"1024\" \/>\n\t<meta property=\"og:image:height\" content=\"588\" \/>\n<meta name=\"twitter:card\" content=\"summary\" \/>\n<meta name=\"twitter:label1\" content=\"Est. reading time\">\n\t<meta name=\"twitter:data1\" content=\"2 minutos\">\n<script type=\"application\/ld+json\" class=\"yoast-schema-graph\">{\"@context\":\"https:\/\/schema.org\",\"@graph\":[{\"@type\":\"WebSite\",\"@id\":\"https:\/\/revistavitrineibiuna.com.br\/#website\",\"url\":\"https:\/\/revistavitrineibiuna.com.br\/\",\"name\":\"Revista Vitrine Ibi\\u00fana\",\"description\":\"A Revista de Ibi\\u00fana e Regi\\u00e3o\",\"publisher\":{\"@id\":\"https:\/\/revistavitrineibiuna.com.br\/#\/schema\/person\/e51ef49d6d88170ea21ceabff3f73deb\"},\"potentialAction\":[{\"@type\":\"SearchAction\",\"target\":\"https:\/\/revistavitrineibiuna.com.br\/?s={search_term_string}\",\"query-input\":\"required name=search_term_string\"}],\"inLanguage\":\"pt-BR\"},{\"@type\":\"ImageObject\",\"@id\":\"http:\/\/revistavitrineibiuna.com.br\/?p=33278#primaryimage\",\"inLanguage\":\"pt-BR\",\"url\":\"https:\/\/revistavitrineibiuna.com.br\/wp-content\/uploads\/2025\/03\/hospital-municipal.png\",\"width\":1024,\"height\":588},{\"@type\":\"WebPage\",\"@id\":\"http:\/\/revistavitrineibiuna.com.br\/?p=33278#webpage\",\"url\":\"http:\/\/revistavitrineibiuna.com.br\/?p=33278\",\"name\":\"IBI\\u00daNA - POL\\u00cdCIA INVESTIGA CASO DO FETO ENCONTRADO NO HOSPITAL MUNICIPAL - Revista Vitrine Online\",\"isPartOf\":{\"@id\":\"https:\/\/revistavitrineibiuna.com.br\/#website\"},\"primaryImageOfPage\":{\"@id\":\"http:\/\/revistavitrineibiuna.com.br\/?p=33278#primaryimage\"},\"datePublished\":\"2025-03-28T15:56:01+00:00\",\"dateModified\":\"2025-03-28T16:10:08+00:00\",\"breadcrumb\":{\"@id\":\"http:\/\/revistavitrineibiuna.com.br\/?p=33278#breadcrumb\"},\"inLanguage\":\"pt-BR\",\"potentialAction\":[{\"@type\":\"ReadAction\",\"target\":[\"http:\/\/revistavitrineibiuna.com.br\/?p=33278\"]}]},{\"@type\":\"BreadcrumbList\",\"@id\":\"http:\/\/revistavitrineibiuna.com.br\/?p=33278#breadcrumb\",\"itemListElement\":[{\"@type\":\"ListItem\",\"position\":1,\"item\":{\"@type\":\"WebPage\",\"@id\":\"https:\/\/revistavitrineibiuna.com.br\/\",\"url\":\"https:\/\/revistavitrineibiuna.com.br\/\",\"name\":\"In\\u00edcio\"}},{\"@type\":\"ListItem\",\"position\":2,\"item\":{\"@type\":\"WebPage\",\"@id\":\"http:\/\/revistavitrineibiuna.com.br\/?p=33278\",\"url\":\"http:\/\/revistavitrineibiuna.com.br\/?p=33278\",\"name\":\"IBI\\u00daNA &#8211; POL\\u00cdCIA INVESTIGA CASO DO FETO ENCONTRADO NO HOSPITAL MUNICIPAL\"}}]},{\"@type\":\"Article\",\"@id\":\"http:\/\/revistavitrineibiuna.com.br\/?p=33278#article\",\"isPartOf\":{\"@id\":\"http:\/\/revistavitrineibiuna.com.br\/?p=33278#webpage\"},\"author\":{\"@id\":\"https:\/\/revistavitrineibiuna.com.br\/#\/schema\/person\/e51ef49d6d88170ea21ceabff3f73deb\"},\"headline\":\"IBI\\u00daNA &#8211; POL\\u00cdCIA INVESTIGA CASO DO FETO ENCONTRADO NO HOSPITAL MUNICIPAL\",\"datePublished\":\"2025-03-28T15:56:01+00:00\",\"dateModified\":\"2025-03-28T16:10:08+00:00\",\"mainEntityOfPage\":{\"@id\":\"http:\/\/revistavitrineibiuna.com.br\/?p=33278#webpage\"},\"commentCount\":0,\"publisher\":{\"@id\":\"https:\/\/revistavitrineibiuna.com.br\/#\/schema\/person\/e51ef49d6d88170ea21ceabff3f73deb\"},\"image\":{\"@id\":\"http:\/\/revistavitrineibiuna.com.br\/?p=33278#primaryimage\"},\"articleSection\":\"Not\\u00edcias\",\"inLanguage\":\"pt-BR\",\"potentialAction\":[{\"@type\":\"CommentAction\",\"name\":\"Comment\",\"target\":[\"http:\/\/revistavitrineibiuna.com.br\/?p=33278#respond\"]}]},{\"@type\":[\"Person\",\"Organization\"],\"@id\":\"https:\/\/revistavitrineibiuna.com.br\/#\/schema\/person\/e51ef49d6d88170ea21ceabff3f73deb\",\"name\":\"Carlos Rossini\",\"image\":{\"@type\":\"ImageObject\",\"@id\":\"https:\/\/revistavitrineibiuna.com.br\/#personlogo\",\"inLanguage\":\"pt-BR\",\"url\":\"https:\/\/secure.gravatar.com\/avatar\/4f2d0f99fac1f85c7d643f21f5c8d900?s=96&d=mm&r=g\",\"caption\":\"Carlos Rossini\"},\"logo\":{\"@id\":\"https:\/\/revistavitrineibiuna.com.br\/#personlogo\"},\"description\":\"Carlos Rossini \\u00e9 jornalista, soci\\u00f3logo, escritor e professor universit\\u00e1rio, tendo sido professor de jornalismo por vinte anos. Trabalhou em ve\\u00edculos de comunica\\u00e7\\u00e3o nas fun\\u00e7\\u00f5es de rep\\u00f3rter, redator, editor, articulista e colaborador, como Folha de S. Paulo, O Estado de S. Paulo, Di\\u00e1rio Popular, entre outros. Ao transferir a revista vitrine, vers\\u00e3o imprensa, de S\\u00e3o Paulo para Ibi\\u00fana h\\u00e1 alguns anos, iniciou uma nova experi\\u00eancia profissional, dedicando-se ao jornalismo regional, depois de cumprir uma trajet\\u00f3ria bem-sucedida na grande imprensa brasileira. Seu primeiro livro A Coragem de Comunicar foi lan\\u00e7ado na Bienal do Livro em S\\u00e3o Paulo no ano 2000, pela editora Madras.\"}]}<\/script>\n<!-- \/ Yoast SEO plugin. -->","_links":{"self":[{"href":"https:\/\/revistavitrineibiuna.com.br\/index.php?rest_route=\/wp\/v2\/posts\/33278"}],"collection":[{"href":"https:\/\/revistavitrineibiuna.com.br\/index.php?rest_route=\/wp\/v2\/posts"}],"about":[{"href":"https:\/\/revistavitrineibiuna.com.br\/index.php?rest_route=\/wp\/v2\/types\/post"}],"author":[{"embeddable":true,"href":"https:\/\/revistavitrineibiuna.com.br\/index.php?rest_route=\/wp\/v2\/users\/1"}],"replies":[{"embeddable":true,"href":"https:\/\/revistavitrineibiuna.com.br\/index.php?rest_route=%2Fwp%2Fv2%2Fcomments&post=33278"}],"version-history":[{"count":2,"href":"https:\/\/revistavitrineibiuna.com.br\/index.php?rest_route=\/wp\/v2\/posts\/33278\/revisions"}],"predecessor-version":[{"id":33281,"href":"https:\/\/revistavitrineibiuna.com.br\/index.php?rest_route=\/wp\/v2\/posts\/33278\/revisions\/33281"}],"wp:featuredmedia":[{"embeddable":true,"href":"https:\/\/revistavitrineibiuna.com.br\/index.php?rest_route=\/wp\/v2\/media\/33279"}],"wp:attachment":[{"href":"https:\/\/revistavitrineibiuna.com.br\/index.php?rest_route=%2Fwp%2Fv2%2Fmedia&parent=33278"}],"wp:term":[{"taxonomy":"category","embeddable":true,"href":"https:\/\/revistavitrineibiuna.com.br\/index.php?rest_route=%2Fwp%2Fv2%2Fcategories&post=33278"},{"taxonomy":"post_tag","embeddable":true,"href":"https:\/\/revistavitrineibiuna.com.br\/index.php?rest_route=%2Fwp%2Fv2%2Ftags&post=33278"}],"curies":[{"name":"wp","href":"https:\/\/api.w.org\/{rel}","templated":true}]}}