{"id":33283,"date":"2025-03-30T12:36:57","date_gmt":"2025-03-30T15:36:57","guid":{"rendered":"http:\/\/revistavitrineibiuna.com.br\/?p=33283"},"modified":"2025-03-30T15:32:59","modified_gmt":"2025-03-30T18:32:59","slug":"ccr-sorocabana-assume-gestao-da-bunjiro-nakao-com-servicos-aos-usuarios-24h","status":"publish","type":"post","link":"https:\/\/revistavitrineibiuna.com.br\/?p=33283","title":{"rendered":"CCR SOROCABANA ASSUME GEST\u00c3O DA BUNJIRO NAKAO COM SERVI\u00c7OS AOS USU\u00c1RIOS 24H"},"content":{"rendered":"\n<p class=\"has-drop-cap\"><strong>Desde as 00h deste domingo (30), a CCR Sorocabana, a mais nova concession\u00e1ria do Grupo CCR, passou a administrar a SP-250 em um trecho de 127,456 km, compreendendo os seguintes segmentos:<\/strong><\/p>\n\n\n\n<p><strong>\u2022&nbsp;&nbsp;&nbsp;&nbsp;&nbsp;&nbsp;&nbsp;&nbsp; Km 45 ao km 68+700<\/strong><\/p>\n\n\n\n<p><strong>\u2022&nbsp;&nbsp;&nbsp;&nbsp;&nbsp;&nbsp;&nbsp;&nbsp; Km 70+994 ao km 101+180<\/strong><\/p>\n\n\n\n<p><strong>\u2022&nbsp;&nbsp;&nbsp;&nbsp;&nbsp;&nbsp;&nbsp;&nbsp; Km 102+280 ao km 176+550<\/strong><\/p>\n\n\n\n<p><strong>Esse trecho da SP-250 \u00e9 composto por tr\u00eas rodovias importantes: Bunjiro Nakao (Vargem Grande Paulista-Piedade), Jos\u00e9 de Carvalho (Piedade-Pilar do Sul) e Nestor Foga\u00e7a (Pilar do Sul-S\u00e3o Miguel Arcanjo). A gest\u00e3o da CCR Sorocabana abranger\u00e1 toda a extens\u00e3o de 460 km de rodovias concedidas, sendo que a SP-250 representa 127,4 km desse total.<\/strong><\/p>\n\n\n\n<p><strong>Os munic\u00edpios atendidos nesse trecho da SP-250 incluem:<\/strong><\/p>\n\n\n\n<p><strong>\u2022&nbsp;&nbsp;&nbsp;&nbsp;&nbsp;&nbsp;&nbsp;&nbsp; Vargem Grande Paulista (km 45 ao km 48+950)<\/strong><\/p>\n\n\n\n<p><strong>\u2022&nbsp;&nbsp;&nbsp;&nbsp;&nbsp;&nbsp;&nbsp;&nbsp; Cotia (km 48+950 ao km 53+870)<\/strong><\/p>\n\n\n\n<p><strong>\u2022&nbsp;&nbsp;&nbsp;&nbsp;&nbsp;&nbsp;&nbsp;&nbsp; Ibi\u00fana (km 53+870 ao km 88+050)<\/strong><\/p>\n\n\n\n<p><strong>\u2022&nbsp;&nbsp;&nbsp;&nbsp;&nbsp;&nbsp;&nbsp;&nbsp; Piedade (km 88+050 ao km 124+910)<\/strong><\/p>\n\n\n\n<p><strong>\u2022&nbsp;&nbsp;&nbsp;&nbsp;&nbsp;&nbsp;&nbsp;&nbsp; Pilar do Sul (km 124+910 ao km 158+600)<\/strong><\/p>\n\n\n\n<p><strong>ATENDIMENTO AOS USU\u00c1RIOS<\/strong><\/p>\n\n\n\n<p><strong>Para garantir conforto, seguran\u00e7a e suporte aos motoristas que trafegam pela SP-250, a CCR Sorocabana disponibiliza 14 Postos de Servi\u00e7o de Atendimento ao Usu\u00e1rio (SAU) ao longo da concess\u00e3o, sendo quatro localizados no trecho espec\u00edfico da SP-250:<\/strong><\/p>\n\n\n\n<p><strong>\u2022&nbsp;&nbsp;&nbsp;&nbsp;&nbsp;&nbsp;&nbsp;&nbsp; SAU6 \u2013 SP-250 \u2013 Km 67 \u2013 pista sentido Oeste &#8211; Ibi\u00fana<\/strong><\/p>\n\n\n\n<p><strong>\u2022&nbsp;&nbsp;&nbsp;&nbsp;&nbsp;&nbsp;&nbsp;&nbsp; SAU7 \u2013 SP-250 \u2013 Km 103 \u2013 pista sentido Leste &#8211; Piedade<\/strong><\/p>\n\n\n\n<p><strong>\u2022&nbsp;&nbsp;&nbsp;&nbsp;&nbsp;&nbsp;&nbsp;&nbsp; SAU8 \u2013 SP-250 \u2013 Km 141 \u2013 pista sentido Oeste \u2013 Pilar do Sul<\/strong><\/p>\n\n\n\n<p><strong>\u2022&nbsp;&nbsp;&nbsp;&nbsp;&nbsp;&nbsp;&nbsp;&nbsp; SAU9 \u2013 SP-250 \u2013 Km 163 \u2013 pista sentido Leste \u2013 S\u00e3o Miguel Arcanjo<\/strong><\/p>\n\n\n\n<p><strong>Esses Postos SAU funcionam 24 horas por dia e contam com infraestrutura completa para o conforto dos motoristas, incluindo:<\/strong><\/p>\n\n\n\n<p><strong>\u2022&nbsp;&nbsp;&nbsp;&nbsp;&nbsp;&nbsp;&nbsp;&nbsp; Banheiros com acessibilidade<\/strong><\/p>\n\n\n\n<p><strong>\u2022&nbsp;&nbsp;&nbsp;&nbsp;&nbsp;&nbsp;&nbsp;&nbsp; Frald\u00e1rio<\/strong><\/p>\n\n\n\n<p><strong>\u2022&nbsp;&nbsp;&nbsp;&nbsp;&nbsp;&nbsp;&nbsp;&nbsp; \u00c1rea de descanso<\/strong><\/p>\n\n\n\n<p><strong>\u2022&nbsp;&nbsp;&nbsp;&nbsp;&nbsp;&nbsp;&nbsp;&nbsp; \u00c1gua pot\u00e1vel<\/strong><\/p>\n\n\n\n<p><strong>\u2022&nbsp;&nbsp;&nbsp;&nbsp;&nbsp;&nbsp;&nbsp;&nbsp; Estacionamento<\/strong><\/p>\n\n\n\n<p><strong>\u2022&nbsp;&nbsp;&nbsp;&nbsp;&nbsp;&nbsp;&nbsp;&nbsp; Totem de autoatendimento para contato direto com o Centro de Controle Operacional (CCO)<\/strong><\/p>\n\n\n\n<p><strong>\u2022&nbsp;&nbsp;&nbsp;&nbsp;&nbsp;&nbsp;&nbsp;&nbsp; Wi-Fi gratuito<\/strong><\/p>\n\n\n\n<p><strong>Al\u00e9m disso, a CCR Sorocabana disponibiliza um amplo servi\u00e7o de atendimento aos usu\u00e1rios, com 47 ve\u00edculos operacionais, incluindo viaturas de inspe\u00e7\u00e3o, guinchos, unidades de resgate e caminh\u00f5es-pipa, garantindo suporte mec\u00e2nico e emergencial ao longo de toda a rodovia.<\/strong><\/p>\n\n\n\n<p><strong>CANAIS DE ATENDIMENTO<\/strong><\/p>\n\n\n\n<p><strong>Os usu\u00e1rios podem entrar em contato com a CCR Sorocabana pelos seguintes canais:<\/strong><\/p>\n\n\n\n<p><strong>\u2022&nbsp;&nbsp;&nbsp;&nbsp;&nbsp;&nbsp;&nbsp;&nbsp; Telefone e WhatsApp: 0800 2527280<\/strong><\/p>\n\n\n\n<p><strong>\u2022&nbsp;&nbsp;&nbsp;&nbsp;&nbsp;&nbsp;&nbsp;&nbsp; Site institucional: www.ccrsorocabana.com.br<\/strong><\/p>\n\n\n\n<p><strong>\u2022&nbsp;&nbsp;&nbsp;&nbsp;&nbsp;&nbsp;&nbsp;&nbsp; Aplicativo \u201cCCR Rodovias\u201d: dispon\u00edvel para download na Apple Store e Google Play<\/strong><\/p>\n\n\n\n<p><strong>Com essa estrutura de atendimento, a CCR Sorocabana refor\u00e7a seu compromisso em proporcionar uma viagem mais segura, confort\u00e1vel e eficiente para todos os usu\u00e1rios da SP-250 e demais rodovias sob sua administra\u00e7\u00e3o, informa a CCR Sorocabana.<\/strong><\/p>\n\n\n\n<figure class=\"wp-block-image size-large\"><img loading=\"lazy\" width=\"1024\" height=\"768\" src=\"https:\/\/revistavitrineibiuna.com.br\/wp-content\/uploads\/2025\/03\/9c12c7a0-4637-4558-b377-7fbb3b5c5c4a-1024x768.jpg\" alt=\"\" class=\"wp-image-33286\" srcset=\"https:\/\/revistavitrineibiuna.com.br\/wp-content\/uploads\/2025\/03\/9c12c7a0-4637-4558-b377-7fbb3b5c5c4a-1024x768.jpg 1024w, https:\/\/revistavitrineibiuna.com.br\/wp-content\/uploads\/2025\/03\/9c12c7a0-4637-4558-b377-7fbb3b5c5c4a-300x225.jpg 300w, https:\/\/revistavitrineibiuna.com.br\/wp-content\/uploads\/2025\/03\/9c12c7a0-4637-4558-b377-7fbb3b5c5c4a-768x576.jpg 768w, https:\/\/revistavitrineibiuna.com.br\/wp-content\/uploads\/2025\/03\/9c12c7a0-4637-4558-b377-7fbb3b5c5c4a-1536x1152.jpg 1536w, https:\/\/revistavitrineibiuna.com.br\/wp-content\/uploads\/2025\/03\/9c12c7a0-4637-4558-b377-7fbb3b5c5c4a-320x240.jpg 320w, https:\/\/revistavitrineibiuna.com.br\/wp-content\/uploads\/2025\/03\/9c12c7a0-4637-4558-b377-7fbb3b5c5c4a.jpg 1600w\" sizes=\"(max-width: 1024px) 100vw, 1024px\" \/><figcaption>A CCR Sorocabana distribuiu guinchos para todas as rodovias sob sua gest\u00e3o a partir de hoje <\/figcaption><\/figure>\n\n\n\n<figure class=\"wp-block-image size-large\"><img loading=\"lazy\" width=\"768\" height=\"1024\" src=\"https:\/\/revistavitrineibiuna.com.br\/wp-content\/uploads\/2025\/03\/b9f9d1b2-2f31-4f5c-8589-24704823b02b-768x1024.jpg\" alt=\"\" class=\"wp-image-33290\" srcset=\"https:\/\/revistavitrineibiuna.com.br\/wp-content\/uploads\/2025\/03\/b9f9d1b2-2f31-4f5c-8589-24704823b02b-768x1024.jpg 768w, https:\/\/revistavitrineibiuna.com.br\/wp-content\/uploads\/2025\/03\/b9f9d1b2-2f31-4f5c-8589-24704823b02b-225x300.jpg 225w, https:\/\/revistavitrineibiuna.com.br\/wp-content\/uploads\/2025\/03\/b9f9d1b2-2f31-4f5c-8589-24704823b02b-1152x1536.jpg 1152w, https:\/\/revistavitrineibiuna.com.br\/wp-content\/uploads\/2025\/03\/b9f9d1b2-2f31-4f5c-8589-24704823b02b.jpg 1200w\" sizes=\"(max-width: 768px) 100vw, 768px\" \/><figcaption>Ambul\u00e2ncias j\u00e1 se enconram a servi\u00e7o dos usu\u00e1rios 24h, assim como os ghinchos na Rodovia Bunjiro Nakao<\/figcaption><\/figure>\n\n\n\n<p>Fotos: Comunica\u00e7\u00e3o\/CCR Sorocabana\/Texugo<\/p>\n\n\n\n<p><strong>P\u00d3RTICOS (&#8216;PED\u00c1GIOS)<\/strong><\/p>\n\n\n\n<p><strong>ATUALIZ<\/strong>A<strong>\u00c7\u00c3O \u00c0S 15h29: Vitrine online acaba de ser informada pela CCR Sorocabana que os p\u00f3rticos free flow (ped\u00e1gios eletr\u00f4nicos) somente come\u00e7ar\u00e3o a operar daqui a 2 anos.<\/strong><\/p>\n","protected":false},"excerpt":{"rendered":"<p>Desde as 00h deste domingo (30), a CCR Sorocabana, a mais nova concession\u00e1ria do Grupo CCR, passou a administrar a<\/p>\n","protected":false},"author":1,"featured_media":33284,"comment_status":"open","ping_status":"open","sticky":false,"template":"","format":"standard","meta":[],"categories":[3],"tags":[],"yoast_head":"<!-- This site is optimized with the Yoast SEO plugin v15.8 - https:\/\/yoast.com\/wordpress\/plugins\/seo\/ -->\n<title>CCR SOROCABANA ASSUME GEST\u00c3O DA BUNJIRO NAKAO COM SERVI\u00c7OS AOS USU\u00c1RIOS 24H - Revista Vitrine Online<\/title>\n<meta name=\"robots\" content=\"index, follow, max-snippet:-1, max-image-preview:large, max-video-preview:-1\" \/>\n<link rel=\"canonical\" href=\"https:\/\/revistavitrineibiuna.com.br\/?p=33283\" \/>\n<meta property=\"og:locale\" content=\"pt_BR\" \/>\n<meta property=\"og:type\" content=\"article\" \/>\n<meta property=\"og:title\" content=\"CCR SOROCABANA ASSUME GEST\u00c3O DA BUNJIRO NAKAO COM SERVI\u00c7OS AOS USU\u00c1RIOS 24H - Revista Vitrine Online\" \/>\n<meta property=\"og:description\" content=\"Desde as 00h deste domingo (30), a CCR Sorocabana, a mais nova concession\u00e1ria do Grupo CCR, passou a administrar a\" \/>\n<meta property=\"og:url\" content=\"https:\/\/revistavitrineibiuna.com.br\/?p=33283\" \/>\n<meta property=\"og:site_name\" content=\"Revista Vitrine Online\" \/>\n<meta property=\"article:published_time\" content=\"2025-03-30T15:36:57+00:00\" \/>\n<meta property=\"article:modified_time\" content=\"2025-03-30T18:32:59+00:00\" \/>\n<meta property=\"og:image\" content=\"https:\/\/revistavitrineibiuna.com.br\/wp-content\/uploads\/2025\/03\/ccr-aswsume-1.png\" \/>\n\t<meta property=\"og:image:width\" content=\"1462\" \/>\n\t<meta property=\"og:image:height\" content=\"891\" \/>\n<meta name=\"twitter:card\" content=\"summary\" \/>\n<meta name=\"twitter:label1\" content=\"Est. reading time\">\n\t<meta name=\"twitter:data1\" content=\"3 minutos\">\n<script type=\"application\/ld+json\" class=\"yoast-schema-graph\">{\"@context\":\"https:\/\/schema.org\",\"@graph\":[{\"@type\":\"WebSite\",\"@id\":\"https:\/\/revistavitrineibiuna.com.br\/#website\",\"url\":\"https:\/\/revistavitrineibiuna.com.br\/\",\"name\":\"Revista Vitrine Ibi\\u00fana\",\"description\":\"A Revista de Ibi\\u00fana e Regi\\u00e3o\",\"publisher\":{\"@id\":\"https:\/\/revistavitrineibiuna.com.br\/#\/schema\/person\/e51ef49d6d88170ea21ceabff3f73deb\"},\"potentialAction\":[{\"@type\":\"SearchAction\",\"target\":\"https:\/\/revistavitrineibiuna.com.br\/?s={search_term_string}\",\"query-input\":\"required name=search_term_string\"}],\"inLanguage\":\"pt-BR\"},{\"@type\":\"ImageObject\",\"@id\":\"https:\/\/revistavitrineibiuna.com.br\/?p=33283#primaryimage\",\"inLanguage\":\"pt-BR\",\"url\":\"https:\/\/revistavitrineibiuna.com.br\/wp-content\/uploads\/2025\/03\/ccr-aswsume-1.png\",\"width\":1462,\"height\":891},{\"@type\":\"WebPage\",\"@id\":\"https:\/\/revistavitrineibiuna.com.br\/?p=33283#webpage\",\"url\":\"https:\/\/revistavitrineibiuna.com.br\/?p=33283\",\"name\":\"CCR SOROCABANA ASSUME GEST\\u00c3O DA BUNJIRO NAKAO COM SERVI\\u00c7OS AOS USU\\u00c1RIOS 24H - Revista Vitrine Online\",\"isPartOf\":{\"@id\":\"https:\/\/revistavitrineibiuna.com.br\/#website\"},\"primaryImageOfPage\":{\"@id\":\"https:\/\/revistavitrineibiuna.com.br\/?p=33283#primaryimage\"},\"datePublished\":\"2025-03-30T15:36:57+00:00\",\"dateModified\":\"2025-03-30T18:32:59+00:00\",\"breadcrumb\":{\"@id\":\"https:\/\/revistavitrineibiuna.com.br\/?p=33283#breadcrumb\"},\"inLanguage\":\"pt-BR\",\"potentialAction\":[{\"@type\":\"ReadAction\",\"target\":[\"https:\/\/revistavitrineibiuna.com.br\/?p=33283\"]}]},{\"@type\":\"BreadcrumbList\",\"@id\":\"https:\/\/revistavitrineibiuna.com.br\/?p=33283#breadcrumb\",\"itemListElement\":[{\"@type\":\"ListItem\",\"position\":1,\"item\":{\"@type\":\"WebPage\",\"@id\":\"https:\/\/revistavitrineibiuna.com.br\/\",\"url\":\"https:\/\/revistavitrineibiuna.com.br\/\",\"name\":\"In\\u00edcio\"}},{\"@type\":\"ListItem\",\"position\":2,\"item\":{\"@type\":\"WebPage\",\"@id\":\"https:\/\/revistavitrineibiuna.com.br\/?p=33283\",\"url\":\"https:\/\/revistavitrineibiuna.com.br\/?p=33283\",\"name\":\"CCR SOROCABANA ASSUME GEST\\u00c3O DA BUNJIRO NAKAO COM SERVI\\u00c7OS AOS USU\\u00c1RIOS 24H\"}}]},{\"@type\":\"Article\",\"@id\":\"https:\/\/revistavitrineibiuna.com.br\/?p=33283#article\",\"isPartOf\":{\"@id\":\"https:\/\/revistavitrineibiuna.com.br\/?p=33283#webpage\"},\"author\":{\"@id\":\"https:\/\/revistavitrineibiuna.com.br\/#\/schema\/person\/e51ef49d6d88170ea21ceabff3f73deb\"},\"headline\":\"CCR SOROCABANA ASSUME GEST\\u00c3O DA BUNJIRO NAKAO COM SERVI\\u00c7OS AOS USU\\u00c1RIOS 24H\",\"datePublished\":\"2025-03-30T15:36:57+00:00\",\"dateModified\":\"2025-03-30T18:32:59+00:00\",\"mainEntityOfPage\":{\"@id\":\"https:\/\/revistavitrineibiuna.com.br\/?p=33283#webpage\"},\"commentCount\":0,\"publisher\":{\"@id\":\"https:\/\/revistavitrineibiuna.com.br\/#\/schema\/person\/e51ef49d6d88170ea21ceabff3f73deb\"},\"image\":{\"@id\":\"https:\/\/revistavitrineibiuna.com.br\/?p=33283#primaryimage\"},\"articleSection\":\"Not\\u00edcias\",\"inLanguage\":\"pt-BR\",\"potentialAction\":[{\"@type\":\"CommentAction\",\"name\":\"Comment\",\"target\":[\"https:\/\/revistavitrineibiuna.com.br\/?p=33283#respond\"]}]},{\"@type\":[\"Person\",\"Organization\"],\"@id\":\"https:\/\/revistavitrineibiuna.com.br\/#\/schema\/person\/e51ef49d6d88170ea21ceabff3f73deb\",\"name\":\"Carlos Rossini\",\"image\":{\"@type\":\"ImageObject\",\"@id\":\"https:\/\/revistavitrineibiuna.com.br\/#personlogo\",\"inLanguage\":\"pt-BR\",\"url\":\"https:\/\/secure.gravatar.com\/avatar\/4f2d0f99fac1f85c7d643f21f5c8d900?s=96&d=mm&r=g\",\"caption\":\"Carlos Rossini\"},\"logo\":{\"@id\":\"https:\/\/revistavitrineibiuna.com.br\/#personlogo\"},\"description\":\"Carlos Rossini \\u00e9 jornalista, soci\\u00f3logo, escritor e professor universit\\u00e1rio, tendo sido professor de jornalismo por vinte anos. Trabalhou em ve\\u00edculos de comunica\\u00e7\\u00e3o nas fun\\u00e7\\u00f5es de rep\\u00f3rter, redator, editor, articulista e colaborador, como Folha de S. Paulo, O Estado de S. Paulo, Di\\u00e1rio Popular, entre outros. Ao transferir a revista vitrine, vers\\u00e3o imprensa, de S\\u00e3o Paulo para Ibi\\u00fana h\\u00e1 alguns anos, iniciou uma nova experi\\u00eancia profissional, dedicando-se ao jornalismo regional, depois de cumprir uma trajet\\u00f3ria bem-sucedida na grande imprensa brasileira. Seu primeiro livro A Coragem de Comunicar foi lan\\u00e7ado na Bienal do Livro em S\\u00e3o Paulo no ano 2000, pela editora Madras.\"}]}<\/script>\n<!-- \/ Yoast SEO plugin. -->","_links":{"self":[{"href":"https:\/\/revistavitrineibiuna.com.br\/index.php?rest_route=\/wp\/v2\/posts\/33283"}],"collection":[{"href":"https:\/\/revistavitrineibiuna.com.br\/index.php?rest_route=\/wp\/v2\/posts"}],"about":[{"href":"https:\/\/revistavitrineibiuna.com.br\/index.php?rest_route=\/wp\/v2\/types\/post"}],"author":[{"embeddable":true,"href":"https:\/\/revistavitrineibiuna.com.br\/index.php?rest_route=\/wp\/v2\/users\/1"}],"replies":[{"embeddable":true,"href":"https:\/\/revistavitrineibiuna.com.br\/index.php?rest_route=%2Fwp%2Fv2%2Fcomments&post=33283"}],"version-history":[{"count":5,"href":"https:\/\/revistavitrineibiuna.com.br\/index.php?rest_route=\/wp\/v2\/posts\/33283\/revisions"}],"predecessor-version":[{"id":33294,"href":"https:\/\/revistavitrineibiuna.com.br\/index.php?rest_route=\/wp\/v2\/posts\/33283\/revisions\/33294"}],"wp:featuredmedia":[{"embeddable":true,"href":"https:\/\/revistavitrineibiuna.com.br\/index.php?rest_route=\/wp\/v2\/media\/33284"}],"wp:attachment":[{"href":"https:\/\/revistavitrineibiuna.com.br\/index.php?rest_route=%2Fwp%2Fv2%2Fmedia&parent=33283"}],"wp:term":[{"taxonomy":"category","embeddable":true,"href":"https:\/\/revistavitrineibiuna.com.br\/index.php?rest_route=%2Fwp%2Fv2%2Fcategories&post=33283"},{"taxonomy":"post_tag","embeddable":true,"href":"https:\/\/revistavitrineibiuna.com.br\/index.php?rest_route=%2Fwp%2Fv2%2Ftags&post=33283"}],"curies":[{"name":"wp","href":"https:\/\/api.w.org\/{rel}","templated":true}]}}