{"id":33295,"date":"2025-03-30T19:02:08","date_gmt":"2025-03-30T22:02:08","guid":{"rendered":"http:\/\/revistavitrineibiuna.com.br\/?p=33295"},"modified":"2025-03-30T19:45:26","modified_gmt":"2025-03-30T22:45:26","slug":"mais-de-400-atletas-fazem-corrida-de-aniversario-de-ibiuna","status":"publish","type":"post","link":"https:\/\/revistavitrineibiuna.com.br\/?p=33295","title":{"rendered":"MAIS DE 400 ATLETAS FAZEM CORRIDA DE ANIVERS\u00c1RIO DE IBI\u00daNA"},"content":{"rendered":"\n<p class=\"has-drop-cap\"><strong>Al\u00e9m dos 308 inscritos oficialmente [o esperado eram 300], com os \u201cpipocas\u201d, aqueles corredores que correm por correr, mais de 400 atletas participaram da 23\u00aa Caminhada [3 km] e Corrida [7 km] em comemora\u00e7\u00e3o ao 168\u00ba anivers\u00e1rio de Ibi\u00fana, ocorrida na manh\u00e3 deste domingo (30).<\/strong><\/p>\n\n\n\n<p><strong>Pela primeira vez a largada foi dada na avenida S\u00e3o Sebasti\u00e3o, em frente \u00e0 Capelinha do Bom Jesus, um tradicional e hist\u00f3rico ponto tur\u00edstico de Ibi\u00fana. Nos anos anteriores o in\u00edcio era no in\u00edcio da avenida Fortunatinho na Pra\u00e7a da Matriz.<\/strong><\/p>\n\n\n\n<p><strong>O secret\u00e1rio de Esportes e Lazer, J\u00fanior Costa, em entrevista \u00e0 TVUNA explicou que esse novo local \u201c\u00e9 mais atraente e se identifica com as tradi\u00e7\u00f5es do munic\u00edpio&#8221;.<\/strong><\/p>\n\n\n\n<p><strong>Por outro lado, o prefeito M\u00e1rio Pires destacou o sentido amplo da corrida: \u201cPromove a sa\u00fade, a inclus\u00e3o social e tamb\u00e9m o turismo na cidade, j\u00e1 que atrai atletas de outras localidades e se constitui uma importante atividade de lazer\u201d.<\/strong><\/p>\n\n\n\n<figure class=\"wp-block-image size-large\"><img loading=\"lazy\" width=\"718\" height=\"484\" src=\"https:\/\/revistavitrineibiuna.com.br\/wp-content\/uploads\/2025\/03\/corrida-aquecimento.png\" alt=\"\" class=\"wp-image-33299\" srcset=\"https:\/\/revistavitrineibiuna.com.br\/wp-content\/uploads\/2025\/03\/corrida-aquecimento.png 718w, https:\/\/revistavitrineibiuna.com.br\/wp-content\/uploads\/2025\/03\/corrida-aquecimento-300x202.png 300w\" sizes=\"(max-width: 718px) 100vw, 718px\" \/><figcaption>Antes da partida, promotor anima o pessoal para o aquecimento<\/figcaption><\/figure>\n\n\n\n<figure class=\"wp-block-image size-large\"><img loading=\"lazy\" width=\"1024\" height=\"623\" src=\"https:\/\/revistavitrineibiuna.com.br\/wp-content\/uploads\/2025\/03\/corrida-mario-e-celebracao-1024x623.png\" alt=\"\" class=\"wp-image-33303\" srcset=\"https:\/\/revistavitrineibiuna.com.br\/wp-content\/uploads\/2025\/03\/corrida-mario-e-celebracao-1024x623.png 1024w, https:\/\/revistavitrineibiuna.com.br\/wp-content\/uploads\/2025\/03\/corrida-mario-e-celebracao-300x183.png 300w, https:\/\/revistavitrineibiuna.com.br\/wp-content\/uploads\/2025\/03\/corrida-mario-e-celebracao-768x467.png 768w, https:\/\/revistavitrineibiuna.com.br\/wp-content\/uploads\/2025\/03\/corrida-mario-e-celebracao-1536x935.png 1536w, https:\/\/revistavitrineibiuna.com.br\/wp-content\/uploads\/2025\/03\/corrida-mario-e-celebracao.png 1594w\" sizes=\"(max-width: 1024px) 100vw, 1024px\" \/><figcaption>O prefeito e a primeira-dama no meio da anima\u00e7\u00e3o geral, antes da largada<\/figcaption><\/figure>\n\n\n\n<p><strong>\u2018CARA DE IBI\u00daNA\u2019<\/strong><\/p>\n\n\n\n<figure class=\"wp-block-image size-large\"><img loading=\"lazy\" width=\"717\" height=\"483\" src=\"https:\/\/revistavitrineibiuna.com.br\/wp-content\/uploads\/2025\/03\/medalha.png\" alt=\"\" class=\"wp-image-33323\" srcset=\"https:\/\/revistavitrineibiuna.com.br\/wp-content\/uploads\/2025\/03\/medalha.png 717w, https:\/\/revistavitrineibiuna.com.br\/wp-content\/uploads\/2025\/03\/medalha-300x202.png 300w\" sizes=\"(max-width: 717px) 100vw, 717px\" \/><\/figure>\n\n\n\n<p><strong>O secret\u00e1rio mostrou a medalha especialmente criada para esse evento esclarecendo que ela \u201c\u00e9 a cara da cidade\u201d, pois cont\u00e9m os s\u00edmbolos da Capelinha do Bom Jesus, da Capela de S\u00e3o Sebasti\u00e3o, da Igreja Matriz e dos Lavradores, que garantem a base econ\u00f4mica do munic\u00edpio.\u201d<\/strong><\/p>\n\n\n\n<figure class=\"wp-block-image size-large\"><img loading=\"lazy\" width=\"1024\" height=\"768\" src=\"https:\/\/revistavitrineibiuna.com.br\/wp-content\/uploads\/2025\/03\/86f35795-41e6-4b2a-81ad-d6edf16836e5-1024x768.jpg\" alt=\"\" class=\"wp-image-33305\" srcset=\"https:\/\/revistavitrineibiuna.com.br\/wp-content\/uploads\/2025\/03\/86f35795-41e6-4b2a-81ad-d6edf16836e5-1024x768.jpg 1024w, https:\/\/revistavitrineibiuna.com.br\/wp-content\/uploads\/2025\/03\/86f35795-41e6-4b2a-81ad-d6edf16836e5-300x225.jpg 300w, https:\/\/revistavitrineibiuna.com.br\/wp-content\/uploads\/2025\/03\/86f35795-41e6-4b2a-81ad-d6edf16836e5-768x576.jpg 768w, https:\/\/revistavitrineibiuna.com.br\/wp-content\/uploads\/2025\/03\/86f35795-41e6-4b2a-81ad-d6edf16836e5-1536x1152.jpg 1536w, https:\/\/revistavitrineibiuna.com.br\/wp-content\/uploads\/2025\/03\/86f35795-41e6-4b2a-81ad-d6edf16836e5-320x240.jpg 320w, https:\/\/revistavitrineibiuna.com.br\/wp-content\/uploads\/2025\/03\/86f35795-41e6-4b2a-81ad-d6edf16836e5.jpg 1600w\" sizes=\"(max-width: 1024px) 100vw, 1024px\" \/><figcaption>M\u00e1rio Pires, Bernardete e Roberta Castanho<\/figcaption><\/figure>\n\n\n\n<p><strong>ANIMA\u00c7\u00c3O GERAL<\/strong><\/p>\n\n\n\n<p><strong>\u00c0s 7 horas da manh\u00e3 v\u00e1rios atletas j\u00e1 se encontravam na Pra\u00e7a da Capelinha e no entorno se preparando para o \u201caquecimento\u201d para a corrida que, na verdade, parecia uma confraterniza\u00e7\u00e3o de amigos, com troca de cumprimentos, abra\u00e7os e alegria.<\/strong><\/p>\n\n\n\n<p><strong>Dada a largada \u00e0s 7h30, conforme o calend\u00e1rio da prova, houve um hiato para que se iniciasse tamb\u00e9m inscritos para a caminhada de 3 km.<\/strong><\/p>\n\n\n\n<figure class=\"wp-block-image size-large\"><img loading=\"lazy\" width=\"714\" height=\"615\" src=\"https:\/\/revistavitrineibiuna.com.br\/wp-content\/uploads\/2025\/03\/corrida-homem-de-70-anos.png\" alt=\"\" class=\"wp-image-33308\" srcset=\"https:\/\/revistavitrineibiuna.com.br\/wp-content\/uploads\/2025\/03\/corrida-homem-de-70-anos.png 714w, https:\/\/revistavitrineibiuna.com.br\/wp-content\/uploads\/2025\/03\/corrida-homem-de-70-anos-300x258.png 300w\" sizes=\"(max-width: 714px) 100vw, 714px\" \/><figcaption>Antonio Bastos, 70 anos, maratonista com muitos campeonatos fez os 7 km em 28:26<\/figcaption><\/figure>\n\n\n\n<p><strong>Restava aguardar a chegada daqueles que haviam partido para completar 7 km pelas ruas centrais e pela avenida Ant\u00f4nio Falci que margeia a \u00e1rea urbana.<\/strong><\/p>\n\n\n\n<p><strong>A certa altura os atletas sentiram na pele o maior desafio: enfrentar a subida da rua que se inicia na rotat\u00f3ria em dire\u00e7\u00e3o ao centro. Foi uma dureza, e muitos comentaram que foi o pior momento da corrida, depois de romperem a faixa da chegada.<\/strong><\/p>\n\n\n\n<p><strong>CAMPE\u00d5ES<\/strong><\/p>\n\n\n\n<p><strong>Na equipe feminina tr\u00eas se classificaram: Janaina Aparecida Fernandes, 38, ficou em primeiro lugar com&nbsp; o tempo de 29:18; Edivania Cipriano Pinto (43), 29:35, em segundo; e Vanessa Ferreira dos Santos (43), 30:35, em terceiro lugar.<\/strong><\/p>\n\n\n\n<figure class=\"wp-block-image size-large\"><img loading=\"lazy\" width=\"1024\" height=\"682\" src=\"https:\/\/revistavitrineibiuna.com.br\/wp-content\/uploads\/2025\/03\/corrida-mulhers-no-podio-1024x682.png\" alt=\"\" class=\"wp-image-33311\" srcset=\"https:\/\/revistavitrineibiuna.com.br\/wp-content\/uploads\/2025\/03\/corrida-mulhers-no-podio-1024x682.png 1024w, https:\/\/revistavitrineibiuna.com.br\/wp-content\/uploads\/2025\/03\/corrida-mulhers-no-podio-300x200.png 300w, https:\/\/revistavitrineibiuna.com.br\/wp-content\/uploads\/2025\/03\/corrida-mulhers-no-podio-768x512.png 768w, https:\/\/revistavitrineibiuna.com.br\/wp-content\/uploads\/2025\/03\/corrida-mulhers-no-podio-1536x1023.png 1536w, https:\/\/revistavitrineibiuna.com.br\/wp-content\/uploads\/2025\/03\/corrida-mulhers-no-podio.png 1600w\" sizes=\"(max-width: 1024px) 100vw, 1024px\" \/><figcaption>As tr\u00eas mulheres que fizeram o melhor tempo: campe\u00e3s<\/figcaption><\/figure>\n\n\n\n<p><strong>V\u00e1rias atletas consideraram uma vit\u00f3ria completar a prova, independentemente de classifica\u00e7\u00e3o, como, ali\u00e1s, aconteceu tamb\u00e9m na equipe masculina.<\/strong><\/p>\n\n\n\n<p><strong>Na equipe masculina, o primeiro lugar ficou com Humberto Jantim Filho (72), 22:37; em segundo lugar, Claudio Roberto Macedo (48), 22h50; e terceiro, Robson Henrique Ara\u00fajo dos Santos (31), 22:57.<\/strong><\/p>\n\n\n\n<figure class=\"wp-block-image size-large\"><img loading=\"lazy\" width=\"1024\" height=\"682\" src=\"https:\/\/revistavitrineibiuna.com.br\/wp-content\/uploads\/2025\/03\/corrida-homens-no-podio-1024x682.png\" alt=\"\" class=\"wp-image-33314\" srcset=\"https:\/\/revistavitrineibiuna.com.br\/wp-content\/uploads\/2025\/03\/corrida-homens-no-podio-1024x682.png 1024w, https:\/\/revistavitrineibiuna.com.br\/wp-content\/uploads\/2025\/03\/corrida-homens-no-podio-300x200.png 300w, https:\/\/revistavitrineibiuna.com.br\/wp-content\/uploads\/2025\/03\/corrida-homens-no-podio-768x512.png 768w, https:\/\/revistavitrineibiuna.com.br\/wp-content\/uploads\/2025\/03\/corrida-homens-no-podio-1536x1023.png 1536w, https:\/\/revistavitrineibiuna.com.br\/wp-content\/uploads\/2025\/03\/corrida-homens-no-podio.png 1600w\" sizes=\"(max-width: 1024px) 100vw, 1024px\" \/><figcaption>Primeira-dama e prefeito aplaudem os tr\u00eas primeiros colocados<\/figcaption><\/figure>\n\n\n\n<figure class=\"wp-block-image size-large\"><img loading=\"lazy\" width=\"1024\" height=\"745\" src=\"https:\/\/revistavitrineibiuna.com.br\/wp-content\/uploads\/2025\/03\/Corrida-Mulheres-1-1024x745.png\" alt=\"\" class=\"wp-image-33317\" srcset=\"https:\/\/revistavitrineibiuna.com.br\/wp-content\/uploads\/2025\/03\/Corrida-Mulheres-1-1024x745.png 1024w, https:\/\/revistavitrineibiuna.com.br\/wp-content\/uploads\/2025\/03\/Corrida-Mulheres-1-300x218.png 300w, https:\/\/revistavitrineibiuna.com.br\/wp-content\/uploads\/2025\/03\/Corrida-Mulheres-1-768x559.png 768w, https:\/\/revistavitrineibiuna.com.br\/wp-content\/uploads\/2025\/03\/Corrida-Mulheres-1.png 1062w\" sizes=\"(max-width: 1024px) 100vw, 1024px\" \/><figcaption>As mulheres correm na avenida Ant\u00f4nio Falci (Marginal)<\/figcaption><\/figure>\n\n\n\n<figure class=\"wp-block-image size-large\"><img loading=\"lazy\" width=\"768\" height=\"1024\" src=\"https:\/\/revistavitrineibiuna.com.br\/wp-content\/uploads\/2025\/03\/bf041c24-d882-4143-8aa1-016d86831b39-768x1024.jpg\" alt=\"\" class=\"wp-image-33320\" srcset=\"https:\/\/revistavitrineibiuna.com.br\/wp-content\/uploads\/2025\/03\/bf041c24-d882-4143-8aa1-016d86831b39-768x1024.jpg 768w, https:\/\/revistavitrineibiuna.com.br\/wp-content\/uploads\/2025\/03\/bf041c24-d882-4143-8aa1-016d86831b39-225x300.jpg 225w, https:\/\/revistavitrineibiuna.com.br\/wp-content\/uploads\/2025\/03\/bf041c24-d882-4143-8aa1-016d86831b39-1152x1536.jpg 1152w, https:\/\/revistavitrineibiuna.com.br\/wp-content\/uploads\/2025\/03\/bf041c24-d882-4143-8aa1-016d86831b39.jpg 1200w\" sizes=\"(max-width: 768px) 100vw, 768px\" \/><figcaption>Marcelo Zambardino (Conseg), Maristela Santos (presidente do Comtur), Isabel Cust\u00f3rio (secret\u00e1ria do Comtur) e Carlos Rossini (TVUNA)<\/figcaption><\/figure>\n","protected":false},"excerpt":{"rendered":"<p>Al\u00e9m dos 308 inscritos oficialmente [o esperado eram 300], com os \u201cpipocas\u201d, aqueles corredores que correm por correr, mais de<\/p>\n","protected":false},"author":1,"featured_media":33297,"comment_status":"open","ping_status":"open","sticky":false,"template":"","format":"standard","meta":[],"categories":[3,1],"tags":[],"yoast_head":"<!-- This site is optimized with the Yoast SEO plugin v15.8 - https:\/\/yoast.com\/wordpress\/plugins\/seo\/ -->\n<title>MAIS DE 400 ATLETAS FAZEM CORRIDA DE ANIVERS\u00c1RIO DE IBI\u00daNA - Revista Vitrine Online<\/title>\n<meta name=\"robots\" content=\"index, follow, max-snippet:-1, max-image-preview:large, max-video-preview:-1\" \/>\n<link rel=\"canonical\" href=\"http:\/\/revistavitrineibiuna.com.br\/?p=33295\" \/>\n<meta property=\"og:locale\" content=\"pt_BR\" \/>\n<meta property=\"og:type\" content=\"article\" \/>\n<meta property=\"og:title\" content=\"MAIS DE 400 ATLETAS FAZEM CORRIDA DE ANIVERS\u00c1RIO DE IBI\u00daNA - Revista Vitrine Online\" \/>\n<meta property=\"og:description\" content=\"Al\u00e9m dos 308 inscritos oficialmente [o esperado eram 300], com os \u201cpipocas\u201d, aqueles corredores que correm por correr, mais de\" \/>\n<meta property=\"og:url\" content=\"http:\/\/revistavitrineibiuna.com.br\/?p=33295\" \/>\n<meta property=\"og:site_name\" content=\"Revista Vitrine Online\" \/>\n<meta property=\"article:published_time\" content=\"2025-03-30T22:02:08+00:00\" \/>\n<meta property=\"article:modified_time\" content=\"2025-03-30T22:45:26+00:00\" \/>\n<meta property=\"og:image\" content=\"https:\/\/revistavitrineibiuna.com.br\/wp-content\/uploads\/2025\/03\/foto-capa.png\" \/>\n\t<meta property=\"og:image:width\" content=\"714\" \/>\n\t<meta property=\"og:image:height\" content=\"414\" \/>\n<meta name=\"twitter:card\" content=\"summary\" \/>\n<meta name=\"twitter:label1\" content=\"Est. reading time\">\n\t<meta name=\"twitter:data1\" content=\"5 minutos\">\n<script type=\"application\/ld+json\" class=\"yoast-schema-graph\">{\"@context\":\"https:\/\/schema.org\",\"@graph\":[{\"@type\":\"WebSite\",\"@id\":\"https:\/\/revistavitrineibiuna.com.br\/#website\",\"url\":\"https:\/\/revistavitrineibiuna.com.br\/\",\"name\":\"Revista Vitrine Ibi\\u00fana\",\"description\":\"A Revista de Ibi\\u00fana e Regi\\u00e3o\",\"publisher\":{\"@id\":\"https:\/\/revistavitrineibiuna.com.br\/#\/schema\/person\/e51ef49d6d88170ea21ceabff3f73deb\"},\"potentialAction\":[{\"@type\":\"SearchAction\",\"target\":\"https:\/\/revistavitrineibiuna.com.br\/?s={search_term_string}\",\"query-input\":\"required name=search_term_string\"}],\"inLanguage\":\"pt-BR\"},{\"@type\":\"ImageObject\",\"@id\":\"http:\/\/revistavitrineibiuna.com.br\/?p=33295#primaryimage\",\"inLanguage\":\"pt-BR\",\"url\":\"https:\/\/revistavitrineibiuna.com.br\/wp-content\/uploads\/2025\/03\/foto-capa.png\",\"width\":714,\"height\":414},{\"@type\":\"WebPage\",\"@id\":\"http:\/\/revistavitrineibiuna.com.br\/?p=33295#webpage\",\"url\":\"http:\/\/revistavitrineibiuna.com.br\/?p=33295\",\"name\":\"MAIS DE 400 ATLETAS FAZEM CORRIDA DE ANIVERS\\u00c1RIO DE IBI\\u00daNA - Revista Vitrine Online\",\"isPartOf\":{\"@id\":\"https:\/\/revistavitrineibiuna.com.br\/#website\"},\"primaryImageOfPage\":{\"@id\":\"http:\/\/revistavitrineibiuna.com.br\/?p=33295#primaryimage\"},\"datePublished\":\"2025-03-30T22:02:08+00:00\",\"dateModified\":\"2025-03-30T22:45:26+00:00\",\"breadcrumb\":{\"@id\":\"http:\/\/revistavitrineibiuna.com.br\/?p=33295#breadcrumb\"},\"inLanguage\":\"pt-BR\",\"potentialAction\":[{\"@type\":\"ReadAction\",\"target\":[\"http:\/\/revistavitrineibiuna.com.br\/?p=33295\"]}]},{\"@type\":\"BreadcrumbList\",\"@id\":\"http:\/\/revistavitrineibiuna.com.br\/?p=33295#breadcrumb\",\"itemListElement\":[{\"@type\":\"ListItem\",\"position\":1,\"item\":{\"@type\":\"WebPage\",\"@id\":\"https:\/\/revistavitrineibiuna.com.br\/\",\"url\":\"https:\/\/revistavitrineibiuna.com.br\/\",\"name\":\"In\\u00edcio\"}},{\"@type\":\"ListItem\",\"position\":2,\"item\":{\"@type\":\"WebPage\",\"@id\":\"http:\/\/revistavitrineibiuna.com.br\/?p=33295\",\"url\":\"http:\/\/revistavitrineibiuna.com.br\/?p=33295\",\"name\":\"MAIS DE 400 ATLETAS FAZEM CORRIDA DE ANIVERS\\u00c1RIO DE IBI\\u00daNA\"}}]},{\"@type\":\"Article\",\"@id\":\"http:\/\/revistavitrineibiuna.com.br\/?p=33295#article\",\"isPartOf\":{\"@id\":\"http:\/\/revistavitrineibiuna.com.br\/?p=33295#webpage\"},\"author\":{\"@id\":\"https:\/\/revistavitrineibiuna.com.br\/#\/schema\/person\/e51ef49d6d88170ea21ceabff3f73deb\"},\"headline\":\"MAIS DE 400 ATLETAS FAZEM CORRIDA DE ANIVERS\\u00c1RIO DE IBI\\u00daNA\",\"datePublished\":\"2025-03-30T22:02:08+00:00\",\"dateModified\":\"2025-03-30T22:45:26+00:00\",\"mainEntityOfPage\":{\"@id\":\"http:\/\/revistavitrineibiuna.com.br\/?p=33295#webpage\"},\"commentCount\":0,\"publisher\":{\"@id\":\"https:\/\/revistavitrineibiuna.com.br\/#\/schema\/person\/e51ef49d6d88170ea21ceabff3f73deb\"},\"image\":{\"@id\":\"http:\/\/revistavitrineibiuna.com.br\/?p=33295#primaryimage\"},\"articleSection\":\"Not\\u00edcias,Uncategorized\",\"inLanguage\":\"pt-BR\",\"potentialAction\":[{\"@type\":\"CommentAction\",\"name\":\"Comment\",\"target\":[\"http:\/\/revistavitrineibiuna.com.br\/?p=33295#respond\"]}]},{\"@type\":[\"Person\",\"Organization\"],\"@id\":\"https:\/\/revistavitrineibiuna.com.br\/#\/schema\/person\/e51ef49d6d88170ea21ceabff3f73deb\",\"name\":\"Carlos Rossini\",\"image\":{\"@type\":\"ImageObject\",\"@id\":\"https:\/\/revistavitrineibiuna.com.br\/#personlogo\",\"inLanguage\":\"pt-BR\",\"url\":\"https:\/\/secure.gravatar.com\/avatar\/4f2d0f99fac1f85c7d643f21f5c8d900?s=96&d=mm&r=g\",\"caption\":\"Carlos Rossini\"},\"logo\":{\"@id\":\"https:\/\/revistavitrineibiuna.com.br\/#personlogo\"},\"description\":\"Carlos Rossini \\u00e9 jornalista, soci\\u00f3logo, escritor e professor universit\\u00e1rio, tendo sido professor de jornalismo por vinte anos. Trabalhou em ve\\u00edculos de comunica\\u00e7\\u00e3o nas fun\\u00e7\\u00f5es de rep\\u00f3rter, redator, editor, articulista e colaborador, como Folha de S. Paulo, O Estado de S. Paulo, Di\\u00e1rio Popular, entre outros. Ao transferir a revista vitrine, vers\\u00e3o imprensa, de S\\u00e3o Paulo para Ibi\\u00fana h\\u00e1 alguns anos, iniciou uma nova experi\\u00eancia profissional, dedicando-se ao jornalismo regional, depois de cumprir uma trajet\\u00f3ria bem-sucedida na grande imprensa brasileira. Seu primeiro livro A Coragem de Comunicar foi lan\\u00e7ado na Bienal do Livro em S\\u00e3o Paulo no ano 2000, pela editora Madras.\"}]}<\/script>\n<!-- \/ Yoast SEO plugin. -->","_links":{"self":[{"href":"https:\/\/revistavitrineibiuna.com.br\/index.php?rest_route=\/wp\/v2\/posts\/33295"}],"collection":[{"href":"https:\/\/revistavitrineibiuna.com.br\/index.php?rest_route=\/wp\/v2\/posts"}],"about":[{"href":"https:\/\/revistavitrineibiuna.com.br\/index.php?rest_route=\/wp\/v2\/types\/post"}],"author":[{"embeddable":true,"href":"https:\/\/revistavitrineibiuna.com.br\/index.php?rest_route=\/wp\/v2\/users\/1"}],"replies":[{"embeddable":true,"href":"https:\/\/revistavitrineibiuna.com.br\/index.php?rest_route=%2Fwp%2Fv2%2Fcomments&post=33295"}],"version-history":[{"count":10,"href":"https:\/\/revistavitrineibiuna.com.br\/index.php?rest_route=\/wp\/v2\/posts\/33295\/revisions"}],"predecessor-version":[{"id":33324,"href":"https:\/\/revistavitrineibiuna.com.br\/index.php?rest_route=\/wp\/v2\/posts\/33295\/revisions\/33324"}],"wp:featuredmedia":[{"embeddable":true,"href":"https:\/\/revistavitrineibiuna.com.br\/index.php?rest_route=\/wp\/v2\/media\/33297"}],"wp:attachment":[{"href":"https:\/\/revistavitrineibiuna.com.br\/index.php?rest_route=%2Fwp%2Fv2%2Fmedia&parent=33295"}],"wp:term":[{"taxonomy":"category","embeddable":true,"href":"https:\/\/revistavitrineibiuna.com.br\/index.php?rest_route=%2Fwp%2Fv2%2Fcategories&post=33295"},{"taxonomy":"post_tag","embeddable":true,"href":"https:\/\/revistavitrineibiuna.com.br\/index.php?rest_route=%2Fwp%2Fv2%2Ftags&post=33295"}],"curies":[{"name":"wp","href":"https:\/\/api.w.org\/{rel}","templated":true}]}}