{"id":33328,"date":"2025-04-01T19:07:57","date_gmt":"2025-04-01T22:07:57","guid":{"rendered":"http:\/\/revistavitrineibiuna.com.br\/?p=33328"},"modified":"2025-04-01T20:49:36","modified_gmt":"2025-04-01T23:49:36","slug":"ibiuna-estudante-e-golpeada-com-estilete-e-soco-ingles-na-saida-e-e-roque-bastos","status":"publish","type":"post","link":"https:\/\/revistavitrineibiuna.com.br\/?p=33328","title":{"rendered":"IBI\u00daNA \u2013 ESTUDANTE \u00c9 GOLPEADA COM ESTILETE E SOCO INGL\u00caS NA SA\u00cdDA E.E. ROQUE BASTOS"},"content":{"rendered":"\n<p class=\"has-drop-cap\"><strong>Uma adolescente de 14 anos, aluna do 1\u00ba ano B do ensino m\u00e9dio, da Escola Estadual Roque Bastos, localizada no centro da cidade de Ibi\u00fana, &nbsp;foi brutalmente agredida logo depois de sair da aula hoje (1\u00ba), por volta das 12h20, com golpes de estilete e de soco ingl\u00eas.<\/strong><\/p>\n\n\n\n<p><strong>As agressoras, segundo a v\u00edtima, eram a m\u00e3e de outra adolescente, tamb\u00e9m estudante da mesma escola, tamb\u00e9m aluna do 1\u00ba ano D do ensino m\u00e9dio, a filha da agressora e mais duas mulheres.<\/strong><\/p>\n\n\n\n<p><strong>Segundo relato registrado no boletim de ocorr\u00eancia, as quatro seguiram a v\u00edtima que acabara de sair da escola. De repente, uma delas se adiantou e agrediu a menina por tr\u00e1s. Ela sofreu v\u00e1rios golpes na cabe\u00e7a e ficou toda ensanguentada, tendo ca\u00eddo no ch\u00e3o recebendo mais agress\u00f5es.<\/strong><\/p>\n\n\n\n<p><strong>Enquanto algumas pessoas apenas observavam a cena que ocorreu a cerca de 40 metros da entrada da escola, na Rua Greg\u00f3rio de Almeida Lima, uma pessoa que passava de carro no local, ajudou a menina a subir no carro e a levou para o Hospital Municipal de Ibi\u00fana, onde foi atendida prontamente.<\/strong><\/p>\n\n\n\n<p><strong>As agressoras fugiram do local e agora est\u00e3o sendo procuradas &nbsp;pela pol\u00edcia, que registrou a ocorr\u00eancia como \u201cles\u00e3o corporal\u201d.<\/strong><\/p>\n\n\n\n<p><strong>A v\u00edtima, com a cabe\u00e7a enfaixada e a blusa com manchas de sangue, n\u00e3o parava de chorar, seu pai, m\u00e3e e av\u00f3 compareceram \u00e0 delegacia onde registraram a ocorr\u00eancia.<\/strong><\/p>\n\n\n\n<p><strong>As imagens de v\u00eddeos postados nas redes sociais chocaram a av\u00f3 da v\u00edtima. \u201cCheguei a passar mal com a forma como minha neta foi agredida, tive a impress\u00e3o que queriam mat\u00e1-la\u201d, disse a vitrine online.<\/strong><\/p>\n\n\n\n<p><strong>A m\u00e3e se queixou da diretora da escola que, \u201cem nenhum momento demonstrou empatia e se comportou de forma mal-educada com a gente.\u201d<\/strong><\/p>\n\n\n\n<p><strong>Ainda sentindo muito medo com o epis\u00f3dio, a menina vai sair da escola, j\u00e1 que se sente amea\u00e7ada pelas agressoras, que agiram com muita crueldade.<\/strong><\/p>\n\n\n\n<p><strong>A adolescente ir\u00e1 passar por exame de corpo de delito em Sorocaba.<\/strong><\/p>\n\n\n\n<p><strong>MOTIVO<\/strong><\/p>\n\n\n\n<p><strong>O motivo desse comportamento violento seria o fato de as duas estudantes do Roque Bastos estarem se encarando j\u00e1 h\u00e1 algum tempo, sem nenhuma raz\u00e3o especial. \u201cEu nem a conhecia\u201d, declarou a v\u00edtima.<\/strong> <strong>Elas frequentavam salas diferentes.<\/strong><\/p>\n\n\n\n<p><strong>Hoje, durante o intervalo, ambas teriam se encarado novamente e se estranharam. A filha da agressora teria pegado o celular e ligado para a m\u00e3e que veio \u00e0 escola, e junto com outras tr\u00eas mulheres, interceptou a adolescente, dirigindo-lhe palavr\u00f5es e a agress\u00e3o f\u00edsica.<\/strong><\/p>\n\n\n\n<p><strong>PMI<\/strong><\/p>\n\n\n\n<p><strong>Um dos agentes da Pol\u00edcia Municipal que atendeu a ocorr\u00eancia, lamentou que somente tenham sido chamado pelo o Hospital Municipal. \u201cAlgu\u00e9m dos que estavam gravando a cena, em vez disso poderiam ter nos acionados para que pud\u00e9ssemos chegar mais rapidamente e conter as agressoras que seriam conduzidas \u00e0 delegacia\u201d.<\/strong><\/p>\n\n\n\n<p><strong>N\u00c3O \u00c9 A PRIMEIRA VEZ<\/strong><\/p>\n\n\n\n<p><strong>Em agosto de 2013, vitrine online publicou not\u00edcia da agress\u00e3o de outra adolescente e aluna da E.E. Roque Bastos. Uma menina franzina foi v\u00edtima de socos e pontap\u00e9s de uma jovem com quase o dobro do seu tamanho e de um rapaz. Os dois deram v\u00e1rios golpes na menina.<\/strong><\/p>\n\n\n\n<p><strong>O assunto teve grande repercuss\u00e3o e motivou a vinda da TV Record, que divulgou o fato.<\/strong><\/p>\n","protected":false},"excerpt":{"rendered":"<p>Uma adolescente de 14 anos, aluna do 1\u00ba ano B do ensino m\u00e9dio, da Escola Estadual Roque Bastos, localizada no<\/p>\n","protected":false},"author":1,"featured_media":33329,"comment_status":"open","ping_status":"open","sticky":false,"template":"","format":"standard","meta":[],"categories":[3],"tags":[],"yoast_head":"<!-- This site is optimized with the Yoast SEO plugin v15.8 - https:\/\/yoast.com\/wordpress\/plugins\/seo\/ -->\n<title>IBI\u00daNA \u2013 ESTUDANTE \u00c9 GOLPEADA COM ESTILETE E SOCO INGL\u00caS NA SA\u00cdDA E.E. ROQUE BASTOS - Revista Vitrine Online<\/title>\n<meta name=\"robots\" content=\"index, follow, max-snippet:-1, max-image-preview:large, max-video-preview:-1\" \/>\n<link rel=\"canonical\" href=\"http:\/\/revistavitrineibiuna.com.br\/?p=33328\" \/>\n<meta property=\"og:locale\" content=\"pt_BR\" \/>\n<meta property=\"og:type\" content=\"article\" \/>\n<meta property=\"og:title\" content=\"IBI\u00daNA \u2013 ESTUDANTE \u00c9 GOLPEADA COM ESTILETE E SOCO INGL\u00caS NA SA\u00cdDA E.E. ROQUE BASTOS - Revista Vitrine Online\" \/>\n<meta property=\"og:description\" content=\"Uma adolescente de 14 anos, aluna do 1\u00ba ano B do ensino m\u00e9dio, da Escola Estadual Roque Bastos, localizada no\" \/>\n<meta property=\"og:url\" content=\"http:\/\/revistavitrineibiuna.com.br\/?p=33328\" \/>\n<meta property=\"og:site_name\" content=\"Revista Vitrine Online\" \/>\n<meta property=\"article:published_time\" content=\"2025-04-01T22:07:57+00:00\" \/>\n<meta property=\"article:modified_time\" content=\"2025-04-01T23:49:36+00:00\" \/>\n<meta property=\"og:image\" content=\"https:\/\/revistavitrineibiuna.com.br\/wp-content\/uploads\/2025\/04\/adolescente-ensanguentada.png\" \/>\n\t<meta property=\"og:image:width\" content=\"1186\" \/>\n\t<meta property=\"og:image:height\" content=\"736\" \/>\n<meta name=\"twitter:card\" content=\"summary\" \/>\n<meta name=\"twitter:label1\" content=\"Est. reading time\">\n\t<meta name=\"twitter:data1\" content=\"3 minutos\">\n<script type=\"application\/ld+json\" class=\"yoast-schema-graph\">{\"@context\":\"https:\/\/schema.org\",\"@graph\":[{\"@type\":\"WebSite\",\"@id\":\"https:\/\/revistavitrineibiuna.com.br\/#website\",\"url\":\"https:\/\/revistavitrineibiuna.com.br\/\",\"name\":\"Revista Vitrine Ibi\\u00fana\",\"description\":\"A Revista de Ibi\\u00fana e Regi\\u00e3o\",\"publisher\":{\"@id\":\"https:\/\/revistavitrineibiuna.com.br\/#\/schema\/person\/e51ef49d6d88170ea21ceabff3f73deb\"},\"potentialAction\":[{\"@type\":\"SearchAction\",\"target\":\"https:\/\/revistavitrineibiuna.com.br\/?s={search_term_string}\",\"query-input\":\"required name=search_term_string\"}],\"inLanguage\":\"pt-BR\"},{\"@type\":\"ImageObject\",\"@id\":\"http:\/\/revistavitrineibiuna.com.br\/?p=33328#primaryimage\",\"inLanguage\":\"pt-BR\",\"url\":\"https:\/\/revistavitrineibiuna.com.br\/wp-content\/uploads\/2025\/04\/adolescente-ensanguentada.png\",\"width\":1186,\"height\":736},{\"@type\":\"WebPage\",\"@id\":\"http:\/\/revistavitrineibiuna.com.br\/?p=33328#webpage\",\"url\":\"http:\/\/revistavitrineibiuna.com.br\/?p=33328\",\"name\":\"IBI\\u00daNA \\u2013 ESTUDANTE \\u00c9 GOLPEADA COM ESTILETE E SOCO INGL\\u00caS NA SA\\u00cdDA E.E. ROQUE BASTOS - Revista Vitrine Online\",\"isPartOf\":{\"@id\":\"https:\/\/revistavitrineibiuna.com.br\/#website\"},\"primaryImageOfPage\":{\"@id\":\"http:\/\/revistavitrineibiuna.com.br\/?p=33328#primaryimage\"},\"datePublished\":\"2025-04-01T22:07:57+00:00\",\"dateModified\":\"2025-04-01T23:49:36+00:00\",\"breadcrumb\":{\"@id\":\"http:\/\/revistavitrineibiuna.com.br\/?p=33328#breadcrumb\"},\"inLanguage\":\"pt-BR\",\"potentialAction\":[{\"@type\":\"ReadAction\",\"target\":[\"http:\/\/revistavitrineibiuna.com.br\/?p=33328\"]}]},{\"@type\":\"BreadcrumbList\",\"@id\":\"http:\/\/revistavitrineibiuna.com.br\/?p=33328#breadcrumb\",\"itemListElement\":[{\"@type\":\"ListItem\",\"position\":1,\"item\":{\"@type\":\"WebPage\",\"@id\":\"https:\/\/revistavitrineibiuna.com.br\/\",\"url\":\"https:\/\/revistavitrineibiuna.com.br\/\",\"name\":\"In\\u00edcio\"}},{\"@type\":\"ListItem\",\"position\":2,\"item\":{\"@type\":\"WebPage\",\"@id\":\"http:\/\/revistavitrineibiuna.com.br\/?p=33328\",\"url\":\"http:\/\/revistavitrineibiuna.com.br\/?p=33328\",\"name\":\"IBI\\u00daNA \\u2013 ESTUDANTE \\u00c9 GOLPEADA COM ESTILETE E SOCO INGL\\u00caS NA SA\\u00cdDA E.E. ROQUE BASTOS\"}}]},{\"@type\":\"Article\",\"@id\":\"http:\/\/revistavitrineibiuna.com.br\/?p=33328#article\",\"isPartOf\":{\"@id\":\"http:\/\/revistavitrineibiuna.com.br\/?p=33328#webpage\"},\"author\":{\"@id\":\"https:\/\/revistavitrineibiuna.com.br\/#\/schema\/person\/e51ef49d6d88170ea21ceabff3f73deb\"},\"headline\":\"IBI\\u00daNA \\u2013 ESTUDANTE \\u00c9 GOLPEADA COM ESTILETE E SOCO INGL\\u00caS NA SA\\u00cdDA E.E. ROQUE BASTOS\",\"datePublished\":\"2025-04-01T22:07:57+00:00\",\"dateModified\":\"2025-04-01T23:49:36+00:00\",\"mainEntityOfPage\":{\"@id\":\"http:\/\/revistavitrineibiuna.com.br\/?p=33328#webpage\"},\"commentCount\":0,\"publisher\":{\"@id\":\"https:\/\/revistavitrineibiuna.com.br\/#\/schema\/person\/e51ef49d6d88170ea21ceabff3f73deb\"},\"image\":{\"@id\":\"http:\/\/revistavitrineibiuna.com.br\/?p=33328#primaryimage\"},\"articleSection\":\"Not\\u00edcias\",\"inLanguage\":\"pt-BR\",\"potentialAction\":[{\"@type\":\"CommentAction\",\"name\":\"Comment\",\"target\":[\"http:\/\/revistavitrineibiuna.com.br\/?p=33328#respond\"]}]},{\"@type\":[\"Person\",\"Organization\"],\"@id\":\"https:\/\/revistavitrineibiuna.com.br\/#\/schema\/person\/e51ef49d6d88170ea21ceabff3f73deb\",\"name\":\"Carlos Rossini\",\"image\":{\"@type\":\"ImageObject\",\"@id\":\"https:\/\/revistavitrineibiuna.com.br\/#personlogo\",\"inLanguage\":\"pt-BR\",\"url\":\"https:\/\/secure.gravatar.com\/avatar\/4f2d0f99fac1f85c7d643f21f5c8d900?s=96&d=mm&r=g\",\"caption\":\"Carlos Rossini\"},\"logo\":{\"@id\":\"https:\/\/revistavitrineibiuna.com.br\/#personlogo\"},\"description\":\"Carlos Rossini \\u00e9 jornalista, soci\\u00f3logo, escritor e professor universit\\u00e1rio, tendo sido professor de jornalismo por vinte anos. Trabalhou em ve\\u00edculos de comunica\\u00e7\\u00e3o nas fun\\u00e7\\u00f5es de rep\\u00f3rter, redator, editor, articulista e colaborador, como Folha de S. Paulo, O Estado de S. Paulo, Di\\u00e1rio Popular, entre outros. Ao transferir a revista vitrine, vers\\u00e3o imprensa, de S\\u00e3o Paulo para Ibi\\u00fana h\\u00e1 alguns anos, iniciou uma nova experi\\u00eancia profissional, dedicando-se ao jornalismo regional, depois de cumprir uma trajet\\u00f3ria bem-sucedida na grande imprensa brasileira. Seu primeiro livro A Coragem de Comunicar foi lan\\u00e7ado na Bienal do Livro em S\\u00e3o Paulo no ano 2000, pela editora Madras.\"}]}<\/script>\n<!-- \/ Yoast SEO plugin. -->","_links":{"self":[{"href":"https:\/\/revistavitrineibiuna.com.br\/index.php?rest_route=\/wp\/v2\/posts\/33328"}],"collection":[{"href":"https:\/\/revistavitrineibiuna.com.br\/index.php?rest_route=\/wp\/v2\/posts"}],"about":[{"href":"https:\/\/revistavitrineibiuna.com.br\/index.php?rest_route=\/wp\/v2\/types\/post"}],"author":[{"embeddable":true,"href":"https:\/\/revistavitrineibiuna.com.br\/index.php?rest_route=\/wp\/v2\/users\/1"}],"replies":[{"embeddable":true,"href":"https:\/\/revistavitrineibiuna.com.br\/index.php?rest_route=%2Fwp%2Fv2%2Fcomments&post=33328"}],"version-history":[{"count":4,"href":"https:\/\/revistavitrineibiuna.com.br\/index.php?rest_route=\/wp\/v2\/posts\/33328\/revisions"}],"predecessor-version":[{"id":33334,"href":"https:\/\/revistavitrineibiuna.com.br\/index.php?rest_route=\/wp\/v2\/posts\/33328\/revisions\/33334"}],"wp:featuredmedia":[{"embeddable":true,"href":"https:\/\/revistavitrineibiuna.com.br\/index.php?rest_route=\/wp\/v2\/media\/33329"}],"wp:attachment":[{"href":"https:\/\/revistavitrineibiuna.com.br\/index.php?rest_route=%2Fwp%2Fv2%2Fmedia&parent=33328"}],"wp:term":[{"taxonomy":"category","embeddable":true,"href":"https:\/\/revistavitrineibiuna.com.br\/index.php?rest_route=%2Fwp%2Fv2%2Fcategories&post=33328"},{"taxonomy":"post_tag","embeddable":true,"href":"https:\/\/revistavitrineibiuna.com.br\/index.php?rest_route=%2Fwp%2Fv2%2Ftags&post=33328"}],"curies":[{"name":"wp","href":"https:\/\/api.w.org\/{rel}","templated":true}]}}