{"id":33339,"date":"2025-04-07T22:58:14","date_gmt":"2025-04-08T01:58:14","guid":{"rendered":"http:\/\/revistavitrineibiuna.com.br\/?p=33339"},"modified":"2025-04-07T22:59:36","modified_gmt":"2025-04-08T01:59:36","slug":"ibiuna-drogaria-sao-paulo-e-assaltada-pela-2a-vez","status":"publish","type":"post","link":"https:\/\/revistavitrineibiuna.com.br\/?p=33339","title":{"rendered":"IBI\u00daNA \u2013 DROGARIA S\u00c3O PAULO \u00c9 ASSALTADA PELA 2\u00aa VEZ"},"content":{"rendered":"\n<p class=\"has-drop-cap\"><strong>A Drogaria S\u00e3o Paulo, localizada na rua XV de Novembro, a mais movimentada da cidade de Ibi\u00fana, foi assaltada pela segunda vez na noite deste domingo (6), \u00a0por volta das 23h.<\/strong><\/p>\n\n\n\n<p><strong>Os assaltantes armados exigiram dinheiro e o medicamento Ozempic, de alto custo, que vem embalado em canetas injet\u00e1veis para aplica\u00e7\u00e3o em diab\u00e9ticos, mas tamb\u00e9m utilizado para emagrecimento.<\/strong><\/p>\n\n\n\n<p><strong>Essa foi a segunda-vez que a farm\u00e1cia foi assaltada. No dia 28 de setembro do ano passado, um s\u00e1bado, tr\u00eas indiv\u00edduos chegaram cerca das 22h e levaram todo o estoque do Ozempic que se encontrava depositado em refrigerador.<\/strong><\/p>\n\n\n\n<p><strong>Na ocasi\u00e3o, os funcion\u00e1rios, assustados, foram pegos de surpresa \u2013 um deles foi trancado em uma das salas \u2013 mas n\u00e3o puderam ver a cara dos bandidos que os obrigaram a ficar de costas. Uma das mo\u00e7as sentiu que encostavam alguma arma em suas costas, mas n\u00e3o soube identificar se era um rev\u00f3lver ou uma faca.<\/strong><\/p>\n\n\n\n<p><strong>As c\u00e2meras de seguran\u00e7a registraram a movimenta\u00e7\u00e3o e os v\u00eddeos foram entregues \u00e0 Delegacia de Pol\u00edcia de Ibi\u00fana. At\u00e9 o momento n\u00e3o h\u00e1 informa\u00e7\u00e3o de que os ladr\u00f5es tenham sido encontrados.<\/strong><\/p>\n\n\n\n<p><strong>No caso de domingo, da mesma forma, eles se evadiram do local, depois de praticar o assalto.<\/strong><\/p>\n","protected":false},"excerpt":{"rendered":"<p>A Drogaria S\u00e3o Paulo, localizada na rua XV de Novembro, a mais movimentada da cidade de Ibi\u00fana, foi assaltada pela<\/p>\n","protected":false},"author":1,"featured_media":33340,"comment_status":"open","ping_status":"open","sticky":false,"template":"","format":"standard","meta":[],"categories":[3],"tags":[],"yoast_head":"<!-- This site is optimized with the Yoast SEO plugin v15.8 - https:\/\/yoast.com\/wordpress\/plugins\/seo\/ -->\n<title>IBI\u00daNA \u2013 DROGARIA S\u00c3O PAULO \u00c9 ASSALTADA PELA 2\u00aa VEZ - Revista Vitrine Online<\/title>\n<meta name=\"robots\" content=\"index, follow, max-snippet:-1, max-image-preview:large, max-video-preview:-1\" \/>\n<link rel=\"canonical\" href=\"https:\/\/revistavitrineibiuna.com.br\/?p=33339\" \/>\n<meta property=\"og:locale\" content=\"pt_BR\" \/>\n<meta property=\"og:type\" content=\"article\" \/>\n<meta property=\"og:title\" content=\"IBI\u00daNA \u2013 DROGARIA S\u00c3O PAULO \u00c9 ASSALTADA PELA 2\u00aa VEZ - Revista Vitrine Online\" \/>\n<meta property=\"og:description\" content=\"A Drogaria S\u00e3o Paulo, localizada na rua XV de Novembro, a mais movimentada da cidade de Ibi\u00fana, foi assaltada pela\" \/>\n<meta property=\"og:url\" content=\"https:\/\/revistavitrineibiuna.com.br\/?p=33339\" \/>\n<meta property=\"og:site_name\" content=\"Revista Vitrine Online\" \/>\n<meta property=\"article:published_time\" content=\"2025-04-08T01:58:14+00:00\" \/>\n<meta property=\"article:modified_time\" content=\"2025-04-08T01:59:36+00:00\" \/>\n<meta property=\"og:image\" content=\"https:\/\/revistavitrineibiuna.com.br\/wp-content\/uploads\/2025\/04\/drogaria-sao-paulo-800x445-1.png\" \/>\n\t<meta property=\"og:image:width\" content=\"800\" \/>\n\t<meta property=\"og:image:height\" content=\"445\" \/>\n<meta name=\"twitter:card\" content=\"summary\" \/>\n<meta name=\"twitter:label1\" content=\"Est. reading time\">\n\t<meta name=\"twitter:data1\" content=\"1 minuto\">\n<script type=\"application\/ld+json\" class=\"yoast-schema-graph\">{\"@context\":\"https:\/\/schema.org\",\"@graph\":[{\"@type\":\"WebSite\",\"@id\":\"https:\/\/revistavitrineibiuna.com.br\/#website\",\"url\":\"https:\/\/revistavitrineibiuna.com.br\/\",\"name\":\"Revista Vitrine Ibi\\u00fana\",\"description\":\"A Revista de Ibi\\u00fana e Regi\\u00e3o\",\"publisher\":{\"@id\":\"https:\/\/revistavitrineibiuna.com.br\/#\/schema\/person\/e51ef49d6d88170ea21ceabff3f73deb\"},\"potentialAction\":[{\"@type\":\"SearchAction\",\"target\":\"https:\/\/revistavitrineibiuna.com.br\/?s={search_term_string}\",\"query-input\":\"required name=search_term_string\"}],\"inLanguage\":\"pt-BR\"},{\"@type\":\"ImageObject\",\"@id\":\"https:\/\/revistavitrineibiuna.com.br\/?p=33339#primaryimage\",\"inLanguage\":\"pt-BR\",\"url\":\"https:\/\/revistavitrineibiuna.com.br\/wp-content\/uploads\/2025\/04\/drogaria-sao-paulo-800x445-1.png\",\"width\":800,\"height\":445},{\"@type\":\"WebPage\",\"@id\":\"https:\/\/revistavitrineibiuna.com.br\/?p=33339#webpage\",\"url\":\"https:\/\/revistavitrineibiuna.com.br\/?p=33339\",\"name\":\"IBI\\u00daNA \\u2013 DROGARIA S\\u00c3O PAULO \\u00c9 ASSALTADA PELA 2\\u00aa VEZ - Revista Vitrine Online\",\"isPartOf\":{\"@id\":\"https:\/\/revistavitrineibiuna.com.br\/#website\"},\"primaryImageOfPage\":{\"@id\":\"https:\/\/revistavitrineibiuna.com.br\/?p=33339#primaryimage\"},\"datePublished\":\"2025-04-08T01:58:14+00:00\",\"dateModified\":\"2025-04-08T01:59:36+00:00\",\"breadcrumb\":{\"@id\":\"https:\/\/revistavitrineibiuna.com.br\/?p=33339#breadcrumb\"},\"inLanguage\":\"pt-BR\",\"potentialAction\":[{\"@type\":\"ReadAction\",\"target\":[\"https:\/\/revistavitrineibiuna.com.br\/?p=33339\"]}]},{\"@type\":\"BreadcrumbList\",\"@id\":\"https:\/\/revistavitrineibiuna.com.br\/?p=33339#breadcrumb\",\"itemListElement\":[{\"@type\":\"ListItem\",\"position\":1,\"item\":{\"@type\":\"WebPage\",\"@id\":\"https:\/\/revistavitrineibiuna.com.br\/\",\"url\":\"https:\/\/revistavitrineibiuna.com.br\/\",\"name\":\"In\\u00edcio\"}},{\"@type\":\"ListItem\",\"position\":2,\"item\":{\"@type\":\"WebPage\",\"@id\":\"https:\/\/revistavitrineibiuna.com.br\/?p=33339\",\"url\":\"https:\/\/revistavitrineibiuna.com.br\/?p=33339\",\"name\":\"IBI\\u00daNA \\u2013 DROGARIA S\\u00c3O PAULO \\u00c9 ASSALTADA PELA 2\\u00aa VEZ\"}}]},{\"@type\":\"Article\",\"@id\":\"https:\/\/revistavitrineibiuna.com.br\/?p=33339#article\",\"isPartOf\":{\"@id\":\"https:\/\/revistavitrineibiuna.com.br\/?p=33339#webpage\"},\"author\":{\"@id\":\"https:\/\/revistavitrineibiuna.com.br\/#\/schema\/person\/e51ef49d6d88170ea21ceabff3f73deb\"},\"headline\":\"IBI\\u00daNA \\u2013 DROGARIA S\\u00c3O PAULO \\u00c9 ASSALTADA PELA 2\\u00aa VEZ\",\"datePublished\":\"2025-04-08T01:58:14+00:00\",\"dateModified\":\"2025-04-08T01:59:36+00:00\",\"mainEntityOfPage\":{\"@id\":\"https:\/\/revistavitrineibiuna.com.br\/?p=33339#webpage\"},\"commentCount\":0,\"publisher\":{\"@id\":\"https:\/\/revistavitrineibiuna.com.br\/#\/schema\/person\/e51ef49d6d88170ea21ceabff3f73deb\"},\"image\":{\"@id\":\"https:\/\/revistavitrineibiuna.com.br\/?p=33339#primaryimage\"},\"articleSection\":\"Not\\u00edcias\",\"inLanguage\":\"pt-BR\",\"potentialAction\":[{\"@type\":\"CommentAction\",\"name\":\"Comment\",\"target\":[\"https:\/\/revistavitrineibiuna.com.br\/?p=33339#respond\"]}]},{\"@type\":[\"Person\",\"Organization\"],\"@id\":\"https:\/\/revistavitrineibiuna.com.br\/#\/schema\/person\/e51ef49d6d88170ea21ceabff3f73deb\",\"name\":\"Carlos Rossini\",\"image\":{\"@type\":\"ImageObject\",\"@id\":\"https:\/\/revistavitrineibiuna.com.br\/#personlogo\",\"inLanguage\":\"pt-BR\",\"url\":\"https:\/\/secure.gravatar.com\/avatar\/4f2d0f99fac1f85c7d643f21f5c8d900?s=96&d=mm&r=g\",\"caption\":\"Carlos Rossini\"},\"logo\":{\"@id\":\"https:\/\/revistavitrineibiuna.com.br\/#personlogo\"},\"description\":\"Carlos Rossini \\u00e9 jornalista, soci\\u00f3logo, escritor e professor universit\\u00e1rio, tendo sido professor de jornalismo por vinte anos. Trabalhou em ve\\u00edculos de comunica\\u00e7\\u00e3o nas fun\\u00e7\\u00f5es de rep\\u00f3rter, redator, editor, articulista e colaborador, como Folha de S. Paulo, O Estado de S. Paulo, Di\\u00e1rio Popular, entre outros. Ao transferir a revista vitrine, vers\\u00e3o imprensa, de S\\u00e3o Paulo para Ibi\\u00fana h\\u00e1 alguns anos, iniciou uma nova experi\\u00eancia profissional, dedicando-se ao jornalismo regional, depois de cumprir uma trajet\\u00f3ria bem-sucedida na grande imprensa brasileira. Seu primeiro livro A Coragem de Comunicar foi lan\\u00e7ado na Bienal do Livro em S\\u00e3o Paulo no ano 2000, pela editora Madras.\"}]}<\/script>\n<!-- \/ Yoast SEO plugin. -->","_links":{"self":[{"href":"https:\/\/revistavitrineibiuna.com.br\/index.php?rest_route=\/wp\/v2\/posts\/33339"}],"collection":[{"href":"https:\/\/revistavitrineibiuna.com.br\/index.php?rest_route=\/wp\/v2\/posts"}],"about":[{"href":"https:\/\/revistavitrineibiuna.com.br\/index.php?rest_route=\/wp\/v2\/types\/post"}],"author":[{"embeddable":true,"href":"https:\/\/revistavitrineibiuna.com.br\/index.php?rest_route=\/wp\/v2\/users\/1"}],"replies":[{"embeddable":true,"href":"https:\/\/revistavitrineibiuna.com.br\/index.php?rest_route=%2Fwp%2Fv2%2Fcomments&post=33339"}],"version-history":[{"count":2,"href":"https:\/\/revistavitrineibiuna.com.br\/index.php?rest_route=\/wp\/v2\/posts\/33339\/revisions"}],"predecessor-version":[{"id":33342,"href":"https:\/\/revistavitrineibiuna.com.br\/index.php?rest_route=\/wp\/v2\/posts\/33339\/revisions\/33342"}],"wp:featuredmedia":[{"embeddable":true,"href":"https:\/\/revistavitrineibiuna.com.br\/index.php?rest_route=\/wp\/v2\/media\/33340"}],"wp:attachment":[{"href":"https:\/\/revistavitrineibiuna.com.br\/index.php?rest_route=%2Fwp%2Fv2%2Fmedia&parent=33339"}],"wp:term":[{"taxonomy":"category","embeddable":true,"href":"https:\/\/revistavitrineibiuna.com.br\/index.php?rest_route=%2Fwp%2Fv2%2Fcategories&post=33339"},{"taxonomy":"post_tag","embeddable":true,"href":"https:\/\/revistavitrineibiuna.com.br\/index.php?rest_route=%2Fwp%2Fv2%2Ftags&post=33339"}],"curies":[{"name":"wp","href":"https:\/\/api.w.org\/{rel}","templated":true}]}}