{"id":33343,"date":"2025-04-09T16:50:25","date_gmt":"2025-04-09T19:50:25","guid":{"rendered":"http:\/\/revistavitrineibiuna.com.br\/?p=33343"},"modified":"2025-04-09T17:10:33","modified_gmt":"2025-04-09T20:10:33","slug":"ibiunenses-do-jurupara-fazem-manifestacao-na-ponte-estaiada-em-sao-paulo","status":"publish","type":"post","link":"https:\/\/revistavitrineibiuna.com.br\/?p=33343","title":{"rendered":"IBIUNENSES DO JURUPAR\u00c1 FAZEM MANIFESTA\u00c7\u00c3O NA PONTE ESTAIADA, EM S\u00c3O PAULO"},"content":{"rendered":"\n<p class=\"has-drop-cap\"><strong>V\u00edtimas de um decreto do governo estadual de 1992, que expulsou mais de 600 fam\u00edlias legalmente propriet\u00e1rias das terras, com a cria\u00e7\u00e3o do Parque Estadual do Jurupar\u00e1, localizado no munic\u00edpio de Ibi\u00fana\/Piedade, fizeram um manifesto na manh\u00e3 de hoje (9), na mais ic\u00f4nica ponte sobre o Rio Pinheiros, localizada a cerca de 500 metros da sede da Rede Globo em S\u00e3o Paulo.<\/strong><\/p>\n\n\n\n<p><strong>Ali, portando faixas e cartazes com os dizerem \u201cn\u00e3o somos invasores\u201d e \u201cn\u00e3o vamos desistir\u201d, o manifesto visou a chamar a aten\u00e7\u00e3o do governador Tarc\u00edsio de Freitas, para que receba representantes da institui\u00e7\u00e3o que os representa, a fim de corrigir \u201cuma injusti\u00e7a\u201d  cometida h\u00e1 trinta e tr\u00eas anos, e que se mant\u00e9m at\u00e9 os dias atuais.<\/strong><\/p>\n\n\n\n<p><strong>Muitas fam\u00edlias tiveram suas propriedades submetidas a reintegra\u00e7\u00f5es de posses, suas casas e planta\u00e7\u00f5es destru\u00eddas e literalmente ficaram sem o lugar onde plantavam, colhiam e viviam h\u00e1 gera\u00e7\u00f5es.<\/strong><\/p>\n\n\n\n<p><strong>No \u00faltimo domingo (6), representantes da AJA Sustent\u00e1vel \u2013 Associa\u00e7\u00e3o dos Moradores e Sitiantes do Jurupar\u00e1 e Adjac\u00eancias, postaram cartazes diante do palco de uma manifesta\u00e7\u00e3o pol\u00edtica realizada na avenida Paulista.<\/strong><\/p>\n\n\n\n<p><strong>O objetivo era fazer com que Tarc\u00edsio Freitas, que se encontravam no local, visse o apelo para que receba uma comiss\u00e3o para tratar desse assunto, que, a par do cen\u00e1rio jur\u00eddico, \u00e9 a autoridade com maior poder decis\u00f3rio para atender aos anseios daquele povo que j\u00e1 sofreu al\u00e9m da conta, por um ato que fere os princ\u00edpios que regulam os direitos \u00e0 propriedade.<\/strong><\/p>\n\n\n\n<p><strong>Vitrine online e a TVUNA v\u00eam acompanhando e apoiando esse movimento, por meio de suas publica\u00e7\u00f5es e acredita que o governador do estado poder\u00e1, com a sabedoria dos homens p\u00fablicos sens\u00edveis \u00e0s causas sociais justas, resolver essa quest\u00e3o t\u00e3o dram\u00e1tica e danosa. (C.R.)<\/strong><\/p>\n","protected":false},"excerpt":{"rendered":"<p>V\u00edtimas de um decreto do governo estadual de 1992, que expulsou mais de 600 fam\u00edlias legalmente propriet\u00e1rias das terras, com<\/p>\n","protected":false},"author":1,"featured_media":33344,"comment_status":"open","ping_status":"open","sticky":false,"template":"","format":"standard","meta":[],"categories":[3],"tags":[],"yoast_head":"<!-- This site is optimized with the Yoast SEO plugin v15.8 - https:\/\/yoast.com\/wordpress\/plugins\/seo\/ -->\n<title>IBIUNENSES DO JURUPAR\u00c1 FAZEM MANIFESTA\u00c7\u00c3O NA PONTE ESTAIADA, EM S\u00c3O PAULO - Revista Vitrine Online<\/title>\n<meta name=\"robots\" content=\"index, follow, max-snippet:-1, max-image-preview:large, max-video-preview:-1\" \/>\n<link rel=\"canonical\" href=\"http:\/\/revistavitrineibiuna.com.br\/?p=33343\" \/>\n<meta property=\"og:locale\" content=\"pt_BR\" \/>\n<meta property=\"og:type\" content=\"article\" \/>\n<meta property=\"og:title\" content=\"IBIUNENSES DO JURUPAR\u00c1 FAZEM MANIFESTA\u00c7\u00c3O NA PONTE ESTAIADA, EM S\u00c3O PAULO - Revista Vitrine Online\" \/>\n<meta property=\"og:description\" content=\"V\u00edtimas de um decreto do governo estadual de 1992, que expulsou mais de 600 fam\u00edlias legalmente propriet\u00e1rias das terras, com\" \/>\n<meta property=\"og:url\" content=\"http:\/\/revistavitrineibiuna.com.br\/?p=33343\" \/>\n<meta property=\"og:site_name\" content=\"Revista Vitrine Online\" \/>\n<meta property=\"article:published_time\" content=\"2025-04-09T19:50:25+00:00\" \/>\n<meta property=\"article:modified_time\" content=\"2025-04-09T20:10:33+00:00\" \/>\n<meta property=\"og:image\" content=\"https:\/\/revistavitrineibiuna.com.br\/wp-content\/uploads\/2025\/04\/pessoal-do-jurupara-na-ponte-Estaiada.png\" \/>\n\t<meta property=\"og:image:width\" content=\"687\" \/>\n\t<meta property=\"og:image:height\" content=\"417\" \/>\n<meta name=\"twitter:card\" content=\"summary\" \/>\n<meta name=\"twitter:label1\" content=\"Est. reading time\">\n\t<meta name=\"twitter:data1\" content=\"2 minutos\">\n<script type=\"application\/ld+json\" class=\"yoast-schema-graph\">{\"@context\":\"https:\/\/schema.org\",\"@graph\":[{\"@type\":\"WebSite\",\"@id\":\"https:\/\/revistavitrineibiuna.com.br\/#website\",\"url\":\"https:\/\/revistavitrineibiuna.com.br\/\",\"name\":\"Revista Vitrine Ibi\\u00fana\",\"description\":\"A Revista de Ibi\\u00fana e Regi\\u00e3o\",\"publisher\":{\"@id\":\"https:\/\/revistavitrineibiuna.com.br\/#\/schema\/person\/e51ef49d6d88170ea21ceabff3f73deb\"},\"potentialAction\":[{\"@type\":\"SearchAction\",\"target\":\"https:\/\/revistavitrineibiuna.com.br\/?s={search_term_string}\",\"query-input\":\"required name=search_term_string\"}],\"inLanguage\":\"pt-BR\"},{\"@type\":\"ImageObject\",\"@id\":\"http:\/\/revistavitrineibiuna.com.br\/?p=33343#primaryimage\",\"inLanguage\":\"pt-BR\",\"url\":\"https:\/\/revistavitrineibiuna.com.br\/wp-content\/uploads\/2025\/04\/pessoal-do-jurupara-na-ponte-Estaiada.png\",\"width\":687,\"height\":417},{\"@type\":\"WebPage\",\"@id\":\"http:\/\/revistavitrineibiuna.com.br\/?p=33343#webpage\",\"url\":\"http:\/\/revistavitrineibiuna.com.br\/?p=33343\",\"name\":\"IBIUNENSES DO JURUPAR\\u00c1 FAZEM MANIFESTA\\u00c7\\u00c3O NA PONTE ESTAIADA, EM S\\u00c3O PAULO - Revista Vitrine Online\",\"isPartOf\":{\"@id\":\"https:\/\/revistavitrineibiuna.com.br\/#website\"},\"primaryImageOfPage\":{\"@id\":\"http:\/\/revistavitrineibiuna.com.br\/?p=33343#primaryimage\"},\"datePublished\":\"2025-04-09T19:50:25+00:00\",\"dateModified\":\"2025-04-09T20:10:33+00:00\",\"breadcrumb\":{\"@id\":\"http:\/\/revistavitrineibiuna.com.br\/?p=33343#breadcrumb\"},\"inLanguage\":\"pt-BR\",\"potentialAction\":[{\"@type\":\"ReadAction\",\"target\":[\"http:\/\/revistavitrineibiuna.com.br\/?p=33343\"]}]},{\"@type\":\"BreadcrumbList\",\"@id\":\"http:\/\/revistavitrineibiuna.com.br\/?p=33343#breadcrumb\",\"itemListElement\":[{\"@type\":\"ListItem\",\"position\":1,\"item\":{\"@type\":\"WebPage\",\"@id\":\"https:\/\/revistavitrineibiuna.com.br\/\",\"url\":\"https:\/\/revistavitrineibiuna.com.br\/\",\"name\":\"In\\u00edcio\"}},{\"@type\":\"ListItem\",\"position\":2,\"item\":{\"@type\":\"WebPage\",\"@id\":\"http:\/\/revistavitrineibiuna.com.br\/?p=33343\",\"url\":\"http:\/\/revistavitrineibiuna.com.br\/?p=33343\",\"name\":\"IBIUNENSES DO JURUPAR\\u00c1 FAZEM MANIFESTA\\u00c7\\u00c3O NA PONTE ESTAIADA, EM S\\u00c3O PAULO\"}}]},{\"@type\":\"Article\",\"@id\":\"http:\/\/revistavitrineibiuna.com.br\/?p=33343#article\",\"isPartOf\":{\"@id\":\"http:\/\/revistavitrineibiuna.com.br\/?p=33343#webpage\"},\"author\":{\"@id\":\"https:\/\/revistavitrineibiuna.com.br\/#\/schema\/person\/e51ef49d6d88170ea21ceabff3f73deb\"},\"headline\":\"IBIUNENSES DO JURUPAR\\u00c1 FAZEM MANIFESTA\\u00c7\\u00c3O NA PONTE ESTAIADA, EM S\\u00c3O PAULO\",\"datePublished\":\"2025-04-09T19:50:25+00:00\",\"dateModified\":\"2025-04-09T20:10:33+00:00\",\"mainEntityOfPage\":{\"@id\":\"http:\/\/revistavitrineibiuna.com.br\/?p=33343#webpage\"},\"commentCount\":0,\"publisher\":{\"@id\":\"https:\/\/revistavitrineibiuna.com.br\/#\/schema\/person\/e51ef49d6d88170ea21ceabff3f73deb\"},\"image\":{\"@id\":\"http:\/\/revistavitrineibiuna.com.br\/?p=33343#primaryimage\"},\"articleSection\":\"Not\\u00edcias\",\"inLanguage\":\"pt-BR\",\"potentialAction\":[{\"@type\":\"CommentAction\",\"name\":\"Comment\",\"target\":[\"http:\/\/revistavitrineibiuna.com.br\/?p=33343#respond\"]}]},{\"@type\":[\"Person\",\"Organization\"],\"@id\":\"https:\/\/revistavitrineibiuna.com.br\/#\/schema\/person\/e51ef49d6d88170ea21ceabff3f73deb\",\"name\":\"Carlos Rossini\",\"image\":{\"@type\":\"ImageObject\",\"@id\":\"https:\/\/revistavitrineibiuna.com.br\/#personlogo\",\"inLanguage\":\"pt-BR\",\"url\":\"https:\/\/secure.gravatar.com\/avatar\/4f2d0f99fac1f85c7d643f21f5c8d900?s=96&d=mm&r=g\",\"caption\":\"Carlos Rossini\"},\"logo\":{\"@id\":\"https:\/\/revistavitrineibiuna.com.br\/#personlogo\"},\"description\":\"Carlos Rossini \\u00e9 jornalista, soci\\u00f3logo, escritor e professor universit\\u00e1rio, tendo sido professor de jornalismo por vinte anos. Trabalhou em ve\\u00edculos de comunica\\u00e7\\u00e3o nas fun\\u00e7\\u00f5es de rep\\u00f3rter, redator, editor, articulista e colaborador, como Folha de S. Paulo, O Estado de S. Paulo, Di\\u00e1rio Popular, entre outros. Ao transferir a revista vitrine, vers\\u00e3o imprensa, de S\\u00e3o Paulo para Ibi\\u00fana h\\u00e1 alguns anos, iniciou uma nova experi\\u00eancia profissional, dedicando-se ao jornalismo regional, depois de cumprir uma trajet\\u00f3ria bem-sucedida na grande imprensa brasileira. Seu primeiro livro A Coragem de Comunicar foi lan\\u00e7ado na Bienal do Livro em S\\u00e3o Paulo no ano 2000, pela editora Madras.\"}]}<\/script>\n<!-- \/ Yoast SEO plugin. -->","_links":{"self":[{"href":"https:\/\/revistavitrineibiuna.com.br\/index.php?rest_route=\/wp\/v2\/posts\/33343"}],"collection":[{"href":"https:\/\/revistavitrineibiuna.com.br\/index.php?rest_route=\/wp\/v2\/posts"}],"about":[{"href":"https:\/\/revistavitrineibiuna.com.br\/index.php?rest_route=\/wp\/v2\/types\/post"}],"author":[{"embeddable":true,"href":"https:\/\/revistavitrineibiuna.com.br\/index.php?rest_route=\/wp\/v2\/users\/1"}],"replies":[{"embeddable":true,"href":"https:\/\/revistavitrineibiuna.com.br\/index.php?rest_route=%2Fwp%2Fv2%2Fcomments&post=33343"}],"version-history":[{"count":3,"href":"https:\/\/revistavitrineibiuna.com.br\/index.php?rest_route=\/wp\/v2\/posts\/33343\/revisions"}],"predecessor-version":[{"id":33348,"href":"https:\/\/revistavitrineibiuna.com.br\/index.php?rest_route=\/wp\/v2\/posts\/33343\/revisions\/33348"}],"wp:featuredmedia":[{"embeddable":true,"href":"https:\/\/revistavitrineibiuna.com.br\/index.php?rest_route=\/wp\/v2\/media\/33344"}],"wp:attachment":[{"href":"https:\/\/revistavitrineibiuna.com.br\/index.php?rest_route=%2Fwp%2Fv2%2Fmedia&parent=33343"}],"wp:term":[{"taxonomy":"category","embeddable":true,"href":"https:\/\/revistavitrineibiuna.com.br\/index.php?rest_route=%2Fwp%2Fv2%2Fcategories&post=33343"},{"taxonomy":"post_tag","embeddable":true,"href":"https:\/\/revistavitrineibiuna.com.br\/index.php?rest_route=%2Fwp%2Fv2%2Ftags&post=33343"}],"curies":[{"name":"wp","href":"https:\/\/api.w.org\/{rel}","templated":true}]}}