{"id":33353,"date":"2025-04-22T14:45:43","date_gmt":"2025-04-22T17:45:43","guid":{"rendered":"http:\/\/revistavitrineibiuna.com.br\/?p=33353"},"modified":"2025-04-22T15:11:03","modified_gmt":"2025-04-22T18:11:03","slug":"ciro-do-gas-e-o-mais-ilustre-cidadao-ibiunense","status":"publish","type":"post","link":"https:\/\/revistavitrineibiuna.com.br\/?p=33353","title":{"rendered":"CIRO DO G\u00c1S \u00c9 O MAIS ILUSTRE CIDAD\u00c3O IBIUNENSE"},"content":{"rendered":"\n<p class=\"has-drop-cap\"><strong>A entrevista veiculada pela TVUNA com o<em> seo<\/em> Ciro do G\u00e1s, at\u00e9 o momento em que redigimos esta not\u00edcia havia atingido 28.846 visualiza\u00e7\u00f5es e 220 compartilhamentos, sem contar com os escores atingidos no TiKTok e Youtube.<\/strong><\/p>\n\n\n\n<p><strong>Igualmente computamos milhares de manifesta\u00e7\u00f5es de carinho, afeto e respeito por um homem simples que se revelou o mais ilustre cidad\u00e3o ibiunense. Uma unanimidade!<\/strong><\/p>\n\n\n\n<p><strong>A caminho dos 97 anos, sentado em uma cadeira logo na entrada de sua loja de consertos de panelas e fog\u00f5es, na avenida Fortunatinho, no centro da cidade, n\u00e3o h\u00e1 quem n\u00e3o o cumprimente e recebe seus bons dias e boas tardes, com um sorriso encantador.<\/strong><\/p>\n\n\n\n<p><strong>Ao escrever uma breve biografia de L\u00e1zaro Ciro Silva, ou Ciro de Dico, como \u00e9 h\u00e1bito cultural de la\u00e7os de parentesco da cidade de se referir a pessoas, ou Ciro do G\u00e1s, o historiador Jos\u00e9 Gomes Linense assinalou de modo t\u00e3o categ\u00f3rico quanto preciso:<\/strong><\/p>\n\n\n\n<p><strong>\u201cCiro Silva \u00e9 um orgulho para Ibi\u00fana e sua hist\u00f3ria.\u201d<\/strong><\/p>\n\n\n\n<p><strong>H\u00e1 bons motivos para essa fama. Ciro trabalha no com\u00e9rcio h\u00e1 84 anos, onde come\u00e7ou ainda adolescente, aos 12 anos, na Casa Dico, na rua XV de Novembro, uma das raras constru\u00e7\u00f5es mantidas em sua forma original dos velhos tempos da cidade, hoje tocada pelos seus sobrinhos.<\/strong><\/p>\n\n\n\n<p><strong>Atualmente, sua loja \u00e9 tocada pela filha Ros\u00e2ngela, que continua a tradi\u00e7\u00e3o do seu pai, enquanto ele fica sentado pr\u00f3ximo \u00e0 porta de entrada, n\u00e3o raro com um gato no colo, vendo as pessoas passarem. Antes tamb\u00e9m vendia botij\u00f5es de g\u00e1s, da\u00ed ficar conhecido como Ciro do G\u00e1s.<\/strong><\/p>\n\n\n\n<figure class=\"wp-block-image size-large\"><img loading=\"lazy\" width=\"1024\" height=\"768\" src=\"https:\/\/revistavitrineibiuna.com.br\/wp-content\/uploads\/2025\/04\/casa-cyro-1024x768.jpg\" alt=\"\" class=\"wp-image-33356\" srcset=\"https:\/\/revistavitrineibiuna.com.br\/wp-content\/uploads\/2025\/04\/casa-cyro-1024x768.jpg 1024w, https:\/\/revistavitrineibiuna.com.br\/wp-content\/uploads\/2025\/04\/casa-cyro-300x225.jpg 300w, https:\/\/revistavitrineibiuna.com.br\/wp-content\/uploads\/2025\/04\/casa-cyro-768x576.jpg 768w, https:\/\/revistavitrineibiuna.com.br\/wp-content\/uploads\/2025\/04\/casa-cyro-1536x1152.jpg 1536w, https:\/\/revistavitrineibiuna.com.br\/wp-content\/uploads\/2025\/04\/casa-cyro-320x240.jpg 320w, https:\/\/revistavitrineibiuna.com.br\/wp-content\/uploads\/2025\/04\/casa-cyro.jpg 1600w\" sizes=\"(max-width: 1024px) 100vw, 1024px\" \/><figcaption>A Casa Ciro funciona h\u00e1 46 anos<\/figcaption><\/figure>\n\n\n\n<p><strong>Tamb\u00e9m atuou como veterin\u00e1rio pr\u00e1tico de grande reputa\u00e7\u00e3o, cujo valor \u00e9 reconhecido pelos veterin\u00e1rios de forma\u00e7\u00e3o.<\/strong><\/p>\n\n\n\n<p><strong>Ciro examinava os animais \u2013 c\u00e3es, gatos, cavalos \u2013 trazidos pela popula\u00e7\u00e3o ou observados nos s\u00edtios, fazia o diagn\u00f3stico e o enviava, \u201cpor telefone\u201d, para a Farmavet Produtos Veterin\u00e1ios, localizada na Pra\u00e7a da S\u00e9 em S\u00e3o Paulo.<\/strong><\/p>\n\n\n\n<p><strong>Quando chegavam os medicamentos prescritos avisava os tutores para que viessem buscar e ministrar aos animais. A maioria desse servi\u00e7o prestava de gra\u00e7a para a popula\u00e7\u00e3o. \u201cEu n\u00e3o cobrava nada.\u201d<\/strong><\/p>\n\n\n\n<p><strong>TRAJET\u00d3RIA EXEMPLAR<\/strong><\/p>\n\n\n\n<p><strong>Ciro Silva foi um dos fundadores da Banda Lyra Unense, a mais antiga da cidade da qual participou desde os 12 anos tocando pist\u00e3o, tamb\u00e9m conhecido como trompete.<\/strong><\/p>\n\n\n\n<p><strong>Mais tarde, participou da Banda da Par\u00f3quia de Nossa Senhora das Dores, \u201cque foi desativada\u201d.<\/strong><\/p>\n\n\n\n<figure class=\"wp-block-image size-large\"><img loading=\"lazy\" width=\"720\" height=\"980\" src=\"https:\/\/revistavitrineibiuna.com.br\/wp-content\/uploads\/2025\/04\/Ciro-2.png\" alt=\"\" class=\"wp-image-33359\" srcset=\"https:\/\/revistavitrineibiuna.com.br\/wp-content\/uploads\/2025\/04\/Ciro-2.png 720w, https:\/\/revistavitrineibiuna.com.br\/wp-content\/uploads\/2025\/04\/Ciro-2-220x300.png 220w\" sizes=\"(max-width: 720px) 100vw, 720px\" \/><figcaption>A simplicidade e o bom humor s\u00e3o marcas registradas do seo Ciro<\/figcaption><\/figure>\n\n\n\n<p><strong>\u2018Foi um centro avante de respeito do Guarani Atl\u00e9tico Clube, o clube de futebol mais antigo de Ibi\u00fana, chegando a fazer teste no Corinthians por tr\u00eas meses, levado por sua fama de bom jogador, na posi\u00e7\u00e3o de centroavante. \u201cEu tinha um chute violento\u201d, comenta entre sorrisos.<\/strong><\/p>\n\n\n\n<p><strong>\u201cO Fernando Henrique (ex-presidente da Rep\u00fablica) era meu cliente\u201d, informa com not\u00e1vel contentamento.<\/strong><\/p>\n\n\n\n<p><strong>Na verdade, mais do que isso, era amigo do ex-presidente Fernando Henrique Cardoso e de d. Ruth Cardoso [falecida], assim como de outras autoridades famosas, que o procuravam. Na verdade, sempre que o casal vinha a Ibi\u00fana, onde possu\u00eda uma ch\u00e1cara, logo procuravam Ciro, que cuidava de sua casa.<\/strong><\/p>\n\n\n\n<p><strong>Ciro jamais se envolveu com pol\u00edtica partid\u00e1ria, mesmo quando seu irm\u00e3o Orlandinho Silva [falecido] foi eleito prefeito no mandato &nbsp;1977-1982.<\/strong><\/p>\n\n\n\n<figure class=\"wp-block-image size-large\"><img loading=\"lazy\" width=\"1024\" height=\"702\" src=\"https:\/\/revistavitrineibiuna.com.br\/wp-content\/uploads\/2025\/04\/Casa-Dico-1024x702.png\" alt=\"\" class=\"wp-image-33363\" srcset=\"https:\/\/revistavitrineibiuna.com.br\/wp-content\/uploads\/2025\/04\/Casa-Dico-1024x702.png 1024w, https:\/\/revistavitrineibiuna.com.br\/wp-content\/uploads\/2025\/04\/Casa-Dico-300x206.png 300w, https:\/\/revistavitrineibiuna.com.br\/wp-content\/uploads\/2025\/04\/Casa-Dico-768x526.png 768w, https:\/\/revistavitrineibiuna.com.br\/wp-content\/uploads\/2025\/04\/Casa-Dico-130x90.png 130w, https:\/\/revistavitrineibiuna.com.br\/wp-content\/uploads\/2025\/04\/Casa-Dico.png 1064w\" sizes=\"(max-width: 1024px) 100vw, 1024px\" \/><figcaption>A Casa Dico, assim chamada por conta do nome do pai de Ciro, Benedito Paulo Silva, ainda mant\u00e9m as caracter\u00edsticas dos &#8220;bons tempos da cidade&#8221;<\/figcaption><\/figure>\n\n\n\n<p><strong>Com a idade avan\u00e7ada, perdeu um pouco a audi\u00e7\u00e3o e tem alguma dificuldade com a mem\u00f3ria, como \u00e9 natural, mas est\u00e1 l\u00facido e continua tratando todas as pessoas com not\u00e1vel carinho e respeito.<\/strong><\/p>\n\n\n\n<p><strong>Por isso, Linense tem raz\u00e3o ao dizer que Ciro do G\u00e1s \u00e9 um orgulho para Ibi\u00fana. Ele faz parte da hist\u00f3ria da cidade.<\/strong><\/p>\n\n\n\n<p><strong>Quem diz que \u00e9 ibiunense e conhece <em>seo<\/em> Ciro \u00e9 ibiunense mesmo. (Carlos Rossini)<\/strong><\/p>\n","protected":false},"excerpt":{"rendered":"<p>A entrevista veiculada pela TVUNA com o seo Ciro do G\u00e1s, at\u00e9 o momento em que redigimos esta not\u00edcia havia<\/p>\n","protected":false},"author":1,"featured_media":33354,"comment_status":"open","ping_status":"open","sticky":false,"template":"","format":"standard","meta":[],"categories":[3],"tags":[],"yoast_head":"<!-- This site is optimized with the Yoast SEO plugin v15.8 - https:\/\/yoast.com\/wordpress\/plugins\/seo\/ -->\n<title>CIRO DO G\u00c1S \u00c9 O MAIS ILUSTRE CIDAD\u00c3O IBIUNENSE - Revista Vitrine Online<\/title>\n<meta name=\"robots\" content=\"index, follow, max-snippet:-1, max-image-preview:large, max-video-preview:-1\" \/>\n<link rel=\"canonical\" href=\"http:\/\/revistavitrineibiuna.com.br\/?p=33353\" \/>\n<meta property=\"og:locale\" content=\"pt_BR\" \/>\n<meta property=\"og:type\" content=\"article\" \/>\n<meta property=\"og:title\" content=\"CIRO DO G\u00c1S \u00c9 O MAIS ILUSTRE CIDAD\u00c3O IBIUNENSE - Revista Vitrine Online\" \/>\n<meta property=\"og:description\" content=\"A entrevista veiculada pela TVUNA com o seo Ciro do G\u00e1s, at\u00e9 o momento em que redigimos esta not\u00edcia havia\" \/>\n<meta property=\"og:url\" content=\"http:\/\/revistavitrineibiuna.com.br\/?p=33353\" \/>\n<meta property=\"og:site_name\" content=\"Revista Vitrine Online\" \/>\n<meta property=\"article:published_time\" content=\"2025-04-22T17:45:43+00:00\" \/>\n<meta property=\"article:modified_time\" content=\"2025-04-22T18:11:03+00:00\" \/>\n<meta property=\"og:image\" content=\"https:\/\/revistavitrineibiuna.com.br\/wp-content\/uploads\/2025\/04\/Ciro-1-1024x653.png\" \/>\n\t<meta property=\"og:image:width\" content=\"1024\" \/>\n\t<meta property=\"og:image:height\" content=\"653\" \/>\n<meta name=\"twitter:card\" content=\"summary\" \/>\n<meta name=\"twitter:label1\" content=\"Est. reading time\">\n\t<meta name=\"twitter:data1\" content=\"4 minutos\">\n<script type=\"application\/ld+json\" class=\"yoast-schema-graph\">{\"@context\":\"https:\/\/schema.org\",\"@graph\":[{\"@type\":\"WebSite\",\"@id\":\"https:\/\/revistavitrineibiuna.com.br\/#website\",\"url\":\"https:\/\/revistavitrineibiuna.com.br\/\",\"name\":\"Revista Vitrine Ibi\\u00fana\",\"description\":\"A Revista de Ibi\\u00fana e Regi\\u00e3o\",\"publisher\":{\"@id\":\"https:\/\/revistavitrineibiuna.com.br\/#\/schema\/person\/e51ef49d6d88170ea21ceabff3f73deb\"},\"potentialAction\":[{\"@type\":\"SearchAction\",\"target\":\"https:\/\/revistavitrineibiuna.com.br\/?s={search_term_string}\",\"query-input\":\"required name=search_term_string\"}],\"inLanguage\":\"pt-BR\"},{\"@type\":\"ImageObject\",\"@id\":\"http:\/\/revistavitrineibiuna.com.br\/?p=33353#primaryimage\",\"inLanguage\":\"pt-BR\",\"url\":\"https:\/\/revistavitrineibiuna.com.br\/wp-content\/uploads\/2025\/04\/Ciro-1.png\",\"width\":1383,\"height\":882},{\"@type\":\"WebPage\",\"@id\":\"http:\/\/revistavitrineibiuna.com.br\/?p=33353#webpage\",\"url\":\"http:\/\/revistavitrineibiuna.com.br\/?p=33353\",\"name\":\"CIRO DO G\\u00c1S \\u00c9 O MAIS ILUSTRE CIDAD\\u00c3O IBIUNENSE - Revista Vitrine Online\",\"isPartOf\":{\"@id\":\"https:\/\/revistavitrineibiuna.com.br\/#website\"},\"primaryImageOfPage\":{\"@id\":\"http:\/\/revistavitrineibiuna.com.br\/?p=33353#primaryimage\"},\"datePublished\":\"2025-04-22T17:45:43+00:00\",\"dateModified\":\"2025-04-22T18:11:03+00:00\",\"breadcrumb\":{\"@id\":\"http:\/\/revistavitrineibiuna.com.br\/?p=33353#breadcrumb\"},\"inLanguage\":\"pt-BR\",\"potentialAction\":[{\"@type\":\"ReadAction\",\"target\":[\"http:\/\/revistavitrineibiuna.com.br\/?p=33353\"]}]},{\"@type\":\"BreadcrumbList\",\"@id\":\"http:\/\/revistavitrineibiuna.com.br\/?p=33353#breadcrumb\",\"itemListElement\":[{\"@type\":\"ListItem\",\"position\":1,\"item\":{\"@type\":\"WebPage\",\"@id\":\"https:\/\/revistavitrineibiuna.com.br\/\",\"url\":\"https:\/\/revistavitrineibiuna.com.br\/\",\"name\":\"In\\u00edcio\"}},{\"@type\":\"ListItem\",\"position\":2,\"item\":{\"@type\":\"WebPage\",\"@id\":\"http:\/\/revistavitrineibiuna.com.br\/?p=33353\",\"url\":\"http:\/\/revistavitrineibiuna.com.br\/?p=33353\",\"name\":\"CIRO DO G\\u00c1S \\u00c9 O MAIS ILUSTRE CIDAD\\u00c3O IBIUNENSE\"}}]},{\"@type\":\"Article\",\"@id\":\"http:\/\/revistavitrineibiuna.com.br\/?p=33353#article\",\"isPartOf\":{\"@id\":\"http:\/\/revistavitrineibiuna.com.br\/?p=33353#webpage\"},\"author\":{\"@id\":\"https:\/\/revistavitrineibiuna.com.br\/#\/schema\/person\/e51ef49d6d88170ea21ceabff3f73deb\"},\"headline\":\"CIRO DO G\\u00c1S \\u00c9 O MAIS ILUSTRE CIDAD\\u00c3O IBIUNENSE\",\"datePublished\":\"2025-04-22T17:45:43+00:00\",\"dateModified\":\"2025-04-22T18:11:03+00:00\",\"mainEntityOfPage\":{\"@id\":\"http:\/\/revistavitrineibiuna.com.br\/?p=33353#webpage\"},\"commentCount\":0,\"publisher\":{\"@id\":\"https:\/\/revistavitrineibiuna.com.br\/#\/schema\/person\/e51ef49d6d88170ea21ceabff3f73deb\"},\"image\":{\"@id\":\"http:\/\/revistavitrineibiuna.com.br\/?p=33353#primaryimage\"},\"articleSection\":\"Not\\u00edcias\",\"inLanguage\":\"pt-BR\",\"potentialAction\":[{\"@type\":\"CommentAction\",\"name\":\"Comment\",\"target\":[\"http:\/\/revistavitrineibiuna.com.br\/?p=33353#respond\"]}]},{\"@type\":[\"Person\",\"Organization\"],\"@id\":\"https:\/\/revistavitrineibiuna.com.br\/#\/schema\/person\/e51ef49d6d88170ea21ceabff3f73deb\",\"name\":\"Carlos Rossini\",\"image\":{\"@type\":\"ImageObject\",\"@id\":\"https:\/\/revistavitrineibiuna.com.br\/#personlogo\",\"inLanguage\":\"pt-BR\",\"url\":\"https:\/\/secure.gravatar.com\/avatar\/4f2d0f99fac1f85c7d643f21f5c8d900?s=96&d=mm&r=g\",\"caption\":\"Carlos Rossini\"},\"logo\":{\"@id\":\"https:\/\/revistavitrineibiuna.com.br\/#personlogo\"},\"description\":\"Carlos Rossini \\u00e9 jornalista, soci\\u00f3logo, escritor e professor universit\\u00e1rio, tendo sido professor de jornalismo por vinte anos. Trabalhou em ve\\u00edculos de comunica\\u00e7\\u00e3o nas fun\\u00e7\\u00f5es de rep\\u00f3rter, redator, editor, articulista e colaborador, como Folha de S. Paulo, O Estado de S. Paulo, Di\\u00e1rio Popular, entre outros. Ao transferir a revista vitrine, vers\\u00e3o imprensa, de S\\u00e3o Paulo para Ibi\\u00fana h\\u00e1 alguns anos, iniciou uma nova experi\\u00eancia profissional, dedicando-se ao jornalismo regional, depois de cumprir uma trajet\\u00f3ria bem-sucedida na grande imprensa brasileira. Seu primeiro livro A Coragem de Comunicar foi lan\\u00e7ado na Bienal do Livro em S\\u00e3o Paulo no ano 2000, pela editora Madras.\"}]}<\/script>\n<!-- \/ Yoast SEO plugin. -->","_links":{"self":[{"href":"https:\/\/revistavitrineibiuna.com.br\/index.php?rest_route=\/wp\/v2\/posts\/33353"}],"collection":[{"href":"https:\/\/revistavitrineibiuna.com.br\/index.php?rest_route=\/wp\/v2\/posts"}],"about":[{"href":"https:\/\/revistavitrineibiuna.com.br\/index.php?rest_route=\/wp\/v2\/types\/post"}],"author":[{"embeddable":true,"href":"https:\/\/revistavitrineibiuna.com.br\/index.php?rest_route=\/wp\/v2\/users\/1"}],"replies":[{"embeddable":true,"href":"https:\/\/revistavitrineibiuna.com.br\/index.php?rest_route=%2Fwp%2Fv2%2Fcomments&post=33353"}],"version-history":[{"count":6,"href":"https:\/\/revistavitrineibiuna.com.br\/index.php?rest_route=\/wp\/v2\/posts\/33353\/revisions"}],"predecessor-version":[{"id":33367,"href":"https:\/\/revistavitrineibiuna.com.br\/index.php?rest_route=\/wp\/v2\/posts\/33353\/revisions\/33367"}],"wp:featuredmedia":[{"embeddable":true,"href":"https:\/\/revistavitrineibiuna.com.br\/index.php?rest_route=\/wp\/v2\/media\/33354"}],"wp:attachment":[{"href":"https:\/\/revistavitrineibiuna.com.br\/index.php?rest_route=%2Fwp%2Fv2%2Fmedia&parent=33353"}],"wp:term":[{"taxonomy":"category","embeddable":true,"href":"https:\/\/revistavitrineibiuna.com.br\/index.php?rest_route=%2Fwp%2Fv2%2Fcategories&post=33353"},{"taxonomy":"post_tag","embeddable":true,"href":"https:\/\/revistavitrineibiuna.com.br\/index.php?rest_route=%2Fwp%2Fv2%2Ftags&post=33353"}],"curies":[{"name":"wp","href":"https:\/\/api.w.org\/{rel}","templated":true}]}}