{"id":33386,"date":"2025-05-13T14:25:33","date_gmt":"2025-05-13T17:25:33","guid":{"rendered":"http:\/\/revistavitrineibiuna.com.br\/?p=33386"},"modified":"2025-05-13T15:01:46","modified_gmt":"2025-05-13T18:01:46","slug":"a-ditosa-aparicao-de-leao-14","status":"publish","type":"post","link":"https:\/\/revistavitrineibiuna.com.br\/?p=33386","title":{"rendered":"A DITOSA APARI\u00c7\u00c3O DE LE\u00c3O 14"},"content":{"rendered":"\n<p class=\"has-drop-cap\"><strong><em>A tradi\u00e7\u00e3o rege a autonomea\u00e7\u00e3o de um papa. O cardeal decano pergunta em latim: \u201cQuo nomine vis vocari?\u201d (Com que nome queres ser chamado?). Nesse momento o novo papa escolhe o nome que usar\u00e1 durante seu pontificado. A escolha pode ser feita por adminira\u00e7\u00e3o a um papa anterior ou para mostrar que deseja seguir um novo caminho.<\/em><\/strong><\/p>\n\n\n\n<p><strong>Quando ele apareceu na varanda central da Bas\u00edlica de S\u00e3o Pedro, no Vaticano, na tarde da \u00faltima quinta-feira, dia 8, imediatamente reagi: \u201cEle tem cara de papa!\u201d<\/strong><\/p>\n\n\n\n<p><strong>O norte-americano Robert Francis Prevost, 69, naturalizado peruano, onde viveu por mais de vinte anos, foi ovacionado com not\u00e1vel alegria por uma multid\u00e3o que lotava a pra\u00e7a S\u00e3o Pedro. E ele, com gra\u00e7a, expressiva em seu rosto e no movimento das m\u00e3os, se irmanou com todos os que estavam ali e com mais de um bilh\u00e3o de cat\u00f3licos ao redor do mundo.<\/strong><\/p>\n\n\n\n<p><strong>Tendo adotado o nome de Le\u00e3o 14, que tem si em um enorme significado social, foi nomeado pelo seu amigo, o papa Francisco, que deixa uma marca indel\u00e9vel na hist\u00f3ria secular do papado por sua magn\u00edfica postura humanista, justa e a favor dos pobres e oprimidos de todo o mundo.<\/strong><\/p>\n\n\n\n<p><strong>Le\u00e3o 14, poliglota, preparado ao longo de sua carreira clerical, talvez forme uma cont\u00ednua sinergia com Francisco, ambos s\u00e3o s\u00edmbolos importantes n\u00e3o apenas da cristandade, mas da pr\u00f3pria hist\u00f3ria dos povos na Terra.<\/strong><\/p>\n\n\n\n<p><strong>Ambos s\u00e3o defensores da paz, da harmonia entre os povos, do respeito e, n\u00e3o seria exagerado dizer, que, igualmente, fizeram op\u00e7\u00e3o pela humildade em suas condutas exemplares para todos n\u00f3s, seres humanos.<\/strong><\/p>\n\n\n\n<figure class=\"wp-block-image size-large\"><img loading=\"lazy\" width=\"718\" height=\"399\" src=\"https:\/\/revistavitrineibiuna.com.br\/wp-content\/uploads\/2025\/05\/PAPA-2.png\" alt=\"\" class=\"wp-image-33390\" srcset=\"https:\/\/revistavitrineibiuna.com.br\/wp-content\/uploads\/2025\/05\/PAPA-2.png 718w, https:\/\/revistavitrineibiuna.com.br\/wp-content\/uploads\/2025\/05\/PAPA-2-300x167.png 300w\" sizes=\"(max-width: 718px) 100vw, 718px\" \/><\/figure>\n\n\n\n<p><strong>Talvez a escolha n\u00e3o poderia ser melhor do conclave considerando as turbul\u00eancias provocadas no mundo pelo presidente Trump, dos Estados Unidos, como se este tivesse se autonomeado dono do mundo, enquanto a natureza d\u00e1 mostras de exaust\u00e3o manifestada pelas impiedosas mudan\u00e7as clim\u00e1ticas e as guerras em curso s\u00e3o \u00f3bvios motivos de inquieta\u00e7\u00e3o.<\/strong><\/p>\n\n\n\n<p><strong>Certamente, o cristianismo que constela mais de 1 bilh\u00e3o e quatrocentos milh\u00f5es de fi\u00e9is receber\u00e3o, al\u00e9m das b\u00ean\u00e7\u00e3os habituais, novas mensagens compat\u00edveis com esses tempos de intelig\u00eancia artificial, que o novo papa considera positiva, se estiver a servi\u00e7o da humanidade, e n\u00e3o o contr\u00e1rio.<\/strong><\/p>\n\n\n\n<p><strong>Bem, sempre que h\u00e1 um novo ritual de passagem para a elei\u00e7\u00e3o de um novo papa, surgem as ondas de \u201cprofecias\u201d, n\u00e3o raro para assustar pessoas demasiadamente cr\u00e9dulas, como se o fim do mundo estivesse se aproximando.<\/strong><\/p>\n\n\n\n<p><strong>Nada disso! O novo papa \u00e9 motivo da mais ampla esperan\u00e7a de novos tempos de f\u00e9, amor e solidariedade entre os homens.<\/strong><\/p>\n\n\n\n<p><strong>Obrigado Francisco pelo seu herdeiro, e obrigado, Le\u00e3o 14, pelo que simboliza e far\u00e1 em favor de toda a humanidade. (Carlos Rossini \u00e9 diretor da TVUNA e editor de vitrine online).<\/strong><\/p>\n","protected":false},"excerpt":{"rendered":"<p>A tradi\u00e7\u00e3o rege a autonomea\u00e7\u00e3o de um papa. O cardeal decano pergunta em latim: \u201cQuo nomine vis vocari?\u201d (Com que<\/p>\n","protected":false},"author":1,"featured_media":33387,"comment_status":"open","ping_status":"open","sticky":false,"template":"","format":"standard","meta":[],"categories":[3],"tags":[],"yoast_head":"<!-- This site is optimized with the Yoast SEO plugin v15.8 - https:\/\/yoast.com\/wordpress\/plugins\/seo\/ -->\n<title>A DITOSA APARI\u00c7\u00c3O DE LE\u00c3O 14 - Revista Vitrine Online<\/title>\n<meta name=\"robots\" content=\"index, follow, max-snippet:-1, max-image-preview:large, max-video-preview:-1\" \/>\n<link rel=\"canonical\" href=\"http:\/\/revistavitrineibiuna.com.br\/?p=33386\" \/>\n<meta property=\"og:locale\" content=\"pt_BR\" \/>\n<meta property=\"og:type\" content=\"article\" \/>\n<meta property=\"og:title\" content=\"A DITOSA APARI\u00c7\u00c3O DE LE\u00c3O 14 - Revista Vitrine Online\" \/>\n<meta property=\"og:description\" content=\"A tradi\u00e7\u00e3o rege a autonomea\u00e7\u00e3o de um papa. O cardeal decano pergunta em latim: \u201cQuo nomine vis vocari?\u201d (Com que\" \/>\n<meta property=\"og:url\" content=\"http:\/\/revistavitrineibiuna.com.br\/?p=33386\" \/>\n<meta property=\"og:site_name\" content=\"Revista Vitrine Online\" \/>\n<meta property=\"article:published_time\" content=\"2025-05-13T17:25:33+00:00\" \/>\n<meta property=\"article:modified_time\" content=\"2025-05-13T18:01:46+00:00\" \/>\n<meta property=\"og:image\" content=\"https:\/\/revistavitrineibiuna.com.br\/wp-content\/uploads\/2025\/05\/papa-leao-14.png\" \/>\n\t<meta property=\"og:image:width\" content=\"712\" \/>\n\t<meta property=\"og:image:height\" content=\"677\" \/>\n<meta name=\"twitter:card\" content=\"summary\" \/>\n<meta name=\"twitter:label1\" content=\"Est. reading time\">\n\t<meta name=\"twitter:data1\" content=\"3 minutos\">\n<script type=\"application\/ld+json\" class=\"yoast-schema-graph\">{\"@context\":\"https:\/\/schema.org\",\"@graph\":[{\"@type\":\"WebSite\",\"@id\":\"https:\/\/revistavitrineibiuna.com.br\/#website\",\"url\":\"https:\/\/revistavitrineibiuna.com.br\/\",\"name\":\"Revista Vitrine Ibi\\u00fana\",\"description\":\"A Revista de Ibi\\u00fana e Regi\\u00e3o\",\"publisher\":{\"@id\":\"https:\/\/revistavitrineibiuna.com.br\/#\/schema\/person\/e51ef49d6d88170ea21ceabff3f73deb\"},\"potentialAction\":[{\"@type\":\"SearchAction\",\"target\":\"https:\/\/revistavitrineibiuna.com.br\/?s={search_term_string}\",\"query-input\":\"required name=search_term_string\"}],\"inLanguage\":\"pt-BR\"},{\"@type\":\"ImageObject\",\"@id\":\"http:\/\/revistavitrineibiuna.com.br\/?p=33386#primaryimage\",\"inLanguage\":\"pt-BR\",\"url\":\"https:\/\/revistavitrineibiuna.com.br\/wp-content\/uploads\/2025\/05\/papa-leao-14.png\",\"width\":712,\"height\":677},{\"@type\":\"WebPage\",\"@id\":\"http:\/\/revistavitrineibiuna.com.br\/?p=33386#webpage\",\"url\":\"http:\/\/revistavitrineibiuna.com.br\/?p=33386\",\"name\":\"A DITOSA APARI\\u00c7\\u00c3O DE LE\\u00c3O 14 - Revista Vitrine Online\",\"isPartOf\":{\"@id\":\"https:\/\/revistavitrineibiuna.com.br\/#website\"},\"primaryImageOfPage\":{\"@id\":\"http:\/\/revistavitrineibiuna.com.br\/?p=33386#primaryimage\"},\"datePublished\":\"2025-05-13T17:25:33+00:00\",\"dateModified\":\"2025-05-13T18:01:46+00:00\",\"breadcrumb\":{\"@id\":\"http:\/\/revistavitrineibiuna.com.br\/?p=33386#breadcrumb\"},\"inLanguage\":\"pt-BR\",\"potentialAction\":[{\"@type\":\"ReadAction\",\"target\":[\"http:\/\/revistavitrineibiuna.com.br\/?p=33386\"]}]},{\"@type\":\"BreadcrumbList\",\"@id\":\"http:\/\/revistavitrineibiuna.com.br\/?p=33386#breadcrumb\",\"itemListElement\":[{\"@type\":\"ListItem\",\"position\":1,\"item\":{\"@type\":\"WebPage\",\"@id\":\"https:\/\/revistavitrineibiuna.com.br\/\",\"url\":\"https:\/\/revistavitrineibiuna.com.br\/\",\"name\":\"In\\u00edcio\"}},{\"@type\":\"ListItem\",\"position\":2,\"item\":{\"@type\":\"WebPage\",\"@id\":\"http:\/\/revistavitrineibiuna.com.br\/?p=33386\",\"url\":\"http:\/\/revistavitrineibiuna.com.br\/?p=33386\",\"name\":\"A DITOSA APARI\\u00c7\\u00c3O DE LE\\u00c3O 14\"}}]},{\"@type\":\"Article\",\"@id\":\"http:\/\/revistavitrineibiuna.com.br\/?p=33386#article\",\"isPartOf\":{\"@id\":\"http:\/\/revistavitrineibiuna.com.br\/?p=33386#webpage\"},\"author\":{\"@id\":\"https:\/\/revistavitrineibiuna.com.br\/#\/schema\/person\/e51ef49d6d88170ea21ceabff3f73deb\"},\"headline\":\"A DITOSA APARI\\u00c7\\u00c3O DE LE\\u00c3O 14\",\"datePublished\":\"2025-05-13T17:25:33+00:00\",\"dateModified\":\"2025-05-13T18:01:46+00:00\",\"mainEntityOfPage\":{\"@id\":\"http:\/\/revistavitrineibiuna.com.br\/?p=33386#webpage\"},\"commentCount\":0,\"publisher\":{\"@id\":\"https:\/\/revistavitrineibiuna.com.br\/#\/schema\/person\/e51ef49d6d88170ea21ceabff3f73deb\"},\"image\":{\"@id\":\"http:\/\/revistavitrineibiuna.com.br\/?p=33386#primaryimage\"},\"articleSection\":\"Not\\u00edcias\",\"inLanguage\":\"pt-BR\",\"potentialAction\":[{\"@type\":\"CommentAction\",\"name\":\"Comment\",\"target\":[\"http:\/\/revistavitrineibiuna.com.br\/?p=33386#respond\"]}]},{\"@type\":[\"Person\",\"Organization\"],\"@id\":\"https:\/\/revistavitrineibiuna.com.br\/#\/schema\/person\/e51ef49d6d88170ea21ceabff3f73deb\",\"name\":\"Carlos Rossini\",\"image\":{\"@type\":\"ImageObject\",\"@id\":\"https:\/\/revistavitrineibiuna.com.br\/#personlogo\",\"inLanguage\":\"pt-BR\",\"url\":\"https:\/\/secure.gravatar.com\/avatar\/4f2d0f99fac1f85c7d643f21f5c8d900?s=96&d=mm&r=g\",\"caption\":\"Carlos Rossini\"},\"logo\":{\"@id\":\"https:\/\/revistavitrineibiuna.com.br\/#personlogo\"},\"description\":\"Carlos Rossini \\u00e9 jornalista, soci\\u00f3logo, escritor e professor universit\\u00e1rio, tendo sido professor de jornalismo por vinte anos. Trabalhou em ve\\u00edculos de comunica\\u00e7\\u00e3o nas fun\\u00e7\\u00f5es de rep\\u00f3rter, redator, editor, articulista e colaborador, como Folha de S. Paulo, O Estado de S. Paulo, Di\\u00e1rio Popular, entre outros. Ao transferir a revista vitrine, vers\\u00e3o imprensa, de S\\u00e3o Paulo para Ibi\\u00fana h\\u00e1 alguns anos, iniciou uma nova experi\\u00eancia profissional, dedicando-se ao jornalismo regional, depois de cumprir uma trajet\\u00f3ria bem-sucedida na grande imprensa brasileira. Seu primeiro livro A Coragem de Comunicar foi lan\\u00e7ado na Bienal do Livro em S\\u00e3o Paulo no ano 2000, pela editora Madras.\"}]}<\/script>\n<!-- \/ Yoast SEO plugin. -->","_links":{"self":[{"href":"https:\/\/revistavitrineibiuna.com.br\/index.php?rest_route=\/wp\/v2\/posts\/33386"}],"collection":[{"href":"https:\/\/revistavitrineibiuna.com.br\/index.php?rest_route=\/wp\/v2\/posts"}],"about":[{"href":"https:\/\/revistavitrineibiuna.com.br\/index.php?rest_route=\/wp\/v2\/types\/post"}],"author":[{"embeddable":true,"href":"https:\/\/revistavitrineibiuna.com.br\/index.php?rest_route=\/wp\/v2\/users\/1"}],"replies":[{"embeddable":true,"href":"https:\/\/revistavitrineibiuna.com.br\/index.php?rest_route=%2Fwp%2Fv2%2Fcomments&post=33386"}],"version-history":[{"count":7,"href":"https:\/\/revistavitrineibiuna.com.br\/index.php?rest_route=\/wp\/v2\/posts\/33386\/revisions"}],"predecessor-version":[{"id":33396,"href":"https:\/\/revistavitrineibiuna.com.br\/index.php?rest_route=\/wp\/v2\/posts\/33386\/revisions\/33396"}],"wp:featuredmedia":[{"embeddable":true,"href":"https:\/\/revistavitrineibiuna.com.br\/index.php?rest_route=\/wp\/v2\/media\/33387"}],"wp:attachment":[{"href":"https:\/\/revistavitrineibiuna.com.br\/index.php?rest_route=%2Fwp%2Fv2%2Fmedia&parent=33386"}],"wp:term":[{"taxonomy":"category","embeddable":true,"href":"https:\/\/revistavitrineibiuna.com.br\/index.php?rest_route=%2Fwp%2Fv2%2Fcategories&post=33386"},{"taxonomy":"post_tag","embeddable":true,"href":"https:\/\/revistavitrineibiuna.com.br\/index.php?rest_route=%2Fwp%2Fv2%2Ftags&post=33386"}],"curies":[{"name":"wp","href":"https:\/\/api.w.org\/{rel}","templated":true}]}}