{"id":33398,"date":"2025-05-15T12:46:04","date_gmt":"2025-05-15T15:46:04","guid":{"rendered":"http:\/\/revistavitrineibiuna.com.br\/?p=33398"},"modified":"2025-05-15T12:46:44","modified_gmt":"2025-05-15T15:46:44","slug":"dengue-ibiuna-nao-tem-caso-grave-mas-e-preciso-se-prevenir","status":"publish","type":"post","link":"https:\/\/revistavitrineibiuna.com.br\/?p=33398","title":{"rendered":"DENGUE \u2013 IBI\u00daNA N\u00c3O TEM CASO GRAVE, MAS \u00c9 PRECISO SE PREVENIR"},"content":{"rendered":"\n<p class=\"has-drop-cap\"><strong>O diretor de Vigil\u00e2ncia em Sa\u00fade de Ibi\u00fana, enfermeiro Anderson Domingues informou ontem \u00e0 noite a vitrine online que \u2013 felizmente at\u00e9 o momento n\u00e3o foi registrado nenhum caso grave de dengue e nenhum \u00f3bito por causa da dengue no munic\u00edpio de Ibi\u00fana.<\/strong><\/p>\n\n\n\n<p><strong>No entanto, trata-se de uma doen\u00e7a grave que pode, em sua pior manifesta\u00e7\u00e3o, provocar muito sofrimento e e levar \u00e0 morte, motivo por que a popula\u00e7\u00e3o deve ficar atenta e tomar medidas preventivas para evitar a enfermidade provocada pelo mosquito aedes aegypti.<\/strong><\/p>\n\n\n\n<p><strong>O v\u00edrus da dengue se transmite atrav\u00e9s da picada de f\u00eameas desses animal quando est\u00e3o infectadas. Ao picar algu\u00e9m infectado , o mosquito ingere sangue com v\u00edrus e, em seguida, transmite-o a outra pessa ao pic\u00e1-la.<\/strong><\/p>\n\n\n\n<p><strong>VACINA\u00c7\u00c3O<\/strong><\/p>\n\n\n\n<p><strong>Por enquanto a vacina\u00e7\u00e3o est\u00e1 restrita a uma faixa et\u00e1ria, explica Domingues:<\/strong><\/p>\n\n\n\n<p><strong>\u201c Temos vacina\u00e7\u00e3o de Dengue, faixa et\u00e1ria preconizada pelo Minist\u00e9rio da Sa\u00fade de 10 anos a 14 anos 11 meses e 29 dias. S\u00e3o duas doses com intervalo de 3 meses entre as doses.<\/strong><\/p>\n\n\n\n<p><strong>PREVEN\u00c7\u00c3O<\/strong><\/p>\n\n\n\n<p><strong>O diretor da Vigil\u00e2ncia em Sa\u00fade de Ibi\u00fana presta as seguintes informa\u00e7\u00f5es de car\u00e1ter preventivo, al\u00e9m das medidas realizadas pelos agentes de sa\u00fade. \u201cA popula\u00e7\u00e3o deve fazer a sua parte\u201d, com as seguintes recomenda\u00e7\u00f5es:<\/strong><\/p>\n\n\n\n<p><strong>. Uso de telas nas janelas e repelentes em \u00e1reas de reconhecida transmiss\u00e3o;<\/strong><\/p>\n\n\n\n<p><strong>. Remo\u00e7\u00e3o de recipientes nos domic\u00edlios que possam se transformar em criadouros de mosquitos;<\/strong><\/p>\n\n\n\n<p><strong>. Veda\u00e7\u00e3o dos reservat\u00f3rios e caixas de \u00e1gua;<\/strong><\/p>\n\n\n\n<p><strong>. Desobstru\u00e7\u00e3o de calhas, lajes e ralos.<\/strong><\/p>\n\n\n\n<p><strong>MOSQUITO DA DENGUE<\/strong><\/p>\n\n\n\n<figure class=\"wp-block-image size-large\"><img loading=\"lazy\" width=\"680\" height=\"420\" src=\"https:\/\/revistavitrineibiuna.com.br\/wp-content\/uploads\/2025\/05\/MOSQUITO-DA-DENGUE.png\" alt=\"\" class=\"wp-image-33401\" srcset=\"https:\/\/revistavitrineibiuna.com.br\/wp-content\/uploads\/2025\/05\/MOSQUITO-DA-DENGUE.png 680w, https:\/\/revistavitrineibiuna.com.br\/wp-content\/uploads\/2025\/05\/MOSQUITO-DA-DENGUE-300x185.png 300w\" sizes=\"(max-width: 680px) 100vw, 680px\" \/><\/figure>\n\n\n\n<p><strong>Menor do que os mosquitos comuns, o mosquito da dengue \u00e9 preto com listras brancas no tronco, na cabe\u00e7a e nas pernas. Suas asas s\u00e3o transl\u00facidas e o ru\u00eddo que produzem \u00e9 praticamente inaud\u00edvel ao ser humano. O macho, como de qualquer esp\u00e9cie, alimenta-se exclusivamente de frutas.<\/strong><\/p>\n","protected":false},"excerpt":{"rendered":"<p>O diretor de Vigil\u00e2ncia em Sa\u00fade de Ibi\u00fana, enfermeiro Anderson Domingues informou ontem \u00e0 noite a vitrine online que \u2013<\/p>\n","protected":false},"author":1,"featured_media":33399,"comment_status":"open","ping_status":"open","sticky":false,"template":"","format":"standard","meta":[],"categories":[70],"tags":[],"yoast_head":"<!-- This site is optimized with the Yoast SEO plugin v15.8 - https:\/\/yoast.com\/wordpress\/plugins\/seo\/ -->\n<title>DENGUE \u2013 IBI\u00daNA N\u00c3O TEM CASO GRAVE, MAS \u00c9 PRECISO SE PREVENIR - Revista Vitrine Online<\/title>\n<meta name=\"robots\" content=\"index, follow, max-snippet:-1, max-image-preview:large, max-video-preview:-1\" \/>\n<link rel=\"canonical\" href=\"http:\/\/revistavitrineibiuna.com.br\/?p=33398\" \/>\n<meta property=\"og:locale\" content=\"pt_BR\" \/>\n<meta property=\"og:type\" content=\"article\" \/>\n<meta property=\"og:title\" content=\"DENGUE \u2013 IBI\u00daNA N\u00c3O TEM CASO GRAVE, MAS \u00c9 PRECISO SE PREVENIR - Revista Vitrine Online\" \/>\n<meta property=\"og:description\" content=\"O diretor de Vigil\u00e2ncia em Sa\u00fade de Ibi\u00fana, enfermeiro Anderson Domingues informou ontem \u00e0 noite a vitrine online que \u2013\" \/>\n<meta property=\"og:url\" content=\"http:\/\/revistavitrineibiuna.com.br\/?p=33398\" \/>\n<meta property=\"og:site_name\" content=\"Revista Vitrine Online\" \/>\n<meta property=\"article:published_time\" content=\"2025-05-15T15:46:04+00:00\" \/>\n<meta property=\"article:modified_time\" content=\"2025-05-15T15:46:44+00:00\" \/>\n<meta property=\"og:image\" content=\"https:\/\/revistavitrineibiuna.com.br\/wp-content\/uploads\/2025\/05\/Anderson-Domingues.png\" \/>\n\t<meta property=\"og:image:width\" content=\"230\" \/>\n\t<meta property=\"og:image:height\" content=\"260\" \/>\n<meta name=\"twitter:card\" content=\"summary\" \/>\n<meta name=\"twitter:label1\" content=\"Est. reading time\">\n\t<meta name=\"twitter:data1\" content=\"2 minutos\">\n<script type=\"application\/ld+json\" class=\"yoast-schema-graph\">{\"@context\":\"https:\/\/schema.org\",\"@graph\":[{\"@type\":\"WebSite\",\"@id\":\"https:\/\/revistavitrineibiuna.com.br\/#website\",\"url\":\"https:\/\/revistavitrineibiuna.com.br\/\",\"name\":\"Revista Vitrine Ibi\\u00fana\",\"description\":\"A Revista de Ibi\\u00fana e Regi\\u00e3o\",\"publisher\":{\"@id\":\"https:\/\/revistavitrineibiuna.com.br\/#\/schema\/person\/e51ef49d6d88170ea21ceabff3f73deb\"},\"potentialAction\":[{\"@type\":\"SearchAction\",\"target\":\"https:\/\/revistavitrineibiuna.com.br\/?s={search_term_string}\",\"query-input\":\"required name=search_term_string\"}],\"inLanguage\":\"pt-BR\"},{\"@type\":\"ImageObject\",\"@id\":\"http:\/\/revistavitrineibiuna.com.br\/?p=33398#primaryimage\",\"inLanguage\":\"pt-BR\",\"url\":\"https:\/\/revistavitrineibiuna.com.br\/wp-content\/uploads\/2025\/05\/Anderson-Domingues.png\",\"width\":230,\"height\":260},{\"@type\":\"WebPage\",\"@id\":\"http:\/\/revistavitrineibiuna.com.br\/?p=33398#webpage\",\"url\":\"http:\/\/revistavitrineibiuna.com.br\/?p=33398\",\"name\":\"DENGUE \\u2013 IBI\\u00daNA N\\u00c3O TEM CASO GRAVE, MAS \\u00c9 PRECISO SE PREVENIR - Revista Vitrine Online\",\"isPartOf\":{\"@id\":\"https:\/\/revistavitrineibiuna.com.br\/#website\"},\"primaryImageOfPage\":{\"@id\":\"http:\/\/revistavitrineibiuna.com.br\/?p=33398#primaryimage\"},\"datePublished\":\"2025-05-15T15:46:04+00:00\",\"dateModified\":\"2025-05-15T15:46:44+00:00\",\"breadcrumb\":{\"@id\":\"http:\/\/revistavitrineibiuna.com.br\/?p=33398#breadcrumb\"},\"inLanguage\":\"pt-BR\",\"potentialAction\":[{\"@type\":\"ReadAction\",\"target\":[\"http:\/\/revistavitrineibiuna.com.br\/?p=33398\"]}]},{\"@type\":\"BreadcrumbList\",\"@id\":\"http:\/\/revistavitrineibiuna.com.br\/?p=33398#breadcrumb\",\"itemListElement\":[{\"@type\":\"ListItem\",\"position\":1,\"item\":{\"@type\":\"WebPage\",\"@id\":\"https:\/\/revistavitrineibiuna.com.br\/\",\"url\":\"https:\/\/revistavitrineibiuna.com.br\/\",\"name\":\"In\\u00edcio\"}},{\"@type\":\"ListItem\",\"position\":2,\"item\":{\"@type\":\"WebPage\",\"@id\":\"http:\/\/revistavitrineibiuna.com.br\/?p=33398\",\"url\":\"http:\/\/revistavitrineibiuna.com.br\/?p=33398\",\"name\":\"DENGUE \\u2013 IBI\\u00daNA N\\u00c3O TEM CASO GRAVE, MAS \\u00c9 PRECISO SE PREVENIR\"}}]},{\"@type\":\"Article\",\"@id\":\"http:\/\/revistavitrineibiuna.com.br\/?p=33398#article\",\"isPartOf\":{\"@id\":\"http:\/\/revistavitrineibiuna.com.br\/?p=33398#webpage\"},\"author\":{\"@id\":\"https:\/\/revistavitrineibiuna.com.br\/#\/schema\/person\/e51ef49d6d88170ea21ceabff3f73deb\"},\"headline\":\"DENGUE \\u2013 IBI\\u00daNA N\\u00c3O TEM CASO GRAVE, MAS \\u00c9 PRECISO SE PREVENIR\",\"datePublished\":\"2025-05-15T15:46:04+00:00\",\"dateModified\":\"2025-05-15T15:46:44+00:00\",\"mainEntityOfPage\":{\"@id\":\"http:\/\/revistavitrineibiuna.com.br\/?p=33398#webpage\"},\"commentCount\":0,\"publisher\":{\"@id\":\"https:\/\/revistavitrineibiuna.com.br\/#\/schema\/person\/e51ef49d6d88170ea21ceabff3f73deb\"},\"image\":{\"@id\":\"http:\/\/revistavitrineibiuna.com.br\/?p=33398#primaryimage\"},\"articleSection\":\"Rapidinhas\",\"inLanguage\":\"pt-BR\",\"potentialAction\":[{\"@type\":\"CommentAction\",\"name\":\"Comment\",\"target\":[\"http:\/\/revistavitrineibiuna.com.br\/?p=33398#respond\"]}]},{\"@type\":[\"Person\",\"Organization\"],\"@id\":\"https:\/\/revistavitrineibiuna.com.br\/#\/schema\/person\/e51ef49d6d88170ea21ceabff3f73deb\",\"name\":\"Carlos Rossini\",\"image\":{\"@type\":\"ImageObject\",\"@id\":\"https:\/\/revistavitrineibiuna.com.br\/#personlogo\",\"inLanguage\":\"pt-BR\",\"url\":\"https:\/\/secure.gravatar.com\/avatar\/4f2d0f99fac1f85c7d643f21f5c8d900?s=96&d=mm&r=g\",\"caption\":\"Carlos Rossini\"},\"logo\":{\"@id\":\"https:\/\/revistavitrineibiuna.com.br\/#personlogo\"},\"description\":\"Carlos Rossini \\u00e9 jornalista, soci\\u00f3logo, escritor e professor universit\\u00e1rio, tendo sido professor de jornalismo por vinte anos. Trabalhou em ve\\u00edculos de comunica\\u00e7\\u00e3o nas fun\\u00e7\\u00f5es de rep\\u00f3rter, redator, editor, articulista e colaborador, como Folha de S. Paulo, O Estado de S. Paulo, Di\\u00e1rio Popular, entre outros. Ao transferir a revista vitrine, vers\\u00e3o imprensa, de S\\u00e3o Paulo para Ibi\\u00fana h\\u00e1 alguns anos, iniciou uma nova experi\\u00eancia profissional, dedicando-se ao jornalismo regional, depois de cumprir uma trajet\\u00f3ria bem-sucedida na grande imprensa brasileira. Seu primeiro livro A Coragem de Comunicar foi lan\\u00e7ado na Bienal do Livro em S\\u00e3o Paulo no ano 2000, pela editora Madras.\"}]}<\/script>\n<!-- \/ Yoast SEO plugin. -->","_links":{"self":[{"href":"https:\/\/revistavitrineibiuna.com.br\/index.php?rest_route=\/wp\/v2\/posts\/33398"}],"collection":[{"href":"https:\/\/revistavitrineibiuna.com.br\/index.php?rest_route=\/wp\/v2\/posts"}],"about":[{"href":"https:\/\/revistavitrineibiuna.com.br\/index.php?rest_route=\/wp\/v2\/types\/post"}],"author":[{"embeddable":true,"href":"https:\/\/revistavitrineibiuna.com.br\/index.php?rest_route=\/wp\/v2\/users\/1"}],"replies":[{"embeddable":true,"href":"https:\/\/revistavitrineibiuna.com.br\/index.php?rest_route=%2Fwp%2Fv2%2Fcomments&post=33398"}],"version-history":[{"count":2,"href":"https:\/\/revistavitrineibiuna.com.br\/index.php?rest_route=\/wp\/v2\/posts\/33398\/revisions"}],"predecessor-version":[{"id":33402,"href":"https:\/\/revistavitrineibiuna.com.br\/index.php?rest_route=\/wp\/v2\/posts\/33398\/revisions\/33402"}],"wp:featuredmedia":[{"embeddable":true,"href":"https:\/\/revistavitrineibiuna.com.br\/index.php?rest_route=\/wp\/v2\/media\/33399"}],"wp:attachment":[{"href":"https:\/\/revistavitrineibiuna.com.br\/index.php?rest_route=%2Fwp%2Fv2%2Fmedia&parent=33398"}],"wp:term":[{"taxonomy":"category","embeddable":true,"href":"https:\/\/revistavitrineibiuna.com.br\/index.php?rest_route=%2Fwp%2Fv2%2Fcategories&post=33398"},{"taxonomy":"post_tag","embeddable":true,"href":"https:\/\/revistavitrineibiuna.com.br\/index.php?rest_route=%2Fwp%2Fv2%2Ftags&post=33398"}],"curies":[{"name":"wp","href":"https:\/\/api.w.org\/{rel}","templated":true}]}}