{"id":33425,"date":"2025-05-20T09:42:25","date_gmt":"2025-05-20T12:42:25","guid":{"rendered":"http:\/\/revistavitrineibiuna.com.br\/?p=33425"},"modified":"2025-05-20T09:42:26","modified_gmt":"2025-05-20T12:42:26","slug":"ibiuna-106a-festa-de-sao-sebastiao-com-esperanca-e-alegria","status":"publish","type":"post","link":"https:\/\/revistavitrineibiuna.com.br\/?p=33425","title":{"rendered":"IBI\u00daNA \u2013 106\u00aa FESTA DE S\u00c3O SEBASTI\u00c3O COM \u201cESPERAN\u00c7A E ALEGRIA\u201d"},"content":{"rendered":"\n<p class=\"has-drop-cap\"><strong>\u201cCelebremos a 106\u00aa Festa de S\u00e3o Sebasti\u00e3o e do Divino Espirito Santo com esperan\u00e7a e alegria\u201d, exortaram os padres F\u00e1bio Ros\u00e1rio, p\u00e1roco da Igreja matriz Nossa Senhora das Dores e Edileis Silva de Ara\u00fajo, da par\u00f3quia Santa Teresinha e S\u00e3o Roque, no bairro da Ressaca, e respons\u00e1vel pela festa deste ano, em entrevista \u00e0 TVUNA. [Veja na \u00edntegra no Instagram da emissora ibiunense.]<\/strong><\/p>\n\n\n\n<p><strong>Trata-se da maior festa religiosa de Ibi\u00fana e regi\u00e3o que atrai milhares de pessoas tanto do munic\u00edpio quanto de outras cidades, como acontece tradicionalmente.<\/strong><\/p>\n\n\n\n<p><strong>S\u00e3o Sebasti\u00e3o \u00e9 o santo protetor de Ibi\u00fana e alvo de imensa devo\u00e7\u00e3o popular.<\/strong><\/p>\n\n\n\n<p><strong>O ponto alto das festividades \u00e9 a chegada da imagem do santo que \u00e9 trazida por romeiros de sua capela no bairro do Pocinho, distante do centro da cidade em torno de 27 km, o que acontecer\u00e1 no dia 31 deste m\u00eas.<\/strong><\/p>\n\n\n\n<p><strong>Mas neste domingo, 25, \u00e0s 7h00, tem a prociss\u00e3o e missa dos lavradores, com missa no coreto da avenida S\u00e3o Sebasti\u00e3o. Nesse dia, os lavradores, vindos em centenas de tratores trazendo produtos agr\u00edcolas, que s\u00e3o vendidos no feir\u00e3o da pra\u00e7a da matriz com a renda destinada \u00e0 igreja.<\/strong><\/p>\n\n\n\n<p><strong>Veja abaixo a programa\u00e7\u00e3o religiosa completa da festa.<\/strong><\/p>\n\n\n\n<p><strong>PROGRAMA\u00c7\u00c3O<\/strong><\/p>\n\n\n\n<p><strong>04 DE MAIO (j\u00e1 realizada)<\/strong><\/p>\n\n\n\n<p><strong>07h30- 3\u00aa CORRIDA E CAMINHADA DE S\u00c3O SEBASTI\u00c3O<\/strong><\/p>\n\n\n\n<p><strong>LOCAL: PRA\u00c7A DA MATRIZ<\/strong><\/p>\n\n\n\n<p><strong>10 DE MAIO (j\u00e1 realizado)<\/strong><\/p>\n\n\n\n<p><strong>19h00 &#8211; JANTAR DA FESTA<\/strong><\/p>\n\n\n\n<p><strong>LOCAL: CCEI &#8211; CENTRO CULTURAL E ESPORTIVO DE IBI\u00daNA (ANTIGA ADI)<\/strong><\/p>\n\n\n\n<p><strong>18 DE MAIO (j\u00e1 realizado)<\/strong><\/p>\n\n\n\n<p><strong>15h00 &#8211; SHOW DE PR\u00caMIOS (BINGO EM PROL A FESTA)<\/strong><\/p>\n\n\n\n<p><strong>LOCAL: GIN\u00c1SIO DE ESPORTES<\/strong><\/p>\n\n\n\n<p><strong>22 A 31 DE MAIO<\/strong><\/p>\n\n\n\n<p><strong>15h00- MISSA VESPERTINA DA NOVENA<\/strong><\/p>\n\n\n\n<p><strong>19h30 &#8211; MISSA NOTURNA DA NOVENA<\/strong><\/p>\n\n\n\n<p><strong>LOCAL: MATRIZ NOSSA SENHORA DAS DORES (CENTRO)<\/strong><\/p>\n\n\n\n<p><strong>25 DE MAIO (DOMINGO)<\/strong><\/p>\n\n\n\n<p><strong>07h00 &#8211; MISSA E PROCISS\u00c3O DOS LAVRADORES<\/strong><\/p>\n\n\n\n<p><strong>LOCAL: AVENIDA S\u00c3O SEBASTI\u00c3O (CORETO ANIBAL ALBERTIM).<\/strong><\/p>\n\n\n\n<p><strong>08h00 \u00c0S 13h00- FEIR\u00c3O DE VERDURAS<\/strong><\/p>\n\n\n\n<p><strong>LOCAL: PRA\u00c7A DA MATRIZ.<\/strong><\/p>\n\n\n\n<p><strong>30 DE MAIO (SEXTA-FEIRA)<\/strong><\/p>\n\n\n\n<p><strong>11h00 &#8211; SA\u00cdDA DOS CAVALEIROS EM DIRE\u00c7\u00c3O AO SERT\u00c3O (BAIRRO POCINHO)<\/strong><\/p>\n\n\n\n<p><strong>LOCAL: ROTAT\u00d3RIA DA CPFL<\/strong><\/p>\n\n\n\n<p><strong>20h00 &#8211; MISSA E PROCISS\u00c3O LUMINOSA<\/strong><\/p>\n\n\n\n<p><strong>LOCAL: SERT\u00c3O (BAIRRO POCINHO)<\/strong><\/p>\n\n\n\n<p><strong>31 DE MAIO (S\u00c1BADO)<\/strong><\/p>\n\n\n\n<p><strong>06h00 &#8211; MISSA E SA\u00cdDA DOS ROMEIROS<\/strong><\/p>\n\n\n\n<p><strong>LOCAL: SERT\u00c3O (BAIRRO POCINHO)<\/strong><\/p>\n\n\n\n<p><strong>12h00 &#8211; SANTO TER\u00c7O<\/strong><\/p>\n\n\n\n<p><strong>LOCAL: FAZENDA SANTA MARIA (BAIRRO PIAI)<\/strong><\/p>\n\n\n\n<p><strong>17h30 &#8211; CHEGADA DA IMAGEM DE S\u00c3O SEBASTI\u00c3O<\/strong><\/p>\n\n\n\n<p><strong>LOCAL: AVENIDA S\u00c3O SEBASTI\u00c3O (CORETO ANIBAL ALBERTIM). AP\u00d3S MISSA NA PRA\u00c7A DA MATRIZ<\/strong><\/p>\n\n\n\n<p><strong>01 DE JUNHO (DOMINGO)<\/strong><\/p>\n\n\n\n<p><strong>10h00 &#8211; MISSA DOS FESTEIRINHOS E BEN\u00c7\u00c3O DAS ROSCAS DO DIVINO<\/strong><\/p>\n\n\n\n<p><strong>LOCAL: MATRIZ NOSSA SENHORA DAS DORES (CENTRO)<\/strong><\/p>\n\n\n\n<p><strong>18h00 &#8211; PROCISS\u00c3O DO DIVINO ESP\u00cdRITO SANTO, AP\u00d3S MISSA NA PRA\u00c7A DA MATRIZ<\/strong><\/p>\n\n\n\n<p><strong>02 DE JUNHO (SEGUNDA-FEIRA)<\/strong><\/p>\n\n\n\n<p><strong>18h00 &#8211; PROCISS\u00c3O DE S\u00c3O SEBASTI\u00c3O E DO DIVINO ESP\u00cdRITO SANTO, AP\u00d3S MISSA NA PRA\u00c7A DA MATRIZ.<\/strong><\/p>\n\n\n\n<p><strong>03 DE JUNHO (TER\u00c7A-FEIRA)<\/strong><\/p>\n\n\n\n<p><strong>07h00 &#8211; MISSA DE DESPEDIDA DA IMAGEM<\/strong><\/p>\n\n\n\n<p><strong>LOCAL: MATRIZ NOSSA SENHORA DAS DORES (CENTRO)<\/strong><\/p>\n\n\n\n<p><strong>12h00 &#8211; SANTO TER\u00c7O<\/strong><\/p>\n\n\n\n<p><strong>LOCAL: FAZENDA SANTA MARIA (BAIRRO PIAI)<\/strong><\/p>\n\n\n\n<p><strong>17h00 &#8211; MISSA \u201cVOLTA DA IMAGEM \u201d<\/strong><\/p>\n\n\n\n<p><strong>LOCAL: SERT\u00c3O (BAIRRO POCINHO)<\/strong><\/p>\n","protected":false},"excerpt":{"rendered":"<p>\u201cCelebremos a 106\u00aa Festa de S\u00e3o Sebasti\u00e3o e do Divino Espirito Santo com esperan\u00e7a e alegria\u201d, exortaram os padres F\u00e1bio<\/p>\n","protected":false},"author":1,"featured_media":33426,"comment_status":"open","ping_status":"open","sticky":false,"template":"","format":"standard","meta":[],"categories":[3],"tags":[],"yoast_head":"<!-- This site is optimized with the Yoast SEO plugin v15.8 - https:\/\/yoast.com\/wordpress\/plugins\/seo\/ -->\n<title>IBI\u00daNA \u2013 106\u00aa FESTA DE S\u00c3O SEBASTI\u00c3O COM \u201cESPERAN\u00c7A E ALEGRIA\u201d - Revista Vitrine Online<\/title>\n<meta name=\"robots\" content=\"index, follow, max-snippet:-1, max-image-preview:large, max-video-preview:-1\" \/>\n<link rel=\"canonical\" href=\"https:\/\/revistavitrineibiuna.com.br\/?p=33425\" \/>\n<meta property=\"og:locale\" content=\"pt_BR\" \/>\n<meta property=\"og:type\" content=\"article\" \/>\n<meta property=\"og:title\" content=\"IBI\u00daNA \u2013 106\u00aa FESTA DE S\u00c3O SEBASTI\u00c3O COM \u201cESPERAN\u00c7A E ALEGRIA\u201d - Revista Vitrine Online\" \/>\n<meta property=\"og:description\" content=\"\u201cCelebremos a 106\u00aa Festa de S\u00e3o Sebasti\u00e3o e do Divino Espirito Santo com esperan\u00e7a e alegria\u201d, exortaram os padres F\u00e1bio\" \/>\n<meta property=\"og:url\" content=\"https:\/\/revistavitrineibiuna.com.br\/?p=33425\" \/>\n<meta property=\"og:site_name\" content=\"Revista Vitrine Online\" \/>\n<meta property=\"article:published_time\" content=\"2025-05-20T12:42:25+00:00\" \/>\n<meta property=\"article:modified_time\" content=\"2025-05-20T12:42:26+00:00\" \/>\n<meta property=\"og:image\" content=\"https:\/\/revistavitrineibiuna.com.br\/wp-content\/uploads\/2025\/05\/imagem-de-sao-sebastiao-nova.png\" \/>\n\t<meta property=\"og:image:width\" content=\"655\" \/>\n\t<meta property=\"og:image:height\" content=\"324\" \/>\n<meta name=\"twitter:card\" content=\"summary\" \/>\n<meta name=\"twitter:label1\" content=\"Est. reading time\">\n\t<meta name=\"twitter:data1\" content=\"3 minutos\">\n<script type=\"application\/ld+json\" class=\"yoast-schema-graph\">{\"@context\":\"https:\/\/schema.org\",\"@graph\":[{\"@type\":\"WebSite\",\"@id\":\"https:\/\/revistavitrineibiuna.com.br\/#website\",\"url\":\"https:\/\/revistavitrineibiuna.com.br\/\",\"name\":\"Revista Vitrine Ibi\\u00fana\",\"description\":\"A Revista de Ibi\\u00fana e Regi\\u00e3o\",\"publisher\":{\"@id\":\"https:\/\/revistavitrineibiuna.com.br\/#\/schema\/person\/e51ef49d6d88170ea21ceabff3f73deb\"},\"potentialAction\":[{\"@type\":\"SearchAction\",\"target\":\"https:\/\/revistavitrineibiuna.com.br\/?s={search_term_string}\",\"query-input\":\"required name=search_term_string\"}],\"inLanguage\":\"pt-BR\"},{\"@type\":\"ImageObject\",\"@id\":\"https:\/\/revistavitrineibiuna.com.br\/?p=33425#primaryimage\",\"inLanguage\":\"pt-BR\",\"url\":\"https:\/\/revistavitrineibiuna.com.br\/wp-content\/uploads\/2025\/05\/imagem-de-sao-sebastiao-nova.png\",\"width\":655,\"height\":324},{\"@type\":\"WebPage\",\"@id\":\"https:\/\/revistavitrineibiuna.com.br\/?p=33425#webpage\",\"url\":\"https:\/\/revistavitrineibiuna.com.br\/?p=33425\",\"name\":\"IBI\\u00daNA \\u2013 106\\u00aa FESTA DE S\\u00c3O SEBASTI\\u00c3O COM \\u201cESPERAN\\u00c7A E ALEGRIA\\u201d - Revista Vitrine Online\",\"isPartOf\":{\"@id\":\"https:\/\/revistavitrineibiuna.com.br\/#website\"},\"primaryImageOfPage\":{\"@id\":\"https:\/\/revistavitrineibiuna.com.br\/?p=33425#primaryimage\"},\"datePublished\":\"2025-05-20T12:42:25+00:00\",\"dateModified\":\"2025-05-20T12:42:26+00:00\",\"breadcrumb\":{\"@id\":\"https:\/\/revistavitrineibiuna.com.br\/?p=33425#breadcrumb\"},\"inLanguage\":\"pt-BR\",\"potentialAction\":[{\"@type\":\"ReadAction\",\"target\":[\"https:\/\/revistavitrineibiuna.com.br\/?p=33425\"]}]},{\"@type\":\"BreadcrumbList\",\"@id\":\"https:\/\/revistavitrineibiuna.com.br\/?p=33425#breadcrumb\",\"itemListElement\":[{\"@type\":\"ListItem\",\"position\":1,\"item\":{\"@type\":\"WebPage\",\"@id\":\"https:\/\/revistavitrineibiuna.com.br\/\",\"url\":\"https:\/\/revistavitrineibiuna.com.br\/\",\"name\":\"In\\u00edcio\"}},{\"@type\":\"ListItem\",\"position\":2,\"item\":{\"@type\":\"WebPage\",\"@id\":\"https:\/\/revistavitrineibiuna.com.br\/?p=33425\",\"url\":\"https:\/\/revistavitrineibiuna.com.br\/?p=33425\",\"name\":\"IBI\\u00daNA \\u2013 106\\u00aa FESTA DE S\\u00c3O SEBASTI\\u00c3O COM \\u201cESPERAN\\u00c7A E ALEGRIA\\u201d\"}}]},{\"@type\":\"Article\",\"@id\":\"https:\/\/revistavitrineibiuna.com.br\/?p=33425#article\",\"isPartOf\":{\"@id\":\"https:\/\/revistavitrineibiuna.com.br\/?p=33425#webpage\"},\"author\":{\"@id\":\"https:\/\/revistavitrineibiuna.com.br\/#\/schema\/person\/e51ef49d6d88170ea21ceabff3f73deb\"},\"headline\":\"IBI\\u00daNA \\u2013 106\\u00aa FESTA DE S\\u00c3O SEBASTI\\u00c3O COM \\u201cESPERAN\\u00c7A E ALEGRIA\\u201d\",\"datePublished\":\"2025-05-20T12:42:25+00:00\",\"dateModified\":\"2025-05-20T12:42:26+00:00\",\"mainEntityOfPage\":{\"@id\":\"https:\/\/revistavitrineibiuna.com.br\/?p=33425#webpage\"},\"commentCount\":0,\"publisher\":{\"@id\":\"https:\/\/revistavitrineibiuna.com.br\/#\/schema\/person\/e51ef49d6d88170ea21ceabff3f73deb\"},\"image\":{\"@id\":\"https:\/\/revistavitrineibiuna.com.br\/?p=33425#primaryimage\"},\"articleSection\":\"Not\\u00edcias\",\"inLanguage\":\"pt-BR\",\"potentialAction\":[{\"@type\":\"CommentAction\",\"name\":\"Comment\",\"target\":[\"https:\/\/revistavitrineibiuna.com.br\/?p=33425#respond\"]}]},{\"@type\":[\"Person\",\"Organization\"],\"@id\":\"https:\/\/revistavitrineibiuna.com.br\/#\/schema\/person\/e51ef49d6d88170ea21ceabff3f73deb\",\"name\":\"Carlos Rossini\",\"image\":{\"@type\":\"ImageObject\",\"@id\":\"https:\/\/revistavitrineibiuna.com.br\/#personlogo\",\"inLanguage\":\"pt-BR\",\"url\":\"https:\/\/secure.gravatar.com\/avatar\/4f2d0f99fac1f85c7d643f21f5c8d900?s=96&d=mm&r=g\",\"caption\":\"Carlos Rossini\"},\"logo\":{\"@id\":\"https:\/\/revistavitrineibiuna.com.br\/#personlogo\"},\"description\":\"Carlos Rossini \\u00e9 jornalista, soci\\u00f3logo, escritor e professor universit\\u00e1rio, tendo sido professor de jornalismo por vinte anos. Trabalhou em ve\\u00edculos de comunica\\u00e7\\u00e3o nas fun\\u00e7\\u00f5es de rep\\u00f3rter, redator, editor, articulista e colaborador, como Folha de S. Paulo, O Estado de S. Paulo, Di\\u00e1rio Popular, entre outros. Ao transferir a revista vitrine, vers\\u00e3o imprensa, de S\\u00e3o Paulo para Ibi\\u00fana h\\u00e1 alguns anos, iniciou uma nova experi\\u00eancia profissional, dedicando-se ao jornalismo regional, depois de cumprir uma trajet\\u00f3ria bem-sucedida na grande imprensa brasileira. Seu primeiro livro A Coragem de Comunicar foi lan\\u00e7ado na Bienal do Livro em S\\u00e3o Paulo no ano 2000, pela editora Madras.\"}]}<\/script>\n<!-- \/ Yoast SEO plugin. -->","_links":{"self":[{"href":"https:\/\/revistavitrineibiuna.com.br\/index.php?rest_route=\/wp\/v2\/posts\/33425"}],"collection":[{"href":"https:\/\/revistavitrineibiuna.com.br\/index.php?rest_route=\/wp\/v2\/posts"}],"about":[{"href":"https:\/\/revistavitrineibiuna.com.br\/index.php?rest_route=\/wp\/v2\/types\/post"}],"author":[{"embeddable":true,"href":"https:\/\/revistavitrineibiuna.com.br\/index.php?rest_route=\/wp\/v2\/users\/1"}],"replies":[{"embeddable":true,"href":"https:\/\/revistavitrineibiuna.com.br\/index.php?rest_route=%2Fwp%2Fv2%2Fcomments&post=33425"}],"version-history":[{"count":1,"href":"https:\/\/revistavitrineibiuna.com.br\/index.php?rest_route=\/wp\/v2\/posts\/33425\/revisions"}],"predecessor-version":[{"id":33427,"href":"https:\/\/revistavitrineibiuna.com.br\/index.php?rest_route=\/wp\/v2\/posts\/33425\/revisions\/33427"}],"wp:featuredmedia":[{"embeddable":true,"href":"https:\/\/revistavitrineibiuna.com.br\/index.php?rest_route=\/wp\/v2\/media\/33426"}],"wp:attachment":[{"href":"https:\/\/revistavitrineibiuna.com.br\/index.php?rest_route=%2Fwp%2Fv2%2Fmedia&parent=33425"}],"wp:term":[{"taxonomy":"category","embeddable":true,"href":"https:\/\/revistavitrineibiuna.com.br\/index.php?rest_route=%2Fwp%2Fv2%2Fcategories&post=33425"},{"taxonomy":"post_tag","embeddable":true,"href":"https:\/\/revistavitrineibiuna.com.br\/index.php?rest_route=%2Fwp%2Fv2%2Ftags&post=33425"}],"curies":[{"name":"wp","href":"https:\/\/api.w.org\/{rel}","templated":true}]}}