{"id":33441,"date":"2025-05-22T16:43:39","date_gmt":"2025-05-22T19:43:39","guid":{"rendered":"http:\/\/revistavitrineibiuna.com.br\/?p=33441"},"modified":"2025-05-23T18:18:44","modified_gmt":"2025-05-23T21:18:44","slug":"apagao-no-residencial-ibiuna-gera-inseguranca-e-medo-nos-moradores","status":"publish","type":"post","link":"https:\/\/revistavitrineibiuna.com.br\/?p=33441","title":{"rendered":"APAG\u00c3O NO RESIDENCIAL IBI\u00daNA GERA INSEGURAN\u00c7A E MEDO NOS MORADORES"},"content":{"rendered":"\n<p class=\"has-drop-cap\"><strong>O apag\u00e3o da ilumina\u00e7\u00e3o p\u00fablica no &nbsp;Condom\u00ednio Residencial Ibi\u00fana, no bairro da Cachoeira, do programa \u201cMinha Casa, Minha Vida\u201d, onde moram 472 fam\u00edlias, est\u00e1 gerando medo e inseguran\u00e7a nas pessoas.<\/strong><\/p>\n\n\n\n<p><strong>H\u00e1 cerca de tr\u00eas meses as l\u00e2mpadas dos postes de v\u00e1rias ruas n\u00e3o acendem. A energia ali \u00e9 fornecida pela CPFL e as pessoas est\u00e3o indignadas com a situa\u00e7\u00e3o, j\u00e1 que essa empresa n\u00e3o atende as chamadas telef\u00f4nicas.<\/strong><\/p>\n\n\n\n<p><strong>Vitrine online conseguiu hoje ouvir um funcion\u00e1rio da CPFL Piratininga em Sorocaba e ele informou que a empresa \u201cn\u00e3o \u00e9 respons\u00e1vel pela ilumina\u00e7\u00e3o p\u00fablica de condom\u00ednios\u201d. A revista tentou confirmar essa posi\u00e7\u00e3o ligando ou tentando enviar e-mail para a CPFL, sem no entanto conseguir nenhum contato. Nenhum dos telefones atendeu, tr\u00eas dos quais para a empresa em Campinas e outro no Rio Grande do Sul, onde havia o endere\u00e7o de uma assessoria de imprensa, com endere\u00e7o de e-mail inacess\u00edvel.<\/strong><\/p>\n\n\n\n<p><strong>No dia 27 de fevereiro, o s\u00edndico do condom\u00ednio, R\u00f4molo Hass, protocolou of\u00edcio na Prefeitura Municipal de Ibi\u00fana, solicitando manuten\u00e7\u00e3o e troca das l\u00e2mpadas, \u201cmas at\u00e9 o momento n\u00e3o obtivemos nenhuma resposta\u201d.<\/strong><\/p>\n\n\n\n<p><strong>Al\u00e9m da sensa\u00e7\u00e3o de medo e inseguran\u00e7a, h\u00e1 tamb\u00e9m a preocupa\u00e7\u00e3o com a possibilidade da ocorr\u00eancia de acidentes nas ruas internas sob escurid\u00e3o.<\/strong><\/p>\n\n\n\n<p><strong>\u201cAlgumas pessoas est\u00e3o tentando compensar essa falta de ilumina\u00e7\u00e3o colocando ponto de luz na parede externa de suas resid\u00eancias\u201d, disse um morador, apesar de que essa \u00e9 uma solu\u00e7\u00e3o notoriamente prec\u00e1ria.<\/strong><\/p>\n\n\n\n<p><strong>ATUALIZA\u00c7\u00c3O<\/strong><\/p>\n\n\n\n<p><strong>RESPONSABILIDADE \u00c9 DA PREFEITURA<\/strong><\/p>\n\n\n\n<p><strong>Por meio de nota encaminhada a vitrine online pela assessoria de Imprensa, a CPF informa:<\/strong><\/p>\n\n\n\n<p>\u201cA CPFL Piratininga informa que a instala\u00e7\u00e3o e a manuten\u00e7\u00e3o de\u00a0<u>toda a ilumina\u00e7\u00e3o p\u00fablica em Ibi\u00fana<\/u>\u00a0s\u00e3o de responsabilidade da Prefeitura do munic\u00edpio. A concession\u00e1ria acrescenta que a rede de distribui\u00e7\u00e3o que atende ao endere\u00e7o informado opera normalmente\u201d.<\/p>\n","protected":false},"excerpt":{"rendered":"<p>O apag\u00e3o da ilumina\u00e7\u00e3o p\u00fablica no &nbsp;Condom\u00ednio Residencial Ibi\u00fana, no bairro da Cachoeira, do programa \u201cMinha Casa, Minha Vida\u201d, onde<\/p>\n","protected":false},"author":1,"featured_media":33442,"comment_status":"open","ping_status":"open","sticky":false,"template":"","format":"standard","meta":[],"categories":[3],"tags":[],"yoast_head":"<!-- This site is optimized with the Yoast SEO plugin v15.8 - https:\/\/yoast.com\/wordpress\/plugins\/seo\/ -->\n<title>APAG\u00c3O NO RESIDENCIAL IBI\u00daNA GERA INSEGURAN\u00c7A E MEDO NOS MORADORES - Revista Vitrine Online<\/title>\n<meta name=\"robots\" content=\"index, follow, max-snippet:-1, max-image-preview:large, max-video-preview:-1\" \/>\n<link rel=\"canonical\" href=\"http:\/\/revistavitrineibiuna.com.br\/?p=33441\" \/>\n<meta property=\"og:locale\" content=\"pt_BR\" \/>\n<meta property=\"og:type\" content=\"article\" \/>\n<meta property=\"og:title\" content=\"APAG\u00c3O NO RESIDENCIAL IBI\u00daNA GERA INSEGURAN\u00c7A E MEDO NOS MORADORES - Revista Vitrine Online\" \/>\n<meta property=\"og:description\" content=\"O apag\u00e3o da ilumina\u00e7\u00e3o p\u00fablica no &nbsp;Condom\u00ednio Residencial Ibi\u00fana, no bairro da Cachoeira, do programa \u201cMinha Casa, Minha Vida\u201d, onde\" \/>\n<meta property=\"og:url\" content=\"http:\/\/revistavitrineibiuna.com.br\/?p=33441\" \/>\n<meta property=\"og:site_name\" content=\"Revista Vitrine Online\" \/>\n<meta property=\"article:published_time\" content=\"2025-05-22T19:43:39+00:00\" \/>\n<meta property=\"article:modified_time\" content=\"2025-05-23T21:18:44+00:00\" \/>\n<meta property=\"og:image\" content=\"https:\/\/revistavitrineibiuna.com.br\/wp-content\/uploads\/2025\/05\/foto-do-apagao.png\" \/>\n\t<meta property=\"og:image:width\" content=\"891\" \/>\n\t<meta property=\"og:image:height\" content=\"591\" \/>\n<meta name=\"twitter:card\" content=\"summary\" \/>\n<meta name=\"twitter:label1\" content=\"Est. reading time\">\n\t<meta name=\"twitter:data1\" content=\"2 minutos\">\n<script type=\"application\/ld+json\" class=\"yoast-schema-graph\">{\"@context\":\"https:\/\/schema.org\",\"@graph\":[{\"@type\":\"WebSite\",\"@id\":\"https:\/\/revistavitrineibiuna.com.br\/#website\",\"url\":\"https:\/\/revistavitrineibiuna.com.br\/\",\"name\":\"Revista Vitrine Ibi\\u00fana\",\"description\":\"A Revista de Ibi\\u00fana e Regi\\u00e3o\",\"publisher\":{\"@id\":\"https:\/\/revistavitrineibiuna.com.br\/#\/schema\/person\/e51ef49d6d88170ea21ceabff3f73deb\"},\"potentialAction\":[{\"@type\":\"SearchAction\",\"target\":\"https:\/\/revistavitrineibiuna.com.br\/?s={search_term_string}\",\"query-input\":\"required name=search_term_string\"}],\"inLanguage\":\"pt-BR\"},{\"@type\":\"ImageObject\",\"@id\":\"http:\/\/revistavitrineibiuna.com.br\/?p=33441#primaryimage\",\"inLanguage\":\"pt-BR\",\"url\":\"https:\/\/revistavitrineibiuna.com.br\/wp-content\/uploads\/2025\/05\/foto-do-apagao.png\",\"width\":891,\"height\":591},{\"@type\":\"WebPage\",\"@id\":\"http:\/\/revistavitrineibiuna.com.br\/?p=33441#webpage\",\"url\":\"http:\/\/revistavitrineibiuna.com.br\/?p=33441\",\"name\":\"APAG\\u00c3O NO RESIDENCIAL IBI\\u00daNA GERA INSEGURAN\\u00c7A E MEDO NOS MORADORES - Revista Vitrine Online\",\"isPartOf\":{\"@id\":\"https:\/\/revistavitrineibiuna.com.br\/#website\"},\"primaryImageOfPage\":{\"@id\":\"http:\/\/revistavitrineibiuna.com.br\/?p=33441#primaryimage\"},\"datePublished\":\"2025-05-22T19:43:39+00:00\",\"dateModified\":\"2025-05-23T21:18:44+00:00\",\"breadcrumb\":{\"@id\":\"http:\/\/revistavitrineibiuna.com.br\/?p=33441#breadcrumb\"},\"inLanguage\":\"pt-BR\",\"potentialAction\":[{\"@type\":\"ReadAction\",\"target\":[\"http:\/\/revistavitrineibiuna.com.br\/?p=33441\"]}]},{\"@type\":\"BreadcrumbList\",\"@id\":\"http:\/\/revistavitrineibiuna.com.br\/?p=33441#breadcrumb\",\"itemListElement\":[{\"@type\":\"ListItem\",\"position\":1,\"item\":{\"@type\":\"WebPage\",\"@id\":\"https:\/\/revistavitrineibiuna.com.br\/\",\"url\":\"https:\/\/revistavitrineibiuna.com.br\/\",\"name\":\"In\\u00edcio\"}},{\"@type\":\"ListItem\",\"position\":2,\"item\":{\"@type\":\"WebPage\",\"@id\":\"http:\/\/revistavitrineibiuna.com.br\/?p=33441\",\"url\":\"http:\/\/revistavitrineibiuna.com.br\/?p=33441\",\"name\":\"APAG\\u00c3O NO RESIDENCIAL IBI\\u00daNA GERA INSEGURAN\\u00c7A E MEDO NOS MORADORES\"}}]},{\"@type\":\"Article\",\"@id\":\"http:\/\/revistavitrineibiuna.com.br\/?p=33441#article\",\"isPartOf\":{\"@id\":\"http:\/\/revistavitrineibiuna.com.br\/?p=33441#webpage\"},\"author\":{\"@id\":\"https:\/\/revistavitrineibiuna.com.br\/#\/schema\/person\/e51ef49d6d88170ea21ceabff3f73deb\"},\"headline\":\"APAG\\u00c3O NO RESIDENCIAL IBI\\u00daNA GERA INSEGURAN\\u00c7A E MEDO NOS MORADORES\",\"datePublished\":\"2025-05-22T19:43:39+00:00\",\"dateModified\":\"2025-05-23T21:18:44+00:00\",\"mainEntityOfPage\":{\"@id\":\"http:\/\/revistavitrineibiuna.com.br\/?p=33441#webpage\"},\"commentCount\":0,\"publisher\":{\"@id\":\"https:\/\/revistavitrineibiuna.com.br\/#\/schema\/person\/e51ef49d6d88170ea21ceabff3f73deb\"},\"image\":{\"@id\":\"http:\/\/revistavitrineibiuna.com.br\/?p=33441#primaryimage\"},\"articleSection\":\"Not\\u00edcias\",\"inLanguage\":\"pt-BR\",\"potentialAction\":[{\"@type\":\"CommentAction\",\"name\":\"Comment\",\"target\":[\"http:\/\/revistavitrineibiuna.com.br\/?p=33441#respond\"]}]},{\"@type\":[\"Person\",\"Organization\"],\"@id\":\"https:\/\/revistavitrineibiuna.com.br\/#\/schema\/person\/e51ef49d6d88170ea21ceabff3f73deb\",\"name\":\"Carlos Rossini\",\"image\":{\"@type\":\"ImageObject\",\"@id\":\"https:\/\/revistavitrineibiuna.com.br\/#personlogo\",\"inLanguage\":\"pt-BR\",\"url\":\"https:\/\/secure.gravatar.com\/avatar\/4f2d0f99fac1f85c7d643f21f5c8d900?s=96&d=mm&r=g\",\"caption\":\"Carlos Rossini\"},\"logo\":{\"@id\":\"https:\/\/revistavitrineibiuna.com.br\/#personlogo\"},\"description\":\"Carlos Rossini \\u00e9 jornalista, soci\\u00f3logo, escritor e professor universit\\u00e1rio, tendo sido professor de jornalismo por vinte anos. Trabalhou em ve\\u00edculos de comunica\\u00e7\\u00e3o nas fun\\u00e7\\u00f5es de rep\\u00f3rter, redator, editor, articulista e colaborador, como Folha de S. Paulo, O Estado de S. Paulo, Di\\u00e1rio Popular, entre outros. Ao transferir a revista vitrine, vers\\u00e3o imprensa, de S\\u00e3o Paulo para Ibi\\u00fana h\\u00e1 alguns anos, iniciou uma nova experi\\u00eancia profissional, dedicando-se ao jornalismo regional, depois de cumprir uma trajet\\u00f3ria bem-sucedida na grande imprensa brasileira. Seu primeiro livro A Coragem de Comunicar foi lan\\u00e7ado na Bienal do Livro em S\\u00e3o Paulo no ano 2000, pela editora Madras.\"}]}<\/script>\n<!-- \/ Yoast SEO plugin. -->","_links":{"self":[{"href":"https:\/\/revistavitrineibiuna.com.br\/index.php?rest_route=\/wp\/v2\/posts\/33441"}],"collection":[{"href":"https:\/\/revistavitrineibiuna.com.br\/index.php?rest_route=\/wp\/v2\/posts"}],"about":[{"href":"https:\/\/revistavitrineibiuna.com.br\/index.php?rest_route=\/wp\/v2\/types\/post"}],"author":[{"embeddable":true,"href":"https:\/\/revistavitrineibiuna.com.br\/index.php?rest_route=\/wp\/v2\/users\/1"}],"replies":[{"embeddable":true,"href":"https:\/\/revistavitrineibiuna.com.br\/index.php?rest_route=%2Fwp%2Fv2%2Fcomments&post=33441"}],"version-history":[{"count":3,"href":"https:\/\/revistavitrineibiuna.com.br\/index.php?rest_route=\/wp\/v2\/posts\/33441\/revisions"}],"predecessor-version":[{"id":33446,"href":"https:\/\/revistavitrineibiuna.com.br\/index.php?rest_route=\/wp\/v2\/posts\/33441\/revisions\/33446"}],"wp:featuredmedia":[{"embeddable":true,"href":"https:\/\/revistavitrineibiuna.com.br\/index.php?rest_route=\/wp\/v2\/media\/33442"}],"wp:attachment":[{"href":"https:\/\/revistavitrineibiuna.com.br\/index.php?rest_route=%2Fwp%2Fv2%2Fmedia&parent=33441"}],"wp:term":[{"taxonomy":"category","embeddable":true,"href":"https:\/\/revistavitrineibiuna.com.br\/index.php?rest_route=%2Fwp%2Fv2%2Fcategories&post=33441"},{"taxonomy":"post_tag","embeddable":true,"href":"https:\/\/revistavitrineibiuna.com.br\/index.php?rest_route=%2Fwp%2Fv2%2Ftags&post=33441"}],"curies":[{"name":"wp","href":"https:\/\/api.w.org\/{rel}","templated":true}]}}