{"id":33447,"date":"2025-05-25T14:17:35","date_gmt":"2025-05-25T17:17:35","guid":{"rendered":"http:\/\/revistavitrineibiuna.com.br\/?p=33447"},"modified":"2025-05-25T14:41:09","modified_gmt":"2025-05-25T17:41:09","slug":"ibiuna-criancas-encantam-procissao-dos-lavradores","status":"publish","type":"post","link":"https:\/\/revistavitrineibiuna.com.br\/?p=33447","title":{"rendered":"IBI\u00daNA \u2013 CRIAN\u00c7AS ENCANTAM PROCISS\u00c3O DOS LAVRADORES"},"content":{"rendered":"\n<p class=\"has-drop-cap\"><strong>A tradicional prociss\u00e3o dos lavradores, como parte comemorativa da 106\u00aa Festa de S\u00e3o Sebasti\u00e3o e do Divino Esp\u00edrito Santo, realizada na manh\u00e3 de hoje (25), sob c\u00e9u azul e ensolarado, teve o encantamento da participa\u00e7\u00e3o de crian\u00e7as comandando pequenos tratores como gente grande.<\/strong><\/p>\n\n\n\n<p><strong>Ontem foi o dia dos&nbsp; lavradores fazerem fila em lava-r\u00e1pidos para deixar seus instrumentos de trabalho \u2013 os tratores agr\u00edcolas \u2013 nos trinques.<\/strong><\/p>\n\n\n\n<p><strong>A prociss\u00e3o dos lavradores se iniciou h\u00e1 42 anos, idealizada pelo pelo padre Elizeu Antonio de Camargo e por An\u00edbal Albertin, lavrador ibiunense.<\/strong><\/p>\n\n\n\n<p><strong>Hoje formaram logo de madrugada uma longa fila com centenas de tratores na Estrada do Murundu, pr\u00f3ximo ao coreto na Avenida S\u00e3o Sebasti\u00e3o, onde se realizou missa, ap\u00f3s a qual os lavradores se dirigiram \u00e0 pra\u00e7a da Matriz, no cora\u00e7\u00e3o da cidade, onde se realizou um feir\u00e3o com os produtos agr\u00edcolas trazidos da ro\u00e7a pelos produtores, como oferenda para angariar recursos para a Igreja.<\/strong><\/p>\n\n\n\n<p><strong>A popula\u00e7\u00e3o prestigiou a prociss\u00e3o ao longo das cal\u00e7adas, acompanhando a ben\u00e7\u00e3o dos tratores pelos padres, j\u00e1 que esse evento tamb\u00e9m est\u00e1 cingido pela f\u00e9 que faz parte do \u00e2nimo do dia a dia que move as rela\u00e7\u00f5es dos&nbsp; homens com a terra. Ibi\u00fana ocupa um papel de destaque no fornecimento di\u00e1rio de folhas e legumes comercializados no Ceagesp.<\/strong><\/p>\n\n\n\n<figure class=\"wp-block-image size-large\"><img loading=\"lazy\" width=\"720\" height=\"463\" src=\"https:\/\/revistavitrineibiuna.com.br\/wp-content\/uploads\/2025\/05\/Procissao-dos-lavradores-3.png\" alt=\"\" class=\"wp-image-33451\" srcset=\"https:\/\/revistavitrineibiuna.com.br\/wp-content\/uploads\/2025\/05\/Procissao-dos-lavradores-3.png 720w, https:\/\/revistavitrineibiuna.com.br\/wp-content\/uploads\/2025\/05\/Procissao-dos-lavradores-3-300x193.png 300w\" sizes=\"(max-width: 720px) 100vw, 720px\" \/><figcaption>A popula\u00e7\u00e1o acompanha prociss\u00e3o das cal\u00e7adas da rua XIV de Novembro<\/figcaption><\/figure>\n\n\n\n<p><strong>CRIAN\u00c7AS<\/strong><\/p>\n\n\n\n<p><strong>As crian\u00e7as encheram de gra\u00e7a as ruas pelas quais passou a prociss\u00e3o dos lavradores, uma das preciosas raz\u00f5es por que a maior festa religiosa de Ibi\u00fana e regi\u00e3o se sustenta como tradi\u00e7\u00e3o que\u00a0todos os anos, no m\u00eas de maio, atrai milhares de pessoas a Ibi\u00fana.<\/strong><\/p>\n\n\n\n<p><strong>O ponto alto da festa ocorrer\u00e1 no pr\u00f3ximo s\u00e1bado (31) quando os romeiros trazem para a cidade a imagem de S\u00e3o Sebasti\u00e3o de sua capela localizada no bairro do Pocinho, a cerca de 37 km de dist\u00e2ncia\u00a0 da cidade.<\/strong> [Veja na revista vitrine online a programa\u00e7\u00e3o completa da festa]<\/p>\n\n\n\n<p><strong>Eles partir\u00e3o na manh\u00e3 da sexta-feira (30) em seus cavalos, charretes, bicicletas, motocicletas, a p\u00e9, em carros e caminh\u00f5es, numa jornada cuja devo\u00e7\u00e3o \u00e9 not\u00e1vel.<\/strong><\/p>\n\n\n\n<figure class=\"wp-block-image size-large\"><img loading=\"lazy\" width=\"575\" height=\"421\" src=\"https:\/\/revistavitrineibiuna.com.br\/wp-content\/uploads\/2025\/05\/Procissao-dos-lavradores-2.png\" alt=\"\" class=\"wp-image-33454\" srcset=\"https:\/\/revistavitrineibiuna.com.br\/wp-content\/uploads\/2025\/05\/Procissao-dos-lavradores-2.png 575w, https:\/\/revistavitrineibiuna.com.br\/wp-content\/uploads\/2025\/05\/Procissao-dos-lavradores-2-300x220.png 300w\" sizes=\"(max-width: 575px) 100vw, 575px\" \/><figcaption>Presen\u00e7a das crian\u00e7as encanta e garante continuidade da tradi\u00e7\u00e3o<\/figcaption><\/figure>\n\n\n\n<figure class=\"wp-block-image size-large\"><img loading=\"lazy\" width=\"718\" height=\"611\" src=\"https:\/\/revistavitrineibiuna.com.br\/wp-content\/uploads\/2025\/05\/Procissaodos-lavradores-4.png\" alt=\"\" class=\"wp-image-33457\" srcset=\"https:\/\/revistavitrineibiuna.com.br\/wp-content\/uploads\/2025\/05\/Procissaodos-lavradores-4.png 718w, https:\/\/revistavitrineibiuna.com.br\/wp-content\/uploads\/2025\/05\/Procissaodos-lavradores-4-300x255.png 300w\" sizes=\"(max-width: 718px) 100vw, 718px\" \/><figcaption>Tratores descem rua XIV de Novembro em dire\u00e7\u00e3o \u00e0 pra\u00e7a da Matriz, onde se realizou o feir\u00e3o de produtos agr\u00edcolas<\/figcaption><\/figure>\n","protected":false},"excerpt":{"rendered":"<p>A tradicional prociss\u00e3o dos lavradores, como parte comemorativa da 106\u00aa Festa de S\u00e3o Sebasti\u00e3o e do Divino Esp\u00edrito Santo, realizada<\/p>\n","protected":false},"author":1,"featured_media":33448,"comment_status":"open","ping_status":"open","sticky":false,"template":"","format":"standard","meta":[],"categories":[3],"tags":[],"yoast_head":"<!-- This site is optimized with the Yoast SEO plugin v15.8 - https:\/\/yoast.com\/wordpress\/plugins\/seo\/ -->\n<title>IBI\u00daNA \u2013 CRIAN\u00c7AS ENCANTAM PROCISS\u00c3O DOS LAVRADORES - Revista Vitrine Online<\/title>\n<meta name=\"robots\" content=\"index, follow, max-snippet:-1, max-image-preview:large, max-video-preview:-1\" \/>\n<link rel=\"canonical\" href=\"http:\/\/revistavitrineibiuna.com.br\/?p=33447\" \/>\n<meta property=\"og:locale\" content=\"pt_BR\" \/>\n<meta property=\"og:type\" content=\"article\" \/>\n<meta property=\"og:title\" content=\"IBI\u00daNA \u2013 CRIAN\u00c7AS ENCANTAM PROCISS\u00c3O DOS LAVRADORES - Revista Vitrine Online\" \/>\n<meta property=\"og:description\" content=\"A tradicional prociss\u00e3o dos lavradores, como parte comemorativa da 106\u00aa Festa de S\u00e3o Sebasti\u00e3o e do Divino Esp\u00edrito Santo, realizada\" \/>\n<meta property=\"og:url\" content=\"http:\/\/revistavitrineibiuna.com.br\/?p=33447\" \/>\n<meta property=\"og:site_name\" content=\"Revista Vitrine Online\" \/>\n<meta property=\"article:published_time\" content=\"2025-05-25T17:17:35+00:00\" \/>\n<meta property=\"article:modified_time\" content=\"2025-05-25T17:41:09+00:00\" \/>\n<meta property=\"og:image\" content=\"https:\/\/revistavitrineibiuna.com.br\/wp-content\/uploads\/2025\/05\/Procissao-dos-lavradores-1.png\" \/>\n\t<meta property=\"og:image:width\" content=\"709\" \/>\n\t<meta property=\"og:image:height\" content=\"458\" \/>\n<meta name=\"twitter:card\" content=\"summary\" \/>\n<meta name=\"twitter:label1\" content=\"Est. reading time\">\n\t<meta name=\"twitter:data1\" content=\"3 minutos\">\n<script type=\"application\/ld+json\" class=\"yoast-schema-graph\">{\"@context\":\"https:\/\/schema.org\",\"@graph\":[{\"@type\":\"WebSite\",\"@id\":\"https:\/\/revistavitrineibiuna.com.br\/#website\",\"url\":\"https:\/\/revistavitrineibiuna.com.br\/\",\"name\":\"Revista Vitrine Ibi\\u00fana\",\"description\":\"A Revista de Ibi\\u00fana e Regi\\u00e3o\",\"publisher\":{\"@id\":\"https:\/\/revistavitrineibiuna.com.br\/#\/schema\/person\/e51ef49d6d88170ea21ceabff3f73deb\"},\"potentialAction\":[{\"@type\":\"SearchAction\",\"target\":\"https:\/\/revistavitrineibiuna.com.br\/?s={search_term_string}\",\"query-input\":\"required name=search_term_string\"}],\"inLanguage\":\"pt-BR\"},{\"@type\":\"ImageObject\",\"@id\":\"http:\/\/revistavitrineibiuna.com.br\/?p=33447#primaryimage\",\"inLanguage\":\"pt-BR\",\"url\":\"https:\/\/revistavitrineibiuna.com.br\/wp-content\/uploads\/2025\/05\/Procissao-dos-lavradores-1.png\",\"width\":709,\"height\":458},{\"@type\":\"WebPage\",\"@id\":\"http:\/\/revistavitrineibiuna.com.br\/?p=33447#webpage\",\"url\":\"http:\/\/revistavitrineibiuna.com.br\/?p=33447\",\"name\":\"IBI\\u00daNA \\u2013 CRIAN\\u00c7AS ENCANTAM PROCISS\\u00c3O DOS LAVRADORES - Revista Vitrine Online\",\"isPartOf\":{\"@id\":\"https:\/\/revistavitrineibiuna.com.br\/#website\"},\"primaryImageOfPage\":{\"@id\":\"http:\/\/revistavitrineibiuna.com.br\/?p=33447#primaryimage\"},\"datePublished\":\"2025-05-25T17:17:35+00:00\",\"dateModified\":\"2025-05-25T17:41:09+00:00\",\"breadcrumb\":{\"@id\":\"http:\/\/revistavitrineibiuna.com.br\/?p=33447#breadcrumb\"},\"inLanguage\":\"pt-BR\",\"potentialAction\":[{\"@type\":\"ReadAction\",\"target\":[\"http:\/\/revistavitrineibiuna.com.br\/?p=33447\"]}]},{\"@type\":\"BreadcrumbList\",\"@id\":\"http:\/\/revistavitrineibiuna.com.br\/?p=33447#breadcrumb\",\"itemListElement\":[{\"@type\":\"ListItem\",\"position\":1,\"item\":{\"@type\":\"WebPage\",\"@id\":\"https:\/\/revistavitrineibiuna.com.br\/\",\"url\":\"https:\/\/revistavitrineibiuna.com.br\/\",\"name\":\"In\\u00edcio\"}},{\"@type\":\"ListItem\",\"position\":2,\"item\":{\"@type\":\"WebPage\",\"@id\":\"http:\/\/revistavitrineibiuna.com.br\/?p=33447\",\"url\":\"http:\/\/revistavitrineibiuna.com.br\/?p=33447\",\"name\":\"IBI\\u00daNA \\u2013 CRIAN\\u00c7AS ENCANTAM PROCISS\\u00c3O DOS LAVRADORES\"}}]},{\"@type\":\"Article\",\"@id\":\"http:\/\/revistavitrineibiuna.com.br\/?p=33447#article\",\"isPartOf\":{\"@id\":\"http:\/\/revistavitrineibiuna.com.br\/?p=33447#webpage\"},\"author\":{\"@id\":\"https:\/\/revistavitrineibiuna.com.br\/#\/schema\/person\/e51ef49d6d88170ea21ceabff3f73deb\"},\"headline\":\"IBI\\u00daNA \\u2013 CRIAN\\u00c7AS ENCANTAM PROCISS\\u00c3O DOS LAVRADORES\",\"datePublished\":\"2025-05-25T17:17:35+00:00\",\"dateModified\":\"2025-05-25T17:41:09+00:00\",\"mainEntityOfPage\":{\"@id\":\"http:\/\/revistavitrineibiuna.com.br\/?p=33447#webpage\"},\"commentCount\":0,\"publisher\":{\"@id\":\"https:\/\/revistavitrineibiuna.com.br\/#\/schema\/person\/e51ef49d6d88170ea21ceabff3f73deb\"},\"image\":{\"@id\":\"http:\/\/revistavitrineibiuna.com.br\/?p=33447#primaryimage\"},\"articleSection\":\"Not\\u00edcias\",\"inLanguage\":\"pt-BR\",\"potentialAction\":[{\"@type\":\"CommentAction\",\"name\":\"Comment\",\"target\":[\"http:\/\/revistavitrineibiuna.com.br\/?p=33447#respond\"]}]},{\"@type\":[\"Person\",\"Organization\"],\"@id\":\"https:\/\/revistavitrineibiuna.com.br\/#\/schema\/person\/e51ef49d6d88170ea21ceabff3f73deb\",\"name\":\"Carlos Rossini\",\"image\":{\"@type\":\"ImageObject\",\"@id\":\"https:\/\/revistavitrineibiuna.com.br\/#personlogo\",\"inLanguage\":\"pt-BR\",\"url\":\"https:\/\/secure.gravatar.com\/avatar\/4f2d0f99fac1f85c7d643f21f5c8d900?s=96&d=mm&r=g\",\"caption\":\"Carlos Rossini\"},\"logo\":{\"@id\":\"https:\/\/revistavitrineibiuna.com.br\/#personlogo\"},\"description\":\"Carlos Rossini \\u00e9 jornalista, soci\\u00f3logo, escritor e professor universit\\u00e1rio, tendo sido professor de jornalismo por vinte anos. Trabalhou em ve\\u00edculos de comunica\\u00e7\\u00e3o nas fun\\u00e7\\u00f5es de rep\\u00f3rter, redator, editor, articulista e colaborador, como Folha de S. Paulo, O Estado de S. Paulo, Di\\u00e1rio Popular, entre outros. Ao transferir a revista vitrine, vers\\u00e3o imprensa, de S\\u00e3o Paulo para Ibi\\u00fana h\\u00e1 alguns anos, iniciou uma nova experi\\u00eancia profissional, dedicando-se ao jornalismo regional, depois de cumprir uma trajet\\u00f3ria bem-sucedida na grande imprensa brasileira. Seu primeiro livro A Coragem de Comunicar foi lan\\u00e7ado na Bienal do Livro em S\\u00e3o Paulo no ano 2000, pela editora Madras.\"}]}<\/script>\n<!-- \/ Yoast SEO plugin. -->","_links":{"self":[{"href":"https:\/\/revistavitrineibiuna.com.br\/index.php?rest_route=\/wp\/v2\/posts\/33447"}],"collection":[{"href":"https:\/\/revistavitrineibiuna.com.br\/index.php?rest_route=\/wp\/v2\/posts"}],"about":[{"href":"https:\/\/revistavitrineibiuna.com.br\/index.php?rest_route=\/wp\/v2\/types\/post"}],"author":[{"embeddable":true,"href":"https:\/\/revistavitrineibiuna.com.br\/index.php?rest_route=\/wp\/v2\/users\/1"}],"replies":[{"embeddable":true,"href":"https:\/\/revistavitrineibiuna.com.br\/index.php?rest_route=%2Fwp%2Fv2%2Fcomments&post=33447"}],"version-history":[{"count":9,"href":"https:\/\/revistavitrineibiuna.com.br\/index.php?rest_route=\/wp\/v2\/posts\/33447\/revisions"}],"predecessor-version":[{"id":33463,"href":"https:\/\/revistavitrineibiuna.com.br\/index.php?rest_route=\/wp\/v2\/posts\/33447\/revisions\/33463"}],"wp:featuredmedia":[{"embeddable":true,"href":"https:\/\/revistavitrineibiuna.com.br\/index.php?rest_route=\/wp\/v2\/media\/33448"}],"wp:attachment":[{"href":"https:\/\/revistavitrineibiuna.com.br\/index.php?rest_route=%2Fwp%2Fv2%2Fmedia&parent=33447"}],"wp:term":[{"taxonomy":"category","embeddable":true,"href":"https:\/\/revistavitrineibiuna.com.br\/index.php?rest_route=%2Fwp%2Fv2%2Fcategories&post=33447"},{"taxonomy":"post_tag","embeddable":true,"href":"https:\/\/revistavitrineibiuna.com.br\/index.php?rest_route=%2Fwp%2Fv2%2Ftags&post=33447"}],"curies":[{"name":"wp","href":"https:\/\/api.w.org\/{rel}","templated":true}]}}