{"id":33464,"date":"2025-05-29T18:26:01","date_gmt":"2025-05-29T21:26:01","guid":{"rendered":"http:\/\/revistavitrineibiuna.com.br\/?p=33464"},"modified":"2025-05-29T18:37:29","modified_gmt":"2025-05-29T21:37:29","slug":"ibiuna-romeiros-de-s-sebastiao-vao-enfrentar-temperadura-de-6oc-no-sertao","status":"publish","type":"post","link":"https:\/\/revistavitrineibiuna.com.br\/?p=33464","title":{"rendered":"IBI\u00daNA \u2013 ROMEIROS DE S. SEBASTI\u00c3O V\u00c3O ENFRENTAR TEMPERADURA DE 6\u00baC NO SERT\u00c3O"},"content":{"rendered":"\n<p class=\"has-drop-cap\"><strong>Os romeiros, em grande n\u00famero, que v\u00e3o buscar a imagem de S\u00e3o Sebasti\u00e3o na capela do santo no bairro do Pocinho, a cerca de 27 km do centro da cidade, devem ir preparados para enfrentar o frio, sobretudo durante a madrugada no sert\u00e3o de Ibi\u00fana. Eles partem \u00e0s 11h da rotat\u00f3ria da CPFL.<\/strong><\/p>\n\n\n\n<p><strong>Segundo a Climatempo, nesta sexta-feira (30) a temperatura m\u00ednima em Ibi\u00fana ser\u00e1 em torno de 6\u00baC e a m\u00e1xima, 19\u00baC. No s\u00e1bado (31) a temperatura continuar\u00e1 baixa, com m\u00ednima 9\u00baC e m\u00e1xima de 22\u00baC durante o dia.<\/strong><\/p>\n\n\n\n<p><strong>Este ano se comemora a 106\u00aa Festa de S\u00e3o Sebasti\u00e3o e do Divino Esp\u00edrito Santo, a maior festa religiosa do munic\u00edpio e da regi\u00e3o, que atrai milhares de pessoas locais quanto de outras cidades.<\/strong><\/p>\n\n\n\n<p><strong>PROGRAMA\u00c7\u00c3O<\/strong><\/p>\n\n\n\n<p><strong>DIA 30 (SEXTA-FEIRA)<\/strong><\/p>\n\n\n\n<p><strong>11h \u2013 Sa\u00edda dos cavaleiros em dire\u00e7\u00e3o ao sert\u00e3o (bairro do Pocinho). Local: rotat\u00f3ria da CPFL.<\/strong><\/p>\n\n\n\n<p><strong>20h \u2013 Missa e prociss\u00e3o Luminosa. Local: Sert\u00e3o (bairro do Pocinho);<\/strong><\/p>\n\n\n\n<p><strong>DIA 31 (S\u00c1BADO)<\/strong><\/p>\n\n\n\n<p><strong>6h \u2013 Missa e sa\u00edda dos romeiros. Local: Sert\u00e3o (bairro do Pocinho)<\/strong><\/p>\n\n\n\n<p><strong>12h \u2013 Santo Ter\u00e7o. Local: Fazenda Santa Maria (bairro Pia\u00ed)<\/strong><\/p>\n\n\n\n<p><strong>17h30 \u2013 Chegada da imagem de S\u00e3o Sebasti\u00e3o. Local: avenida S\u00e3o Sebasti\u00e3o (coreto An\u00edbal Albertim). Ap\u00f3s missa na pra\u00e7a da Matriz.<\/strong><\/p>\n\n\n\n<p><strong>DIA 1 (DOMINGO)<\/strong><\/p>\n\n\n\n<p><strong>10h \u2013 Missa dos Festeirinhos e ben\u00e7\u00e3o das roscas do Divino. Local: matriz de Nossa Senhora das Dores (centro)<\/strong><\/p>\n\n\n\n<p><strong>18h \u2013 Prociss\u00e3o do Divino Esp\u00edrito Santo. Ap\u00f3s missa na pra\u00e7a da Matriz.<\/strong><\/p>\n\n\n\n<p><strong>DIA 2 (SEGUNDA-FEIRA)<\/strong><\/p>\n\n\n\n<p><strong>18h \u2013 Prociss\u00e3o de S\u00e3o Sebasti\u00e3o e do Divino Espirito Santo. Ap\u00f3s missa na pra\u00e7a da Matriz.<\/strong><\/p>\n\n\n\n<p><strong>DIA 3 (TER\u00c7A-FEIRA)<\/strong><\/p>\n\n\n\n<p><strong>7h \u2013 Missa de depedida da imagem de S\u00e3o Sebasti\u00e3o. Local: matriz de Nossa Senhora das Dores (Centro)<\/strong><\/p>\n\n\n\n<p><strong>12h \u2013 Santo Ter\u00e7o. Local: Fazenda Santa Maria (bairro Pia\u00ed)<\/strong><\/p>\n\n\n\n<p><strong>17h \u2013 Missa da volta da imagem. Local: Sert\u00e3o (bairro Pocinho).<\/strong><\/p>\n","protected":false},"excerpt":{"rendered":"<p>Os romeiros, em grande n\u00famero, que v\u00e3o buscar a imagem de S\u00e3o Sebasti\u00e3o na capela do santo no bairro do<\/p>\n","protected":false},"author":1,"featured_media":33465,"comment_status":"open","ping_status":"open","sticky":false,"template":"","format":"standard","meta":[],"categories":[3],"tags":[],"yoast_head":"<!-- This site is optimized with the Yoast SEO plugin v15.8 - https:\/\/yoast.com\/wordpress\/plugins\/seo\/ -->\n<title>IBI\u00daNA \u2013 ROMEIROS DE S. SEBASTI\u00c3O V\u00c3O ENFRENTAR TEMPERADURA DE 6\u00baC NO SERT\u00c3O - Revista Vitrine Online<\/title>\n<meta name=\"robots\" content=\"index, follow, max-snippet:-1, max-image-preview:large, max-video-preview:-1\" \/>\n<link rel=\"canonical\" href=\"http:\/\/revistavitrineibiuna.com.br\/?p=33464\" \/>\n<meta property=\"og:locale\" content=\"pt_BR\" \/>\n<meta property=\"og:type\" content=\"article\" \/>\n<meta property=\"og:title\" content=\"IBI\u00daNA \u2013 ROMEIROS DE S. SEBASTI\u00c3O V\u00c3O ENFRENTAR TEMPERADURA DE 6\u00baC NO SERT\u00c3O - Revista Vitrine Online\" \/>\n<meta property=\"og:description\" content=\"Os romeiros, em grande n\u00famero, que v\u00e3o buscar a imagem de S\u00e3o Sebasti\u00e3o na capela do santo no bairro do\" \/>\n<meta property=\"og:url\" content=\"http:\/\/revistavitrineibiuna.com.br\/?p=33464\" \/>\n<meta property=\"og:site_name\" content=\"Revista Vitrine Online\" \/>\n<meta property=\"article:published_time\" content=\"2025-05-29T21:26:01+00:00\" \/>\n<meta property=\"article:modified_time\" content=\"2025-05-29T21:37:29+00:00\" \/>\n<meta property=\"og:image\" content=\"https:\/\/revistavitrineibiuna.com.br\/wp-content\/uploads\/2025\/05\/capela-de-sao-sebastiao-arquivo.png\" \/>\n\t<meta property=\"og:image:width\" content=\"718\" \/>\n\t<meta property=\"og:image:height\" content=\"437\" \/>\n<meta name=\"twitter:card\" content=\"summary\" \/>\n<meta name=\"twitter:label1\" content=\"Est. reading time\">\n\t<meta name=\"twitter:data1\" content=\"2 minutos\">\n<script type=\"application\/ld+json\" class=\"yoast-schema-graph\">{\"@context\":\"https:\/\/schema.org\",\"@graph\":[{\"@type\":\"WebSite\",\"@id\":\"https:\/\/revistavitrineibiuna.com.br\/#website\",\"url\":\"https:\/\/revistavitrineibiuna.com.br\/\",\"name\":\"Revista Vitrine Ibi\\u00fana\",\"description\":\"A Revista de Ibi\\u00fana e Regi\\u00e3o\",\"publisher\":{\"@id\":\"https:\/\/revistavitrineibiuna.com.br\/#\/schema\/person\/e51ef49d6d88170ea21ceabff3f73deb\"},\"potentialAction\":[{\"@type\":\"SearchAction\",\"target\":\"https:\/\/revistavitrineibiuna.com.br\/?s={search_term_string}\",\"query-input\":\"required name=search_term_string\"}],\"inLanguage\":\"pt-BR\"},{\"@type\":\"ImageObject\",\"@id\":\"http:\/\/revistavitrineibiuna.com.br\/?p=33464#primaryimage\",\"inLanguage\":\"pt-BR\",\"url\":\"https:\/\/revistavitrineibiuna.com.br\/wp-content\/uploads\/2025\/05\/capela-de-sao-sebastiao-arquivo.png\",\"width\":718,\"height\":437},{\"@type\":\"WebPage\",\"@id\":\"http:\/\/revistavitrineibiuna.com.br\/?p=33464#webpage\",\"url\":\"http:\/\/revistavitrineibiuna.com.br\/?p=33464\",\"name\":\"IBI\\u00daNA \\u2013 ROMEIROS DE S. SEBASTI\\u00c3O V\\u00c3O ENFRENTAR TEMPERADURA DE 6\\u00baC NO SERT\\u00c3O - Revista Vitrine Online\",\"isPartOf\":{\"@id\":\"https:\/\/revistavitrineibiuna.com.br\/#website\"},\"primaryImageOfPage\":{\"@id\":\"http:\/\/revistavitrineibiuna.com.br\/?p=33464#primaryimage\"},\"datePublished\":\"2025-05-29T21:26:01+00:00\",\"dateModified\":\"2025-05-29T21:37:29+00:00\",\"breadcrumb\":{\"@id\":\"http:\/\/revistavitrineibiuna.com.br\/?p=33464#breadcrumb\"},\"inLanguage\":\"pt-BR\",\"potentialAction\":[{\"@type\":\"ReadAction\",\"target\":[\"http:\/\/revistavitrineibiuna.com.br\/?p=33464\"]}]},{\"@type\":\"BreadcrumbList\",\"@id\":\"http:\/\/revistavitrineibiuna.com.br\/?p=33464#breadcrumb\",\"itemListElement\":[{\"@type\":\"ListItem\",\"position\":1,\"item\":{\"@type\":\"WebPage\",\"@id\":\"https:\/\/revistavitrineibiuna.com.br\/\",\"url\":\"https:\/\/revistavitrineibiuna.com.br\/\",\"name\":\"In\\u00edcio\"}},{\"@type\":\"ListItem\",\"position\":2,\"item\":{\"@type\":\"WebPage\",\"@id\":\"http:\/\/revistavitrineibiuna.com.br\/?p=33464\",\"url\":\"http:\/\/revistavitrineibiuna.com.br\/?p=33464\",\"name\":\"IBI\\u00daNA \\u2013 ROMEIROS DE S. SEBASTI\\u00c3O V\\u00c3O ENFRENTAR TEMPERADURA DE 6\\u00baC NO SERT\\u00c3O\"}}]},{\"@type\":\"Article\",\"@id\":\"http:\/\/revistavitrineibiuna.com.br\/?p=33464#article\",\"isPartOf\":{\"@id\":\"http:\/\/revistavitrineibiuna.com.br\/?p=33464#webpage\"},\"author\":{\"@id\":\"https:\/\/revistavitrineibiuna.com.br\/#\/schema\/person\/e51ef49d6d88170ea21ceabff3f73deb\"},\"headline\":\"IBI\\u00daNA \\u2013 ROMEIROS DE S. SEBASTI\\u00c3O V\\u00c3O ENFRENTAR TEMPERADURA DE 6\\u00baC NO SERT\\u00c3O\",\"datePublished\":\"2025-05-29T21:26:01+00:00\",\"dateModified\":\"2025-05-29T21:37:29+00:00\",\"mainEntityOfPage\":{\"@id\":\"http:\/\/revistavitrineibiuna.com.br\/?p=33464#webpage\"},\"commentCount\":0,\"publisher\":{\"@id\":\"https:\/\/revistavitrineibiuna.com.br\/#\/schema\/person\/e51ef49d6d88170ea21ceabff3f73deb\"},\"image\":{\"@id\":\"http:\/\/revistavitrineibiuna.com.br\/?p=33464#primaryimage\"},\"articleSection\":\"Not\\u00edcias\",\"inLanguage\":\"pt-BR\",\"potentialAction\":[{\"@type\":\"CommentAction\",\"name\":\"Comment\",\"target\":[\"http:\/\/revistavitrineibiuna.com.br\/?p=33464#respond\"]}]},{\"@type\":[\"Person\",\"Organization\"],\"@id\":\"https:\/\/revistavitrineibiuna.com.br\/#\/schema\/person\/e51ef49d6d88170ea21ceabff3f73deb\",\"name\":\"Carlos Rossini\",\"image\":{\"@type\":\"ImageObject\",\"@id\":\"https:\/\/revistavitrineibiuna.com.br\/#personlogo\",\"inLanguage\":\"pt-BR\",\"url\":\"https:\/\/secure.gravatar.com\/avatar\/4f2d0f99fac1f85c7d643f21f5c8d900?s=96&d=mm&r=g\",\"caption\":\"Carlos Rossini\"},\"logo\":{\"@id\":\"https:\/\/revistavitrineibiuna.com.br\/#personlogo\"},\"description\":\"Carlos Rossini \\u00e9 jornalista, soci\\u00f3logo, escritor e professor universit\\u00e1rio, tendo sido professor de jornalismo por vinte anos. Trabalhou em ve\\u00edculos de comunica\\u00e7\\u00e3o nas fun\\u00e7\\u00f5es de rep\\u00f3rter, redator, editor, articulista e colaborador, como Folha de S. Paulo, O Estado de S. Paulo, Di\\u00e1rio Popular, entre outros. Ao transferir a revista vitrine, vers\\u00e3o imprensa, de S\\u00e3o Paulo para Ibi\\u00fana h\\u00e1 alguns anos, iniciou uma nova experi\\u00eancia profissional, dedicando-se ao jornalismo regional, depois de cumprir uma trajet\\u00f3ria bem-sucedida na grande imprensa brasileira. Seu primeiro livro A Coragem de Comunicar foi lan\\u00e7ado na Bienal do Livro em S\\u00e3o Paulo no ano 2000, pela editora Madras.\"}]}<\/script>\n<!-- \/ Yoast SEO plugin. -->","_links":{"self":[{"href":"https:\/\/revistavitrineibiuna.com.br\/index.php?rest_route=\/wp\/v2\/posts\/33464"}],"collection":[{"href":"https:\/\/revistavitrineibiuna.com.br\/index.php?rest_route=\/wp\/v2\/posts"}],"about":[{"href":"https:\/\/revistavitrineibiuna.com.br\/index.php?rest_route=\/wp\/v2\/types\/post"}],"author":[{"embeddable":true,"href":"https:\/\/revistavitrineibiuna.com.br\/index.php?rest_route=\/wp\/v2\/users\/1"}],"replies":[{"embeddable":true,"href":"https:\/\/revistavitrineibiuna.com.br\/index.php?rest_route=%2Fwp%2Fv2%2Fcomments&post=33464"}],"version-history":[{"count":4,"href":"https:\/\/revistavitrineibiuna.com.br\/index.php?rest_route=\/wp\/v2\/posts\/33464\/revisions"}],"predecessor-version":[{"id":33469,"href":"https:\/\/revistavitrineibiuna.com.br\/index.php?rest_route=\/wp\/v2\/posts\/33464\/revisions\/33469"}],"wp:featuredmedia":[{"embeddable":true,"href":"https:\/\/revistavitrineibiuna.com.br\/index.php?rest_route=\/wp\/v2\/media\/33465"}],"wp:attachment":[{"href":"https:\/\/revistavitrineibiuna.com.br\/index.php?rest_route=%2Fwp%2Fv2%2Fmedia&parent=33464"}],"wp:term":[{"taxonomy":"category","embeddable":true,"href":"https:\/\/revistavitrineibiuna.com.br\/index.php?rest_route=%2Fwp%2Fv2%2Fcategories&post=33464"},{"taxonomy":"post_tag","embeddable":true,"href":"https:\/\/revistavitrineibiuna.com.br\/index.php?rest_route=%2Fwp%2Fv2%2Ftags&post=33464"}],"curies":[{"name":"wp","href":"https:\/\/api.w.org\/{rel}","templated":true}]}}