{"id":33471,"date":"2025-05-31T09:11:13","date_gmt":"2025-05-31T12:11:13","guid":{"rendered":"http:\/\/revistavitrineibiuna.com.br\/?p=33471"},"modified":"2025-05-31T09:11:15","modified_gmt":"2025-05-31T12:11:15","slug":"106a-festa-de-sao-sebastiao-chega-hoje-ao-auge-das-comemoracoes","status":"publish","type":"post","link":"https:\/\/revistavitrineibiuna.com.br\/?p=33471","title":{"rendered":"106\u00aa FESTA DE S\u00c3O SEBASTI\u00c3O CHEGA HOJE AO AUGE DAS COMEMORA\u00c7\u00d5ES"},"content":{"rendered":"\n<p class=\"has-drop-cap\"><strong>Os romeiros partiram ontem (30) rumo ao sert\u00e3o montados em seus cavalos e charretes; tamb\u00e9m para l\u00e1 se dirigiram os devotos a p\u00e9, em carros, caminh\u00f5es, bicicletas, motos.<\/strong><\/p>\n\n\n\n<p><strong>[Veja reportagem pelo Instagram da TVUNA]<\/strong><\/p>\n\n\n\n<p><strong>Foram buscar pelo 106\u00ba ano a imagem do santo protetor de Ibi\u00fana em seu santu\u00e1rio no bairro do Pocinho, a cerca de 30 km do centro da cidade de Ibi\u00fana, para ser celebrado por milhares de pessoas com missa de acolhimento na pra\u00e7a da matriz de Nossa Senhora das Dores, no cora\u00e7\u00e3o da cidade.<\/strong><\/p>\n\n\n\n<p><strong>Hoje (31), depois de passarem a noite com baixa temperaura acampados na regi\u00e3o entorno da capela onde assistiram \u00e0 duas missas, movidos pela f\u00e9 que se renova a cada ano.<\/strong><\/p>\n\n\n\n<p><strong>A caminho da cidade, \u00e0s 12h, fazem parada na Fazenda Santa Maria, no bairro Pia\u00ed para o santo ter\u00e7o. Em seguida, prosseguem a jornada, devendo chegar ao coreto An\u00edbal Albertim, na avenida S\u00e3o Sebasti\u00e3o, por volta das 17h30; ap\u00f3s a descida pela Rua XV de novembro chega \u00e0 pra\u00e7a da matriz. Nesta local se d\u00e1 o ponto alto das comemora\u00e7\u00f5es com a missa concelebrada.<\/strong><\/p>\n\n\n\n<p><strong>PROGRAMA\u00c7\u00c3O<\/strong><\/p>\n\n\n\n<p><strong>DIA 31 (S\u00c1BADO)<\/strong><\/p>\n\n\n\n<p><strong>6h \u2013 Missa e sa\u00edda dos romeiros. Local: Sert\u00e3o (bairro do Pocinho)<\/strong><\/p>\n\n\n\n<p><strong>12h \u2013 Santo Ter\u00e7o. Local: Fazenda Santa Maria (bairro Pia\u00ed)<\/strong><\/p>\n\n\n\n<p><strong>17h30 \u2013 Chegada da imagem de S\u00e3o Sebasti\u00e3o. Local: avenida S\u00e3o Sebasti\u00e3o (coreto An\u00edbal Albertim). Ap\u00f3s missa na pra\u00e7a da Matriz.<\/strong><\/p>\n\n\n\n<p><strong>DIA 1 (DOMINGO)<\/strong><\/p>\n\n\n\n<p><strong>10h \u2013 Missa dos Festeirinhos e ben\u00e7\u00e3o das roscas do Divino. Local: matriz de Nossa Senhora das Dores (centro)<\/strong><\/p>\n\n\n\n<p><strong>18h \u2013 Prociss\u00e3o do Divino Esp\u00edrito Santo. Ap\u00f3s missa na pra\u00e7a da Matriz.<\/strong><\/p>\n\n\n\n<p><strong>DIA 2 (SEGUNDA-FEIRA)<\/strong><\/p>\n\n\n\n<p><strong>18h \u2013 Prociss\u00e3o de S\u00e3o Sebasti\u00e3o e do Divino Espirito Santo. Ap\u00f3s missa na pra\u00e7a da Matriz.<\/strong><\/p>\n\n\n\n<p><strong>DIA 3 (TER\u00c7A-FEIRA)<\/strong><\/p>\n\n\n\n<p><strong>7h \u2013 Missa de depedida da imagem de S\u00e3o Sebasti\u00e3o. Local: matriz de Nossa Senhora das Dores (Centro)<\/strong><\/p>\n\n\n\n<p><strong>12h \u2013 Santo Ter\u00e7o. Local: Fazenda Santa Maria (bairro Pia\u00ed)<\/strong><\/p>\n\n\n\n<p><strong>17h \u2013 Missa da volta da imagem. Local: Sert\u00e3o (bairro Pocinho).<\/strong><\/p>\n","protected":false},"excerpt":{"rendered":"<p>Os romeiros partiram ontem (30) rumo ao sert\u00e3o montados em seus cavalos e charretes; tamb\u00e9m para l\u00e1 se dirigiram os<\/p>\n","protected":false},"author":1,"featured_media":33472,"comment_status":"open","ping_status":"open","sticky":false,"template":"","format":"standard","meta":[],"categories":[3],"tags":[],"yoast_head":"<!-- This site is optimized with the Yoast SEO plugin v15.8 - https:\/\/yoast.com\/wordpress\/plugins\/seo\/ -->\n<title>106\u00aa FESTA DE S\u00c3O SEBASTI\u00c3O CHEGA HOJE AO AUGE DAS COMEMORA\u00c7\u00d5ES - Revista Vitrine Online<\/title>\n<meta name=\"robots\" content=\"index, follow, max-snippet:-1, max-image-preview:large, max-video-preview:-1\" \/>\n<link rel=\"canonical\" href=\"http:\/\/revistavitrineibiuna.com.br\/?p=33471\" \/>\n<meta property=\"og:locale\" content=\"pt_BR\" \/>\n<meta property=\"og:type\" content=\"article\" \/>\n<meta property=\"og:title\" content=\"106\u00aa FESTA DE S\u00c3O SEBASTI\u00c3O CHEGA HOJE AO AUGE DAS COMEMORA\u00c7\u00d5ES - Revista Vitrine Online\" \/>\n<meta property=\"og:description\" content=\"Os romeiros partiram ontem (30) rumo ao sert\u00e3o montados em seus cavalos e charretes; tamb\u00e9m para l\u00e1 se dirigiram os\" \/>\n<meta property=\"og:url\" content=\"http:\/\/revistavitrineibiuna.com.br\/?p=33471\" \/>\n<meta property=\"og:site_name\" content=\"Revista Vitrine Online\" \/>\n<meta property=\"article:published_time\" content=\"2025-05-31T12:11:13+00:00\" \/>\n<meta property=\"article:modified_time\" content=\"2025-05-31T12:11:15+00:00\" \/>\n<meta property=\"og:image\" content=\"https:\/\/revistavitrineibiuna.com.br\/wp-content\/uploads\/2025\/05\/missa-na-praca-da-matriz-hoje.png\" \/>\n\t<meta property=\"og:image:width\" content=\"1024\" \/>\n\t<meta property=\"og:image:height\" content=\"625\" \/>\n<meta name=\"twitter:card\" content=\"summary\" \/>\n<meta name=\"twitter:label1\" content=\"Est. reading time\">\n\t<meta name=\"twitter:data1\" content=\"2 minutos\">\n<script type=\"application\/ld+json\" class=\"yoast-schema-graph\">{\"@context\":\"https:\/\/schema.org\",\"@graph\":[{\"@type\":\"WebSite\",\"@id\":\"https:\/\/revistavitrineibiuna.com.br\/#website\",\"url\":\"https:\/\/revistavitrineibiuna.com.br\/\",\"name\":\"Revista Vitrine Ibi\\u00fana\",\"description\":\"A Revista de Ibi\\u00fana e Regi\\u00e3o\",\"publisher\":{\"@id\":\"https:\/\/revistavitrineibiuna.com.br\/#\/schema\/person\/e51ef49d6d88170ea21ceabff3f73deb\"},\"potentialAction\":[{\"@type\":\"SearchAction\",\"target\":\"https:\/\/revistavitrineibiuna.com.br\/?s={search_term_string}\",\"query-input\":\"required name=search_term_string\"}],\"inLanguage\":\"pt-BR\"},{\"@type\":\"ImageObject\",\"@id\":\"http:\/\/revistavitrineibiuna.com.br\/?p=33471#primaryimage\",\"inLanguage\":\"pt-BR\",\"url\":\"https:\/\/revistavitrineibiuna.com.br\/wp-content\/uploads\/2025\/05\/missa-na-praca-da-matriz-hoje.png\",\"width\":1024,\"height\":625},{\"@type\":\"WebPage\",\"@id\":\"http:\/\/revistavitrineibiuna.com.br\/?p=33471#webpage\",\"url\":\"http:\/\/revistavitrineibiuna.com.br\/?p=33471\",\"name\":\"106\\u00aa FESTA DE S\\u00c3O SEBASTI\\u00c3O CHEGA HOJE AO AUGE DAS COMEMORA\\u00c7\\u00d5ES - Revista Vitrine Online\",\"isPartOf\":{\"@id\":\"https:\/\/revistavitrineibiuna.com.br\/#website\"},\"primaryImageOfPage\":{\"@id\":\"http:\/\/revistavitrineibiuna.com.br\/?p=33471#primaryimage\"},\"datePublished\":\"2025-05-31T12:11:13+00:00\",\"dateModified\":\"2025-05-31T12:11:15+00:00\",\"breadcrumb\":{\"@id\":\"http:\/\/revistavitrineibiuna.com.br\/?p=33471#breadcrumb\"},\"inLanguage\":\"pt-BR\",\"potentialAction\":[{\"@type\":\"ReadAction\",\"target\":[\"http:\/\/revistavitrineibiuna.com.br\/?p=33471\"]}]},{\"@type\":\"BreadcrumbList\",\"@id\":\"http:\/\/revistavitrineibiuna.com.br\/?p=33471#breadcrumb\",\"itemListElement\":[{\"@type\":\"ListItem\",\"position\":1,\"item\":{\"@type\":\"WebPage\",\"@id\":\"https:\/\/revistavitrineibiuna.com.br\/\",\"url\":\"https:\/\/revistavitrineibiuna.com.br\/\",\"name\":\"In\\u00edcio\"}},{\"@type\":\"ListItem\",\"position\":2,\"item\":{\"@type\":\"WebPage\",\"@id\":\"http:\/\/revistavitrineibiuna.com.br\/?p=33471\",\"url\":\"http:\/\/revistavitrineibiuna.com.br\/?p=33471\",\"name\":\"106\\u00aa FESTA DE S\\u00c3O SEBASTI\\u00c3O CHEGA HOJE AO AUGE DAS COMEMORA\\u00c7\\u00d5ES\"}}]},{\"@type\":\"Article\",\"@id\":\"http:\/\/revistavitrineibiuna.com.br\/?p=33471#article\",\"isPartOf\":{\"@id\":\"http:\/\/revistavitrineibiuna.com.br\/?p=33471#webpage\"},\"author\":{\"@id\":\"https:\/\/revistavitrineibiuna.com.br\/#\/schema\/person\/e51ef49d6d88170ea21ceabff3f73deb\"},\"headline\":\"106\\u00aa FESTA DE S\\u00c3O SEBASTI\\u00c3O CHEGA HOJE AO AUGE DAS COMEMORA\\u00c7\\u00d5ES\",\"datePublished\":\"2025-05-31T12:11:13+00:00\",\"dateModified\":\"2025-05-31T12:11:15+00:00\",\"mainEntityOfPage\":{\"@id\":\"http:\/\/revistavitrineibiuna.com.br\/?p=33471#webpage\"},\"commentCount\":0,\"publisher\":{\"@id\":\"https:\/\/revistavitrineibiuna.com.br\/#\/schema\/person\/e51ef49d6d88170ea21ceabff3f73deb\"},\"image\":{\"@id\":\"http:\/\/revistavitrineibiuna.com.br\/?p=33471#primaryimage\"},\"articleSection\":\"Not\\u00edcias\",\"inLanguage\":\"pt-BR\",\"potentialAction\":[{\"@type\":\"CommentAction\",\"name\":\"Comment\",\"target\":[\"http:\/\/revistavitrineibiuna.com.br\/?p=33471#respond\"]}]},{\"@type\":[\"Person\",\"Organization\"],\"@id\":\"https:\/\/revistavitrineibiuna.com.br\/#\/schema\/person\/e51ef49d6d88170ea21ceabff3f73deb\",\"name\":\"Carlos Rossini\",\"image\":{\"@type\":\"ImageObject\",\"@id\":\"https:\/\/revistavitrineibiuna.com.br\/#personlogo\",\"inLanguage\":\"pt-BR\",\"url\":\"https:\/\/secure.gravatar.com\/avatar\/4f2d0f99fac1f85c7d643f21f5c8d900?s=96&d=mm&r=g\",\"caption\":\"Carlos Rossini\"},\"logo\":{\"@id\":\"https:\/\/revistavitrineibiuna.com.br\/#personlogo\"},\"description\":\"Carlos Rossini \\u00e9 jornalista, soci\\u00f3logo, escritor e professor universit\\u00e1rio, tendo sido professor de jornalismo por vinte anos. Trabalhou em ve\\u00edculos de comunica\\u00e7\\u00e3o nas fun\\u00e7\\u00f5es de rep\\u00f3rter, redator, editor, articulista e colaborador, como Folha de S. Paulo, O Estado de S. Paulo, Di\\u00e1rio Popular, entre outros. Ao transferir a revista vitrine, vers\\u00e3o imprensa, de S\\u00e3o Paulo para Ibi\\u00fana h\\u00e1 alguns anos, iniciou uma nova experi\\u00eancia profissional, dedicando-se ao jornalismo regional, depois de cumprir uma trajet\\u00f3ria bem-sucedida na grande imprensa brasileira. Seu primeiro livro A Coragem de Comunicar foi lan\\u00e7ado na Bienal do Livro em S\\u00e3o Paulo no ano 2000, pela editora Madras.\"}]}<\/script>\n<!-- \/ Yoast SEO plugin. -->","_links":{"self":[{"href":"https:\/\/revistavitrineibiuna.com.br\/index.php?rest_route=\/wp\/v2\/posts\/33471"}],"collection":[{"href":"https:\/\/revistavitrineibiuna.com.br\/index.php?rest_route=\/wp\/v2\/posts"}],"about":[{"href":"https:\/\/revistavitrineibiuna.com.br\/index.php?rest_route=\/wp\/v2\/types\/post"}],"author":[{"embeddable":true,"href":"https:\/\/revistavitrineibiuna.com.br\/index.php?rest_route=\/wp\/v2\/users\/1"}],"replies":[{"embeddable":true,"href":"https:\/\/revistavitrineibiuna.com.br\/index.php?rest_route=%2Fwp%2Fv2%2Fcomments&post=33471"}],"version-history":[{"count":1,"href":"https:\/\/revistavitrineibiuna.com.br\/index.php?rest_route=\/wp\/v2\/posts\/33471\/revisions"}],"predecessor-version":[{"id":33473,"href":"https:\/\/revistavitrineibiuna.com.br\/index.php?rest_route=\/wp\/v2\/posts\/33471\/revisions\/33473"}],"wp:featuredmedia":[{"embeddable":true,"href":"https:\/\/revistavitrineibiuna.com.br\/index.php?rest_route=\/wp\/v2\/media\/33472"}],"wp:attachment":[{"href":"https:\/\/revistavitrineibiuna.com.br\/index.php?rest_route=%2Fwp%2Fv2%2Fmedia&parent=33471"}],"wp:term":[{"taxonomy":"category","embeddable":true,"href":"https:\/\/revistavitrineibiuna.com.br\/index.php?rest_route=%2Fwp%2Fv2%2Fcategories&post=33471"},{"taxonomy":"post_tag","embeddable":true,"href":"https:\/\/revistavitrineibiuna.com.br\/index.php?rest_route=%2Fwp%2Fv2%2Ftags&post=33471"}],"curies":[{"name":"wp","href":"https:\/\/api.w.org\/{rel}","templated":true}]}}