{"id":33474,"date":"2025-06-01T18:31:47","date_gmt":"2025-06-01T21:31:47","guid":{"rendered":"http:\/\/revistavitrineibiuna.com.br\/?p=33474"},"modified":"2025-06-01T19:07:08","modified_gmt":"2025-06-01T22:07:08","slug":"as-origens-da-intensa-devocao-ibiunense-por-sao-sebastiao","status":"publish","type":"post","link":"https:\/\/revistavitrineibiuna.com.br\/?p=33474","title":{"rendered":"AS ORIGENS DA INTENSA DEVO\u00c7\u00c3O IBIUNENSE POR S\u00c3O SEBASTI\u00c3O"},"content":{"rendered":"\n<p class=\"has-drop-cap\"><strong>\u00c9 profunda e intensa a devo\u00e7\u00e3o do povo ibiunense por S\u00e3o Sebasti\u00e3o, sobretudo quando se observa atentamente seu comportamento durante as festas anuais dedicadas ao santo protetor da cidade<\/strong>, <strong>nas maiores celebra\u00e7\u00f5es religiosas de Ibi\u00fana e regi\u00e3o.<\/strong><\/p>\n\n\n\n<p><strong>Fazem ardentes promessas, agradecem por terem seus pedidos atendidos, geralmente com os olhos marejados de l\u00e1grimas, oram silenciosamente diante de sua imagem na igreja matriz de Nossa Senhora das Dores ou em seu santu\u00e1rio localizado no bairro do Pocinho, no sert\u00e3o, a 27km do centro da cidade.<\/strong><\/p>\n\n\n\n<p><strong>Um feito quase heroico \u00e9 carregar sua imagem durante as romarias, ou simplesmente toc\u00e1-la, mesmo que num brev\u00edssimo ato, quando chega \u00e0 pra\u00e7a da Matriz repleta de fi\u00e9is, trazida pelos romeiros, onde se realiza o ponto alto das comemora\u00e7\u00f5es devocionais com uma santa missa concelebrada.<\/strong><\/p>\n\n\n\n<p><strong>S\u00e3o Sebasti\u00e3o, que era um soldado romano e foi torturado at\u00e9 a morte por defender sua f\u00e9 crist\u00e3, ficou conhecido como protetor da humanidade contra a fome, as guerras e as epidemias. No Brasil, S\u00e3o Sebasti\u00e3o \u00e9 padroeiro de diversas cidades, al\u00e9m do Rio de Janeiro.<\/strong><\/p>\n\n\n\n<p><strong>AS ORIGENS DA ROMARIA<\/strong><\/p>\n\n\n\n<p><strong>H\u00e1 duas vers\u00f5es, e aparentemente se complementam, que explicam o surgimento numinoso de S\u00e3o Sebasti\u00e3o na hist\u00f3ria de Ibi\u00fana. A primeira, contavam os antigos moradores, \u00e9 de que uma epidemia de febre amarela e var\u00edola, simultaneamente, irrompeu-se em 1884, atingindo todo o sert\u00e3o do seu territ\u00f3rio, al\u00e9m de munic\u00edpios vizinhos, como Juquitiba, Juqui\u00e1, Miracatu, Itapecerica da Serra, S\u00e3o Louren\u00e7o da Serra, Cotia e Vargem Grande Paulista.<\/strong><\/p>\n\n\n\n<p><strong>Segundo narrativas de antigos ibiunenses, a epidemia foi estancada ap\u00f3s a promessa da jovem fazendeira Alexandrina Augusta de G\u00f3es, conhecida por Nha Xanda, pertencente \u00e0 fam\u00edlia dos Ruivos, de trazer do Rio de Janeiro uma imagem de S\u00e3o Sebasti\u00e3o e coloc\u00e1-la em uma das grutas ali existentes, assim que a epidemia cessasse.<\/strong><\/p>\n\n\n\n<p><strong>Outro fato marcante sustenta que no in\u00edcio do s\u00e9culo 20 [em 1918-1919], milh\u00f5es de pessoas no mundo foram acometidas com a gripe Influenza Espanhola, cerca de 5% da popula\u00e7\u00e3o mundial. Perto de 50 milh\u00f5es de pessoas morreram no mundo.<\/strong><\/p>\n\n\n\n<p><strong>Mas, a popula\u00e7\u00e3o de Ibi\u00fana, segundo consta, por uma promessa feita pedindo a prote\u00e7\u00e3o de S\u00e3o Sebasti\u00e3o, n\u00e3o foi atingida pela mol\u00e9stia. A promessa consistia em trazer nos bra\u00e7os do povo a imagem do santo de sua capela at\u00e9 a Matriz de Nossa Senhora das Dores, no centro da cidade, onde \u00e9 venerada por tr\u00eas dias.<\/strong><\/p>\n\n\n\n<p><strong>No Rio de Janeiro, cerca de mil pessoas morriam por dia. Na cidade de Ibi\u00fana, com not\u00edcias de mortes em cidades vizinhas, as \u201cSenhoras do Apostolado da Ora\u00e7\u00e3o\u201d, que rezavam todas as manh\u00e3s com o Padre Antonio de S\u00e1 F\u00e9rros, convocaram o povo para que todos cultuassem a S\u00e3o Sebasti\u00e3o, pedindo gra\u00e7as e prote\u00e7\u00e3o contra a peste.<\/strong><\/p>\n\n\n\n<p><strong>Na ocasi\u00e3o, fizeram a promessa da Romaria. Como resultado da manifesta\u00e7\u00e3o da f\u00e9, n\u00e3o foi identificado nenhum caso de \u00f3bito no munic\u00edpio de Una. Desde 1919 a imagem do venerado S\u00e3o Sebasti\u00e3o \u00e9 transportada por cavaleiros e amazonas, desde a capela do bairro do Pocinho at\u00e9 a Matriz da Padroeira Nossa Senhora das Dores, onde \u00e9 devotada com louvores. (<em>Carlos Rossini, editor de vitrine online)<\/em><\/strong><\/p>\n\n\n\n<p>&#8212;&#8212;&#8212;&#8212;-<\/p>\n\n\n\n<p><strong>Nota da Reda\u00e7\u00e3o: para saber mais, entre na p\u00e1gina da revista vitrine ibi\u00fana e escreva Festa de S\u00e3o Sebasti\u00e3o: h\u00e1 v\u00e1rias, not\u00edcias, artigos e dados hist\u00f3ricos<\/strong> dispon\u00edveis<\/p>\n","protected":false},"excerpt":{"rendered":"<p>\u00c9 profunda e intensa a devo\u00e7\u00e3o do povo ibiunense por S\u00e3o Sebasti\u00e3o, sobretudo quando se observa atentamente seu comportamento durante<\/p>\n","protected":false},"author":1,"featured_media":33480,"comment_status":"open","ping_status":"open","sticky":false,"template":"","format":"standard","meta":[],"categories":[3],"tags":[],"yoast_head":"<!-- This site is optimized with the Yoast SEO plugin v15.8 - https:\/\/yoast.com\/wordpress\/plugins\/seo\/ -->\n<title>AS ORIGENS DA INTENSA DEVO\u00c7\u00c3O IBIUNENSE POR S\u00c3O SEBASTI\u00c3O - Revista Vitrine Online<\/title>\n<meta name=\"robots\" content=\"index, follow, max-snippet:-1, max-image-preview:large, max-video-preview:-1\" \/>\n<link rel=\"canonical\" href=\"http:\/\/revistavitrineibiuna.com.br\/?p=33474\" \/>\n<meta property=\"og:locale\" content=\"pt_BR\" \/>\n<meta property=\"og:type\" content=\"article\" \/>\n<meta property=\"og:title\" content=\"AS ORIGENS DA INTENSA DEVO\u00c7\u00c3O IBIUNENSE POR S\u00c3O SEBASTI\u00c3O - Revista Vitrine Online\" \/>\n<meta property=\"og:description\" content=\"\u00c9 profunda e intensa a devo\u00e7\u00e3o do povo ibiunense por S\u00e3o Sebasti\u00e3o, sobretudo quando se observa atentamente seu comportamento durante\" \/>\n<meta property=\"og:url\" content=\"http:\/\/revistavitrineibiuna.com.br\/?p=33474\" \/>\n<meta property=\"og:site_name\" content=\"Revista Vitrine Online\" \/>\n<meta property=\"article:published_time\" content=\"2025-06-01T21:31:47+00:00\" \/>\n<meta property=\"article:modified_time\" content=\"2025-06-01T22:07:08+00:00\" \/>\n<meta property=\"og:image\" content=\"https:\/\/revistavitrineibiuna.com.br\/wp-content\/uploads\/2025\/06\/nova-imagem-de-s.-sebastiao.png\" \/>\n\t<meta property=\"og:image:width\" content=\"1065\" \/>\n\t<meta property=\"og:image:height\" content=\"705\" \/>\n<meta name=\"twitter:card\" content=\"summary\" \/>\n<meta name=\"twitter:label1\" content=\"Est. reading time\">\n\t<meta name=\"twitter:data1\" content=\"3 minutos\">\n<script type=\"application\/ld+json\" class=\"yoast-schema-graph\">{\"@context\":\"https:\/\/schema.org\",\"@graph\":[{\"@type\":\"WebSite\",\"@id\":\"https:\/\/revistavitrineibiuna.com.br\/#website\",\"url\":\"https:\/\/revistavitrineibiuna.com.br\/\",\"name\":\"Revista Vitrine Ibi\\u00fana\",\"description\":\"A Revista de Ibi\\u00fana e Regi\\u00e3o\",\"publisher\":{\"@id\":\"https:\/\/revistavitrineibiuna.com.br\/#\/schema\/person\/e51ef49d6d88170ea21ceabff3f73deb\"},\"potentialAction\":[{\"@type\":\"SearchAction\",\"target\":\"https:\/\/revistavitrineibiuna.com.br\/?s={search_term_string}\",\"query-input\":\"required name=search_term_string\"}],\"inLanguage\":\"pt-BR\"},{\"@type\":\"ImageObject\",\"@id\":\"http:\/\/revistavitrineibiuna.com.br\/?p=33474#primaryimage\",\"inLanguage\":\"pt-BR\",\"url\":\"https:\/\/revistavitrineibiuna.com.br\/wp-content\/uploads\/2025\/06\/nova-imagem-de-s.-sebastiao.png\",\"width\":1065,\"height\":705},{\"@type\":\"WebPage\",\"@id\":\"http:\/\/revistavitrineibiuna.com.br\/?p=33474#webpage\",\"url\":\"http:\/\/revistavitrineibiuna.com.br\/?p=33474\",\"name\":\"AS ORIGENS DA INTENSA DEVO\\u00c7\\u00c3O IBIUNENSE POR S\\u00c3O SEBASTI\\u00c3O - Revista Vitrine Online\",\"isPartOf\":{\"@id\":\"https:\/\/revistavitrineibiuna.com.br\/#website\"},\"primaryImageOfPage\":{\"@id\":\"http:\/\/revistavitrineibiuna.com.br\/?p=33474#primaryimage\"},\"datePublished\":\"2025-06-01T21:31:47+00:00\",\"dateModified\":\"2025-06-01T22:07:08+00:00\",\"breadcrumb\":{\"@id\":\"http:\/\/revistavitrineibiuna.com.br\/?p=33474#breadcrumb\"},\"inLanguage\":\"pt-BR\",\"potentialAction\":[{\"@type\":\"ReadAction\",\"target\":[\"http:\/\/revistavitrineibiuna.com.br\/?p=33474\"]}]},{\"@type\":\"BreadcrumbList\",\"@id\":\"http:\/\/revistavitrineibiuna.com.br\/?p=33474#breadcrumb\",\"itemListElement\":[{\"@type\":\"ListItem\",\"position\":1,\"item\":{\"@type\":\"WebPage\",\"@id\":\"https:\/\/revistavitrineibiuna.com.br\/\",\"url\":\"https:\/\/revistavitrineibiuna.com.br\/\",\"name\":\"In\\u00edcio\"}},{\"@type\":\"ListItem\",\"position\":2,\"item\":{\"@type\":\"WebPage\",\"@id\":\"http:\/\/revistavitrineibiuna.com.br\/?p=33474\",\"url\":\"http:\/\/revistavitrineibiuna.com.br\/?p=33474\",\"name\":\"AS ORIGENS DA INTENSA DEVO\\u00c7\\u00c3O IBIUNENSE POR S\\u00c3O SEBASTI\\u00c3O\"}}]},{\"@type\":\"Article\",\"@id\":\"http:\/\/revistavitrineibiuna.com.br\/?p=33474#article\",\"isPartOf\":{\"@id\":\"http:\/\/revistavitrineibiuna.com.br\/?p=33474#webpage\"},\"author\":{\"@id\":\"https:\/\/revistavitrineibiuna.com.br\/#\/schema\/person\/e51ef49d6d88170ea21ceabff3f73deb\"},\"headline\":\"AS ORIGENS DA INTENSA DEVO\\u00c7\\u00c3O IBIUNENSE POR S\\u00c3O SEBASTI\\u00c3O\",\"datePublished\":\"2025-06-01T21:31:47+00:00\",\"dateModified\":\"2025-06-01T22:07:08+00:00\",\"mainEntityOfPage\":{\"@id\":\"http:\/\/revistavitrineibiuna.com.br\/?p=33474#webpage\"},\"commentCount\":0,\"publisher\":{\"@id\":\"https:\/\/revistavitrineibiuna.com.br\/#\/schema\/person\/e51ef49d6d88170ea21ceabff3f73deb\"},\"image\":{\"@id\":\"http:\/\/revistavitrineibiuna.com.br\/?p=33474#primaryimage\"},\"articleSection\":\"Not\\u00edcias\",\"inLanguage\":\"pt-BR\",\"potentialAction\":[{\"@type\":\"CommentAction\",\"name\":\"Comment\",\"target\":[\"http:\/\/revistavitrineibiuna.com.br\/?p=33474#respond\"]}]},{\"@type\":[\"Person\",\"Organization\"],\"@id\":\"https:\/\/revistavitrineibiuna.com.br\/#\/schema\/person\/e51ef49d6d88170ea21ceabff3f73deb\",\"name\":\"Carlos Rossini\",\"image\":{\"@type\":\"ImageObject\",\"@id\":\"https:\/\/revistavitrineibiuna.com.br\/#personlogo\",\"inLanguage\":\"pt-BR\",\"url\":\"https:\/\/secure.gravatar.com\/avatar\/4f2d0f99fac1f85c7d643f21f5c8d900?s=96&d=mm&r=g\",\"caption\":\"Carlos Rossini\"},\"logo\":{\"@id\":\"https:\/\/revistavitrineibiuna.com.br\/#personlogo\"},\"description\":\"Carlos Rossini \\u00e9 jornalista, soci\\u00f3logo, escritor e professor universit\\u00e1rio, tendo sido professor de jornalismo por vinte anos. Trabalhou em ve\\u00edculos de comunica\\u00e7\\u00e3o nas fun\\u00e7\\u00f5es de rep\\u00f3rter, redator, editor, articulista e colaborador, como Folha de S. Paulo, O Estado de S. Paulo, Di\\u00e1rio Popular, entre outros. Ao transferir a revista vitrine, vers\\u00e3o imprensa, de S\\u00e3o Paulo para Ibi\\u00fana h\\u00e1 alguns anos, iniciou uma nova experi\\u00eancia profissional, dedicando-se ao jornalismo regional, depois de cumprir uma trajet\\u00f3ria bem-sucedida na grande imprensa brasileira. Seu primeiro livro A Coragem de Comunicar foi lan\\u00e7ado na Bienal do Livro em S\\u00e3o Paulo no ano 2000, pela editora Madras.\"}]}<\/script>\n<!-- \/ Yoast SEO plugin. -->","_links":{"self":[{"href":"https:\/\/revistavitrineibiuna.com.br\/index.php?rest_route=\/wp\/v2\/posts\/33474"}],"collection":[{"href":"https:\/\/revistavitrineibiuna.com.br\/index.php?rest_route=\/wp\/v2\/posts"}],"about":[{"href":"https:\/\/revistavitrineibiuna.com.br\/index.php?rest_route=\/wp\/v2\/types\/post"}],"author":[{"embeddable":true,"href":"https:\/\/revistavitrineibiuna.com.br\/index.php?rest_route=\/wp\/v2\/users\/1"}],"replies":[{"embeddable":true,"href":"https:\/\/revistavitrineibiuna.com.br\/index.php?rest_route=%2Fwp%2Fv2%2Fcomments&post=33474"}],"version-history":[{"count":3,"href":"https:\/\/revistavitrineibiuna.com.br\/index.php?rest_route=\/wp\/v2\/posts\/33474\/revisions"}],"predecessor-version":[{"id":33481,"href":"https:\/\/revistavitrineibiuna.com.br\/index.php?rest_route=\/wp\/v2\/posts\/33474\/revisions\/33481"}],"wp:featuredmedia":[{"embeddable":true,"href":"https:\/\/revistavitrineibiuna.com.br\/index.php?rest_route=\/wp\/v2\/media\/33480"}],"wp:attachment":[{"href":"https:\/\/revistavitrineibiuna.com.br\/index.php?rest_route=%2Fwp%2Fv2%2Fmedia&parent=33474"}],"wp:term":[{"taxonomy":"category","embeddable":true,"href":"https:\/\/revistavitrineibiuna.com.br\/index.php?rest_route=%2Fwp%2Fv2%2Fcategories&post=33474"},{"taxonomy":"post_tag","embeddable":true,"href":"https:\/\/revistavitrineibiuna.com.br\/index.php?rest_route=%2Fwp%2Fv2%2Ftags&post=33474"}],"curies":[{"name":"wp","href":"https:\/\/api.w.org\/{rel}","templated":true}]}}