{"id":33482,"date":"2025-06-03T14:32:17","date_gmt":"2025-06-03T17:32:17","guid":{"rendered":"http:\/\/revistavitrineibiuna.com.br\/?p=33482"},"modified":"2025-06-03T17:01:47","modified_gmt":"2025-06-03T20:01:47","slug":"ibiuna-homem-e-preso-por-agressao-e-porte-ilegal-de-arma-apos-discutir-com-medico","status":"publish","type":"post","link":"https:\/\/revistavitrineibiuna.com.br\/?p=33482","title":{"rendered":"IBI\u00daNA \u2013 HOMEM \u00c9 PRESO POR AGRESS\u00c3O E PORTE ILEGAL DE ARMA, AP\u00d3S DISCUTIR COM M\u00c9DICO"},"content":{"rendered":"\n<p class=\"has-drop-cap\"><strong>Na manh\u00e3 desta segunda-feira (2), um grupo de quatro pessoas se encontrava consumindo bebidas em uma loja de conveni\u00eancia em posto de gasolina localizado na Avenida Ant\u00f4nio Falci, no centro da cidade. Um deles, m\u00e9dico de 31 anos, que atende no Hospital Municipal de Ibi\u00fana.<\/strong><\/p>\n\n\n\n<p><strong>De repente teve in\u00edcio uma discuss\u00e3o fora de controle e agress\u00e3o f\u00edsica ao m\u00e9dico. Em seguida, houve uma agita\u00e7\u00e3o, tr\u00eas deles se dirigiram para o carro estacionado ao lado, um VW Polo, e o m\u00e9dico entrou no seu ve\u00edculo deixando o lugar rapidamente. A partir da\u00ed ambos os ve\u00edculos partiram, com persegui\u00e7\u00e3o ao carro do m\u00e9dico.<\/strong><\/p>\n\n\n\n<p><strong>Quando chegaram na avenida S\u00e3o Sebasti\u00e3o, os guardas civis municipais da base da corpora\u00e7\u00e3o avistaram os dois ve\u00edculos em \u201catitude suspeita\u201d. Fizeram uma abordagem, ap\u00f3s o que todos foram conduzidos \u00e0 Delegacia de Pol\u00edcia, que fica pr\u00f3xima do local, na mesma&nbsp; avenida.<\/strong><\/p>\n\n\n\n<p><strong>PRIS\u00c3O<\/strong><\/p>\n\n\n\n<p><strong>Um homem de 32 anos, morador em&nbsp; Ibi\u00fana, foi preso em flagrante pelo crime de posse ou porte ilegal de arma de fogo de uso restrito, um Taurus 9 mm.<\/strong><\/p>\n\n\n\n<p><strong>Uma autoridade municipal disse \u00e0 vitrine online que a decis\u00e3o policial est\u00e1 de acordo com legisla\u00e7\u00e3o, pois as armas CAC (ca\u00e7ador, atirador e colecionador) t\u00eam restri\u00e7\u00f5es rigorosa de porte e uso, como \u00e9 o caso da arma apreendida pela GCM.<\/strong><\/p>\n\n\n\n<p><strong>Essa ocorr\u00eancia agitou o plant\u00e3o policial, assim como os parentes do homem preso.<\/strong><\/p>\n\n\n\n<p><strong>O QUE ACONTECEU?<\/strong><\/p>\n\n\n\n<p><strong>Atendendo a pedido da revista vitrine online, a Secretaria de Seguran\u00e7a P\u00fablica do Estado de S\u00e3o Paulo enviou a seguinte nota sobre o ocorrido, na \u00edntegra:<\/strong><\/p>\n\n\n\n<p><strong>\u201cUm homem de 32 anos foi preso na manh\u00e3 desta segunda-feira (2), na Avenida S\u00e3o Sebasti\u00e3o, no centro de Ibi\u00fana.<\/strong><\/p>\n\n\n\n<p><strong>Guardas Civis Municipais estavam em uma base da GCM quando avistaram dois ve\u00edculos em atitude suspeita. Durante a abordagem, um dos condutores, um homem de 31 anos, relatou ter sido amea\u00e7ado e agredido minutos antes pelo condutor do outro ve\u00edculo, um VW Polo. Na busca veicular no VW Polo, os agentes encontraram uma pistola no porta-luvas, com carregador e muni\u00e7\u00f5es.<\/strong><\/p>\n\n\n\n<p><strong>Segundo a v\u00edtima, o indiciado a agrediu e amea\u00e7ou durante uma discuss\u00e3o em um posto de gasolina. A v\u00edtima tamb\u00e9m chegou a ouvir um disparo de arma de fogo vindo do ve\u00edculo do suspeito. Ela foi socorrida ao hospital da regi\u00e3o e orientada quanto ao prazo para a representa\u00e7\u00e3o criminal pelos crimes de amea\u00e7a e les\u00e3o corporal. O caso foi registrado na Delegacia de Ibi\u00fana.\u201d<\/strong><\/p>\n\n\n\n<p><strong>LIBERADO<\/strong><\/p>\n\n\n\n<p><strong>O m\u00e9dico na condi\u00e7\u00e3o de v\u00edtima foi liberado depois de depor na delegacia e o suspeito ficou preso at\u00e9 a manh\u00e3 de hoje (3), quando passou por audi\u00eancia de cust\u00f3dia e foi liberado pelo juiz para responder o processo em liberdade.<\/strong><\/p>\n\n\n\n<p><strong>O advogado do suspeito informou a vitrine online que o m\u00e9dico, por conta do ocorrido, foi afastado.<\/strong><\/p>\n\n\n\n<p><strong>Vitrine online solicitou confirma\u00e7\u00e3o desse fato ao presidente do Igats, organiza\u00e7\u00e3o que cuida da&nbsp; gest\u00e3o do hospital, assim como a diretora, mas at\u00e9 a conclus\u00e3o desta not\u00edcia n\u00e3o obteve retorno.<\/strong><\/p>\n\n\n\n<p><strong>Se houver retorno, a not\u00edcia ser\u00e1 naturalmente atualizada.<\/strong><\/p>\n\n\n\n<p><strong>ATUALIZA\u00c7\u00c3O: A diretora do Hospital Municipal de Ibi\u00fana confirmou que o m\u00e9dico foi afastado de suas fun\u00e7\u00f5es, por tempo indeterminado.<\/strong><\/p>\n","protected":false},"excerpt":{"rendered":"<p>Na manh\u00e3 desta segunda-feira (2), um grupo de quatro pessoas se encontrava consumindo bebidas em uma loja de conveni\u00eancia em<\/p>\n","protected":false},"author":1,"featured_media":33483,"comment_status":"open","ping_status":"open","sticky":false,"template":"","format":"standard","meta":[],"categories":[3],"tags":[],"yoast_head":"<!-- This site is optimized with the Yoast SEO plugin v15.8 - https:\/\/yoast.com\/wordpress\/plugins\/seo\/ -->\n<title>IBI\u00daNA \u2013 HOMEM \u00c9 PRESO POR AGRESS\u00c3O E PORTE ILEGAL DE ARMA, AP\u00d3S DISCUTIR COM M\u00c9DICO - Revista Vitrine Online<\/title>\n<meta name=\"robots\" content=\"index, follow, max-snippet:-1, max-image-preview:large, max-video-preview:-1\" \/>\n<link rel=\"canonical\" href=\"http:\/\/revistavitrineibiuna.com.br\/?p=33482\" \/>\n<meta property=\"og:locale\" content=\"pt_BR\" \/>\n<meta property=\"og:type\" content=\"article\" \/>\n<meta property=\"og:title\" content=\"IBI\u00daNA \u2013 HOMEM \u00c9 PRESO POR AGRESS\u00c3O E PORTE ILEGAL DE ARMA, AP\u00d3S DISCUTIR COM M\u00c9DICO - Revista Vitrine Online\" \/>\n<meta property=\"og:description\" content=\"Na manh\u00e3 desta segunda-feira (2), um grupo de quatro pessoas se encontrava consumindo bebidas em uma loja de conveni\u00eancia em\" \/>\n<meta property=\"og:url\" content=\"http:\/\/revistavitrineibiuna.com.br\/?p=33482\" \/>\n<meta property=\"og:site_name\" content=\"Revista Vitrine Online\" \/>\n<meta property=\"article:published_time\" content=\"2025-06-03T17:32:17+00:00\" \/>\n<meta property=\"article:modified_time\" content=\"2025-06-03T20:01:47+00:00\" \/>\n<meta property=\"og:image\" content=\"https:\/\/revistavitrineibiuna.com.br\/wp-content\/uploads\/2025\/06\/caso-do-dr.-rubens-1024x679.png\" \/>\n\t<meta property=\"og:image:width\" content=\"1024\" \/>\n\t<meta property=\"og:image:height\" content=\"679\" \/>\n<meta name=\"twitter:card\" content=\"summary\" \/>\n<meta name=\"twitter:label1\" content=\"Est. reading time\">\n\t<meta name=\"twitter:data1\" content=\"3 minutos\">\n<script type=\"application\/ld+json\" class=\"yoast-schema-graph\">{\"@context\":\"https:\/\/schema.org\",\"@graph\":[{\"@type\":\"WebSite\",\"@id\":\"https:\/\/revistavitrineibiuna.com.br\/#website\",\"url\":\"https:\/\/revistavitrineibiuna.com.br\/\",\"name\":\"Revista Vitrine Ibi\\u00fana\",\"description\":\"A Revista de Ibi\\u00fana e Regi\\u00e3o\",\"publisher\":{\"@id\":\"https:\/\/revistavitrineibiuna.com.br\/#\/schema\/person\/e51ef49d6d88170ea21ceabff3f73deb\"},\"potentialAction\":[{\"@type\":\"SearchAction\",\"target\":\"https:\/\/revistavitrineibiuna.com.br\/?s={search_term_string}\",\"query-input\":\"required name=search_term_string\"}],\"inLanguage\":\"pt-BR\"},{\"@type\":\"ImageObject\",\"@id\":\"http:\/\/revistavitrineibiuna.com.br\/?p=33482#primaryimage\",\"inLanguage\":\"pt-BR\",\"url\":\"https:\/\/revistavitrineibiuna.com.br\/wp-content\/uploads\/2025\/06\/caso-do-dr.-rubens.png\",\"width\":1553,\"height\":1030},{\"@type\":\"WebPage\",\"@id\":\"http:\/\/revistavitrineibiuna.com.br\/?p=33482#webpage\",\"url\":\"http:\/\/revistavitrineibiuna.com.br\/?p=33482\",\"name\":\"IBI\\u00daNA \\u2013 HOMEM \\u00c9 PRESO POR AGRESS\\u00c3O E PORTE ILEGAL DE ARMA, AP\\u00d3S DISCUTIR COM M\\u00c9DICO - Revista Vitrine Online\",\"isPartOf\":{\"@id\":\"https:\/\/revistavitrineibiuna.com.br\/#website\"},\"primaryImageOfPage\":{\"@id\":\"http:\/\/revistavitrineibiuna.com.br\/?p=33482#primaryimage\"},\"datePublished\":\"2025-06-03T17:32:17+00:00\",\"dateModified\":\"2025-06-03T20:01:47+00:00\",\"breadcrumb\":{\"@id\":\"http:\/\/revistavitrineibiuna.com.br\/?p=33482#breadcrumb\"},\"inLanguage\":\"pt-BR\",\"potentialAction\":[{\"@type\":\"ReadAction\",\"target\":[\"http:\/\/revistavitrineibiuna.com.br\/?p=33482\"]}]},{\"@type\":\"BreadcrumbList\",\"@id\":\"http:\/\/revistavitrineibiuna.com.br\/?p=33482#breadcrumb\",\"itemListElement\":[{\"@type\":\"ListItem\",\"position\":1,\"item\":{\"@type\":\"WebPage\",\"@id\":\"https:\/\/revistavitrineibiuna.com.br\/\",\"url\":\"https:\/\/revistavitrineibiuna.com.br\/\",\"name\":\"In\\u00edcio\"}},{\"@type\":\"ListItem\",\"position\":2,\"item\":{\"@type\":\"WebPage\",\"@id\":\"http:\/\/revistavitrineibiuna.com.br\/?p=33482\",\"url\":\"http:\/\/revistavitrineibiuna.com.br\/?p=33482\",\"name\":\"IBI\\u00daNA \\u2013 HOMEM \\u00c9 PRESO POR AGRESS\\u00c3O E PORTE ILEGAL DE ARMA, AP\\u00d3S DISCUTIR COM M\\u00c9DICO\"}}]},{\"@type\":\"Article\",\"@id\":\"http:\/\/revistavitrineibiuna.com.br\/?p=33482#article\",\"isPartOf\":{\"@id\":\"http:\/\/revistavitrineibiuna.com.br\/?p=33482#webpage\"},\"author\":{\"@id\":\"https:\/\/revistavitrineibiuna.com.br\/#\/schema\/person\/e51ef49d6d88170ea21ceabff3f73deb\"},\"headline\":\"IBI\\u00daNA \\u2013 HOMEM \\u00c9 PRESO POR AGRESS\\u00c3O E PORTE ILEGAL DE ARMA, AP\\u00d3S DISCUTIR COM M\\u00c9DICO\",\"datePublished\":\"2025-06-03T17:32:17+00:00\",\"dateModified\":\"2025-06-03T20:01:47+00:00\",\"mainEntityOfPage\":{\"@id\":\"http:\/\/revistavitrineibiuna.com.br\/?p=33482#webpage\"},\"commentCount\":0,\"publisher\":{\"@id\":\"https:\/\/revistavitrineibiuna.com.br\/#\/schema\/person\/e51ef49d6d88170ea21ceabff3f73deb\"},\"image\":{\"@id\":\"http:\/\/revistavitrineibiuna.com.br\/?p=33482#primaryimage\"},\"articleSection\":\"Not\\u00edcias\",\"inLanguage\":\"pt-BR\",\"potentialAction\":[{\"@type\":\"CommentAction\",\"name\":\"Comment\",\"target\":[\"http:\/\/revistavitrineibiuna.com.br\/?p=33482#respond\"]}]},{\"@type\":[\"Person\",\"Organization\"],\"@id\":\"https:\/\/revistavitrineibiuna.com.br\/#\/schema\/person\/e51ef49d6d88170ea21ceabff3f73deb\",\"name\":\"Carlos Rossini\",\"image\":{\"@type\":\"ImageObject\",\"@id\":\"https:\/\/revistavitrineibiuna.com.br\/#personlogo\",\"inLanguage\":\"pt-BR\",\"url\":\"https:\/\/secure.gravatar.com\/avatar\/4f2d0f99fac1f85c7d643f21f5c8d900?s=96&d=mm&r=g\",\"caption\":\"Carlos Rossini\"},\"logo\":{\"@id\":\"https:\/\/revistavitrineibiuna.com.br\/#personlogo\"},\"description\":\"Carlos Rossini \\u00e9 jornalista, soci\\u00f3logo, escritor e professor universit\\u00e1rio, tendo sido professor de jornalismo por vinte anos. Trabalhou em ve\\u00edculos de comunica\\u00e7\\u00e3o nas fun\\u00e7\\u00f5es de rep\\u00f3rter, redator, editor, articulista e colaborador, como Folha de S. Paulo, O Estado de S. Paulo, Di\\u00e1rio Popular, entre outros. Ao transferir a revista vitrine, vers\\u00e3o imprensa, de S\\u00e3o Paulo para Ibi\\u00fana h\\u00e1 alguns anos, iniciou uma nova experi\\u00eancia profissional, dedicando-se ao jornalismo regional, depois de cumprir uma trajet\\u00f3ria bem-sucedida na grande imprensa brasileira. Seu primeiro livro A Coragem de Comunicar foi lan\\u00e7ado na Bienal do Livro em S\\u00e3o Paulo no ano 2000, pela editora Madras.\"}]}<\/script>\n<!-- \/ Yoast SEO plugin. -->","_links":{"self":[{"href":"https:\/\/revistavitrineibiuna.com.br\/index.php?rest_route=\/wp\/v2\/posts\/33482"}],"collection":[{"href":"https:\/\/revistavitrineibiuna.com.br\/index.php?rest_route=\/wp\/v2\/posts"}],"about":[{"href":"https:\/\/revistavitrineibiuna.com.br\/index.php?rest_route=\/wp\/v2\/types\/post"}],"author":[{"embeddable":true,"href":"https:\/\/revistavitrineibiuna.com.br\/index.php?rest_route=\/wp\/v2\/users\/1"}],"replies":[{"embeddable":true,"href":"https:\/\/revistavitrineibiuna.com.br\/index.php?rest_route=%2Fwp%2Fv2%2Fcomments&post=33482"}],"version-history":[{"count":3,"href":"https:\/\/revistavitrineibiuna.com.br\/index.php?rest_route=\/wp\/v2\/posts\/33482\/revisions"}],"predecessor-version":[{"id":33487,"href":"https:\/\/revistavitrineibiuna.com.br\/index.php?rest_route=\/wp\/v2\/posts\/33482\/revisions\/33487"}],"wp:featuredmedia":[{"embeddable":true,"href":"https:\/\/revistavitrineibiuna.com.br\/index.php?rest_route=\/wp\/v2\/media\/33483"}],"wp:attachment":[{"href":"https:\/\/revistavitrineibiuna.com.br\/index.php?rest_route=%2Fwp%2Fv2%2Fmedia&parent=33482"}],"wp:term":[{"taxonomy":"category","embeddable":true,"href":"https:\/\/revistavitrineibiuna.com.br\/index.php?rest_route=%2Fwp%2Fv2%2Fcategories&post=33482"},{"taxonomy":"post_tag","embeddable":true,"href":"https:\/\/revistavitrineibiuna.com.br\/index.php?rest_route=%2Fwp%2Fv2%2Ftags&post=33482"}],"curies":[{"name":"wp","href":"https:\/\/api.w.org\/{rel}","templated":true}]}}