{"id":33489,"date":"2025-06-07T18:39:06","date_gmt":"2025-06-07T21:39:06","guid":{"rendered":"http:\/\/revistavitrineibiuna.com.br\/?p=33489"},"modified":"2025-06-08T00:57:27","modified_gmt":"2025-06-08T03:57:27","slug":"ibiuna-funcionaria-do-superibiuna-morre-em-acidente-de-transito-na-bunjiro","status":"publish","type":"post","link":"https:\/\/revistavitrineibiuna.com.br\/?p=33489","title":{"rendered":"IBI\u00daNA \u2013 FUNCION\u00c1RIA DO SUPERIBI\u00daNA MORRE EM ACIDENTE DE TR\u00c2NSITO NA BUNJIRO"},"content":{"rendered":"\n<p class=\"has-drop-cap\"><strong>Juliana Machado Flor\u00eancio, 36, caixa do Supermercado Ibi\u00fana, morreu na manh\u00e3 de hoje (7), v\u00edtima de acidente de tr\u00e2nsito na Rodovia Bunjiro Nakao, quando se dirigia para o trabalho pilotando uma moto, em uma colis\u00e3o com um carro que vinha em sentido contr\u00e1rio em dire\u00e7\u00e3o \u00e0 Piedade.<\/strong><\/p>\n\n\n\n<p><strong>Ela foi socorrida pelo resgate, e levada para o Hospital&nbsp; Regional de Sorocaba, mas n\u00e3o resistiu aos graves ferimentos sofridos e foi a \u00f3bito. At\u00e9 mesmo o \u00c1guia da Pol\u00edcia Militar foi acionado.<\/strong><\/p>\n\n\n\n<p><strong>Juliana havia sa\u00eddo do bairro Paruru, onde morava. O acidente aconteceu antes das 7h, j\u00e1 que esse \u00e9 o hor\u00e1rio em que ela entra no servi\u00e7o, na altura do km 83 da rodovia, em frente \u00e0 capela do bairro Cocais.<\/strong><\/p>\n\n\n\n<p><strong>Pessoa querida e profissional exemplar, Juliana trabalhava no Supermercado havia quatro anos. Como ela n\u00e3o chegasse hoje, os colegas estranharam, at\u00e9 que ficaram sabendo da trag\u00e9dia. Ela deixa um filho de 11 anos.<\/strong><\/p>\n\n\n\n<p><strong>Segundo apuramos, mas que dever\u00e1 ser objeto dos exames periciais, o motorista do carro estaria tentando fazer uma ultrapassagem, quando houve o impacto. Ele foi conduzido \u00e0 Delegacia de Pol\u00edcia de Ibi\u00fana, onde ficou detido.<\/strong><\/p>\n\n\n\n<p><strong>O motorista do carro, um homem de 40 anos, morador no Piratuba, foi levado ao Hospital Municipal de Ibi\u00fana pelos agentes da Pol\u00edcia Militar Rodovi\u00e1ria, onde passou por uma avalia\u00e7\u00e3o de seu estado, antes de ser conduzido para a delegacia.<\/strong><\/p>\n\n\n\n<p><strong>L\u00c1GRIMAS E TRISTEZA<\/strong><\/p>\n\n\n\n<p><strong>Os colegas da v\u00edtima receberam a not\u00edcia com l\u00e1grimas e tristeza, mesmo tendo um dia em que o supermercado se encontrava lotado de clientes. \u00c9 grande a repercuss\u00e3o nas redes sociais A empresa est\u00e1 dando todo apoio \u00e0 fam\u00edlia e cuidando das provid\u00eancias relativas ao vel\u00f3rio e sepultamento.<\/strong><\/p>\n\n\n\n<p><strong>At\u00e9 o momento em que conclu\u00edamos esta not\u00edcia, n\u00e3o havia informa\u00e7\u00e3o sobre o vel\u00f3rio de Juliana, cujo corpo se encontrava no IML de Sorocaba.<\/strong><\/p>\n","protected":false},"excerpt":{"rendered":"<p>Juliana Machado Flor\u00eancio, 36, caixa do Supermercado Ibi\u00fana, morreu na manh\u00e3 de hoje (7), v\u00edtima de acidente de tr\u00e2nsito na<\/p>\n","protected":false},"author":1,"featured_media":33490,"comment_status":"open","ping_status":"open","sticky":false,"template":"","format":"standard","meta":[],"categories":[3],"tags":[],"yoast_head":"<!-- This site is optimized with the Yoast SEO plugin v15.8 - https:\/\/yoast.com\/wordpress\/plugins\/seo\/ -->\n<title>IBI\u00daNA \u2013 FUNCION\u00c1RIA DO SUPERIBI\u00daNA MORRE EM ACIDENTE DE TR\u00c2NSITO NA BUNJIRO - Revista Vitrine Online<\/title>\n<meta name=\"robots\" content=\"index, follow, max-snippet:-1, max-image-preview:large, max-video-preview:-1\" \/>\n<link rel=\"canonical\" href=\"http:\/\/revistavitrineibiuna.com.br\/?p=33489\" \/>\n<meta property=\"og:locale\" content=\"pt_BR\" \/>\n<meta property=\"og:type\" content=\"article\" \/>\n<meta property=\"og:title\" content=\"IBI\u00daNA \u2013 FUNCION\u00c1RIA DO SUPERIBI\u00daNA MORRE EM ACIDENTE DE TR\u00c2NSITO NA BUNJIRO - Revista Vitrine Online\" \/>\n<meta property=\"og:description\" content=\"Juliana Machado Flor\u00eancio, 36, caixa do Supermercado Ibi\u00fana, morreu na manh\u00e3 de hoje (7), v\u00edtima de acidente de tr\u00e2nsito na\" \/>\n<meta property=\"og:url\" content=\"http:\/\/revistavitrineibiuna.com.br\/?p=33489\" \/>\n<meta property=\"og:site_name\" content=\"Revista Vitrine Online\" \/>\n<meta property=\"article:published_time\" content=\"2025-06-07T21:39:06+00:00\" \/>\n<meta property=\"article:modified_time\" content=\"2025-06-08T03:57:27+00:00\" \/>\n<meta property=\"og:image\" content=\"https:\/\/revistavitrineibiuna.com.br\/wp-content\/uploads\/2025\/06\/juliana.png\" \/>\n\t<meta property=\"og:image:width\" content=\"719\" \/>\n\t<meta property=\"og:image:height\" content=\"515\" \/>\n<meta name=\"twitter:card\" content=\"summary\" \/>\n<meta name=\"twitter:label1\" content=\"Est. reading time\">\n\t<meta name=\"twitter:data1\" content=\"2 minutos\">\n<script type=\"application\/ld+json\" class=\"yoast-schema-graph\">{\"@context\":\"https:\/\/schema.org\",\"@graph\":[{\"@type\":\"WebSite\",\"@id\":\"https:\/\/revistavitrineibiuna.com.br\/#website\",\"url\":\"https:\/\/revistavitrineibiuna.com.br\/\",\"name\":\"Revista Vitrine Ibi\\u00fana\",\"description\":\"A Revista de Ibi\\u00fana e Regi\\u00e3o\",\"publisher\":{\"@id\":\"https:\/\/revistavitrineibiuna.com.br\/#\/schema\/person\/e51ef49d6d88170ea21ceabff3f73deb\"},\"potentialAction\":[{\"@type\":\"SearchAction\",\"target\":\"https:\/\/revistavitrineibiuna.com.br\/?s={search_term_string}\",\"query-input\":\"required name=search_term_string\"}],\"inLanguage\":\"pt-BR\"},{\"@type\":\"ImageObject\",\"@id\":\"http:\/\/revistavitrineibiuna.com.br\/?p=33489#primaryimage\",\"inLanguage\":\"pt-BR\",\"url\":\"https:\/\/revistavitrineibiuna.com.br\/wp-content\/uploads\/2025\/06\/juliana.png\",\"width\":719,\"height\":515},{\"@type\":\"WebPage\",\"@id\":\"http:\/\/revistavitrineibiuna.com.br\/?p=33489#webpage\",\"url\":\"http:\/\/revistavitrineibiuna.com.br\/?p=33489\",\"name\":\"IBI\\u00daNA \\u2013 FUNCION\\u00c1RIA DO SUPERIBI\\u00daNA MORRE EM ACIDENTE DE TR\\u00c2NSITO NA BUNJIRO - Revista Vitrine Online\",\"isPartOf\":{\"@id\":\"https:\/\/revistavitrineibiuna.com.br\/#website\"},\"primaryImageOfPage\":{\"@id\":\"http:\/\/revistavitrineibiuna.com.br\/?p=33489#primaryimage\"},\"datePublished\":\"2025-06-07T21:39:06+00:00\",\"dateModified\":\"2025-06-08T03:57:27+00:00\",\"breadcrumb\":{\"@id\":\"http:\/\/revistavitrineibiuna.com.br\/?p=33489#breadcrumb\"},\"inLanguage\":\"pt-BR\",\"potentialAction\":[{\"@type\":\"ReadAction\",\"target\":[\"http:\/\/revistavitrineibiuna.com.br\/?p=33489\"]}]},{\"@type\":\"BreadcrumbList\",\"@id\":\"http:\/\/revistavitrineibiuna.com.br\/?p=33489#breadcrumb\",\"itemListElement\":[{\"@type\":\"ListItem\",\"position\":1,\"item\":{\"@type\":\"WebPage\",\"@id\":\"https:\/\/revistavitrineibiuna.com.br\/\",\"url\":\"https:\/\/revistavitrineibiuna.com.br\/\",\"name\":\"In\\u00edcio\"}},{\"@type\":\"ListItem\",\"position\":2,\"item\":{\"@type\":\"WebPage\",\"@id\":\"http:\/\/revistavitrineibiuna.com.br\/?p=33489\",\"url\":\"http:\/\/revistavitrineibiuna.com.br\/?p=33489\",\"name\":\"IBI\\u00daNA \\u2013 FUNCION\\u00c1RIA DO SUPERIBI\\u00daNA MORRE EM ACIDENTE DE TR\\u00c2NSITO NA BUNJIRO\"}}]},{\"@type\":\"Article\",\"@id\":\"http:\/\/revistavitrineibiuna.com.br\/?p=33489#article\",\"isPartOf\":{\"@id\":\"http:\/\/revistavitrineibiuna.com.br\/?p=33489#webpage\"},\"author\":{\"@id\":\"https:\/\/revistavitrineibiuna.com.br\/#\/schema\/person\/e51ef49d6d88170ea21ceabff3f73deb\"},\"headline\":\"IBI\\u00daNA \\u2013 FUNCION\\u00c1RIA DO SUPERIBI\\u00daNA MORRE EM ACIDENTE DE TR\\u00c2NSITO NA BUNJIRO\",\"datePublished\":\"2025-06-07T21:39:06+00:00\",\"dateModified\":\"2025-06-08T03:57:27+00:00\",\"mainEntityOfPage\":{\"@id\":\"http:\/\/revistavitrineibiuna.com.br\/?p=33489#webpage\"},\"commentCount\":0,\"publisher\":{\"@id\":\"https:\/\/revistavitrineibiuna.com.br\/#\/schema\/person\/e51ef49d6d88170ea21ceabff3f73deb\"},\"image\":{\"@id\":\"http:\/\/revistavitrineibiuna.com.br\/?p=33489#primaryimage\"},\"articleSection\":\"Not\\u00edcias\",\"inLanguage\":\"pt-BR\",\"potentialAction\":[{\"@type\":\"CommentAction\",\"name\":\"Comment\",\"target\":[\"http:\/\/revistavitrineibiuna.com.br\/?p=33489#respond\"]}]},{\"@type\":[\"Person\",\"Organization\"],\"@id\":\"https:\/\/revistavitrineibiuna.com.br\/#\/schema\/person\/e51ef49d6d88170ea21ceabff3f73deb\",\"name\":\"Carlos Rossini\",\"image\":{\"@type\":\"ImageObject\",\"@id\":\"https:\/\/revistavitrineibiuna.com.br\/#personlogo\",\"inLanguage\":\"pt-BR\",\"url\":\"https:\/\/secure.gravatar.com\/avatar\/4f2d0f99fac1f85c7d643f21f5c8d900?s=96&d=mm&r=g\",\"caption\":\"Carlos Rossini\"},\"logo\":{\"@id\":\"https:\/\/revistavitrineibiuna.com.br\/#personlogo\"},\"description\":\"Carlos Rossini \\u00e9 jornalista, soci\\u00f3logo, escritor e professor universit\\u00e1rio, tendo sido professor de jornalismo por vinte anos. Trabalhou em ve\\u00edculos de comunica\\u00e7\\u00e3o nas fun\\u00e7\\u00f5es de rep\\u00f3rter, redator, editor, articulista e colaborador, como Folha de S. Paulo, O Estado de S. Paulo, Di\\u00e1rio Popular, entre outros. Ao transferir a revista vitrine, vers\\u00e3o imprensa, de S\\u00e3o Paulo para Ibi\\u00fana h\\u00e1 alguns anos, iniciou uma nova experi\\u00eancia profissional, dedicando-se ao jornalismo regional, depois de cumprir uma trajet\\u00f3ria bem-sucedida na grande imprensa brasileira. Seu primeiro livro A Coragem de Comunicar foi lan\\u00e7ado na Bienal do Livro em S\\u00e3o Paulo no ano 2000, pela editora Madras.\"}]}<\/script>\n<!-- \/ Yoast SEO plugin. -->","_links":{"self":[{"href":"https:\/\/revistavitrineibiuna.com.br\/index.php?rest_route=\/wp\/v2\/posts\/33489"}],"collection":[{"href":"https:\/\/revistavitrineibiuna.com.br\/index.php?rest_route=\/wp\/v2\/posts"}],"about":[{"href":"https:\/\/revistavitrineibiuna.com.br\/index.php?rest_route=\/wp\/v2\/types\/post"}],"author":[{"embeddable":true,"href":"https:\/\/revistavitrineibiuna.com.br\/index.php?rest_route=\/wp\/v2\/users\/1"}],"replies":[{"embeddable":true,"href":"https:\/\/revistavitrineibiuna.com.br\/index.php?rest_route=%2Fwp%2Fv2%2Fcomments&post=33489"}],"version-history":[{"count":4,"href":"https:\/\/revistavitrineibiuna.com.br\/index.php?rest_route=\/wp\/v2\/posts\/33489\/revisions"}],"predecessor-version":[{"id":33494,"href":"https:\/\/revistavitrineibiuna.com.br\/index.php?rest_route=\/wp\/v2\/posts\/33489\/revisions\/33494"}],"wp:featuredmedia":[{"embeddable":true,"href":"https:\/\/revistavitrineibiuna.com.br\/index.php?rest_route=\/wp\/v2\/media\/33490"}],"wp:attachment":[{"href":"https:\/\/revistavitrineibiuna.com.br\/index.php?rest_route=%2Fwp%2Fv2%2Fmedia&parent=33489"}],"wp:term":[{"taxonomy":"category","embeddable":true,"href":"https:\/\/revistavitrineibiuna.com.br\/index.php?rest_route=%2Fwp%2Fv2%2Fcategories&post=33489"},{"taxonomy":"post_tag","embeddable":true,"href":"https:\/\/revistavitrineibiuna.com.br\/index.php?rest_route=%2Fwp%2Fv2%2Ftags&post=33489"}],"curies":[{"name":"wp","href":"https:\/\/api.w.org\/{rel}","templated":true}]}}