{"id":33496,"date":"2025-06-11T10:38:07","date_gmt":"2025-06-11T13:38:07","guid":{"rendered":"http:\/\/revistavitrineibiuna.com.br\/?p=33496"},"modified":"2025-06-11T11:53:33","modified_gmt":"2025-06-11T14:53:33","slug":"ibiuna-seis-vereadores-votaram-contra-fiscalizacao-no-hospital","status":"publish","type":"post","link":"https:\/\/revistavitrineibiuna.com.br\/?p=33496","title":{"rendered":"IBI\u00daNA \u2013 SEIS VEREADORES VOTARAM CONTRA FISCALIZA\u00c7\u00c3O NO  HOSPITAL"},"content":{"rendered":"\n<p class=\"has-drop-cap\"><strong>Em entrevista \u00e0 TVUNA veiculada na seguna-feira (9), o vereador Lucas Pires, autor do projeto n\u00ba 6 aprovado na sess\u00e3o do dia 13 de maio, que constituiu uma Comiss\u00e3o de Vereadores \u2013 CEV para Fiscalizar o problem\u00e1tico Hospital Municipal de Ibi\u00fana, estranhou o comportamento de vereadores que votaram contra o projeto de interesse de toda a popula\u00e7\u00e3o ibiunense.<\/strong><\/p>\n\n\n\n<p><strong>Anteriormente, Pires havia proposto na C\u00e2mara a cria\u00e7\u00e3o de uma Comiss\u00e3o Parlamentar de Inqu\u00e9rito \u2013 CPI, que tem maior poder jur\u00eddico em tomadas de decis\u00e3o.<\/strong><\/p>\n\n\n\n<p><strong>O l\u00edder do prefeito, vereador Carlinhos Marques, l\u00edder do prefeito, chegou a comentar que n\u00e3o \u00e9 contra constitui\u00e7\u00e3o de CPI, mas que o momento, devido ao tempo de governo, que completa o primero semestre de mandato este m\u00eas, n\u00e3o poderia ser alvo de uma investiga\u00e7\u00e3o de poss\u00edveis irregularidades pelas quais n\u00e3o \u00e9 respons\u00e1vel, e sim governos anteriores.<\/strong><\/p>\n\n\n\n<p><strong>O pr\u00f3prio Lucas Pires disse a vitrine online, em conversa informal, que seu&nbsp; objetivo n\u00e3o contemplava fiscalizar os atos do novo governo, pelo mesmo motivo e sim, sobretudo, o governo anterior.<\/strong><\/p>\n\n\n\n<p><strong>TELESPECTADORES PERGUNTARAM<\/strong><\/p>\n\n\n\n<p><strong>Entre dezenas de coment\u00e1rios feitos em torno da entrevista \u00e0 TVUNA, houve manifesto desejo de se conhecer que vereadores votaram contr\u00e1rios \u00e0 instala\u00e7\u00e3o da mais branda CEV em rela\u00e7\u00e3o \u00e0 CPI.<\/strong><\/p>\n\n\n\n<p><strong>\u201cN\u00e3o entendi por que, mesmo contando com apoio expl\u00edcito do atual prefeito e de outras autoridades do Executivo, alguns vereadores n\u00e3o votaram no projeto\u201d, disse Pires.<\/strong><\/p>\n\n\n\n<p><strong>COMO FOI A VOTA\u00c7\u00c3O<\/strong><\/p>\n\n\n\n<p><strong>Votaram favoravelmente ao projeto os vereadores Lucas Pires, Carlinhos Marques, Rodrigo Lima, Charles Guimar\u00e3es, Rodrigo Moraes, Tiago Godinho e Dito Santos.<\/strong><\/p>\n\n\n\n<p><strong>Votaram contra: Lucas do Samu, Pururura, Francine Bello, Devanil da Ressaca, Dilt\u00e3o e Abel do Cupim.<\/strong><\/p>\n\n\n\n<p><strong>Deixaram de votar o presidente da Casa, Paulinho Dias, usando a prerrogativa do voto de minerva e Volnei, que n\u00e3o compareceu \u00e0 sess\u00e3o por motivo de luto na fam\u00edlia.<\/strong><\/p>\n","protected":false},"excerpt":{"rendered":"<p>Em entrevista \u00e0 TVUNA veiculada na seguna-feira (9), o vereador Lucas Pires, autor do projeto n\u00ba 6 aprovado na sess\u00e3o<\/p>\n","protected":false},"author":1,"featured_media":33497,"comment_status":"open","ping_status":"open","sticky":false,"template":"","format":"standard","meta":[],"categories":[3],"tags":[],"yoast_head":"<!-- This site is optimized with the Yoast SEO plugin v15.8 - https:\/\/yoast.com\/wordpress\/plugins\/seo\/ -->\n<title>IBI\u00daNA \u2013 SEIS VEREADORES VOTARAM CONTRA FISCALIZA\u00c7\u00c3O NO HOSPITAL - Revista Vitrine Online<\/title>\n<meta name=\"robots\" content=\"index, follow, max-snippet:-1, max-image-preview:large, max-video-preview:-1\" \/>\n<link rel=\"canonical\" href=\"http:\/\/revistavitrineibiuna.com.br\/?p=33496\" \/>\n<meta property=\"og:locale\" content=\"pt_BR\" \/>\n<meta property=\"og:type\" content=\"article\" \/>\n<meta property=\"og:title\" content=\"IBI\u00daNA \u2013 SEIS VEREADORES VOTARAM CONTRA FISCALIZA\u00c7\u00c3O NO HOSPITAL - Revista Vitrine Online\" \/>\n<meta property=\"og:description\" content=\"Em entrevista \u00e0 TVUNA veiculada na seguna-feira (9), o vereador Lucas Pires, autor do projeto n\u00ba 6 aprovado na sess\u00e3o\" \/>\n<meta property=\"og:url\" content=\"http:\/\/revistavitrineibiuna.com.br\/?p=33496\" \/>\n<meta property=\"og:site_name\" content=\"Revista Vitrine Online\" \/>\n<meta property=\"article:published_time\" content=\"2025-06-11T13:38:07+00:00\" \/>\n<meta property=\"article:modified_time\" content=\"2025-06-11T14:53:33+00:00\" \/>\n<meta property=\"og:image\" content=\"https:\/\/revistavitrineibiuna.com.br\/wp-content\/uploads\/2025\/06\/HOSPITAL-CEV-1024x672.png\" \/>\n\t<meta property=\"og:image:width\" content=\"1024\" \/>\n\t<meta property=\"og:image:height\" content=\"672\" \/>\n<meta name=\"twitter:card\" content=\"summary\" \/>\n<meta name=\"twitter:label1\" content=\"Est. reading time\">\n\t<meta name=\"twitter:data1\" content=\"2 minutos\">\n<script type=\"application\/ld+json\" class=\"yoast-schema-graph\">{\"@context\":\"https:\/\/schema.org\",\"@graph\":[{\"@type\":\"WebSite\",\"@id\":\"https:\/\/revistavitrineibiuna.com.br\/#website\",\"url\":\"https:\/\/revistavitrineibiuna.com.br\/\",\"name\":\"Revista Vitrine Ibi\\u00fana\",\"description\":\"A Revista de Ibi\\u00fana e Regi\\u00e3o\",\"publisher\":{\"@id\":\"https:\/\/revistavitrineibiuna.com.br\/#\/schema\/person\/e51ef49d6d88170ea21ceabff3f73deb\"},\"potentialAction\":[{\"@type\":\"SearchAction\",\"target\":\"https:\/\/revistavitrineibiuna.com.br\/?s={search_term_string}\",\"query-input\":\"required name=search_term_string\"}],\"inLanguage\":\"pt-BR\"},{\"@type\":\"ImageObject\",\"@id\":\"http:\/\/revistavitrineibiuna.com.br\/?p=33496#primaryimage\",\"inLanguage\":\"pt-BR\",\"url\":\"https:\/\/revistavitrineibiuna.com.br\/wp-content\/uploads\/2025\/06\/HOSPITAL-CEV.png\",\"width\":1598,\"height\":1049},{\"@type\":\"WebPage\",\"@id\":\"http:\/\/revistavitrineibiuna.com.br\/?p=33496#webpage\",\"url\":\"http:\/\/revistavitrineibiuna.com.br\/?p=33496\",\"name\":\"IBI\\u00daNA \\u2013 SEIS VEREADORES VOTARAM CONTRA FISCALIZA\\u00c7\\u00c3O NO HOSPITAL - Revista Vitrine Online\",\"isPartOf\":{\"@id\":\"https:\/\/revistavitrineibiuna.com.br\/#website\"},\"primaryImageOfPage\":{\"@id\":\"http:\/\/revistavitrineibiuna.com.br\/?p=33496#primaryimage\"},\"datePublished\":\"2025-06-11T13:38:07+00:00\",\"dateModified\":\"2025-06-11T14:53:33+00:00\",\"breadcrumb\":{\"@id\":\"http:\/\/revistavitrineibiuna.com.br\/?p=33496#breadcrumb\"},\"inLanguage\":\"pt-BR\",\"potentialAction\":[{\"@type\":\"ReadAction\",\"target\":[\"http:\/\/revistavitrineibiuna.com.br\/?p=33496\"]}]},{\"@type\":\"BreadcrumbList\",\"@id\":\"http:\/\/revistavitrineibiuna.com.br\/?p=33496#breadcrumb\",\"itemListElement\":[{\"@type\":\"ListItem\",\"position\":1,\"item\":{\"@type\":\"WebPage\",\"@id\":\"https:\/\/revistavitrineibiuna.com.br\/\",\"url\":\"https:\/\/revistavitrineibiuna.com.br\/\",\"name\":\"In\\u00edcio\"}},{\"@type\":\"ListItem\",\"position\":2,\"item\":{\"@type\":\"WebPage\",\"@id\":\"http:\/\/revistavitrineibiuna.com.br\/?p=33496\",\"url\":\"http:\/\/revistavitrineibiuna.com.br\/?p=33496\",\"name\":\"IBI\\u00daNA \\u2013 SEIS VEREADORES VOTARAM CONTRA FISCALIZA\\u00c7\\u00c3O NO HOSPITAL\"}}]},{\"@type\":\"Article\",\"@id\":\"http:\/\/revistavitrineibiuna.com.br\/?p=33496#article\",\"isPartOf\":{\"@id\":\"http:\/\/revistavitrineibiuna.com.br\/?p=33496#webpage\"},\"author\":{\"@id\":\"https:\/\/revistavitrineibiuna.com.br\/#\/schema\/person\/e51ef49d6d88170ea21ceabff3f73deb\"},\"headline\":\"IBI\\u00daNA \\u2013 SEIS VEREADORES VOTARAM CONTRA FISCALIZA\\u00c7\\u00c3O NO HOSPITAL\",\"datePublished\":\"2025-06-11T13:38:07+00:00\",\"dateModified\":\"2025-06-11T14:53:33+00:00\",\"mainEntityOfPage\":{\"@id\":\"http:\/\/revistavitrineibiuna.com.br\/?p=33496#webpage\"},\"commentCount\":0,\"publisher\":{\"@id\":\"https:\/\/revistavitrineibiuna.com.br\/#\/schema\/person\/e51ef49d6d88170ea21ceabff3f73deb\"},\"image\":{\"@id\":\"http:\/\/revistavitrineibiuna.com.br\/?p=33496#primaryimage\"},\"articleSection\":\"Not\\u00edcias\",\"inLanguage\":\"pt-BR\",\"potentialAction\":[{\"@type\":\"CommentAction\",\"name\":\"Comment\",\"target\":[\"http:\/\/revistavitrineibiuna.com.br\/?p=33496#respond\"]}]},{\"@type\":[\"Person\",\"Organization\"],\"@id\":\"https:\/\/revistavitrineibiuna.com.br\/#\/schema\/person\/e51ef49d6d88170ea21ceabff3f73deb\",\"name\":\"Carlos Rossini\",\"image\":{\"@type\":\"ImageObject\",\"@id\":\"https:\/\/revistavitrineibiuna.com.br\/#personlogo\",\"inLanguage\":\"pt-BR\",\"url\":\"https:\/\/secure.gravatar.com\/avatar\/4f2d0f99fac1f85c7d643f21f5c8d900?s=96&d=mm&r=g\",\"caption\":\"Carlos Rossini\"},\"logo\":{\"@id\":\"https:\/\/revistavitrineibiuna.com.br\/#personlogo\"},\"description\":\"Carlos Rossini \\u00e9 jornalista, soci\\u00f3logo, escritor e professor universit\\u00e1rio, tendo sido professor de jornalismo por vinte anos. Trabalhou em ve\\u00edculos de comunica\\u00e7\\u00e3o nas fun\\u00e7\\u00f5es de rep\\u00f3rter, redator, editor, articulista e colaborador, como Folha de S. Paulo, O Estado de S. Paulo, Di\\u00e1rio Popular, entre outros. Ao transferir a revista vitrine, vers\\u00e3o imprensa, de S\\u00e3o Paulo para Ibi\\u00fana h\\u00e1 alguns anos, iniciou uma nova experi\\u00eancia profissional, dedicando-se ao jornalismo regional, depois de cumprir uma trajet\\u00f3ria bem-sucedida na grande imprensa brasileira. Seu primeiro livro A Coragem de Comunicar foi lan\\u00e7ado na Bienal do Livro em S\\u00e3o Paulo no ano 2000, pela editora Madras.\"}]}<\/script>\n<!-- \/ Yoast SEO plugin. -->","_links":{"self":[{"href":"https:\/\/revistavitrineibiuna.com.br\/index.php?rest_route=\/wp\/v2\/posts\/33496"}],"collection":[{"href":"https:\/\/revistavitrineibiuna.com.br\/index.php?rest_route=\/wp\/v2\/posts"}],"about":[{"href":"https:\/\/revistavitrineibiuna.com.br\/index.php?rest_route=\/wp\/v2\/types\/post"}],"author":[{"embeddable":true,"href":"https:\/\/revistavitrineibiuna.com.br\/index.php?rest_route=\/wp\/v2\/users\/1"}],"replies":[{"embeddable":true,"href":"https:\/\/revistavitrineibiuna.com.br\/index.php?rest_route=%2Fwp%2Fv2%2Fcomments&post=33496"}],"version-history":[{"count":3,"href":"https:\/\/revistavitrineibiuna.com.br\/index.php?rest_route=\/wp\/v2\/posts\/33496\/revisions"}],"predecessor-version":[{"id":33501,"href":"https:\/\/revistavitrineibiuna.com.br\/index.php?rest_route=\/wp\/v2\/posts\/33496\/revisions\/33501"}],"wp:featuredmedia":[{"embeddable":true,"href":"https:\/\/revistavitrineibiuna.com.br\/index.php?rest_route=\/wp\/v2\/media\/33497"}],"wp:attachment":[{"href":"https:\/\/revistavitrineibiuna.com.br\/index.php?rest_route=%2Fwp%2Fv2%2Fmedia&parent=33496"}],"wp:term":[{"taxonomy":"category","embeddable":true,"href":"https:\/\/revistavitrineibiuna.com.br\/index.php?rest_route=%2Fwp%2Fv2%2Fcategories&post=33496"},{"taxonomy":"post_tag","embeddable":true,"href":"https:\/\/revistavitrineibiuna.com.br\/index.php?rest_route=%2Fwp%2Fv2%2Ftags&post=33496"}],"curies":[{"name":"wp","href":"https:\/\/api.w.org\/{rel}","templated":true}]}}