{"id":33525,"date":"2025-06-14T13:41:57","date_gmt":"2025-06-14T16:41:57","guid":{"rendered":"http:\/\/revistavitrineibiuna.com.br\/?p=33525"},"modified":"2025-06-15T10:13:16","modified_gmt":"2025-06-15T13:13:16","slug":"ibiuna-sindicato-convoca-servidores-para-manifestacao-no-paco-municipal","status":"publish","type":"post","link":"https:\/\/revistavitrineibiuna.com.br\/?p=33525","title":{"rendered":"IBI\u00daNA &#8211; SINDICATO CONVOCA SERVIDORES PARA MANIFESTA\u00c7\u00c3O NO PA\u00c7O MUNICIPAL"},"content":{"rendered":"\n<p class=\"has-drop-cap\"><strong>Nesta segunda-feira (16), quando completa 166 dias de governo, e pela primeira vez, o prefeito de Ibi\u00fana, advogado M\u00e1rio Pires, dever\u00e1 sentir uma pedra no sapato de sua gest\u00e3o.<\/strong><\/p>\n\n\n\n<p><strong>Na \u00faltima sexta-feira (13), o Sindicato dos Servidores P\u00fablicos de S\u00e3o Roque, Ibi\u00fana e Ara\u00e7ariguama convocou os servidores municipais de Ibi\u00fana para um manifesto no Pa\u00e7o Municipal, pedindo, ao mesmo tempo, participa\u00e7\u00e3o e apoio dos vereadores, a ser realizado \u00e0s 14h desta segunda-feira.<\/strong><\/p>\n\n\n\n<p><strong><em>[Inicialmente convoca\u00e7\u00e3o estava marcada para \u00e0s 11h, o novo hor\u00e1rio figura no edital de convoca\u00e7\u00e3o e a entidade informa que ele&nbsp; foi marcado para atender ao pedido do prefeito para que possa estar presente]<\/em><\/strong><\/p>\n\n\n\n<p><strong>Motivo: a decis\u00e3o sindical foi gerada por um projeto de lei do Executivo que aumentava os abonos da cesta b\u00e1sica e do aux\u00edlio alimenta\u00e7\u00e3o de R$ 200,00 para R$ 400,00 para todos os servidores e o teor de uma nota oficial da Prefeitura, publicada em vitrine online.<\/strong><\/p>\n\n\n\n<p><strong>No entanto, por supostos erros na formata\u00e7\u00e3o jur\u00eddica do projeto, que foi aprovado em regime de urg\u00eancia por todos os vereadores [leia not\u00edcia completa na vitrine online sob o t\u00edtulo \u201cIBI\u00daNA \u2013 ERROS TRAVAM PROJETO QUE DOBRA VALOR DA CESTA B\u00c1SICA DOS SERVIDORES\u201d], o projeto ter\u00e1 que ser revogado.<\/strong><\/p>\n\n\n\n<p><strong>Na verdade, j\u00e1 ficou combinado, em reuni\u00e3o entre vereadores e o prefeito, que o projeto ser\u00e1 substitu\u00eddo por outro que dever\u00e1 ratificar o aumento do abono de R$ 200,00 para R$ 400,00 reais para&nbsp; todas as faixas salariais [atualmente o benef\u00edcio somente \u00e9 pago a certas faixas de ganho).<\/strong><\/p>\n\n\n\n<p><strong>O QUE EST\u00c1 PEGANDO<\/strong><\/p>\n\n\n\n<p><strong>No v\u00eddeo postado na sexta-feira convocando o manifesto, a presidente da entidade sindical, Patr\u00edcia Bueno Lisboa (foto) considerou \u201cuma patacoada\u201d a posi\u00e7\u00e3o da Prefeitura em rela\u00e7\u00e3o a esse assunto, sobretudo quando, em nota oficial, tanto o prefeito quanto o vice-prefeito consideram unificar os dois benef\u00edcios, contidos em leis espec\u00edficas [abono da cesta b\u00e1sica e aux\u00edlio alimenta\u00e7\u00e3o}.<\/strong><\/p>\n\n\n\n<p><strong>\u201cA inten\u00e7\u00e3o [da prefeitura] \u00e9 unificar esses dois benef\u00edcios sem qualquer aumento, sem autoriza\u00e7\u00e3o do servidor, sem autoriza\u00e7\u00e3o do sindicato, sem qualquer benef\u00edcio maior, sob a justificativa de que os dois s\u00e3o a mesma coisa, quando a lei \u00e9 clara\u201d em distingui-los.<\/strong><\/p>\n\n\n\n<p><strong>Um argumento usado justifica aquele objetivo de simplificar as a\u00e7\u00f5es do Departamento de Recursos Humanos da Prefeitura na administra\u00e7\u00e3o dos recursos. No entanto, Lisboa afirma que n\u00e3o h\u00e1 raz\u00e3o para justificar a unifica\u00e7\u00e3o dos benef\u00edcios, uma vez que os funcion\u00e1rios lidam com ambos desde 2003 [no caso da cesta b\u00e1sica] e 2019 (vale alimenta\u00e7\u00e3o].<\/strong><\/p>\n\n\n\n<p><strong>\u201cO QUE ELES T\u00caM PARA FALAR\u201d<\/strong><\/p>\n\n\n\n<p><strong>Ao divulgar a convoca\u00e7\u00e3o dos servidores p\u00fablico de Ibi\u00fana para o manifesto, a presidente do Sindicato, declarou: \u201cJ\u00e1 que o senhor prefeito e o vice- prefeito, &nbsp;em mensagem WhatsApp dizem que n\u00e3o v\u00e3o nos receber, j\u00e1 que n\u00e3o t\u00eam nada para falar com o sindicato, vamos ver o que eles t\u00eam para falar com voc\u00eas, servidores p\u00fablicos.\u201d<\/strong><\/p>\n\n\n\n<p><strong>\u201cEnt\u00e3o n\u00f3s estamos pedindo apoio e a participa\u00e7\u00e3o do servidor p\u00fablico em mais essa batalha que a administra\u00e7\u00e3o p\u00fablica est\u00e1 travando com voc\u00ea servidor p\u00fablico.\u201d<\/strong><\/p>\n\n\n\n<p><strong>\u201cConvido todos os vereadores de Ibi\u00fana, aos quais encaminhamos a notifica\u00e7\u00e3o extrajudicial protocolada na Prefeitura, para participar conosco da manifesta\u00e7\u00e3o para garantir a manuten\u00e7\u00e3o desses benef\u00edcios.\u201d<\/strong><\/p>\n\n\n\n<p><strong>\u201cN\u00f3s precisamos desse apoio para a que o prefeito possa entender o preju\u00edzo que ele est\u00e1 causando a mais 1.500 fam\u00edlias no munic\u00edpio de Ibi\u00fana e tamb\u00e9m ao com\u00e9rcio, que vai sofrer com essa atitude do prefeito\u201d, concluiu Lisboa.<\/strong><\/p>\n","protected":false},"excerpt":{"rendered":"<p>Nesta segunda-feira (16), quando completa 166 dias de governo, e pela primeira vez, o prefeito de Ibi\u00fana, advogado M\u00e1rio Pires,<\/p>\n","protected":false},"author":1,"featured_media":33526,"comment_status":"open","ping_status":"open","sticky":false,"template":"","format":"standard","meta":[],"categories":[3],"tags":[],"yoast_head":"<!-- This site is optimized with the Yoast SEO plugin v15.8 - https:\/\/yoast.com\/wordpress\/plugins\/seo\/ -->\n<title>IBI\u00daNA - SINDICATO CONVOCA SERVIDORES PARA MANIFESTA\u00c7\u00c3O NO PA\u00c7O MUNICIPAL - Revista Vitrine Online<\/title>\n<meta name=\"robots\" content=\"index, follow, max-snippet:-1, max-image-preview:large, max-video-preview:-1\" \/>\n<link rel=\"canonical\" href=\"http:\/\/revistavitrineibiuna.com.br\/?p=33525\" \/>\n<meta property=\"og:locale\" content=\"pt_BR\" \/>\n<meta property=\"og:type\" content=\"article\" \/>\n<meta property=\"og:title\" content=\"IBI\u00daNA - SINDICATO CONVOCA SERVIDORES PARA MANIFESTA\u00c7\u00c3O NO PA\u00c7O MUNICIPAL - Revista Vitrine Online\" \/>\n<meta property=\"og:description\" content=\"Nesta segunda-feira (16), quando completa 166 dias de governo, e pela primeira vez, o prefeito de Ibi\u00fana, advogado M\u00e1rio Pires,\" \/>\n<meta property=\"og:url\" content=\"http:\/\/revistavitrineibiuna.com.br\/?p=33525\" \/>\n<meta property=\"og:site_name\" content=\"Revista Vitrine Online\" \/>\n<meta property=\"article:published_time\" content=\"2025-06-14T16:41:57+00:00\" \/>\n<meta property=\"article:modified_time\" content=\"2025-06-15T13:13:16+00:00\" \/>\n<meta property=\"og:image\" content=\"https:\/\/revistavitrineibiuna.com.br\/wp-content\/uploads\/2025\/06\/patricia-lisboa.png\" \/>\n\t<meta property=\"og:image:width\" content=\"674\" \/>\n\t<meta property=\"og:image:height\" content=\"461\" \/>\n<meta name=\"twitter:card\" content=\"summary\" \/>\n<meta name=\"twitter:label1\" content=\"Est. reading time\">\n\t<meta name=\"twitter:data1\" content=\"3 minutos\">\n<script type=\"application\/ld+json\" class=\"yoast-schema-graph\">{\"@context\":\"https:\/\/schema.org\",\"@graph\":[{\"@type\":\"WebSite\",\"@id\":\"https:\/\/revistavitrineibiuna.com.br\/#website\",\"url\":\"https:\/\/revistavitrineibiuna.com.br\/\",\"name\":\"Revista Vitrine Ibi\\u00fana\",\"description\":\"A Revista de Ibi\\u00fana e Regi\\u00e3o\",\"publisher\":{\"@id\":\"https:\/\/revistavitrineibiuna.com.br\/#\/schema\/person\/e51ef49d6d88170ea21ceabff3f73deb\"},\"potentialAction\":[{\"@type\":\"SearchAction\",\"target\":\"https:\/\/revistavitrineibiuna.com.br\/?s={search_term_string}\",\"query-input\":\"required name=search_term_string\"}],\"inLanguage\":\"pt-BR\"},{\"@type\":\"ImageObject\",\"@id\":\"http:\/\/revistavitrineibiuna.com.br\/?p=33525#primaryimage\",\"inLanguage\":\"pt-BR\",\"url\":\"https:\/\/revistavitrineibiuna.com.br\/wp-content\/uploads\/2025\/06\/patricia-lisboa.png\",\"width\":674,\"height\":461},{\"@type\":\"WebPage\",\"@id\":\"http:\/\/revistavitrineibiuna.com.br\/?p=33525#webpage\",\"url\":\"http:\/\/revistavitrineibiuna.com.br\/?p=33525\",\"name\":\"IBI\\u00daNA - SINDICATO CONVOCA SERVIDORES PARA MANIFESTA\\u00c7\\u00c3O NO PA\\u00c7O MUNICIPAL - Revista Vitrine Online\",\"isPartOf\":{\"@id\":\"https:\/\/revistavitrineibiuna.com.br\/#website\"},\"primaryImageOfPage\":{\"@id\":\"http:\/\/revistavitrineibiuna.com.br\/?p=33525#primaryimage\"},\"datePublished\":\"2025-06-14T16:41:57+00:00\",\"dateModified\":\"2025-06-15T13:13:16+00:00\",\"breadcrumb\":{\"@id\":\"http:\/\/revistavitrineibiuna.com.br\/?p=33525#breadcrumb\"},\"inLanguage\":\"pt-BR\",\"potentialAction\":[{\"@type\":\"ReadAction\",\"target\":[\"http:\/\/revistavitrineibiuna.com.br\/?p=33525\"]}]},{\"@type\":\"BreadcrumbList\",\"@id\":\"http:\/\/revistavitrineibiuna.com.br\/?p=33525#breadcrumb\",\"itemListElement\":[{\"@type\":\"ListItem\",\"position\":1,\"item\":{\"@type\":\"WebPage\",\"@id\":\"https:\/\/revistavitrineibiuna.com.br\/\",\"url\":\"https:\/\/revistavitrineibiuna.com.br\/\",\"name\":\"In\\u00edcio\"}},{\"@type\":\"ListItem\",\"position\":2,\"item\":{\"@type\":\"WebPage\",\"@id\":\"http:\/\/revistavitrineibiuna.com.br\/?p=33525\",\"url\":\"http:\/\/revistavitrineibiuna.com.br\/?p=33525\",\"name\":\"IBI\\u00daNA &#8211; SINDICATO CONVOCA SERVIDORES PARA MANIFESTA\\u00c7\\u00c3O NO PA\\u00c7O MUNICIPAL\"}}]},{\"@type\":\"Article\",\"@id\":\"http:\/\/revistavitrineibiuna.com.br\/?p=33525#article\",\"isPartOf\":{\"@id\":\"http:\/\/revistavitrineibiuna.com.br\/?p=33525#webpage\"},\"author\":{\"@id\":\"https:\/\/revistavitrineibiuna.com.br\/#\/schema\/person\/e51ef49d6d88170ea21ceabff3f73deb\"},\"headline\":\"IBI\\u00daNA &#8211; SINDICATO CONVOCA SERVIDORES PARA MANIFESTA\\u00c7\\u00c3O NO PA\\u00c7O MUNICIPAL\",\"datePublished\":\"2025-06-14T16:41:57+00:00\",\"dateModified\":\"2025-06-15T13:13:16+00:00\",\"mainEntityOfPage\":{\"@id\":\"http:\/\/revistavitrineibiuna.com.br\/?p=33525#webpage\"},\"commentCount\":0,\"publisher\":{\"@id\":\"https:\/\/revistavitrineibiuna.com.br\/#\/schema\/person\/e51ef49d6d88170ea21ceabff3f73deb\"},\"image\":{\"@id\":\"http:\/\/revistavitrineibiuna.com.br\/?p=33525#primaryimage\"},\"articleSection\":\"Not\\u00edcias\",\"inLanguage\":\"pt-BR\",\"potentialAction\":[{\"@type\":\"CommentAction\",\"name\":\"Comment\",\"target\":[\"http:\/\/revistavitrineibiuna.com.br\/?p=33525#respond\"]}]},{\"@type\":[\"Person\",\"Organization\"],\"@id\":\"https:\/\/revistavitrineibiuna.com.br\/#\/schema\/person\/e51ef49d6d88170ea21ceabff3f73deb\",\"name\":\"Carlos Rossini\",\"image\":{\"@type\":\"ImageObject\",\"@id\":\"https:\/\/revistavitrineibiuna.com.br\/#personlogo\",\"inLanguage\":\"pt-BR\",\"url\":\"https:\/\/secure.gravatar.com\/avatar\/4f2d0f99fac1f85c7d643f21f5c8d900?s=96&d=mm&r=g\",\"caption\":\"Carlos Rossini\"},\"logo\":{\"@id\":\"https:\/\/revistavitrineibiuna.com.br\/#personlogo\"},\"description\":\"Carlos Rossini \\u00e9 jornalista, soci\\u00f3logo, escritor e professor universit\\u00e1rio, tendo sido professor de jornalismo por vinte anos. Trabalhou em ve\\u00edculos de comunica\\u00e7\\u00e3o nas fun\\u00e7\\u00f5es de rep\\u00f3rter, redator, editor, articulista e colaborador, como Folha de S. Paulo, O Estado de S. Paulo, Di\\u00e1rio Popular, entre outros. Ao transferir a revista vitrine, vers\\u00e3o imprensa, de S\\u00e3o Paulo para Ibi\\u00fana h\\u00e1 alguns anos, iniciou uma nova experi\\u00eancia profissional, dedicando-se ao jornalismo regional, depois de cumprir uma trajet\\u00f3ria bem-sucedida na grande imprensa brasileira. Seu primeiro livro A Coragem de Comunicar foi lan\\u00e7ado na Bienal do Livro em S\\u00e3o Paulo no ano 2000, pela editora Madras.\"}]}<\/script>\n<!-- \/ Yoast SEO plugin. -->","_links":{"self":[{"href":"https:\/\/revistavitrineibiuna.com.br\/index.php?rest_route=\/wp\/v2\/posts\/33525"}],"collection":[{"href":"https:\/\/revistavitrineibiuna.com.br\/index.php?rest_route=\/wp\/v2\/posts"}],"about":[{"href":"https:\/\/revistavitrineibiuna.com.br\/index.php?rest_route=\/wp\/v2\/types\/post"}],"author":[{"embeddable":true,"href":"https:\/\/revistavitrineibiuna.com.br\/index.php?rest_route=\/wp\/v2\/users\/1"}],"replies":[{"embeddable":true,"href":"https:\/\/revistavitrineibiuna.com.br\/index.php?rest_route=%2Fwp%2Fv2%2Fcomments&post=33525"}],"version-history":[{"count":4,"href":"https:\/\/revistavitrineibiuna.com.br\/index.php?rest_route=\/wp\/v2\/posts\/33525\/revisions"}],"predecessor-version":[{"id":33530,"href":"https:\/\/revistavitrineibiuna.com.br\/index.php?rest_route=\/wp\/v2\/posts\/33525\/revisions\/33530"}],"wp:featuredmedia":[{"embeddable":true,"href":"https:\/\/revistavitrineibiuna.com.br\/index.php?rest_route=\/wp\/v2\/media\/33526"}],"wp:attachment":[{"href":"https:\/\/revistavitrineibiuna.com.br\/index.php?rest_route=%2Fwp%2Fv2%2Fmedia&parent=33525"}],"wp:term":[{"taxonomy":"category","embeddable":true,"href":"https:\/\/revistavitrineibiuna.com.br\/index.php?rest_route=%2Fwp%2Fv2%2Fcategories&post=33525"},{"taxonomy":"post_tag","embeddable":true,"href":"https:\/\/revistavitrineibiuna.com.br\/index.php?rest_route=%2Fwp%2Fv2%2Ftags&post=33525"}],"curies":[{"name":"wp","href":"https:\/\/api.w.org\/{rel}","templated":true}]}}