{"id":33564,"date":"2025-06-20T16:50:57","date_gmt":"2025-06-20T19:50:57","guid":{"rendered":"http:\/\/revistavitrineibiuna.com.br\/?p=33564"},"modified":"2025-06-20T17:39:54","modified_gmt":"2025-06-20T20:39:54","slug":"ibiuna-saude-adere-ao-sistema-de-prontuario-eletronico-do-cidadao-pec","status":"publish","type":"post","link":"https:\/\/revistavitrineibiuna.com.br\/?p=33564","title":{"rendered":"IBI\u00daNA \u2013 SA\u00daDE ADERE AO SISTEMA DE PRONTU\u00c1RIO ELETR\u00d4NICO DO CIDAD\u00c3O &#8211; PEC"},"content":{"rendered":"\n<p class=\"has-drop-cap\"><strong>O contrato com a empresa que mantinha o sistema da gest\u00e3o da sa\u00fade p\u00fablica do Hospital Municipal de Ibi\u00fana \u2013 HMI, centrado no prontu\u00e1rio dos pacientes, terminou esta semana e n\u00e3o foi renovado.<\/strong><\/p>\n\n\n\n<p><strong>Essa medida foi tomada pela Prefeitura de Ibi\u00fana que optou pelo sistema gratuito fornecido pelo Minist\u00e9rio da Sa\u00fade denominado PEC \u2013 Prontu\u00e1rio Eletr\u00f4nico do Cidad\u00e3o, em opera\u00e7\u00e3o em todo o territ\u00f3rio nacional.<\/strong><\/p>\n\n\n\n<p><strong>\u201cCom o PEC, a Prefeitura far\u00e1 uma economia mensal de R$ 100 mil e contar\u00e1 com um servi\u00e7o mais amplo e \u00e1gil\u201d, disse a vitrine online o secret\u00e1rio da Sa\u00fade, Caio Dolfini.<\/strong><\/p>\n\n\n\n<p><strong>A empresa OM30 havia sido contratada pelo Igats \u2013 Instituto de Gest\u00e3o, Administra\u00e7\u00e3o e Treinamento em Sa\u00fade que \u00e9 respons\u00e1vel pela gest\u00e3o do Hospital Municipal de Ibi\u00fana cujo contrato para a presta\u00e7\u00e3o desse servi\u00e7o se encerrar\u00e1 no fim do pr\u00f3ximo m\u00eas.<\/strong><\/p>\n\n\n\n<p><strong>Coincidentemente, em agosto a Secretaria Municipal da Sa\u00fade dever\u00e1 dar in\u00edcio a um novo plano para o sistema de sa\u00fade p\u00fablico municipal, um documento com cerca de cinquenta p\u00e1ginas que contemplar\u00e1 medidas que abranger\u00e3o o Hospital Municipal, o Centro de Especialidades M\u00e9dicas, as Unidades B\u00e1sicas de Sa\u00fade, os dois CAPS,&nbsp;&nbsp;&nbsp;&nbsp; o Infantil e o Adulto.<\/strong><\/p>\n\n\n\n<p><strong>Conforme vitrine online apurou, o novo plano dever\u00e1 ser um marco nas mudan\u00e7as do sistema de sa\u00fade municipal, que tem no hospital o epicentro das reclama\u00e7\u00f5es da popula\u00e7\u00e3o, seguida das demais unidades de sa\u00fade do munic\u00edpio.<\/strong><\/p>\n\n\n\n<figure class=\"wp-block-image size-large\"><img loading=\"lazy\" width=\"345\" height=\"300\" src=\"https:\/\/revistavitrineibiuna.com.br\/wp-content\/uploads\/2025\/06\/caio-dolfini.png\" alt=\"\" class=\"wp-image-33567\" srcset=\"https:\/\/revistavitrineibiuna.com.br\/wp-content\/uploads\/2025\/06\/caio-dolfini.png 345w, https:\/\/revistavitrineibiuna.com.br\/wp-content\/uploads\/2025\/06\/caio-dolfini-300x261.png 300w\" sizes=\"(max-width: 345px) 100vw, 345px\" \/><figcaption>Caio Dolfini: novo plano para a sa\u00fade ser\u00e1 conhecido em agosto<\/figcaption><\/figure>\n\n\n\n<p><strong>Na realidade as medidas a serem anunciadas e colocadas em pr\u00e1tica constituir\u00e3o a pedra angular da avalia\u00e7\u00e3o da nova administra\u00e7\u00e3o da cidade, j\u00e1 que a insatisfa\u00e7\u00e3o geral decorrente dos cr\u00f4nicos problemas de sa\u00fade \u00e9 o maior desafio administrativo para as autoridades municipais.<\/strong><\/p>\n\n\n\n<p><strong>Uma coisa \u00e9 dada como certa: a empresa que vencer a licita\u00e7\u00e3o para gerir os servi\u00e7os m\u00e9dico-hospitalares dever\u00e1 ser totalmente respons\u00e1vel pelo cumprimento dos termos contratuais.<\/strong><\/p>\n\n\n\n<p><strong>SITUA\u00c7\u00c3O PROVIS\u00d3RIA<\/strong><\/p>\n\n\n\n<p><strong>Desde ontem (19), com o encerramento do contrato com a empresa OM30, os servi\u00e7os foram interrompidos fazendo com que procedimentos burocr\u00e1ticos tivessem que ser feitos no&nbsp; modo manual, exigindo&nbsp; maior aten\u00e7\u00e3o do corpo funcional.<\/strong><\/p>\n\n\n\n<p><strong>\u201cMas, de modo algum, os pacientes foram ou ser\u00e3o prejudicados, sendo que o novo sistema j\u00e1 come\u00e7ou a funcionar para as vacina\u00e7\u00f5es, consultas e acompanhamento da evolu\u00e7\u00e3o dos casos\u201d, esclareceu o secret\u00e1rio.<\/strong><\/p>\n\n\n\n<p><strong>Dolfini, no entanto, explicou que no caso do Hospital Municipal ele n\u00e3o poder\u00e1 ser inserido no PEC, pelo fato de prestar servi\u00e7os de emerg\u00eancia e urg\u00eancia, quando o sistema do Minist\u00e9rio da Sa\u00fade pressup\u00f5e seu uso apenas para os procedimentos m\u00e9dicos continuados de acompanhamento dos pacientes.<\/strong><\/p>\n\n\n\n<p><strong>Por isso, o HMI dever\u00e1 contar com um sistema de prontu\u00e1rio digital espec\u00edfico a ser contratado com uma empresa. &nbsp;&nbsp;<\/strong><\/p>\n","protected":false},"excerpt":{"rendered":"<p>O contrato com a empresa que mantinha o sistema da gest\u00e3o da sa\u00fade p\u00fablica do Hospital Municipal de Ibi\u00fana \u2013<\/p>\n","protected":false},"author":1,"featured_media":33565,"comment_status":"open","ping_status":"open","sticky":false,"template":"","format":"standard","meta":[],"categories":[3],"tags":[],"yoast_head":"<!-- This site is optimized with the Yoast SEO plugin v15.8 - https:\/\/yoast.com\/wordpress\/plugins\/seo\/ -->\n<title>IBI\u00daNA \u2013 SA\u00daDE ADERE AO SISTEMA DE PRONTU\u00c1RIO ELETR\u00d4NICO DO CIDAD\u00c3O - PEC - Revista Vitrine Online<\/title>\n<meta name=\"robots\" content=\"index, follow, max-snippet:-1, max-image-preview:large, max-video-preview:-1\" \/>\n<link rel=\"canonical\" href=\"http:\/\/revistavitrineibiuna.com.br\/?p=33564\" \/>\n<meta property=\"og:locale\" content=\"pt_BR\" \/>\n<meta property=\"og:type\" content=\"article\" \/>\n<meta property=\"og:title\" content=\"IBI\u00daNA \u2013 SA\u00daDE ADERE AO SISTEMA DE PRONTU\u00c1RIO ELETR\u00d4NICO DO CIDAD\u00c3O - PEC - Revista Vitrine Online\" \/>\n<meta property=\"og:description\" content=\"O contrato com a empresa que mantinha o sistema da gest\u00e3o da sa\u00fade p\u00fablica do Hospital Municipal de Ibi\u00fana \u2013\" \/>\n<meta property=\"og:url\" content=\"http:\/\/revistavitrineibiuna.com.br\/?p=33564\" \/>\n<meta property=\"og:site_name\" content=\"Revista Vitrine Online\" \/>\n<meta property=\"article:published_time\" content=\"2025-06-20T19:50:57+00:00\" \/>\n<meta property=\"article:modified_time\" content=\"2025-06-20T20:39:54+00:00\" \/>\n<meta property=\"og:image\" content=\"https:\/\/revistavitrineibiuna.com.br\/wp-content\/uploads\/2025\/06\/HOSPITAL-CEV-1-1024x672.png\" \/>\n\t<meta property=\"og:image:width\" content=\"1024\" \/>\n\t<meta property=\"og:image:height\" content=\"672\" \/>\n<meta name=\"twitter:card\" content=\"summary\" \/>\n<meta name=\"twitter:label1\" content=\"Est. reading time\">\n\t<meta name=\"twitter:data1\" content=\"3 minutos\">\n<script type=\"application\/ld+json\" class=\"yoast-schema-graph\">{\"@context\":\"https:\/\/schema.org\",\"@graph\":[{\"@type\":\"WebSite\",\"@id\":\"https:\/\/revistavitrineibiuna.com.br\/#website\",\"url\":\"https:\/\/revistavitrineibiuna.com.br\/\",\"name\":\"Revista Vitrine Ibi\\u00fana\",\"description\":\"A Revista de Ibi\\u00fana e Regi\\u00e3o\",\"publisher\":{\"@id\":\"https:\/\/revistavitrineibiuna.com.br\/#\/schema\/person\/e51ef49d6d88170ea21ceabff3f73deb\"},\"potentialAction\":[{\"@type\":\"SearchAction\",\"target\":\"https:\/\/revistavitrineibiuna.com.br\/?s={search_term_string}\",\"query-input\":\"required name=search_term_string\"}],\"inLanguage\":\"pt-BR\"},{\"@type\":\"ImageObject\",\"@id\":\"http:\/\/revistavitrineibiuna.com.br\/?p=33564#primaryimage\",\"inLanguage\":\"pt-BR\",\"url\":\"https:\/\/revistavitrineibiuna.com.br\/wp-content\/uploads\/2025\/06\/HOSPITAL-CEV-1.png\",\"width\":1598,\"height\":1049},{\"@type\":\"WebPage\",\"@id\":\"http:\/\/revistavitrineibiuna.com.br\/?p=33564#webpage\",\"url\":\"http:\/\/revistavitrineibiuna.com.br\/?p=33564\",\"name\":\"IBI\\u00daNA \\u2013 SA\\u00daDE ADERE AO SISTEMA DE PRONTU\\u00c1RIO ELETR\\u00d4NICO DO CIDAD\\u00c3O - PEC - Revista Vitrine Online\",\"isPartOf\":{\"@id\":\"https:\/\/revistavitrineibiuna.com.br\/#website\"},\"primaryImageOfPage\":{\"@id\":\"http:\/\/revistavitrineibiuna.com.br\/?p=33564#primaryimage\"},\"datePublished\":\"2025-06-20T19:50:57+00:00\",\"dateModified\":\"2025-06-20T20:39:54+00:00\",\"breadcrumb\":{\"@id\":\"http:\/\/revistavitrineibiuna.com.br\/?p=33564#breadcrumb\"},\"inLanguage\":\"pt-BR\",\"potentialAction\":[{\"@type\":\"ReadAction\",\"target\":[\"http:\/\/revistavitrineibiuna.com.br\/?p=33564\"]}]},{\"@type\":\"BreadcrumbList\",\"@id\":\"http:\/\/revistavitrineibiuna.com.br\/?p=33564#breadcrumb\",\"itemListElement\":[{\"@type\":\"ListItem\",\"position\":1,\"item\":{\"@type\":\"WebPage\",\"@id\":\"https:\/\/revistavitrineibiuna.com.br\/\",\"url\":\"https:\/\/revistavitrineibiuna.com.br\/\",\"name\":\"In\\u00edcio\"}},{\"@type\":\"ListItem\",\"position\":2,\"item\":{\"@type\":\"WebPage\",\"@id\":\"http:\/\/revistavitrineibiuna.com.br\/?p=33564\",\"url\":\"http:\/\/revistavitrineibiuna.com.br\/?p=33564\",\"name\":\"IBI\\u00daNA \\u2013 SA\\u00daDE ADERE AO SISTEMA DE PRONTU\\u00c1RIO ELETR\\u00d4NICO DO CIDAD\\u00c3O &#8211; PEC\"}}]},{\"@type\":\"Article\",\"@id\":\"http:\/\/revistavitrineibiuna.com.br\/?p=33564#article\",\"isPartOf\":{\"@id\":\"http:\/\/revistavitrineibiuna.com.br\/?p=33564#webpage\"},\"author\":{\"@id\":\"https:\/\/revistavitrineibiuna.com.br\/#\/schema\/person\/e51ef49d6d88170ea21ceabff3f73deb\"},\"headline\":\"IBI\\u00daNA \\u2013 SA\\u00daDE ADERE AO SISTEMA DE PRONTU\\u00c1RIO ELETR\\u00d4NICO DO CIDAD\\u00c3O &#8211; PEC\",\"datePublished\":\"2025-06-20T19:50:57+00:00\",\"dateModified\":\"2025-06-20T20:39:54+00:00\",\"mainEntityOfPage\":{\"@id\":\"http:\/\/revistavitrineibiuna.com.br\/?p=33564#webpage\"},\"commentCount\":0,\"publisher\":{\"@id\":\"https:\/\/revistavitrineibiuna.com.br\/#\/schema\/person\/e51ef49d6d88170ea21ceabff3f73deb\"},\"image\":{\"@id\":\"http:\/\/revistavitrineibiuna.com.br\/?p=33564#primaryimage\"},\"articleSection\":\"Not\\u00edcias\",\"inLanguage\":\"pt-BR\",\"potentialAction\":[{\"@type\":\"CommentAction\",\"name\":\"Comment\",\"target\":[\"http:\/\/revistavitrineibiuna.com.br\/?p=33564#respond\"]}]},{\"@type\":[\"Person\",\"Organization\"],\"@id\":\"https:\/\/revistavitrineibiuna.com.br\/#\/schema\/person\/e51ef49d6d88170ea21ceabff3f73deb\",\"name\":\"Carlos Rossini\",\"image\":{\"@type\":\"ImageObject\",\"@id\":\"https:\/\/revistavitrineibiuna.com.br\/#personlogo\",\"inLanguage\":\"pt-BR\",\"url\":\"https:\/\/secure.gravatar.com\/avatar\/4f2d0f99fac1f85c7d643f21f5c8d900?s=96&d=mm&r=g\",\"caption\":\"Carlos Rossini\"},\"logo\":{\"@id\":\"https:\/\/revistavitrineibiuna.com.br\/#personlogo\"},\"description\":\"Carlos Rossini \\u00e9 jornalista, soci\\u00f3logo, escritor e professor universit\\u00e1rio, tendo sido professor de jornalismo por vinte anos. Trabalhou em ve\\u00edculos de comunica\\u00e7\\u00e3o nas fun\\u00e7\\u00f5es de rep\\u00f3rter, redator, editor, articulista e colaborador, como Folha de S. Paulo, O Estado de S. Paulo, Di\\u00e1rio Popular, entre outros. Ao transferir a revista vitrine, vers\\u00e3o imprensa, de S\\u00e3o Paulo para Ibi\\u00fana h\\u00e1 alguns anos, iniciou uma nova experi\\u00eancia profissional, dedicando-se ao jornalismo regional, depois de cumprir uma trajet\\u00f3ria bem-sucedida na grande imprensa brasileira. Seu primeiro livro A Coragem de Comunicar foi lan\\u00e7ado na Bienal do Livro em S\\u00e3o Paulo no ano 2000, pela editora Madras.\"}]}<\/script>\n<!-- \/ Yoast SEO plugin. -->","_links":{"self":[{"href":"https:\/\/revistavitrineibiuna.com.br\/index.php?rest_route=\/wp\/v2\/posts\/33564"}],"collection":[{"href":"https:\/\/revistavitrineibiuna.com.br\/index.php?rest_route=\/wp\/v2\/posts"}],"about":[{"href":"https:\/\/revistavitrineibiuna.com.br\/index.php?rest_route=\/wp\/v2\/types\/post"}],"author":[{"embeddable":true,"href":"https:\/\/revistavitrineibiuna.com.br\/index.php?rest_route=\/wp\/v2\/users\/1"}],"replies":[{"embeddable":true,"href":"https:\/\/revistavitrineibiuna.com.br\/index.php?rest_route=%2Fwp%2Fv2%2Fcomments&post=33564"}],"version-history":[{"count":5,"href":"https:\/\/revistavitrineibiuna.com.br\/index.php?rest_route=\/wp\/v2\/posts\/33564\/revisions"}],"predecessor-version":[{"id":33573,"href":"https:\/\/revistavitrineibiuna.com.br\/index.php?rest_route=\/wp\/v2\/posts\/33564\/revisions\/33573"}],"wp:featuredmedia":[{"embeddable":true,"href":"https:\/\/revistavitrineibiuna.com.br\/index.php?rest_route=\/wp\/v2\/media\/33565"}],"wp:attachment":[{"href":"https:\/\/revistavitrineibiuna.com.br\/index.php?rest_route=%2Fwp%2Fv2%2Fmedia&parent=33564"}],"wp:term":[{"taxonomy":"category","embeddable":true,"href":"https:\/\/revistavitrineibiuna.com.br\/index.php?rest_route=%2Fwp%2Fv2%2Fcategories&post=33564"},{"taxonomy":"post_tag","embeddable":true,"href":"https:\/\/revistavitrineibiuna.com.br\/index.php?rest_route=%2Fwp%2Fv2%2Ftags&post=33564"}],"curies":[{"name":"wp","href":"https:\/\/api.w.org\/{rel}","templated":true}]}}