{"id":33585,"date":"2025-07-02T12:26:48","date_gmt":"2025-07-02T15:26:48","guid":{"rendered":"http:\/\/revistavitrineibiuna.com.br\/?p=33585"},"modified":"2025-07-02T16:17:38","modified_gmt":"2025-07-02T19:17:38","slug":"quem-tem-medo-da-ia","status":"publish","type":"post","link":"https:\/\/revistavitrineibiuna.com.br\/?p=33585","title":{"rendered":"QUEM TEM MEDO DA IA?"},"content":{"rendered":"\n<p class=\"has-drop-cap\"><strong>A filosofia nos ensinou, ou, pelo menos, tentou nos ensinar a pensar ou refletir sobre todos os fen\u00f4menos observ\u00e1veis fora e dentro de n\u00f3s.<\/strong><\/p>\n\n\n\n<p><strong>O c\u00e9rebro humano, com sua incr\u00edvel plasticidade, pot\u00eancia e resili\u00eancia para enfrentar e superar os desafios nos trouxe at\u00e9 agora, com a cria\u00e7\u00e3o do mundo \u2018civilizado\u2019, tal como ele se encontra em fluxo constante.<\/strong><\/p>\n\n\n\n<p><strong>Os mitos e as f\u00e1bulas foram substitu\u00eddos pela raz\u00e3o e seu corol\u00e1rio, a ci\u00eancia. Fora de tudo o que existe na natureza, todo o mais foi obra da mente humana, sobretudo o que chamamos de arte.<\/strong><\/p>\n\n\n\n<p><strong>O resultado do que se convencionou chamar de vontade do homem de dominar a natureza a seu favor \u00e9 o que sabemos dos acontecimentos, muitos deles assustadores, que rep\u00f5e o tema original, talvez motivador da magn\u00edfica obra humana sobre a face da terra: o medo da finitude, entre outros.<\/strong><\/p>\n\n\n\n<p><strong>O g\u00eanio criativo da humanidade n\u00e3o descansa, para o bem ou para o mal. A vida est\u00e1 migrando cada vez mais c\u00e9lere para o universo  extravagante do chip, cada vez mais sofisticado para conter toda a vida nanografada.<\/strong><\/p>\n\n\n\n<p><strong>Duas letrinhas I e A juntas \u2013 ou Intelig\u00eancia Artificial, em sentido extenso \u2013 passaram a simbolizar a talvez mais extraordin\u00e1ria aventura criativa do c\u00e9rebro humano, ou IN \u2013 Intelig\u00eancia Natural.<\/strong><\/p>\n\n\n\n<p><strong>Ao acreditar na ilumina\u00e7\u00e3o das suas pr\u00f3prias mentes e apostar todas as fichas na raz\u00e3o e na ci\u00eancia, deixando para tr\u00e1s a chamada f\u00e9, em suas variadas apresenta\u00e7\u00f5es, o Homem criou um c\u00e9rebro artificial capaz de prod\u00edgios supra-humanos, ou c\u00e9rebro chip, para cuja fabrica\u00e7\u00e3o se tornou capaz de produzir uma luz que n\u00e3o existe na natureza e uma precis\u00e3o absurda tecnologicamente.<\/strong><\/p>\n\n\n\n<p><strong>O advento e a expans\u00e3o da IA \u00e9 irrevers\u00edvel e se espalha com uma velocidade espantosa gerando uma impress\u00e3o de que o homem tencionaria se tornar o pr\u00f3prio deus.<\/strong><\/p>\n\n\n\n<p><strong>Assim, a IA tanto pode ser um instrumento da intelig\u00eancia a favor da humanidade, biof\u00edlica, quanto servir para obras necrof\u00edlicas, tanto para servir para humanizar a vida quanto para sua degrada\u00e7\u00e3o.<\/strong><\/p>\n\n\n\n<p><strong>Pelo andamento da carruagem [mas que frase mais obsoleta!], a IA j\u00e1 faz parte de nossas a\u00e7\u00f5es e comportamentos di\u00e1rios. Qualquer um poder\u00e1 escrever um discurso [se souber manejar a t\u00e9cnica], \u201cse\u201d tornar um poeta, ter sua imagem rejuvenescida e um rosto encantador, criar personagens impec\u00e1veis [deep fake] similar em tudo a um \u2018ser\u201d real, incluindo gestos e voz fidedigna convincentes.<\/strong><\/p>\n\n\n\n<p><strong>Ningu\u00e9m vai segurar a IA, capaz de ressuscitar um ente querido e fazer ele retornar \u00e0 vida familiar e participar at\u00e9 mesmo de reuni\u00f5es e encontros festivos. Afinal, para mente, como se diz, n\u00e3o h\u00e1 diferen\u00e7a entre uma ma\u00e7\u00e3, fruta real, e uma ma\u00e7\u00e3 imaginada.<\/strong><\/p>\n\n\n\n<p><strong>H\u00e1 not\u00edcias dando conta de que milhares de pessoas j\u00e1 fazem terapia consultando a IA. O \u2018paciente\u2019 descreve o seu sentimento, preocupa\u00e7\u00e3o, formula suas d\u00favidas e recebe as respostas, a ponto de se emocionar, como declarou um usu\u00e1rio desse servi\u00e7o.<\/strong><\/p>\n\n\n\n<p><strong>Assim, nota-se um deslocamento da rela\u00e7\u00e3o entre indiv\u00edduos de carne, osso e sentimentos para uma rela\u00e7\u00e3o de uma pessoa com uma m\u00e1quina pensante e programada para dar resposta a tudo que lhe \u00e9 perguntado.<\/strong><\/p>\n\n\n\n<p><strong>Num podcast recente, o m\u00e9dico e neurocientista Miguel Nicolelis, reconhecido no mundo como um destacado cientista brasileiro, disse, colocando em xeque a quest\u00e3o do IA, que o c\u00e9rebro humano natural \u00e9 anal\u00f3gico e que a intelig\u00eancia artificial jamais vai substituir a mente humana.<\/strong><\/p>\n\n\n\n<p><strong>Ele repele a ideia de que n\u00f3s, seres humanos, estamos ficando obsoletos. Essa observa\u00e7\u00e3o nos alerta para n\u00e3o nos deixarmos iludir com essa novidade que \u00e9 a IA, como um super-homem. Na realidade, trata-se de um evidente epis\u00f3dio tecnol\u00f3gico na hist\u00f3ria da humanidade, como aconteceu com a inven\u00e7\u00e3o do tear a vapor, de sistemas mec\u00e2nicos e, mais tarde, de computadores.<\/strong><\/p>\n\n\n\n<p><strong>Segundo Nicolelis, a tecnologia se tornou o centro do universo como forma de poder reverencial, mas o que deve ser considerado essencialmente \u00e9 resolver problemas humanos e n\u00e3o das m\u00e1quinas, criadas para servir a humanidade e n\u00e3o para substituir o homem.<\/strong><\/p>\n\n\n\n<p><strong>Portanto, aplicar a IA em benef\u00edcio da vida humana e do planeta \u00e9 o lado positivo dessa tecnologia. Seu mau uso seria exatamente jogar na lata de lixo uma consider\u00e1vel contribui\u00e7\u00e3o da tecnologia digital. (C.R.)<\/strong><\/p>\n","protected":false},"excerpt":{"rendered":"<p>A filosofia nos ensinou, ou, pelo menos, tentou nos ensinar a pensar ou refletir sobre todos os fen\u00f4menos observ\u00e1veis fora<\/p>\n","protected":false},"author":1,"featured_media":33586,"comment_status":"open","ping_status":"open","sticky":false,"template":"","format":"standard","meta":[],"categories":[3],"tags":[],"yoast_head":"<!-- This site is optimized with the Yoast SEO plugin v15.8 - https:\/\/yoast.com\/wordpress\/plugins\/seo\/ -->\n<title>QUEM TEM MEDO DA IA? - Revista Vitrine Online<\/title>\n<meta name=\"robots\" content=\"index, follow, max-snippet:-1, max-image-preview:large, max-video-preview:-1\" \/>\n<link rel=\"canonical\" href=\"http:\/\/revistavitrineibiuna.com.br\/?p=33585\" \/>\n<meta property=\"og:locale\" content=\"pt_BR\" \/>\n<meta property=\"og:type\" content=\"article\" \/>\n<meta property=\"og:title\" content=\"QUEM TEM MEDO DA IA? - Revista Vitrine Online\" \/>\n<meta property=\"og:description\" content=\"A filosofia nos ensinou, ou, pelo menos, tentou nos ensinar a pensar ou refletir sobre todos os fen\u00f4menos observ\u00e1veis fora\" \/>\n<meta property=\"og:url\" content=\"http:\/\/revistavitrineibiuna.com.br\/?p=33585\" \/>\n<meta property=\"og:site_name\" content=\"Revista Vitrine Online\" \/>\n<meta property=\"article:published_time\" content=\"2025-07-02T15:26:48+00:00\" \/>\n<meta property=\"article:modified_time\" content=\"2025-07-02T19:17:38+00:00\" \/>\n<meta property=\"og:image\" content=\"https:\/\/revistavitrineibiuna.com.br\/wp-content\/uploads\/2025\/07\/ia.png\" \/>\n\t<meta property=\"og:image:width\" content=\"800\" \/>\n\t<meta property=\"og:image:height\" content=\"533\" \/>\n<meta name=\"twitter:card\" content=\"summary\" \/>\n<meta name=\"twitter:label1\" content=\"Est. reading time\">\n\t<meta name=\"twitter:data1\" content=\"4 minutos\">\n<script type=\"application\/ld+json\" class=\"yoast-schema-graph\">{\"@context\":\"https:\/\/schema.org\",\"@graph\":[{\"@type\":\"WebSite\",\"@id\":\"https:\/\/revistavitrineibiuna.com.br\/#website\",\"url\":\"https:\/\/revistavitrineibiuna.com.br\/\",\"name\":\"Revista Vitrine Ibi\\u00fana\",\"description\":\"A Revista de Ibi\\u00fana e Regi\\u00e3o\",\"publisher\":{\"@id\":\"https:\/\/revistavitrineibiuna.com.br\/#\/schema\/person\/e51ef49d6d88170ea21ceabff3f73deb\"},\"potentialAction\":[{\"@type\":\"SearchAction\",\"target\":\"https:\/\/revistavitrineibiuna.com.br\/?s={search_term_string}\",\"query-input\":\"required name=search_term_string\"}],\"inLanguage\":\"pt-BR\"},{\"@type\":\"ImageObject\",\"@id\":\"http:\/\/revistavitrineibiuna.com.br\/?p=33585#primaryimage\",\"inLanguage\":\"pt-BR\",\"url\":\"https:\/\/revistavitrineibiuna.com.br\/wp-content\/uploads\/2025\/07\/ia.png\",\"width\":800,\"height\":533},{\"@type\":\"WebPage\",\"@id\":\"http:\/\/revistavitrineibiuna.com.br\/?p=33585#webpage\",\"url\":\"http:\/\/revistavitrineibiuna.com.br\/?p=33585\",\"name\":\"QUEM TEM MEDO DA IA? - Revista Vitrine Online\",\"isPartOf\":{\"@id\":\"https:\/\/revistavitrineibiuna.com.br\/#website\"},\"primaryImageOfPage\":{\"@id\":\"http:\/\/revistavitrineibiuna.com.br\/?p=33585#primaryimage\"},\"datePublished\":\"2025-07-02T15:26:48+00:00\",\"dateModified\":\"2025-07-02T19:17:38+00:00\",\"breadcrumb\":{\"@id\":\"http:\/\/revistavitrineibiuna.com.br\/?p=33585#breadcrumb\"},\"inLanguage\":\"pt-BR\",\"potentialAction\":[{\"@type\":\"ReadAction\",\"target\":[\"http:\/\/revistavitrineibiuna.com.br\/?p=33585\"]}]},{\"@type\":\"BreadcrumbList\",\"@id\":\"http:\/\/revistavitrineibiuna.com.br\/?p=33585#breadcrumb\",\"itemListElement\":[{\"@type\":\"ListItem\",\"position\":1,\"item\":{\"@type\":\"WebPage\",\"@id\":\"https:\/\/revistavitrineibiuna.com.br\/\",\"url\":\"https:\/\/revistavitrineibiuna.com.br\/\",\"name\":\"In\\u00edcio\"}},{\"@type\":\"ListItem\",\"position\":2,\"item\":{\"@type\":\"WebPage\",\"@id\":\"http:\/\/revistavitrineibiuna.com.br\/?p=33585\",\"url\":\"http:\/\/revistavitrineibiuna.com.br\/?p=33585\",\"name\":\"QUEM TEM MEDO DA IA?\"}}]},{\"@type\":\"Article\",\"@id\":\"http:\/\/revistavitrineibiuna.com.br\/?p=33585#article\",\"isPartOf\":{\"@id\":\"http:\/\/revistavitrineibiuna.com.br\/?p=33585#webpage\"},\"author\":{\"@id\":\"https:\/\/revistavitrineibiuna.com.br\/#\/schema\/person\/e51ef49d6d88170ea21ceabff3f73deb\"},\"headline\":\"QUEM TEM MEDO DA IA?\",\"datePublished\":\"2025-07-02T15:26:48+00:00\",\"dateModified\":\"2025-07-02T19:17:38+00:00\",\"mainEntityOfPage\":{\"@id\":\"http:\/\/revistavitrineibiuna.com.br\/?p=33585#webpage\"},\"commentCount\":0,\"publisher\":{\"@id\":\"https:\/\/revistavitrineibiuna.com.br\/#\/schema\/person\/e51ef49d6d88170ea21ceabff3f73deb\"},\"image\":{\"@id\":\"http:\/\/revistavitrineibiuna.com.br\/?p=33585#primaryimage\"},\"articleSection\":\"Not\\u00edcias\",\"inLanguage\":\"pt-BR\",\"potentialAction\":[{\"@type\":\"CommentAction\",\"name\":\"Comment\",\"target\":[\"http:\/\/revistavitrineibiuna.com.br\/?p=33585#respond\"]}]},{\"@type\":[\"Person\",\"Organization\"],\"@id\":\"https:\/\/revistavitrineibiuna.com.br\/#\/schema\/person\/e51ef49d6d88170ea21ceabff3f73deb\",\"name\":\"Carlos Rossini\",\"image\":{\"@type\":\"ImageObject\",\"@id\":\"https:\/\/revistavitrineibiuna.com.br\/#personlogo\",\"inLanguage\":\"pt-BR\",\"url\":\"https:\/\/secure.gravatar.com\/avatar\/4f2d0f99fac1f85c7d643f21f5c8d900?s=96&d=mm&r=g\",\"caption\":\"Carlos Rossini\"},\"logo\":{\"@id\":\"https:\/\/revistavitrineibiuna.com.br\/#personlogo\"},\"description\":\"Carlos Rossini \\u00e9 jornalista, soci\\u00f3logo, escritor e professor universit\\u00e1rio, tendo sido professor de jornalismo por vinte anos. Trabalhou em ve\\u00edculos de comunica\\u00e7\\u00e3o nas fun\\u00e7\\u00f5es de rep\\u00f3rter, redator, editor, articulista e colaborador, como Folha de S. Paulo, O Estado de S. Paulo, Di\\u00e1rio Popular, entre outros. Ao transferir a revista vitrine, vers\\u00e3o imprensa, de S\\u00e3o Paulo para Ibi\\u00fana h\\u00e1 alguns anos, iniciou uma nova experi\\u00eancia profissional, dedicando-se ao jornalismo regional, depois de cumprir uma trajet\\u00f3ria bem-sucedida na grande imprensa brasileira. Seu primeiro livro A Coragem de Comunicar foi lan\\u00e7ado na Bienal do Livro em S\\u00e3o Paulo no ano 2000, pela editora Madras.\"}]}<\/script>\n<!-- \/ Yoast SEO plugin. -->","_links":{"self":[{"href":"https:\/\/revistavitrineibiuna.com.br\/index.php?rest_route=\/wp\/v2\/posts\/33585"}],"collection":[{"href":"https:\/\/revistavitrineibiuna.com.br\/index.php?rest_route=\/wp\/v2\/posts"}],"about":[{"href":"https:\/\/revistavitrineibiuna.com.br\/index.php?rest_route=\/wp\/v2\/types\/post"}],"author":[{"embeddable":true,"href":"https:\/\/revistavitrineibiuna.com.br\/index.php?rest_route=\/wp\/v2\/users\/1"}],"replies":[{"embeddable":true,"href":"https:\/\/revistavitrineibiuna.com.br\/index.php?rest_route=%2Fwp%2Fv2%2Fcomments&post=33585"}],"version-history":[{"count":10,"href":"https:\/\/revistavitrineibiuna.com.br\/index.php?rest_route=\/wp\/v2\/posts\/33585\/revisions"}],"predecessor-version":[{"id":33599,"href":"https:\/\/revistavitrineibiuna.com.br\/index.php?rest_route=\/wp\/v2\/posts\/33585\/revisions\/33599"}],"wp:featuredmedia":[{"embeddable":true,"href":"https:\/\/revistavitrineibiuna.com.br\/index.php?rest_route=\/wp\/v2\/media\/33586"}],"wp:attachment":[{"href":"https:\/\/revistavitrineibiuna.com.br\/index.php?rest_route=%2Fwp%2Fv2%2Fmedia&parent=33585"}],"wp:term":[{"taxonomy":"category","embeddable":true,"href":"https:\/\/revistavitrineibiuna.com.br\/index.php?rest_route=%2Fwp%2Fv2%2Fcategories&post=33585"},{"taxonomy":"post_tag","embeddable":true,"href":"https:\/\/revistavitrineibiuna.com.br\/index.php?rest_route=%2Fwp%2Fv2%2Ftags&post=33585"}],"curies":[{"name":"wp","href":"https:\/\/api.w.org\/{rel}","templated":true}]}}