{"id":33600,"date":"2025-07-07T09:16:47","date_gmt":"2025-07-07T12:16:47","guid":{"rendered":"http:\/\/revistavitrineibiuna.com.br\/?p=33600"},"modified":"2025-07-07T09:16:48","modified_gmt":"2025-07-07T12:16:48","slug":"ibiuna-estigma-da-politica-um-desafio-para-o-prefeito","status":"publish","type":"post","link":"https:\/\/revistavitrineibiuna.com.br\/?p=33600","title":{"rendered":"IBI\u00daNA \u2013 ESTIGMA DA POL\u00cdTICA, UM DESAFIO PARA O PREFEITO"},"content":{"rendered":"\n<p class=\"has-drop-cap\"><strong>A simp\u00e1tica senhora, minha conhecida, est\u00e1 na fila do caixa do supermercado. Faz tempo que n\u00e3o nos vemos. Trocamos cumprimentos. Ela \u00e9 conhecida. Outras mulheres se aproximam para cumpriment\u00e1-la. Quando se v\u00e3o, ela me pergunta:<\/strong><\/p>\n\n\n\n<p><strong>\u201cE a\u00ed, o que voc\u00ea est\u00e1 achando?\u201d [<em>do novo governo municipal<\/em>]<\/strong><\/p>\n\n\n\n<p><strong>Essa tem sido a pergunta mais frequente que tenho ouvido, nesse in\u00edcio de julho em que o chefe do Poder Executivo completar\u00e1 sete meses no cargo.<\/strong><\/p>\n\n\n\n<p><strong>O motivo principal dessa indaga\u00e7\u00e3o aparentemente est\u00e1 relacionado com a imensa expectativa gerada com a elei\u00e7\u00e3o de M\u00e1rio Pires por um n\u00famero hist\u00f3rico de sufr\u00e1gios no munic\u00edpio de Ibi\u00fana.<\/strong><\/p>\n\n\n\n<p><strong>N\u00e3o \u00e9 objetivo destas linhas fazer um invent\u00e1rio dos problemas not\u00f3rios que persistem gra\u00e7as a uma sequ\u00eancia de governos insatisfat\u00f3rios no cumprimento de suas fun\u00e7\u00f5es p\u00fablicas.<\/strong><\/p>\n\n\n\n<p><strong>A prioridade, presume-se, \u00e9 agir visando a atender \u00e0s necessidades e aos direitos dos cidad\u00e3os.<\/strong><\/p>\n\n\n\n<p><strong>Haja vista, sobretudo, a nefasta heran\u00e7a deixada pelos \u00faltimos dois mandat\u00e1rios de triste mem\u00f3ria, alguns compreendem as dificuldades, mas esperam por a\u00e7\u00f5es que resultem em melhorias dos servi\u00e7os e obras p\u00fablicas.<\/strong><\/p>\n\n\n\n<p><strong>E \u00e9 desse ponto de vista que eu tentaria dar uma resposta veross\u00edmil \u00e0 senhora ibiunense.<\/strong><\/p>\n\n\n\n<p><strong>Um dos maiores desafios do prefeito M\u00e1rio Pires, entendemos, \u00e9 conseguir livrar o seu governo do estigma [opini\u00e3o negativa] da m\u00e1 fama dos que o antecederam no cargo, realizando uma administra\u00e7\u00e3o p\u00fablica de resultado como resposta \u00e0 expectativa dos 21.661 eleitores que o elegeram numa evidente demonstra\u00e7\u00e3o de vontade de mudan\u00e7a.<\/strong><\/p>\n\n\n\n<p><strong>Tamb\u00e9m n\u00e3o \u00e9 nosso prop\u00f3sito aqui carregar na tinta um cen\u00e1rio de cr\u00edticas ou provocar a rede de maledic\u00eancias, muitas delas feitas por autores que se escondem no anonimato, j\u00e1 que t\u00eam seus motivos para faz\u00ea-lo por temerem repres\u00e1lias.<\/strong><\/p>\n\n\n\n<p><strong>Mas, certamente, essas postagens servem apenas para \u201ceternizar\u201d um estado de coisas que a ningu\u00e9m deveria interessar, pois esse fen\u00f4meno tende a prejudicar o munic\u00edpio e os seus cidad\u00e3os. Elas simplesmente realimentam as for\u00e7as de grupos pol\u00edticos advers\u00e1rios que ficam se atacando mutuamente.<\/strong><\/p>\n\n\n\n<p><strong>Se considerarmos como certa a advert\u00eancia b\u00edblica de que \u201co tempo \u00e9 o senhor da raz\u00e3o\u201d, isso significa que a verdade e a justi\u00e7a acabam prevalecendo.<\/strong><\/p>\n\n\n\n<p><strong>Embora possa parecer que as coisas se mostrem confusas ou injustas, com o tempo elas ser\u00e3o esclarecidas e tornadas p\u00fablicas e a verdade vir\u00e1 \u00e0 tona.<\/strong><\/p>\n\n\n\n<p><strong>Mesmo o m\u00e1gico mais habilidoso poder\u00e1 ter um dia seus truques revelados e o segredo oculto descoberto, tornando seu espet\u00e1culo menos atrativo ao p\u00fablico.<\/strong><\/p>\n\n\n\n<p><strong>Entendemos, portanto, que o novo governante estar\u00e1 no caminho certo se seguir em dire\u00e7\u00e3o oposta ao estigma interpretado pela popula\u00e7\u00e3o com a resignada express\u00e3o \u201csempre foi assim, aqui nada muda\u201d.<\/strong><\/p>\n\n\n\n<p><strong>Um fato not\u00f3rio nas redes sociais \u00e9 o dinamismo de Pires, que, talvez por isso, venha a ser qualificado como o mais ativo e irrequieto prefeito na hist\u00f3ria pol\u00edtica ibiunense.<\/strong><\/p>\n\n\n\n<p><strong>Assessores pr\u00f3ximos informam que ele n\u00e3o tem parada na busca de parcerias, solu\u00e7\u00f5es e de recursos junto aos governos estadual e federal, admirados com sua resistente motiva\u00e7\u00e3o.<\/strong><\/p>\n\n\n\n<p><strong>A imagem de sua movimenta\u00e7\u00e3o se reflete por uma quantidade intensa de postagens nas redes sociais, que alguns consideram um tanto ub\u00edquas.<\/strong><\/p>\n\n\n\n<p><strong>E \u00e9 a\u00ed que a quest\u00e3o se mostra em sua maior dimens\u00e3o pol\u00edtica: esses contatos precisam se transformar em resultados concretos e revelados para a popula\u00e7\u00e3o como forma inequ\u00edvoca de sua dedica\u00e7\u00e3o \u00e0 causa p\u00fablica.<\/strong><\/p>\n\n\n\n<p><strong>Realizar um governo percebido pela popula\u00e7\u00e3o como algo acima de qualquer suspei\u00e7\u00e3o, pela clara transpar\u00eancia de seus atos \u00e9 o mais consistente meio para promover aprova\u00e7\u00e3o e apoio, embora essa vis\u00e3o possa ser considerada ing\u00eanua e irreal para os profissionais da pol\u00edtica partid\u00e1ria e seus agregados.<\/strong><\/p>\n\n\n\n<p><strong>Tomara que a sorte e a sabedoria o acompanhem nessa jornada e que as sementes plantadas logo vicejem, porque a popula\u00e7\u00e3o tem um tempo pr\u00f3prio no processo de suas expectativas e nos seus modos de se manifestar geralmente de um jeito sigiloso e discreto, mas relevante na forma\u00e7\u00e3o da opini\u00e3o p\u00fablica. (C.R.)<\/strong><\/p>\n","protected":false},"excerpt":{"rendered":"<p>A simp\u00e1tica senhora, minha conhecida, est\u00e1 na fila do caixa do supermercado. Faz tempo que n\u00e3o nos vemos. Trocamos cumprimentos.<\/p>\n","protected":false},"author":1,"featured_media":33601,"comment_status":"open","ping_status":"open","sticky":false,"template":"","format":"standard","meta":[],"categories":[1],"tags":[],"yoast_head":"<!-- This site is optimized with the Yoast SEO plugin v15.8 - https:\/\/yoast.com\/wordpress\/plugins\/seo\/ -->\n<title>IBI\u00daNA \u2013 ESTIGMA DA POL\u00cdTICA, UM DESAFIO PARA O PREFEITO - Revista Vitrine Online<\/title>\n<meta name=\"robots\" content=\"index, follow, max-snippet:-1, max-image-preview:large, max-video-preview:-1\" \/>\n<link rel=\"canonical\" href=\"http:\/\/revistavitrineibiuna.com.br\/?p=33600\" \/>\n<meta property=\"og:locale\" content=\"pt_BR\" \/>\n<meta property=\"og:type\" content=\"article\" \/>\n<meta property=\"og:title\" content=\"IBI\u00daNA \u2013 ESTIGMA DA POL\u00cdTICA, UM DESAFIO PARA O PREFEITO - Revista Vitrine Online\" \/>\n<meta property=\"og:description\" content=\"A simp\u00e1tica senhora, minha conhecida, est\u00e1 na fila do caixa do supermercado. Faz tempo que n\u00e3o nos vemos. Trocamos cumprimentos.\" \/>\n<meta property=\"og:url\" content=\"http:\/\/revistavitrineibiuna.com.br\/?p=33600\" \/>\n<meta property=\"og:site_name\" content=\"Revista Vitrine Online\" \/>\n<meta property=\"article:published_time\" content=\"2025-07-07T12:16:47+00:00\" \/>\n<meta property=\"article:modified_time\" content=\"2025-07-07T12:16:48+00:00\" \/>\n<meta property=\"og:image\" content=\"https:\/\/revistavitrineibiuna.com.br\/wp-content\/uploads\/2025\/07\/Pires-no-Palacio-dos-Bandeirantes-6.1.2025.png\" \/>\n\t<meta property=\"og:image:width\" content=\"716\" \/>\n\t<meta property=\"og:image:height\" content=\"461\" \/>\n<meta name=\"twitter:card\" content=\"summary\" \/>\n<meta name=\"twitter:label1\" content=\"Est. reading time\">\n\t<meta name=\"twitter:data1\" content=\"3 minutos\">\n<script type=\"application\/ld+json\" class=\"yoast-schema-graph\">{\"@context\":\"https:\/\/schema.org\",\"@graph\":[{\"@type\":\"WebSite\",\"@id\":\"https:\/\/revistavitrineibiuna.com.br\/#website\",\"url\":\"https:\/\/revistavitrineibiuna.com.br\/\",\"name\":\"Revista Vitrine Ibi\\u00fana\",\"description\":\"A Revista de Ibi\\u00fana e Regi\\u00e3o\",\"publisher\":{\"@id\":\"https:\/\/revistavitrineibiuna.com.br\/#\/schema\/person\/e51ef49d6d88170ea21ceabff3f73deb\"},\"potentialAction\":[{\"@type\":\"SearchAction\",\"target\":\"https:\/\/revistavitrineibiuna.com.br\/?s={search_term_string}\",\"query-input\":\"required name=search_term_string\"}],\"inLanguage\":\"pt-BR\"},{\"@type\":\"ImageObject\",\"@id\":\"http:\/\/revistavitrineibiuna.com.br\/?p=33600#primaryimage\",\"inLanguage\":\"pt-BR\",\"url\":\"https:\/\/revistavitrineibiuna.com.br\/wp-content\/uploads\/2025\/07\/Pires-no-Palacio-dos-Bandeirantes-6.1.2025.png\",\"width\":716,\"height\":461},{\"@type\":\"WebPage\",\"@id\":\"http:\/\/revistavitrineibiuna.com.br\/?p=33600#webpage\",\"url\":\"http:\/\/revistavitrineibiuna.com.br\/?p=33600\",\"name\":\"IBI\\u00daNA \\u2013 ESTIGMA DA POL\\u00cdTICA, UM DESAFIO PARA O PREFEITO - Revista Vitrine Online\",\"isPartOf\":{\"@id\":\"https:\/\/revistavitrineibiuna.com.br\/#website\"},\"primaryImageOfPage\":{\"@id\":\"http:\/\/revistavitrineibiuna.com.br\/?p=33600#primaryimage\"},\"datePublished\":\"2025-07-07T12:16:47+00:00\",\"dateModified\":\"2025-07-07T12:16:48+00:00\",\"breadcrumb\":{\"@id\":\"http:\/\/revistavitrineibiuna.com.br\/?p=33600#breadcrumb\"},\"inLanguage\":\"pt-BR\",\"potentialAction\":[{\"@type\":\"ReadAction\",\"target\":[\"http:\/\/revistavitrineibiuna.com.br\/?p=33600\"]}]},{\"@type\":\"BreadcrumbList\",\"@id\":\"http:\/\/revistavitrineibiuna.com.br\/?p=33600#breadcrumb\",\"itemListElement\":[{\"@type\":\"ListItem\",\"position\":1,\"item\":{\"@type\":\"WebPage\",\"@id\":\"https:\/\/revistavitrineibiuna.com.br\/\",\"url\":\"https:\/\/revistavitrineibiuna.com.br\/\",\"name\":\"In\\u00edcio\"}},{\"@type\":\"ListItem\",\"position\":2,\"item\":{\"@type\":\"WebPage\",\"@id\":\"http:\/\/revistavitrineibiuna.com.br\/?p=33600\",\"url\":\"http:\/\/revistavitrineibiuna.com.br\/?p=33600\",\"name\":\"IBI\\u00daNA \\u2013 ESTIGMA DA POL\\u00cdTICA, UM DESAFIO PARA O PREFEITO\"}}]},{\"@type\":\"Article\",\"@id\":\"http:\/\/revistavitrineibiuna.com.br\/?p=33600#article\",\"isPartOf\":{\"@id\":\"http:\/\/revistavitrineibiuna.com.br\/?p=33600#webpage\"},\"author\":{\"@id\":\"https:\/\/revistavitrineibiuna.com.br\/#\/schema\/person\/e51ef49d6d88170ea21ceabff3f73deb\"},\"headline\":\"IBI\\u00daNA \\u2013 ESTIGMA DA POL\\u00cdTICA, UM DESAFIO PARA O PREFEITO\",\"datePublished\":\"2025-07-07T12:16:47+00:00\",\"dateModified\":\"2025-07-07T12:16:48+00:00\",\"mainEntityOfPage\":{\"@id\":\"http:\/\/revistavitrineibiuna.com.br\/?p=33600#webpage\"},\"commentCount\":0,\"publisher\":{\"@id\":\"https:\/\/revistavitrineibiuna.com.br\/#\/schema\/person\/e51ef49d6d88170ea21ceabff3f73deb\"},\"image\":{\"@id\":\"http:\/\/revistavitrineibiuna.com.br\/?p=33600#primaryimage\"},\"articleSection\":\"Uncategorized\",\"inLanguage\":\"pt-BR\",\"potentialAction\":[{\"@type\":\"CommentAction\",\"name\":\"Comment\",\"target\":[\"http:\/\/revistavitrineibiuna.com.br\/?p=33600#respond\"]}]},{\"@type\":[\"Person\",\"Organization\"],\"@id\":\"https:\/\/revistavitrineibiuna.com.br\/#\/schema\/person\/e51ef49d6d88170ea21ceabff3f73deb\",\"name\":\"Carlos Rossini\",\"image\":{\"@type\":\"ImageObject\",\"@id\":\"https:\/\/revistavitrineibiuna.com.br\/#personlogo\",\"inLanguage\":\"pt-BR\",\"url\":\"https:\/\/secure.gravatar.com\/avatar\/4f2d0f99fac1f85c7d643f21f5c8d900?s=96&d=mm&r=g\",\"caption\":\"Carlos Rossini\"},\"logo\":{\"@id\":\"https:\/\/revistavitrineibiuna.com.br\/#personlogo\"},\"description\":\"Carlos Rossini \\u00e9 jornalista, soci\\u00f3logo, escritor e professor universit\\u00e1rio, tendo sido professor de jornalismo por vinte anos. Trabalhou em ve\\u00edculos de comunica\\u00e7\\u00e3o nas fun\\u00e7\\u00f5es de rep\\u00f3rter, redator, editor, articulista e colaborador, como Folha de S. Paulo, O Estado de S. Paulo, Di\\u00e1rio Popular, entre outros. Ao transferir a revista vitrine, vers\\u00e3o imprensa, de S\\u00e3o Paulo para Ibi\\u00fana h\\u00e1 alguns anos, iniciou uma nova experi\\u00eancia profissional, dedicando-se ao jornalismo regional, depois de cumprir uma trajet\\u00f3ria bem-sucedida na grande imprensa brasileira. Seu primeiro livro A Coragem de Comunicar foi lan\\u00e7ado na Bienal do Livro em S\\u00e3o Paulo no ano 2000, pela editora Madras.\"}]}<\/script>\n<!-- \/ Yoast SEO plugin. -->","_links":{"self":[{"href":"https:\/\/revistavitrineibiuna.com.br\/index.php?rest_route=\/wp\/v2\/posts\/33600"}],"collection":[{"href":"https:\/\/revistavitrineibiuna.com.br\/index.php?rest_route=\/wp\/v2\/posts"}],"about":[{"href":"https:\/\/revistavitrineibiuna.com.br\/index.php?rest_route=\/wp\/v2\/types\/post"}],"author":[{"embeddable":true,"href":"https:\/\/revistavitrineibiuna.com.br\/index.php?rest_route=\/wp\/v2\/users\/1"}],"replies":[{"embeddable":true,"href":"https:\/\/revistavitrineibiuna.com.br\/index.php?rest_route=%2Fwp%2Fv2%2Fcomments&post=33600"}],"version-history":[{"count":1,"href":"https:\/\/revistavitrineibiuna.com.br\/index.php?rest_route=\/wp\/v2\/posts\/33600\/revisions"}],"predecessor-version":[{"id":33602,"href":"https:\/\/revistavitrineibiuna.com.br\/index.php?rest_route=\/wp\/v2\/posts\/33600\/revisions\/33602"}],"wp:featuredmedia":[{"embeddable":true,"href":"https:\/\/revistavitrineibiuna.com.br\/index.php?rest_route=\/wp\/v2\/media\/33601"}],"wp:attachment":[{"href":"https:\/\/revistavitrineibiuna.com.br\/index.php?rest_route=%2Fwp%2Fv2%2Fmedia&parent=33600"}],"wp:term":[{"taxonomy":"category","embeddable":true,"href":"https:\/\/revistavitrineibiuna.com.br\/index.php?rest_route=%2Fwp%2Fv2%2Fcategories&post=33600"},{"taxonomy":"post_tag","embeddable":true,"href":"https:\/\/revistavitrineibiuna.com.br\/index.php?rest_route=%2Fwp%2Fv2%2Ftags&post=33600"}],"curies":[{"name":"wp","href":"https:\/\/api.w.org\/{rel}","templated":true}]}}