{"id":33608,"date":"2025-07-10T10:19:01","date_gmt":"2025-07-10T13:19:01","guid":{"rendered":"http:\/\/revistavitrineibiuna.com.br\/?p=33608"},"modified":"2025-07-10T10:19:02","modified_gmt":"2025-07-10T13:19:02","slug":"a-missao-do-jornalista-na-sociedade","status":"publish","type":"post","link":"https:\/\/revistavitrineibiuna.com.br\/?p=33608","title":{"rendered":"A MISS\u00c3O DO JORNALISTA NA SOCIEDADE"},"content":{"rendered":"\n<p class=\"has-drop-cap\"><strong>\u201cSaber o que \u00e9 correto e n\u00e3o o fazer \u00e9 falta de coragem\u201d, disse Conf\u00facio, o grande s\u00e1bio chin\u00eas, de um modo filos\u00f3fico inspirador para orientar a conduta humana.<\/strong><\/p>\n\n\n\n<p><strong>Se a gente convidar as palavras<em> \u00e9tica<\/em> e <em>moral<\/em> para esta nossa conversa, ent\u00e3o poderemos \u2013 por que n\u00e3o? \u2013 lembrar a miss\u00e3o do jornalista na sociedade.<\/strong><\/p>\n\n\n\n<p><strong>Jornalista que n\u00e3o faz o que \u00e9 correto talvez esteja equivocado em suas fun\u00e7\u00f5es e n\u00e3o cumprindo o papel que lhe cabe na comunidade humana.<\/strong><\/p>\n\n\n\n<p><strong>Sinto-me um oper\u00e1rio das palavras. Melhor, talvez, seria dizer aprendiz de escritor de not\u00edcias a servi\u00e7o da esp\u00e9cie humana, n\u00e3o importa se em uma grande cidade como S\u00e3o Paulo, Nova Iorque ou T\u00f3quio, mas igualmente numa pequena cidade do interior com suas peculiaridades e maneirismos culturais.<\/strong><\/p>\n\n\n\n<p><strong>A verdade contida nos acontecimentos, ainda que com os limites relativos dos nossos sentidos, principalmente vis\u00e3o e audi\u00e7\u00e3o, deve ser o leitmotiv desse profissional, o motor de suas a\u00e7\u00f5es no seu dia a dia.<\/strong><\/p>\n\n\n\n<p><strong>A constru\u00e7\u00e3o da not\u00edcia depende da capacidade cognitiva em rela\u00e7\u00e3o aos fatos que precisam ser reconstitu\u00eddos simbolicamente a partir de eventos em geral imprevis\u00edveis e aparentemente desconexos. \u00c9 como montar um jogo de quebra-cabe\u00e7a, para que a forma final apresentada fa\u00e7a sentido para as pessoas.<\/strong><\/p>\n\n\n\n<p><strong>A realidade muitas vezes n\u00e3o \u00e9 percebida em toda a sua extens\u00e3o porque h\u00e1 uma vasta diversidade de fatos, apar\u00eancias, a\u00e7\u00f5es e comportamentos.<\/strong><\/p>\n\n\n\n<p><strong>Por exemplo, a burocracia presente nas institui\u00e7\u00f5es p\u00fablicas \u00e9 uma forma de autoprote\u00e7\u00e3o para que suas fragilidades e temores permane\u00e7am encobertos do olhar p\u00fablico. Por outras palavras, h\u00e1 informa\u00e7\u00f5es que s\u00e3o mantidas e ocultas da popula\u00e7\u00e3o.<\/strong><\/p>\n\n\n\n<p><strong>Li e compartilho com voc\u00ea, leitor\/a, a seguinte quest\u00e3o: \u201cSabe por que os pol\u00edticos n\u00e3o resolvem a maioria dos problemas que nos afetam? Porque se eles resolverem ficar\u00e3o sem ter o que fazer.\u201d<\/strong><\/p>\n\n\n\n<p><strong>Ent\u00e3o, o que eles fazem \u00e9 criar divers\u00f5es para ocupar a mente das pessoas a fim de que elas se distraiam dos problemas reais. Quer um exemplo cl\u00e1ssico desse procedimento despudorado?<\/strong><\/p>\n\n\n\n<p><strong>Em 2020, durante uma reuni\u00e3o ministerial, o ent\u00e3o ministro do Meio Ambiente Ricardo Salles usou a frase &#8220;passar a boiada&#8221;, que ecoou pelo pa\u00eds.<\/strong><\/p>\n\n\n\n<p><strong>Sua sugest\u00e3o visava a aproveitar o momento de foco da m\u00eddia e da opini\u00e3o p\u00fablica na pandemia de COVID-19 para aprovar medidas que enfraquecessem a legisla\u00e7\u00e3o ambiental brasileira.<\/strong><\/p>\n\n\n\n<p><strong>Esse tipo de comportamento, com uma infinidade de variantes, conforme conv\u00e9m a cada situa\u00e7\u00e3o, \u00e9 praticado habitualmente no meio pol\u00edtico para a conserva\u00e7\u00e3o do poder ao longo do tempo. \u00c9 empregado como instrumento de manipula\u00e7\u00e3o da f\u00e9 p\u00fablica.<\/strong><\/p>\n\n\n\n<p><strong>Portanto, ainda que as autoridades ajam de modo a encobrir seus interesses e n\u00e3o atendam \u00e0s demandas da imprensa, ou respondam fazendo recortes da realidade num jogo de esconde-esconde, a miss\u00e3o do jornalista, longe do patamar da bisbilhotice, \u00e9 persistir na busca da informa\u00e7\u00e3o correta.<\/strong><\/p>\n\n\n\n<p><strong>Seu empregador, j\u00e1 que vivemos no complexo universo do sistema capitalista, \u00e9 aquele que paga todas as contas com os impostos e seu trabalho di\u00e1rio: o leitor, o telespectador e o ouvinte.<\/strong><\/p>\n\n\n\n<p><strong>Certamente h\u00e1 autoridades conscientes e que atuam em seus cargos com responsabilidade e a transpar\u00eancia necess\u00e1ria, e poss\u00edvel, mesmo por que, como lembra o c\u00e9lebre ditado popular: a mentira tem pernas curtas. <em>(Carlos Rossini, diretor da TVUNA e editor de vitrine online, foi professor de jornalismo mais de 20 anos)<\/em><\/strong><\/p>\n","protected":false},"excerpt":{"rendered":"<p>\u201cSaber o que \u00e9 correto e n\u00e3o o fazer \u00e9 falta de coragem\u201d, disse Conf\u00facio, o grande s\u00e1bio chin\u00eas, de<\/p>\n","protected":false},"author":1,"featured_media":33609,"comment_status":"open","ping_status":"open","sticky":false,"template":"","format":"standard","meta":[],"categories":[3],"tags":[],"yoast_head":"<!-- This site is optimized with the Yoast SEO plugin v15.8 - https:\/\/yoast.com\/wordpress\/plugins\/seo\/ -->\n<title>A MISS\u00c3O DO JORNALISTA NA SOCIEDADE - Revista Vitrine Online<\/title>\n<meta name=\"robots\" content=\"index, follow, max-snippet:-1, max-image-preview:large, max-video-preview:-1\" \/>\n<link rel=\"canonical\" href=\"http:\/\/revistavitrineibiuna.com.br\/?p=33608\" \/>\n<meta property=\"og:locale\" content=\"pt_BR\" \/>\n<meta property=\"og:type\" content=\"article\" \/>\n<meta property=\"og:title\" content=\"A MISS\u00c3O DO JORNALISTA NA SOCIEDADE - Revista Vitrine Online\" \/>\n<meta property=\"og:description\" content=\"\u201cSaber o que \u00e9 correto e n\u00e3o o fazer \u00e9 falta de coragem\u201d, disse Conf\u00facio, o grande s\u00e1bio chin\u00eas, de\" \/>\n<meta property=\"og:url\" content=\"http:\/\/revistavitrineibiuna.com.br\/?p=33608\" \/>\n<meta property=\"og:site_name\" content=\"Revista Vitrine Online\" \/>\n<meta property=\"article:published_time\" content=\"2025-07-10T13:19:01+00:00\" \/>\n<meta property=\"article:modified_time\" content=\"2025-07-10T13:19:02+00:00\" \/>\n<meta property=\"og:image\" content=\"https:\/\/revistavitrineibiuna.com.br\/wp-content\/uploads\/2025\/07\/compromisso-com-a-verdade.png\" \/>\n\t<meta property=\"og:image:width\" content=\"711\" \/>\n\t<meta property=\"og:image:height\" content=\"405\" \/>\n<meta name=\"twitter:card\" content=\"summary\" \/>\n<meta name=\"twitter:label1\" content=\"Est. reading time\">\n\t<meta name=\"twitter:data1\" content=\"3 minutos\">\n<script type=\"application\/ld+json\" class=\"yoast-schema-graph\">{\"@context\":\"https:\/\/schema.org\",\"@graph\":[{\"@type\":\"WebSite\",\"@id\":\"https:\/\/revistavitrineibiuna.com.br\/#website\",\"url\":\"https:\/\/revistavitrineibiuna.com.br\/\",\"name\":\"Revista Vitrine Ibi\\u00fana\",\"description\":\"A Revista de Ibi\\u00fana e Regi\\u00e3o\",\"publisher\":{\"@id\":\"https:\/\/revistavitrineibiuna.com.br\/#\/schema\/person\/e51ef49d6d88170ea21ceabff3f73deb\"},\"potentialAction\":[{\"@type\":\"SearchAction\",\"target\":\"https:\/\/revistavitrineibiuna.com.br\/?s={search_term_string}\",\"query-input\":\"required name=search_term_string\"}],\"inLanguage\":\"pt-BR\"},{\"@type\":\"ImageObject\",\"@id\":\"http:\/\/revistavitrineibiuna.com.br\/?p=33608#primaryimage\",\"inLanguage\":\"pt-BR\",\"url\":\"https:\/\/revistavitrineibiuna.com.br\/wp-content\/uploads\/2025\/07\/compromisso-com-a-verdade.png\",\"width\":711,\"height\":405},{\"@type\":\"WebPage\",\"@id\":\"http:\/\/revistavitrineibiuna.com.br\/?p=33608#webpage\",\"url\":\"http:\/\/revistavitrineibiuna.com.br\/?p=33608\",\"name\":\"A MISS\\u00c3O DO JORNALISTA NA SOCIEDADE - Revista Vitrine Online\",\"isPartOf\":{\"@id\":\"https:\/\/revistavitrineibiuna.com.br\/#website\"},\"primaryImageOfPage\":{\"@id\":\"http:\/\/revistavitrineibiuna.com.br\/?p=33608#primaryimage\"},\"datePublished\":\"2025-07-10T13:19:01+00:00\",\"dateModified\":\"2025-07-10T13:19:02+00:00\",\"breadcrumb\":{\"@id\":\"http:\/\/revistavitrineibiuna.com.br\/?p=33608#breadcrumb\"},\"inLanguage\":\"pt-BR\",\"potentialAction\":[{\"@type\":\"ReadAction\",\"target\":[\"http:\/\/revistavitrineibiuna.com.br\/?p=33608\"]}]},{\"@type\":\"BreadcrumbList\",\"@id\":\"http:\/\/revistavitrineibiuna.com.br\/?p=33608#breadcrumb\",\"itemListElement\":[{\"@type\":\"ListItem\",\"position\":1,\"item\":{\"@type\":\"WebPage\",\"@id\":\"https:\/\/revistavitrineibiuna.com.br\/\",\"url\":\"https:\/\/revistavitrineibiuna.com.br\/\",\"name\":\"In\\u00edcio\"}},{\"@type\":\"ListItem\",\"position\":2,\"item\":{\"@type\":\"WebPage\",\"@id\":\"http:\/\/revistavitrineibiuna.com.br\/?p=33608\",\"url\":\"http:\/\/revistavitrineibiuna.com.br\/?p=33608\",\"name\":\"A MISS\\u00c3O DO JORNALISTA NA SOCIEDADE\"}}]},{\"@type\":\"Article\",\"@id\":\"http:\/\/revistavitrineibiuna.com.br\/?p=33608#article\",\"isPartOf\":{\"@id\":\"http:\/\/revistavitrineibiuna.com.br\/?p=33608#webpage\"},\"author\":{\"@id\":\"https:\/\/revistavitrineibiuna.com.br\/#\/schema\/person\/e51ef49d6d88170ea21ceabff3f73deb\"},\"headline\":\"A MISS\\u00c3O DO JORNALISTA NA SOCIEDADE\",\"datePublished\":\"2025-07-10T13:19:01+00:00\",\"dateModified\":\"2025-07-10T13:19:02+00:00\",\"mainEntityOfPage\":{\"@id\":\"http:\/\/revistavitrineibiuna.com.br\/?p=33608#webpage\"},\"commentCount\":0,\"publisher\":{\"@id\":\"https:\/\/revistavitrineibiuna.com.br\/#\/schema\/person\/e51ef49d6d88170ea21ceabff3f73deb\"},\"image\":{\"@id\":\"http:\/\/revistavitrineibiuna.com.br\/?p=33608#primaryimage\"},\"articleSection\":\"Not\\u00edcias\",\"inLanguage\":\"pt-BR\",\"potentialAction\":[{\"@type\":\"CommentAction\",\"name\":\"Comment\",\"target\":[\"http:\/\/revistavitrineibiuna.com.br\/?p=33608#respond\"]}]},{\"@type\":[\"Person\",\"Organization\"],\"@id\":\"https:\/\/revistavitrineibiuna.com.br\/#\/schema\/person\/e51ef49d6d88170ea21ceabff3f73deb\",\"name\":\"Carlos Rossini\",\"image\":{\"@type\":\"ImageObject\",\"@id\":\"https:\/\/revistavitrineibiuna.com.br\/#personlogo\",\"inLanguage\":\"pt-BR\",\"url\":\"https:\/\/secure.gravatar.com\/avatar\/4f2d0f99fac1f85c7d643f21f5c8d900?s=96&d=mm&r=g\",\"caption\":\"Carlos Rossini\"},\"logo\":{\"@id\":\"https:\/\/revistavitrineibiuna.com.br\/#personlogo\"},\"description\":\"Carlos Rossini \\u00e9 jornalista, soci\\u00f3logo, escritor e professor universit\\u00e1rio, tendo sido professor de jornalismo por vinte anos. Trabalhou em ve\\u00edculos de comunica\\u00e7\\u00e3o nas fun\\u00e7\\u00f5es de rep\\u00f3rter, redator, editor, articulista e colaborador, como Folha de S. Paulo, O Estado de S. Paulo, Di\\u00e1rio Popular, entre outros. Ao transferir a revista vitrine, vers\\u00e3o imprensa, de S\\u00e3o Paulo para Ibi\\u00fana h\\u00e1 alguns anos, iniciou uma nova experi\\u00eancia profissional, dedicando-se ao jornalismo regional, depois de cumprir uma trajet\\u00f3ria bem-sucedida na grande imprensa brasileira. Seu primeiro livro A Coragem de Comunicar foi lan\\u00e7ado na Bienal do Livro em S\\u00e3o Paulo no ano 2000, pela editora Madras.\"}]}<\/script>\n<!-- \/ Yoast SEO plugin. -->","_links":{"self":[{"href":"https:\/\/revistavitrineibiuna.com.br\/index.php?rest_route=\/wp\/v2\/posts\/33608"}],"collection":[{"href":"https:\/\/revistavitrineibiuna.com.br\/index.php?rest_route=\/wp\/v2\/posts"}],"about":[{"href":"https:\/\/revistavitrineibiuna.com.br\/index.php?rest_route=\/wp\/v2\/types\/post"}],"author":[{"embeddable":true,"href":"https:\/\/revistavitrineibiuna.com.br\/index.php?rest_route=\/wp\/v2\/users\/1"}],"replies":[{"embeddable":true,"href":"https:\/\/revistavitrineibiuna.com.br\/index.php?rest_route=%2Fwp%2Fv2%2Fcomments&post=33608"}],"version-history":[{"count":1,"href":"https:\/\/revistavitrineibiuna.com.br\/index.php?rest_route=\/wp\/v2\/posts\/33608\/revisions"}],"predecessor-version":[{"id":33610,"href":"https:\/\/revistavitrineibiuna.com.br\/index.php?rest_route=\/wp\/v2\/posts\/33608\/revisions\/33610"}],"wp:featuredmedia":[{"embeddable":true,"href":"https:\/\/revistavitrineibiuna.com.br\/index.php?rest_route=\/wp\/v2\/media\/33609"}],"wp:attachment":[{"href":"https:\/\/revistavitrineibiuna.com.br\/index.php?rest_route=%2Fwp%2Fv2%2Fmedia&parent=33608"}],"wp:term":[{"taxonomy":"category","embeddable":true,"href":"https:\/\/revistavitrineibiuna.com.br\/index.php?rest_route=%2Fwp%2Fv2%2Fcategories&post=33608"},{"taxonomy":"post_tag","embeddable":true,"href":"https:\/\/revistavitrineibiuna.com.br\/index.php?rest_route=%2Fwp%2Fv2%2Ftags&post=33608"}],"curies":[{"name":"wp","href":"https:\/\/api.w.org\/{rel}","templated":true}]}}