{"id":33612,"date":"2025-07-17T17:52:58","date_gmt":"2025-07-17T20:52:58","guid":{"rendered":"http:\/\/revistavitrineibiuna.com.br\/?p=33612"},"modified":"2025-07-17T18:21:21","modified_gmt":"2025-07-17T21:21:21","slug":"ibiuna-medida-cautelar-suspende-processo-de-licitacao-para-gestao-do-hospital","status":"publish","type":"post","link":"https:\/\/revistavitrineibiuna.com.br\/?p=33612","title":{"rendered":"IBI\u00daNA &#8211; MEDIDA CAUTELAR SUSPENDE PROCESSO DE LICITA\u00c7\u00c3O PARA GEST\u00c3O DO HOSPITAL"},"content":{"rendered":"\n<p class=\"has-drop-cap\"><strong>O Tribunal de Contas do Estado de S\u00e3o Paulo &#8211; TCESP, em decis\u00e3o do relator Renato Martins Costa, deferiu o pedido de medida cautelar feito pelo Instituto de Gest\u00e3o, Administra\u00e7\u00e3o e Treinamento em Sa\u00fade \u2013 Igats \u201cvisando impugnar o edital e o processo administrativo instaurado pela Prefeitura de Ibi\u00fana visando \u00e0 sele\u00e7\u00e3o de entidades qualificadas como Organiza\u00e7\u00f5es Sociais que manifestem interesse em celebrar contrato de gest\u00e3o para gerenciamento e execu\u00e7\u00e3o de a\u00e7\u00f5es e servi\u00e7os no Hospital Municipal\u201d.<\/strong><\/p>\n\n\n\n<p><strong>O contrato de presta\u00e7\u00e3o desse servi\u00e7o gerido pelo Igats est\u00e1 se encerrando e, embora possa concorrer \u00e0 licita\u00e7\u00e3o, argumenta em defesa de sua a\u00e7\u00e3o jur\u00eddica que \u201co Edital apresentaria v\u00edcios graves que comprometem a legalidade e a regularidade do procedimento, notadamente no que se refere \u00e0 limita\u00e7\u00e3o indevida da competitividade\u201d.<\/strong><\/p>\n\n\n\n<p><strong>Alega, ainda, que \u201ca legisla\u00e7\u00e3o municipal de reg\u00eancia (Lei Municipal n\u00ba 2.854\/2025 e Decreto Regulamentador n\u00ba 3.417\/2025) foi publicada em datas muito pr\u00f3ximas \u00e0 abertura do certame (30 de maio e 16 de junho de 2025, respectivamente), n\u00e3o assegurando prazo razo\u00e1vel para que entidades interessadas pudessem pleitear e obter a devida qualifica\u00e7\u00e3o, requisito indispens\u00e1vel \u00e0 participa\u00e7\u00e3o\u201d.<\/strong><\/p>\n\n\n\n<p><strong>A decis\u00e3o do TCESP\u00a0 considera que tal circunst\u00e2ncia, segundo afirma o instituto, &#8220;configuraria v\u00edcio de origem que compromete a higidez da competi\u00e7\u00e3o, favorecendo entidades previamente habilitadas ou vinculadas \u00e0 Administra\u00e7\u00e3o\u201d.<\/strong><\/p>\n\n\n\n<p><strong>O Igats tamb\u00e9m reclama que \u201co Edital afasta a realiza\u00e7\u00e3o de processo seletivo no caso de apenas uma Organiza\u00e7\u00e3o Social manifestar interesse, dispensando indevidamente a etapa de verifica\u00e7\u00e3o de pontua\u00e7\u00e3o m\u00ednima, metas de resultado e outros elementos de qualifica\u00e7\u00e3o\u201d.<\/strong><\/p>\n\n\n\n<p><strong>Aponta ainda, segundo consta da decis\u00e3o do conselheiro do TCESP, \u201ccomo indevida a exig\u00eancia de tempo m\u00ednimo de cinco anos de atua\u00e7\u00e3o das entidades interessadas, o que, conforme defende, afrontaria a S\u00famula n\u00ba 24 deste Egr\u00e9gio Tribunal\u201d.<\/strong><\/p>\n\n\n\n<p><strong>Por fim, o Igats em seu pedido de medida cautelar critica \u201ca omiss\u00e3o do Instrumento Convocat\u00f3rio quanto aos crit\u00e9rios de sub-roga\u00e7\u00e3o das obriga\u00e7\u00f5es trabalhistas da atual gestora, no caso, a pr\u00f3pria Representante, asseverando que a aus\u00eancia de previs\u00e3o de equacionamento dos d\u00e9bitos existentes (estimados em aproximadamente R$ 2.800.000,00), gerados pela inadimpl\u00eancia reiterada da municipalidade, oneraria desproporcionalmente os eventuais interessados, inibindo sua participa\u00e7\u00e3o ou elevando artificialmente os custos da futura aven\u00e7a\u201d.<\/strong><\/p>\n\n\n\n<p><strong>MEDIDA CAUTELAR<\/strong><\/p>\n\n\n\n<p><strong>A medida cautelar \u00e9 uma decis\u00e3o judicial tempor\u00e1ria e urgente, solicitada para proteger um direito ou garantir a efic\u00e1cia de um processo principal enquanto ele est\u00e1 em&nbsp; andamento.<\/strong><\/p>\n\n\n\n<p><strong>SEM RETORNO<\/strong><\/p>\n\n\n\n<p><strong>Vitrine solicitou esclarecimento sobre o assunto ao presidente do Igats, Reginaldo de Oliveira Giraud, mas at\u00e9 a conclus\u00e3o desta not\u00edcia n\u00e3o obteve retorno.<\/strong><\/p>\n\n\n\n<p><strong>Igualmente, entrou em contato com o setor de comunica\u00e7\u00e3o da Prefeitura que ficou de enviar uma nota de sua posi\u00e7\u00e3o oficial e elucidar especialmente sobre os pontos objetados pelo presidente do Igats, mas n\u00e3o obteve retorno at\u00e9 a conclus\u00e3o desta not\u00edcia.<\/strong><\/p>\n\n\n\n<p><strong>Nota da Reda\u00e7\u00e3o: assim que obtiver algum retorno de ambas as partes atualizara a not\u00edcia.<\/strong><\/p>\n","protected":false},"excerpt":{"rendered":"<p>O Tribunal de Contas do Estado de S\u00e3o Paulo &#8211; TCESP, em decis\u00e3o do relator Renato Martins Costa, deferiu o<\/p>\n","protected":false},"author":1,"featured_media":33613,"comment_status":"open","ping_status":"open","sticky":false,"template":"","format":"standard","meta":[],"categories":[3],"tags":[],"yoast_head":"<!-- This site is optimized with the Yoast SEO plugin v15.8 - https:\/\/yoast.com\/wordpress\/plugins\/seo\/ -->\n<title>IBI\u00daNA - MEDIDA CAUTELAR SUSPENDE PROCESSO DE LICITA\u00c7\u00c3O PARA GEST\u00c3O DO HOSPITAL - Revista Vitrine Online<\/title>\n<meta name=\"robots\" content=\"index, follow, max-snippet:-1, max-image-preview:large, max-video-preview:-1\" \/>\n<link rel=\"canonical\" href=\"http:\/\/revistavitrineibiuna.com.br\/?p=33612\" \/>\n<meta property=\"og:locale\" content=\"pt_BR\" \/>\n<meta property=\"og:type\" content=\"article\" \/>\n<meta property=\"og:title\" content=\"IBI\u00daNA - MEDIDA CAUTELAR SUSPENDE PROCESSO DE LICITA\u00c7\u00c3O PARA GEST\u00c3O DO HOSPITAL - Revista Vitrine Online\" \/>\n<meta property=\"og:description\" content=\"O Tribunal de Contas do Estado de S\u00e3o Paulo &#8211; TCESP, em decis\u00e3o do relator Renato Martins Costa, deferiu o\" \/>\n<meta property=\"og:url\" content=\"http:\/\/revistavitrineibiuna.com.br\/?p=33612\" \/>\n<meta property=\"og:site_name\" content=\"Revista Vitrine Online\" \/>\n<meta property=\"article:published_time\" content=\"2025-07-17T20:52:58+00:00\" \/>\n<meta property=\"article:modified_time\" content=\"2025-07-17T21:21:21+00:00\" \/>\n<meta property=\"og:image\" content=\"https:\/\/revistavitrineibiuna.com.br\/wp-content\/uploads\/2025\/07\/8d869d19-77eb-457c-895e-673a6cf71d68.jpg\" \/>\n\t<meta property=\"og:image:width\" content=\"1600\" \/>\n\t<meta property=\"og:image:height\" content=\"1200\" \/>\n<meta name=\"twitter:card\" content=\"summary\" \/>\n<meta name=\"twitter:label1\" content=\"Est. reading time\">\n\t<meta name=\"twitter:data1\" content=\"3 minutos\">\n<script type=\"application\/ld+json\" class=\"yoast-schema-graph\">{\"@context\":\"https:\/\/schema.org\",\"@graph\":[{\"@type\":\"WebSite\",\"@id\":\"https:\/\/revistavitrineibiuna.com.br\/#website\",\"url\":\"https:\/\/revistavitrineibiuna.com.br\/\",\"name\":\"Revista Vitrine Ibi\\u00fana\",\"description\":\"A Revista de Ibi\\u00fana e Regi\\u00e3o\",\"publisher\":{\"@id\":\"https:\/\/revistavitrineibiuna.com.br\/#\/schema\/person\/e51ef49d6d88170ea21ceabff3f73deb\"},\"potentialAction\":[{\"@type\":\"SearchAction\",\"target\":\"https:\/\/revistavitrineibiuna.com.br\/?s={search_term_string}\",\"query-input\":\"required name=search_term_string\"}],\"inLanguage\":\"pt-BR\"},{\"@type\":\"ImageObject\",\"@id\":\"http:\/\/revistavitrineibiuna.com.br\/?p=33612#primaryimage\",\"inLanguage\":\"pt-BR\",\"url\":\"https:\/\/revistavitrineibiuna.com.br\/wp-content\/uploads\/2025\/07\/8d869d19-77eb-457c-895e-673a6cf71d68.jpg\",\"width\":1600,\"height\":1200},{\"@type\":\"WebPage\",\"@id\":\"http:\/\/revistavitrineibiuna.com.br\/?p=33612#webpage\",\"url\":\"http:\/\/revistavitrineibiuna.com.br\/?p=33612\",\"name\":\"IBI\\u00daNA - MEDIDA CAUTELAR SUSPENDE PROCESSO DE LICITA\\u00c7\\u00c3O PARA GEST\\u00c3O DO HOSPITAL - Revista Vitrine Online\",\"isPartOf\":{\"@id\":\"https:\/\/revistavitrineibiuna.com.br\/#website\"},\"primaryImageOfPage\":{\"@id\":\"http:\/\/revistavitrineibiuna.com.br\/?p=33612#primaryimage\"},\"datePublished\":\"2025-07-17T20:52:58+00:00\",\"dateModified\":\"2025-07-17T21:21:21+00:00\",\"breadcrumb\":{\"@id\":\"http:\/\/revistavitrineibiuna.com.br\/?p=33612#breadcrumb\"},\"inLanguage\":\"pt-BR\",\"potentialAction\":[{\"@type\":\"ReadAction\",\"target\":[\"http:\/\/revistavitrineibiuna.com.br\/?p=33612\"]}]},{\"@type\":\"BreadcrumbList\",\"@id\":\"http:\/\/revistavitrineibiuna.com.br\/?p=33612#breadcrumb\",\"itemListElement\":[{\"@type\":\"ListItem\",\"position\":1,\"item\":{\"@type\":\"WebPage\",\"@id\":\"https:\/\/revistavitrineibiuna.com.br\/\",\"url\":\"https:\/\/revistavitrineibiuna.com.br\/\",\"name\":\"In\\u00edcio\"}},{\"@type\":\"ListItem\",\"position\":2,\"item\":{\"@type\":\"WebPage\",\"@id\":\"http:\/\/revistavitrineibiuna.com.br\/?p=33612\",\"url\":\"http:\/\/revistavitrineibiuna.com.br\/?p=33612\",\"name\":\"IBI\\u00daNA &#8211; MEDIDA CAUTELAR SUSPENDE PROCESSO DE LICITA\\u00c7\\u00c3O PARA GEST\\u00c3O DO HOSPITAL\"}}]},{\"@type\":\"Article\",\"@id\":\"http:\/\/revistavitrineibiuna.com.br\/?p=33612#article\",\"isPartOf\":{\"@id\":\"http:\/\/revistavitrineibiuna.com.br\/?p=33612#webpage\"},\"author\":{\"@id\":\"https:\/\/revistavitrineibiuna.com.br\/#\/schema\/person\/e51ef49d6d88170ea21ceabff3f73deb\"},\"headline\":\"IBI\\u00daNA &#8211; MEDIDA CAUTELAR SUSPENDE PROCESSO DE LICITA\\u00c7\\u00c3O PARA GEST\\u00c3O DO HOSPITAL\",\"datePublished\":\"2025-07-17T20:52:58+00:00\",\"dateModified\":\"2025-07-17T21:21:21+00:00\",\"mainEntityOfPage\":{\"@id\":\"http:\/\/revistavitrineibiuna.com.br\/?p=33612#webpage\"},\"commentCount\":0,\"publisher\":{\"@id\":\"https:\/\/revistavitrineibiuna.com.br\/#\/schema\/person\/e51ef49d6d88170ea21ceabff3f73deb\"},\"image\":{\"@id\":\"http:\/\/revistavitrineibiuna.com.br\/?p=33612#primaryimage\"},\"articleSection\":\"Not\\u00edcias\",\"inLanguage\":\"pt-BR\",\"potentialAction\":[{\"@type\":\"CommentAction\",\"name\":\"Comment\",\"target\":[\"http:\/\/revistavitrineibiuna.com.br\/?p=33612#respond\"]}]},{\"@type\":[\"Person\",\"Organization\"],\"@id\":\"https:\/\/revistavitrineibiuna.com.br\/#\/schema\/person\/e51ef49d6d88170ea21ceabff3f73deb\",\"name\":\"Carlos Rossini\",\"image\":{\"@type\":\"ImageObject\",\"@id\":\"https:\/\/revistavitrineibiuna.com.br\/#personlogo\",\"inLanguage\":\"pt-BR\",\"url\":\"https:\/\/secure.gravatar.com\/avatar\/4f2d0f99fac1f85c7d643f21f5c8d900?s=96&d=mm&r=g\",\"caption\":\"Carlos Rossini\"},\"logo\":{\"@id\":\"https:\/\/revistavitrineibiuna.com.br\/#personlogo\"},\"description\":\"Carlos Rossini \\u00e9 jornalista, soci\\u00f3logo, escritor e professor universit\\u00e1rio, tendo sido professor de jornalismo por vinte anos. Trabalhou em ve\\u00edculos de comunica\\u00e7\\u00e3o nas fun\\u00e7\\u00f5es de rep\\u00f3rter, redator, editor, articulista e colaborador, como Folha de S. Paulo, O Estado de S. Paulo, Di\\u00e1rio Popular, entre outros. Ao transferir a revista vitrine, vers\\u00e3o imprensa, de S\\u00e3o Paulo para Ibi\\u00fana h\\u00e1 alguns anos, iniciou uma nova experi\\u00eancia profissional, dedicando-se ao jornalismo regional, depois de cumprir uma trajet\\u00f3ria bem-sucedida na grande imprensa brasileira. Seu primeiro livro A Coragem de Comunicar foi lan\\u00e7ado na Bienal do Livro em S\\u00e3o Paulo no ano 2000, pela editora Madras.\"}]}<\/script>\n<!-- \/ Yoast SEO plugin. -->","_links":{"self":[{"href":"https:\/\/revistavitrineibiuna.com.br\/index.php?rest_route=\/wp\/v2\/posts\/33612"}],"collection":[{"href":"https:\/\/revistavitrineibiuna.com.br\/index.php?rest_route=\/wp\/v2\/posts"}],"about":[{"href":"https:\/\/revistavitrineibiuna.com.br\/index.php?rest_route=\/wp\/v2\/types\/post"}],"author":[{"embeddable":true,"href":"https:\/\/revistavitrineibiuna.com.br\/index.php?rest_route=\/wp\/v2\/users\/1"}],"replies":[{"embeddable":true,"href":"https:\/\/revistavitrineibiuna.com.br\/index.php?rest_route=%2Fwp%2Fv2%2Fcomments&post=33612"}],"version-history":[{"count":9,"href":"https:\/\/revistavitrineibiuna.com.br\/index.php?rest_route=\/wp\/v2\/posts\/33612\/revisions"}],"predecessor-version":[{"id":33624,"href":"https:\/\/revistavitrineibiuna.com.br\/index.php?rest_route=\/wp\/v2\/posts\/33612\/revisions\/33624"}],"wp:featuredmedia":[{"embeddable":true,"href":"https:\/\/revistavitrineibiuna.com.br\/index.php?rest_route=\/wp\/v2\/media\/33613"}],"wp:attachment":[{"href":"https:\/\/revistavitrineibiuna.com.br\/index.php?rest_route=%2Fwp%2Fv2%2Fmedia&parent=33612"}],"wp:term":[{"taxonomy":"category","embeddable":true,"href":"https:\/\/revistavitrineibiuna.com.br\/index.php?rest_route=%2Fwp%2Fv2%2Fcategories&post=33612"},{"taxonomy":"post_tag","embeddable":true,"href":"https:\/\/revistavitrineibiuna.com.br\/index.php?rest_route=%2Fwp%2Fv2%2Ftags&post=33612"}],"curies":[{"name":"wp","href":"https:\/\/api.w.org\/{rel}","templated":true}]}}