{"id":33625,"date":"2025-07-19T09:28:25","date_gmt":"2025-07-19T12:28:25","guid":{"rendered":"http:\/\/revistavitrineibiuna.com.br\/?p=33625"},"modified":"2025-07-19T09:51:34","modified_gmt":"2025-07-19T12:51:34","slug":"populacao-ja-comeca-a-torcer-o-nariz-para-os-politicos","status":"publish","type":"post","link":"https:\/\/revistavitrineibiuna.com.br\/?p=33625","title":{"rendered":"POPULA\u00c7\u00c3O J\u00c1 COME\u00c7A A TORCER O NARIZ PARA OS POL\u00cdTICOS"},"content":{"rendered":"\n<p class=\"has-drop-cap\"><strong>A escuta para compreender o que outro est\u00e1 dizendo \u00e9 fundamental nas rela\u00e7\u00f5es interpessoais. Saber ouvir para al\u00e9m de pr\u00e9-julgamentos ajuda a interpretar com mais fidelidade a percep\u00e7\u00e3o do mundo onde convivemos.<\/strong><\/p>\n\n\n\n<p><strong>Feita essa considera\u00e7\u00e3o, vamos em dire\u00e7\u00e3o ao que originalmente inspirou estas linhas.<\/strong><\/p>\n\n\n\n<p><strong>A pergunta \u00e9: como a popula\u00e7\u00e3o de Ibi\u00fana est\u00e1 percebendo e avaliando os pol\u00edticos ibiunenses &#8211; para o Executivo e Legislativo &#8211; j\u00e1 se completando sete meses ap\u00f3s terem sido<\/strong> eleitos.<\/p>\n\n\n\n<p><strong>\u00c9 preciso advertir os leitores que as constata\u00e7\u00f5es aqui apresentadas requerem uma pesquisa para serem referendadas com base na ci\u00eancia aplicada ao m\u00e9todos estat\u00edsticos.<\/strong><\/p>\n\n\n\n<p><strong>No entanto, n\u00e3o se podem desprezar os sinais que as pessoas manifestam e apontam um not\u00f3rio descontentamento em seus coment\u00e1rios espont\u00e2neos no dia a dia como sintomas de um fato social de desaprova\u00e7\u00e3o de condutas.<\/strong><\/p>\n\n\n\n<p><strong>Assim, com base no que temos ouvido das pessoas, \u00e9 poss\u00edvel perceber o in\u00edcio de um processo de decep\u00e7\u00e3o em rela\u00e7\u00e3o aos pol\u00edticos eleitos, tanto no \u00e2mbito do Executivo quanto no Legislativo.<\/strong><\/p>\n\n\n\n<p><strong>Ao comentar com um jovem reeleito esse fen\u00f4meno, ele reagiu dizendo que ainda \u00e9 cedo para fazer uma avalia\u00e7\u00e3o.<\/strong><\/p>\n\n\n\n<p><strong>Observei que o processo da decep\u00e7\u00e3o j\u00e1 se mostra evidente com declara\u00e7\u00f5es populares bem claras e com tend\u00eancia de se expandir como ondas cada vez mais extensas \u00e0 medida que percebem a falta de a\u00e7\u00f5es concretas e transparentes em todos os setores de responsabilidade p\u00fablica.<\/strong><\/p>\n\n\n\n<p><strong>As pessoas empoderadas, n\u00e3o importa o grau de instru\u00e7\u00e3o que tenham, est\u00e3o sujeitas, como todos n\u00f3s, \u00e0quilo que se denomina ponto cego, simplesmente porque n\u00e3o conseguem enxergar simultaneamete a complexa rede de relacionamentos, interesses, necessidades e expectativas<\/strong> <strong>\u00e0 que est\u00e3o sujeitos<\/strong> <strong>no jogo pol\u00edtico.<\/strong><\/p>\n\n\n\n<p><strong>Por isso mesmo, precisam abrir a mente, despertar e reconhecer seus limites com humildade, valor este muitas vezes esquecido para aqueles que s\u00e3o picados pela mosca azul do poder.<\/strong><\/p>\n\n\n\n<p><strong>Percebo, sim, com base nos depoimentos que tenho escutado por a\u00ed, que h\u00e1 um descontentamento n\u00edtido de uma parcela da popula\u00e7\u00e3o com os pol\u00edticos que elegeram\/reelegeram em 2024.<\/strong><\/p>\n\n\n\n<p><strong>Parece estar havendo uma incongru\u00eancia entre as a\u00e7\u00f5es, que se identificam por serem dotadas de objetivos, com os comportamentos, p\u00fablicos e privados, que se constituem de atitudes de car\u00e1ter gen\u00e9rico, mais voltados para o marketing pol\u00edtico.<\/strong><\/p>\n\n\n\n<p><strong>Tomara que o fio de esperan\u00e7a que pode estar se esgar\u00e7ando de modo um tanto sutil, n\u00e3o venha se romper por falta de aviso, o que nos levar\u00e1 inexoravelmente aos h\u00e1bitos do passado de triste lembran\u00e7a. (Carlos Rossini \u00e9 diretor da TVUNA e editor de vitrine online)<\/strong><\/p>\n","protected":false},"excerpt":{"rendered":"<p>A escuta para compreender o que outro est\u00e1 dizendo \u00e9 fundamental nas rela\u00e7\u00f5es interpessoais. Saber ouvir para al\u00e9m de pr\u00e9-julgamentos<\/p>\n","protected":false},"author":1,"featured_media":33628,"comment_status":"open","ping_status":"open","sticky":false,"template":"","format":"standard","meta":[],"categories":[3],"tags":[],"yoast_head":"<!-- This site is optimized with the Yoast SEO plugin v15.8 - https:\/\/yoast.com\/wordpress\/plugins\/seo\/ -->\n<title>POPULA\u00c7\u00c3O J\u00c1 COME\u00c7A A TORCER O NARIZ PARA OS POL\u00cdTICOS - Revista Vitrine Online<\/title>\n<meta name=\"robots\" content=\"index, follow, max-snippet:-1, max-image-preview:large, max-video-preview:-1\" \/>\n<link rel=\"canonical\" href=\"http:\/\/revistavitrineibiuna.com.br\/?p=33625\" \/>\n<meta property=\"og:locale\" content=\"pt_BR\" \/>\n<meta property=\"og:type\" content=\"article\" \/>\n<meta property=\"og:title\" content=\"POPULA\u00c7\u00c3O J\u00c1 COME\u00c7A A TORCER O NARIZ PARA OS POL\u00cdTICOS - Revista Vitrine Online\" \/>\n<meta property=\"og:description\" content=\"A escuta para compreender o que outro est\u00e1 dizendo \u00e9 fundamental nas rela\u00e7\u00f5es interpessoais. Saber ouvir para al\u00e9m de pr\u00e9-julgamentos\" \/>\n<meta property=\"og:url\" content=\"http:\/\/revistavitrineibiuna.com.br\/?p=33625\" \/>\n<meta property=\"og:site_name\" content=\"Revista Vitrine Online\" \/>\n<meta property=\"article:published_time\" content=\"2025-07-19T12:28:25+00:00\" \/>\n<meta property=\"article:modified_time\" content=\"2025-07-19T12:51:34+00:00\" \/>\n<meta property=\"og:image\" content=\"https:\/\/revistavitrineibiuna.com.br\/wp-content\/uploads\/2025\/07\/dc22f6cc-0f7d-4f46-9aba-3cb9d4cb4379.jpg\" \/>\n\t<meta property=\"og:image:width\" content=\"1600\" \/>\n\t<meta property=\"og:image:height\" content=\"1131\" \/>\n<meta name=\"twitter:card\" content=\"summary\" \/>\n<meta name=\"twitter:label1\" content=\"Est. reading time\">\n\t<meta name=\"twitter:data1\" content=\"2 minutos\">\n<script type=\"application\/ld+json\" class=\"yoast-schema-graph\">{\"@context\":\"https:\/\/schema.org\",\"@graph\":[{\"@type\":\"WebSite\",\"@id\":\"https:\/\/revistavitrineibiuna.com.br\/#website\",\"url\":\"https:\/\/revistavitrineibiuna.com.br\/\",\"name\":\"Revista Vitrine Ibi\\u00fana\",\"description\":\"A Revista de Ibi\\u00fana e Regi\\u00e3o\",\"publisher\":{\"@id\":\"https:\/\/revistavitrineibiuna.com.br\/#\/schema\/person\/e51ef49d6d88170ea21ceabff3f73deb\"},\"potentialAction\":[{\"@type\":\"SearchAction\",\"target\":\"https:\/\/revistavitrineibiuna.com.br\/?s={search_term_string}\",\"query-input\":\"required name=search_term_string\"}],\"inLanguage\":\"pt-BR\"},{\"@type\":\"ImageObject\",\"@id\":\"http:\/\/revistavitrineibiuna.com.br\/?p=33625#primaryimage\",\"inLanguage\":\"pt-BR\",\"url\":\"https:\/\/revistavitrineibiuna.com.br\/wp-content\/uploads\/2025\/07\/dc22f6cc-0f7d-4f46-9aba-3cb9d4cb4379.jpg\",\"width\":1600,\"height\":1131},{\"@type\":\"WebPage\",\"@id\":\"http:\/\/revistavitrineibiuna.com.br\/?p=33625#webpage\",\"url\":\"http:\/\/revistavitrineibiuna.com.br\/?p=33625\",\"name\":\"POPULA\\u00c7\\u00c3O J\\u00c1 COME\\u00c7A A TORCER O NARIZ PARA OS POL\\u00cdTICOS - Revista Vitrine Online\",\"isPartOf\":{\"@id\":\"https:\/\/revistavitrineibiuna.com.br\/#website\"},\"primaryImageOfPage\":{\"@id\":\"http:\/\/revistavitrineibiuna.com.br\/?p=33625#primaryimage\"},\"datePublished\":\"2025-07-19T12:28:25+00:00\",\"dateModified\":\"2025-07-19T12:51:34+00:00\",\"breadcrumb\":{\"@id\":\"http:\/\/revistavitrineibiuna.com.br\/?p=33625#breadcrumb\"},\"inLanguage\":\"pt-BR\",\"potentialAction\":[{\"@type\":\"ReadAction\",\"target\":[\"http:\/\/revistavitrineibiuna.com.br\/?p=33625\"]}]},{\"@type\":\"BreadcrumbList\",\"@id\":\"http:\/\/revistavitrineibiuna.com.br\/?p=33625#breadcrumb\",\"itemListElement\":[{\"@type\":\"ListItem\",\"position\":1,\"item\":{\"@type\":\"WebPage\",\"@id\":\"https:\/\/revistavitrineibiuna.com.br\/\",\"url\":\"https:\/\/revistavitrineibiuna.com.br\/\",\"name\":\"In\\u00edcio\"}},{\"@type\":\"ListItem\",\"position\":2,\"item\":{\"@type\":\"WebPage\",\"@id\":\"http:\/\/revistavitrineibiuna.com.br\/?p=33625\",\"url\":\"http:\/\/revistavitrineibiuna.com.br\/?p=33625\",\"name\":\"POPULA\\u00c7\\u00c3O J\\u00c1 COME\\u00c7A A TORCER O NARIZ PARA OS POL\\u00cdTICOS\"}}]},{\"@type\":\"Article\",\"@id\":\"http:\/\/revistavitrineibiuna.com.br\/?p=33625#article\",\"isPartOf\":{\"@id\":\"http:\/\/revistavitrineibiuna.com.br\/?p=33625#webpage\"},\"author\":{\"@id\":\"https:\/\/revistavitrineibiuna.com.br\/#\/schema\/person\/e51ef49d6d88170ea21ceabff3f73deb\"},\"headline\":\"POPULA\\u00c7\\u00c3O J\\u00c1 COME\\u00c7A A TORCER O NARIZ PARA OS POL\\u00cdTICOS\",\"datePublished\":\"2025-07-19T12:28:25+00:00\",\"dateModified\":\"2025-07-19T12:51:34+00:00\",\"mainEntityOfPage\":{\"@id\":\"http:\/\/revistavitrineibiuna.com.br\/?p=33625#webpage\"},\"commentCount\":0,\"publisher\":{\"@id\":\"https:\/\/revistavitrineibiuna.com.br\/#\/schema\/person\/e51ef49d6d88170ea21ceabff3f73deb\"},\"image\":{\"@id\":\"http:\/\/revistavitrineibiuna.com.br\/?p=33625#primaryimage\"},\"articleSection\":\"Not\\u00edcias\",\"inLanguage\":\"pt-BR\",\"potentialAction\":[{\"@type\":\"CommentAction\",\"name\":\"Comment\",\"target\":[\"http:\/\/revistavitrineibiuna.com.br\/?p=33625#respond\"]}]},{\"@type\":[\"Person\",\"Organization\"],\"@id\":\"https:\/\/revistavitrineibiuna.com.br\/#\/schema\/person\/e51ef49d6d88170ea21ceabff3f73deb\",\"name\":\"Carlos Rossini\",\"image\":{\"@type\":\"ImageObject\",\"@id\":\"https:\/\/revistavitrineibiuna.com.br\/#personlogo\",\"inLanguage\":\"pt-BR\",\"url\":\"https:\/\/secure.gravatar.com\/avatar\/4f2d0f99fac1f85c7d643f21f5c8d900?s=96&d=mm&r=g\",\"caption\":\"Carlos Rossini\"},\"logo\":{\"@id\":\"https:\/\/revistavitrineibiuna.com.br\/#personlogo\"},\"description\":\"Carlos Rossini \\u00e9 jornalista, soci\\u00f3logo, escritor e professor universit\\u00e1rio, tendo sido professor de jornalismo por vinte anos. Trabalhou em ve\\u00edculos de comunica\\u00e7\\u00e3o nas fun\\u00e7\\u00f5es de rep\\u00f3rter, redator, editor, articulista e colaborador, como Folha de S. Paulo, O Estado de S. Paulo, Di\\u00e1rio Popular, entre outros. Ao transferir a revista vitrine, vers\\u00e3o imprensa, de S\\u00e3o Paulo para Ibi\\u00fana h\\u00e1 alguns anos, iniciou uma nova experi\\u00eancia profissional, dedicando-se ao jornalismo regional, depois de cumprir uma trajet\\u00f3ria bem-sucedida na grande imprensa brasileira. Seu primeiro livro A Coragem de Comunicar foi lan\\u00e7ado na Bienal do Livro em S\\u00e3o Paulo no ano 2000, pela editora Madras.\"}]}<\/script>\n<!-- \/ Yoast SEO plugin. -->","_links":{"self":[{"href":"https:\/\/revistavitrineibiuna.com.br\/index.php?rest_route=\/wp\/v2\/posts\/33625"}],"collection":[{"href":"https:\/\/revistavitrineibiuna.com.br\/index.php?rest_route=\/wp\/v2\/posts"}],"about":[{"href":"https:\/\/revistavitrineibiuna.com.br\/index.php?rest_route=\/wp\/v2\/types\/post"}],"author":[{"embeddable":true,"href":"https:\/\/revistavitrineibiuna.com.br\/index.php?rest_route=\/wp\/v2\/users\/1"}],"replies":[{"embeddable":true,"href":"https:\/\/revistavitrineibiuna.com.br\/index.php?rest_route=%2Fwp%2Fv2%2Fcomments&post=33625"}],"version-history":[{"count":4,"href":"https:\/\/revistavitrineibiuna.com.br\/index.php?rest_route=\/wp\/v2\/posts\/33625\/revisions"}],"predecessor-version":[{"id":33633,"href":"https:\/\/revistavitrineibiuna.com.br\/index.php?rest_route=\/wp\/v2\/posts\/33625\/revisions\/33633"}],"wp:featuredmedia":[{"embeddable":true,"href":"https:\/\/revistavitrineibiuna.com.br\/index.php?rest_route=\/wp\/v2\/media\/33628"}],"wp:attachment":[{"href":"https:\/\/revistavitrineibiuna.com.br\/index.php?rest_route=%2Fwp%2Fv2%2Fmedia&parent=33625"}],"wp:term":[{"taxonomy":"category","embeddable":true,"href":"https:\/\/revistavitrineibiuna.com.br\/index.php?rest_route=%2Fwp%2Fv2%2Fcategories&post=33625"},{"taxonomy":"post_tag","embeddable":true,"href":"https:\/\/revistavitrineibiuna.com.br\/index.php?rest_route=%2Fwp%2Fv2%2Ftags&post=33625"}],"curies":[{"name":"wp","href":"https:\/\/api.w.org\/{rel}","templated":true}]}}