{"id":33634,"date":"2025-07-20T00:06:17","date_gmt":"2025-07-20T03:06:17","guid":{"rendered":"http:\/\/revistavitrineibiuna.com.br\/?p=33634"},"modified":"2025-07-20T00:14:52","modified_gmt":"2025-07-20T03:14:52","slug":"caso-karen-crime-hediondo-continua-impune-depois-de-um-ano","status":"publish","type":"post","link":"https:\/\/revistavitrineibiuna.com.br\/?p=33634","title":{"rendered":"CASO KAREN \u2013 CRIME HEDIONDO CONTINUA IMPUNE DEPOIS DE UM ANO"},"content":{"rendered":"\n<p class=\"has-drop-cap\"><strong>Karen de Oliveira completaria 14 anos agora, no dia 9 de julho. Mas foi v\u00edtima de um crime hediondo no dia 11 de julho de 2024, data em que desapareceu do bairro dos Gabriel, no munic\u00edpio de Ibi\u00fana, quando saiu de casa para ir \u00e0 casa da v\u00f3 localizada no mesmo bairro.<\/strong><\/p>\n\n\n\n<p><strong>Seu corpo violentado foi encontrado no dia 13 na beira da Estrada Teruo Konishi, que liga o bairro do Pia\u00ed ao Sete Lagos.<\/strong><\/p>\n\n\n\n<p><strong>A not\u00edcia de sua morte de forma b\u00e1rbara comoveu n\u00e3o apenas a popula\u00e7\u00e3o ibiunense, mas do pa\u00eds, e at\u00e9 hoje sua autoria \u00e9 desconhecida. Em suma, um crime impune.<\/strong><\/p>\n\n\n\n<p><strong>Na sexta-feira (18) multid\u00e3o constitu\u00edda por crian\u00e7as, adolescentes e adultos, vestindo com camisetas brancas com o rosto de Karen estampado, fez um manifesto em frente \u00e0 Delegacia de Pol\u00edcia de Ibi\u00fana clamando por justi\u00e7a por Karen.<\/strong><\/p>\n\n\n\n<p><strong>Embora saiba que n\u00e3o ter\u00e1 a filha de volta, seu pai, Eliezer Dias de Oliveira, afirmou, em entrevista \u00e0 TVUNA, ter a esperan\u00e7a de que o autor do crime seja identificado e preso.<\/strong><\/p>\n\n\n\n<p><strong>&#8220;Solto ele continuar\u00e1 sendo uma amea\u00e7a para outras crian\u00e7as e adolescentes.&#8221;<\/strong><\/p>\n\n\n\n<p><strong>Oliveira, que estava com a perna engessada e sentado numa mureta ao lado da mulher, descreveu a filha como uma menina tranquila e cheia de sonhos&#8221;, que foram interrompidos de&nbsp; uma forma t\u00e3o cruel.<\/strong><\/p>\n\n\n\n<p><strong>Ao lado do marido, J\u00e9ssica Godinho Pinto, expressava dor de uma m\u00e3e com a perda da filha. Lamentou que n\u00e3o houvesse c\u00e2meras de seguran\u00e7a nas proximidades que poderiam contribuir para desvendar o crime.<\/strong><\/p>\n\n\n\n<figure class=\"wp-block-image size-large\"><img loading=\"lazy\" width=\"1024\" height=\"819\" src=\"https:\/\/revistavitrineibiuna.com.br\/wp-content\/uploads\/2025\/07\/justica-para-karen-2-1024x819.png\" alt=\"\" class=\"wp-image-33638\" srcset=\"https:\/\/revistavitrineibiuna.com.br\/wp-content\/uploads\/2025\/07\/justica-para-karen-2-1024x819.png 1024w, https:\/\/revistavitrineibiuna.com.br\/wp-content\/uploads\/2025\/07\/justica-para-karen-2-300x240.png 300w, https:\/\/revistavitrineibiuna.com.br\/wp-content\/uploads\/2025\/07\/justica-para-karen-2-768x614.png 768w, https:\/\/revistavitrineibiuna.com.br\/wp-content\/uploads\/2025\/07\/justica-para-karen-2.png 1200w\" sizes=\"(max-width: 1024px) 100vw, 1024px\" \/><figcaption>J\u00e9ssica e Eliezer, pais da Karen<\/figcaption><\/figure>\n\n\n\n<p><strong>Como o marido, ela espera que as autoridades policiais e judici\u00e1rias se empenhem e fa\u00e7am com que a justi\u00e7a seja feita e se mostraram preocupados com um criminoso solto e podendo vitimar outras pessoas.<\/strong><\/p>\n\n\n\n<p><strong>Em frente \u00e0 delegacia, o tio de Karen, rodeado pelos manifestantes, disse, a certa altura, que o assassino olhou para todas as dire\u00e7\u00f5es, \u201cmenos para o alto, referindo-se a Deus. Em seguida declarou que o ato do criminoso &#8220;foi covarde&#8221;.<\/strong><\/p>\n\n\n\n<p><strong>Eliezer de Oliveira \u00e9 eletricista e funcion\u00e1rio da Cetril, empresa que est\u00e1 dando todo apoio para a fam\u00edlia. V\u00e1rios ve\u00edculos da empresa com a foto de Karen eram visto na \u00e1rea da manifesta\u00e7\u00e3o.<\/strong><\/p>\n\n\n\n<p><strong>N\u00e9lio Leite, presidente da Cetril, em entrevista \u00e0 TVUNA, reiterou a necessidade de que se fa\u00e7a justi\u00e7a e, assim, possa haver um pouco de paz para a popula\u00e7\u00e3o.<\/strong><\/p>\n\n\n\n<p><strong>&#8220;Mas que as autoridades ajam de modo que a justi\u00e7a n\u00e3o demore a ser feita.&#8221;<\/strong><\/p>\n\n\n\n<p><strong>Antes que houvesse a aglomera\u00e7\u00e3o na frente da delegacia, os manifestantes caminharam pelas ruas do centro da cidade com um coro pedindo: &#8220;Justi\u00e7a para a Karen!&#8221;<\/strong><\/p>\n\n\n\n<figure class=\"wp-block-image size-large\"><img loading=\"lazy\" width=\"1024\" height=\"582\" src=\"https:\/\/revistavitrineibiuna.com.br\/wp-content\/uploads\/2025\/07\/justica-para-karen-3-1024x582.png\" alt=\"\" class=\"wp-image-33641\" srcset=\"https:\/\/revistavitrineibiuna.com.br\/wp-content\/uploads\/2025\/07\/justica-para-karen-3-1024x582.png 1024w, https:\/\/revistavitrineibiuna.com.br\/wp-content\/uploads\/2025\/07\/justica-para-karen-3-300x170.png 300w, https:\/\/revistavitrineibiuna.com.br\/wp-content\/uploads\/2025\/07\/justica-para-karen-3-768x436.png 768w, https:\/\/revistavitrineibiuna.com.br\/wp-content\/uploads\/2025\/07\/justica-para-karen-3-1536x872.png 1536w, https:\/\/revistavitrineibiuna.com.br\/wp-content\/uploads\/2025\/07\/justica-para-karen-3.png 1597w\" sizes=\"(max-width: 1024px) 100vw, 1024px\" \/><figcaption>Manifesta\u00e7\u00e3o em frente \u00e0 Delegacia de Ibi\u00fana: &#8220;Queremos justi\u00e7a!&#8221;<\/figcaption><\/figure>\n\n\n\n<figure class=\"wp-block-image size-large\"><img loading=\"lazy\" width=\"718\" height=\"445\" src=\"https:\/\/revistavitrineibiuna.com.br\/wp-content\/uploads\/2025\/07\/justica-para-Karen-4.png\" alt=\"\" class=\"wp-image-33644\" srcset=\"https:\/\/revistavitrineibiuna.com.br\/wp-content\/uploads\/2025\/07\/justica-para-Karen-4.png 718w, https:\/\/revistavitrineibiuna.com.br\/wp-content\/uploads\/2025\/07\/justica-para-Karen-4-300x186.png 300w\" sizes=\"(max-width: 718px) 100vw, 718px\" \/><figcaption>Popula\u00e7\u00e3o espera que as autoridades policiais e judici\u00e1rias fa\u00e7am justi\u00e7a<\/figcaption><\/figure>\n\n\n\n<figure class=\"wp-block-image size-large\"><img loading=\"lazy\" width=\"717\" height=\"577\" src=\"https:\/\/revistavitrineibiuna.com.br\/wp-content\/uploads\/2025\/07\/justica-para-karen-5.png\" alt=\"\" class=\"wp-image-33645\" srcset=\"https:\/\/revistavitrineibiuna.com.br\/wp-content\/uploads\/2025\/07\/justica-para-karen-5.png 717w, https:\/\/revistavitrineibiuna.com.br\/wp-content\/uploads\/2025\/07\/justica-para-karen-5-300x241.png 300w\" sizes=\"(max-width: 717px) 100vw, 717px\" \/><figcaption>O crime comoveu a cidade e o pa\u00eds<\/figcaption><\/figure>\n","protected":false},"excerpt":{"rendered":"<p>Karen de Oliveira completaria 14 anos agora, no dia 9 de julho. Mas foi v\u00edtima de um crime hediondo no<\/p>\n","protected":false},"author":1,"featured_media":33635,"comment_status":"open","ping_status":"open","sticky":false,"template":"","format":"standard","meta":[],"categories":[3],"tags":[],"yoast_head":"<!-- This site is optimized with the Yoast SEO plugin v15.8 - https:\/\/yoast.com\/wordpress\/plugins\/seo\/ -->\n<title>CASO KAREN \u2013 CRIME HEDIONDO CONTINUA IMPUNE DEPOIS DE UM ANO - Revista Vitrine Online<\/title>\n<meta name=\"robots\" content=\"index, follow, max-snippet:-1, max-image-preview:large, max-video-preview:-1\" \/>\n<link rel=\"canonical\" href=\"http:\/\/revistavitrineibiuna.com.br\/?p=33634\" \/>\n<meta property=\"og:locale\" content=\"pt_BR\" \/>\n<meta property=\"og:type\" content=\"article\" \/>\n<meta property=\"og:title\" content=\"CASO KAREN \u2013 CRIME HEDIONDO CONTINUA IMPUNE DEPOIS DE UM ANO - Revista Vitrine Online\" \/>\n<meta property=\"og:description\" content=\"Karen de Oliveira completaria 14 anos agora, no dia 9 de julho. Mas foi v\u00edtima de um crime hediondo no\" \/>\n<meta property=\"og:url\" content=\"http:\/\/revistavitrineibiuna.com.br\/?p=33634\" \/>\n<meta property=\"og:site_name\" content=\"Revista Vitrine Online\" \/>\n<meta property=\"article:published_time\" content=\"2025-07-20T03:06:17+00:00\" \/>\n<meta property=\"article:modified_time\" content=\"2025-07-20T03:14:52+00:00\" \/>\n<meta property=\"og:image\" content=\"https:\/\/revistavitrineibiuna.com.br\/wp-content\/uploads\/2025\/07\/karen-justica-1.png\" \/>\n\t<meta property=\"og:image:width\" content=\"710\" \/>\n\t<meta property=\"og:image:height\" content=\"530\" \/>\n<meta name=\"twitter:card\" content=\"summary\" \/>\n<meta name=\"twitter:label1\" content=\"Est. reading time\">\n\t<meta name=\"twitter:data1\" content=\"3 minutos\">\n<script type=\"application\/ld+json\" class=\"yoast-schema-graph\">{\"@context\":\"https:\/\/schema.org\",\"@graph\":[{\"@type\":\"WebSite\",\"@id\":\"https:\/\/revistavitrineibiuna.com.br\/#website\",\"url\":\"https:\/\/revistavitrineibiuna.com.br\/\",\"name\":\"Revista Vitrine Ibi\\u00fana\",\"description\":\"A Revista de Ibi\\u00fana e Regi\\u00e3o\",\"publisher\":{\"@id\":\"https:\/\/revistavitrineibiuna.com.br\/#\/schema\/person\/e51ef49d6d88170ea21ceabff3f73deb\"},\"potentialAction\":[{\"@type\":\"SearchAction\",\"target\":\"https:\/\/revistavitrineibiuna.com.br\/?s={search_term_string}\",\"query-input\":\"required name=search_term_string\"}],\"inLanguage\":\"pt-BR\"},{\"@type\":\"ImageObject\",\"@id\":\"http:\/\/revistavitrineibiuna.com.br\/?p=33634#primaryimage\",\"inLanguage\":\"pt-BR\",\"url\":\"https:\/\/revistavitrineibiuna.com.br\/wp-content\/uploads\/2025\/07\/karen-justica-1.png\",\"width\":710,\"height\":530},{\"@type\":\"WebPage\",\"@id\":\"http:\/\/revistavitrineibiuna.com.br\/?p=33634#webpage\",\"url\":\"http:\/\/revistavitrineibiuna.com.br\/?p=33634\",\"name\":\"CASO KAREN \\u2013 CRIME HEDIONDO CONTINUA IMPUNE DEPOIS DE UM ANO - Revista Vitrine Online\",\"isPartOf\":{\"@id\":\"https:\/\/revistavitrineibiuna.com.br\/#website\"},\"primaryImageOfPage\":{\"@id\":\"http:\/\/revistavitrineibiuna.com.br\/?p=33634#primaryimage\"},\"datePublished\":\"2025-07-20T03:06:17+00:00\",\"dateModified\":\"2025-07-20T03:14:52+00:00\",\"breadcrumb\":{\"@id\":\"http:\/\/revistavitrineibiuna.com.br\/?p=33634#breadcrumb\"},\"inLanguage\":\"pt-BR\",\"potentialAction\":[{\"@type\":\"ReadAction\",\"target\":[\"http:\/\/revistavitrineibiuna.com.br\/?p=33634\"]}]},{\"@type\":\"BreadcrumbList\",\"@id\":\"http:\/\/revistavitrineibiuna.com.br\/?p=33634#breadcrumb\",\"itemListElement\":[{\"@type\":\"ListItem\",\"position\":1,\"item\":{\"@type\":\"WebPage\",\"@id\":\"https:\/\/revistavitrineibiuna.com.br\/\",\"url\":\"https:\/\/revistavitrineibiuna.com.br\/\",\"name\":\"In\\u00edcio\"}},{\"@type\":\"ListItem\",\"position\":2,\"item\":{\"@type\":\"WebPage\",\"@id\":\"http:\/\/revistavitrineibiuna.com.br\/?p=33634\",\"url\":\"http:\/\/revistavitrineibiuna.com.br\/?p=33634\",\"name\":\"CASO KAREN \\u2013 CRIME HEDIONDO CONTINUA IMPUNE DEPOIS DE UM ANO\"}}]},{\"@type\":\"Article\",\"@id\":\"http:\/\/revistavitrineibiuna.com.br\/?p=33634#article\",\"isPartOf\":{\"@id\":\"http:\/\/revistavitrineibiuna.com.br\/?p=33634#webpage\"},\"author\":{\"@id\":\"https:\/\/revistavitrineibiuna.com.br\/#\/schema\/person\/e51ef49d6d88170ea21ceabff3f73deb\"},\"headline\":\"CASO KAREN \\u2013 CRIME HEDIONDO CONTINUA IMPUNE DEPOIS DE UM ANO\",\"datePublished\":\"2025-07-20T03:06:17+00:00\",\"dateModified\":\"2025-07-20T03:14:52+00:00\",\"mainEntityOfPage\":{\"@id\":\"http:\/\/revistavitrineibiuna.com.br\/?p=33634#webpage\"},\"commentCount\":0,\"publisher\":{\"@id\":\"https:\/\/revistavitrineibiuna.com.br\/#\/schema\/person\/e51ef49d6d88170ea21ceabff3f73deb\"},\"image\":{\"@id\":\"http:\/\/revistavitrineibiuna.com.br\/?p=33634#primaryimage\"},\"articleSection\":\"Not\\u00edcias\",\"inLanguage\":\"pt-BR\",\"potentialAction\":[{\"@type\":\"CommentAction\",\"name\":\"Comment\",\"target\":[\"http:\/\/revistavitrineibiuna.com.br\/?p=33634#respond\"]}]},{\"@type\":[\"Person\",\"Organization\"],\"@id\":\"https:\/\/revistavitrineibiuna.com.br\/#\/schema\/person\/e51ef49d6d88170ea21ceabff3f73deb\",\"name\":\"Carlos Rossini\",\"image\":{\"@type\":\"ImageObject\",\"@id\":\"https:\/\/revistavitrineibiuna.com.br\/#personlogo\",\"inLanguage\":\"pt-BR\",\"url\":\"https:\/\/secure.gravatar.com\/avatar\/4f2d0f99fac1f85c7d643f21f5c8d900?s=96&d=mm&r=g\",\"caption\":\"Carlos Rossini\"},\"logo\":{\"@id\":\"https:\/\/revistavitrineibiuna.com.br\/#personlogo\"},\"description\":\"Carlos Rossini \\u00e9 jornalista, soci\\u00f3logo, escritor e professor universit\\u00e1rio, tendo sido professor de jornalismo por vinte anos. Trabalhou em ve\\u00edculos de comunica\\u00e7\\u00e3o nas fun\\u00e7\\u00f5es de rep\\u00f3rter, redator, editor, articulista e colaborador, como Folha de S. Paulo, O Estado de S. Paulo, Di\\u00e1rio Popular, entre outros. Ao transferir a revista vitrine, vers\\u00e3o imprensa, de S\\u00e3o Paulo para Ibi\\u00fana h\\u00e1 alguns anos, iniciou uma nova experi\\u00eancia profissional, dedicando-se ao jornalismo regional, depois de cumprir uma trajet\\u00f3ria bem-sucedida na grande imprensa brasileira. Seu primeiro livro A Coragem de Comunicar foi lan\\u00e7ado na Bienal do Livro em S\\u00e3o Paulo no ano 2000, pela editora Madras.\"}]}<\/script>\n<!-- \/ Yoast SEO plugin. -->","_links":{"self":[{"href":"https:\/\/revistavitrineibiuna.com.br\/index.php?rest_route=\/wp\/v2\/posts\/33634"}],"collection":[{"href":"https:\/\/revistavitrineibiuna.com.br\/index.php?rest_route=\/wp\/v2\/posts"}],"about":[{"href":"https:\/\/revistavitrineibiuna.com.br\/index.php?rest_route=\/wp\/v2\/types\/post"}],"author":[{"embeddable":true,"href":"https:\/\/revistavitrineibiuna.com.br\/index.php?rest_route=\/wp\/v2\/users\/1"}],"replies":[{"embeddable":true,"href":"https:\/\/revistavitrineibiuna.com.br\/index.php?rest_route=%2Fwp%2Fv2%2Fcomments&post=33634"}],"version-history":[{"count":4,"href":"https:\/\/revistavitrineibiuna.com.br\/index.php?rest_route=\/wp\/v2\/posts\/33634\/revisions"}],"predecessor-version":[{"id":33646,"href":"https:\/\/revistavitrineibiuna.com.br\/index.php?rest_route=\/wp\/v2\/posts\/33634\/revisions\/33646"}],"wp:featuredmedia":[{"embeddable":true,"href":"https:\/\/revistavitrineibiuna.com.br\/index.php?rest_route=\/wp\/v2\/media\/33635"}],"wp:attachment":[{"href":"https:\/\/revistavitrineibiuna.com.br\/index.php?rest_route=%2Fwp%2Fv2%2Fmedia&parent=33634"}],"wp:term":[{"taxonomy":"category","embeddable":true,"href":"https:\/\/revistavitrineibiuna.com.br\/index.php?rest_route=%2Fwp%2Fv2%2Fcategories&post=33634"},{"taxonomy":"post_tag","embeddable":true,"href":"https:\/\/revistavitrineibiuna.com.br\/index.php?rest_route=%2Fwp%2Fv2%2Ftags&post=33634"}],"curies":[{"name":"wp","href":"https:\/\/api.w.org\/{rel}","templated":true}]}}