{"id":33647,"date":"2025-07-23T18:10:38","date_gmt":"2025-07-23T21:10:38","guid":{"rendered":"http:\/\/revistavitrineibiuna.com.br\/?p=33647"},"modified":"2025-07-24T13:17:11","modified_gmt":"2025-07-24T16:17:11","slug":"ibiuna-em-assembleia-professores-da-rede-basica-decidem-parar-na-segunda-feira","status":"publish","type":"post","link":"https:\/\/revistavitrineibiuna.com.br\/?p=33647","title":{"rendered":"IBI\u00daNA &#8211; EM ASSEMBLEIA, PROFESSORES DA REDE B\u00c1SICA DECIDEM PARAR NA SEGUNDA-FEIRA"},"content":{"rendered":"\n<p class=\"has-drop-cap\"><strong>Em assembleia geral extraordin\u00e1ria realizada na manh\u00e3 de hoje (23) em frente ao Pa\u00e7o Municipal de Ibi\u00fana, professoras da rede b\u00e1sica e infantil decidiram parar as atividades na pr\u00f3xima segunda-feira, quando as aulas dever\u00e3o ser retomadas, depois das f\u00e9rias.<\/strong><\/p>\n\n\n\n<p><strong>Cerca de 100 docentes participaram do ato convocado pelo Sindicato dos Servidores da Est\u00e2ncia Tur\u00edstica de S\u00e3o Roque, Ibi\u00fana e Ara\u00e7ariguama. A convoca\u00e7\u00e3o j\u00e1 previa a possibilidade de paralisa\u00e7\u00e3o, caso a prefeitura n\u00e3o efetivasse o pagamento do piso nacional da educa\u00e7\u00e3o.<\/strong><\/p>\n\n\n\n<p><strong>Houve duas reuni\u00f5es com participa\u00e7\u00e3o de uma comiss\u00e3o constitu\u00edda pela presidente da entidade, Patr\u00edcia Bueno Lisboa, professoras e uma integrante do Conselho Municipal da Educa\u00e7\u00e3o. Pela prefeitura participaram pelo menos sete secret\u00e1rios, entre os quais o da administra\u00e7\u00e3o e o da educa\u00e7\u00e3o.<\/strong><\/p>\n\n\n\n<p><strong>Ap\u00f3s a primeira etapa, Lisboa desceu para informar as docentes que a prefeitura havia pedido um novo encontro para o dia 6 de agosto, com o objetivo de concluir os estudos do impacto financeiro da medida, inicialmente calculado em R$ 1.900.000,00 mensais.<\/strong><\/p>\n\n\n\n<p><strong>Por unanimidade, as professoras n\u00e3o aceitaram a proposta. Houve troca de ideias e se concluiu que a melhor data ser\u00e1 conhecer a posi\u00e7\u00e3o da municipalidade na segunda-feira, \u00e0s 11h, quando haver\u00e1 nova assembleia, pois o Executivo tem pelo menos 48 horas para se manifestar.<\/strong><\/p>\n\n\n\n<figure class=\"wp-block-image size-large\"><img loading=\"lazy\" width=\"720\" height=\"687\" src=\"https:\/\/revistavitrineibiuna.com.br\/wp-content\/uploads\/2025\/07\/piso-nacional1.png\" alt=\"\" class=\"wp-image-33651\" srcset=\"https:\/\/revistavitrineibiuna.com.br\/wp-content\/uploads\/2025\/07\/piso-nacional1.png 720w, https:\/\/revistavitrineibiuna.com.br\/wp-content\/uploads\/2025\/07\/piso-nacional1-300x286.png 300w\" sizes=\"(max-width: 720px) 100vw, 720px\" \/><figcaption>Patr\u00edcia: por unanimidade a categoria aprovou a paralisa\u00e7\u00e3o na segunda-feira (28)<\/figcaption><\/figure>\n\n\n\n<p><strong>Mais uma vez e por unanimidade, sem que se chegasse a um acordo com o Executivo, foi aprovado esse prazo. Os professores dever\u00e3o comparecer nas unidades escolares na sexta-feira quando n\u00e3o haver\u00e1 aula e ser\u00e3o tratados apenas aspectos pedag\u00f3gicos do pr\u00f3ximo semestre.<\/strong><\/p>\n\n\n\n<p><strong>Na segunda-feira, caso a prefeitura n\u00e3o apresente uma solu\u00e7\u00e3o aceit\u00e1vel, ent\u00e3o a categoria poder\u00e1 instaurar estado de greve.<\/strong><\/p>\n\n\n\n<p><strong>Durante as explana\u00e7\u00f5es de Lisboa, a narrativa sobre o status da reuni\u00e3o no gabinete, a professora Janete Soares pediu a palavra para manifestar que esse problema vem se arrastando, com promessas feitas desde 2023, sem, no entanto, a reivindica\u00e7\u00e3o desse direito ser atendida.<\/strong><\/p>\n\n\n\n<figure class=\"wp-block-image size-large\"><img loading=\"lazy\" width=\"699\" height=\"1024\" src=\"https:\/\/revistavitrineibiuna.com.br\/wp-content\/uploads\/2025\/07\/piso-nacional-2-699x1024.png\" alt=\"\" class=\"wp-image-33654\" srcset=\"https:\/\/revistavitrineibiuna.com.br\/wp-content\/uploads\/2025\/07\/piso-nacional-2-699x1024.png 699w, https:\/\/revistavitrineibiuna.com.br\/wp-content\/uploads\/2025\/07\/piso-nacional-2-205x300.png 205w, https:\/\/revistavitrineibiuna.com.br\/wp-content\/uploads\/2025\/07\/piso-nacional-2.png 717w\" sizes=\"(max-width: 699px) 100vw, 699px\" \/><figcaption>Integrantes da comiss\u00e3o sobem a escada rumo \u00e0 sala de reuni\u00e3o no gabinete<\/figcaption><\/figure>\n\n\n\n<p><strong>Atualmente, o piso nacional da educa\u00e7\u00e3o \u00e9 de R$ 4.867,77 por 40 horas semanais, mas n\u00e3o se sabe a situa\u00e7\u00e3o real, pois h\u00e1 professores mais antigos que recebem esse valor, mas em decorr\u00eancia da longa carreira que agrega valores naturais, como quinqu\u00eanios. Na realidade, os valores deveriam ser agregados sobre o piso nacional, que assegura o pagamento de R$ 24,33\/hora aula, o que n\u00e3o est\u00e1 acontecendo.<\/strong><\/p>\n\n\n\n<p><strong>Os professores que d\u00e3o 30 horas aulas semanais deveriam receber, tendo como refer\u00eancia, o piso nacional o montante de R$ 3.650,52, mas, na realidade, no holerite vem R$ 2.935,90. Na m\u00e9dia, cada professor tanto os das 40 horas semanais quanto os que se dedicam a 30 horas semanais est\u00e3o tendo uma perda m\u00e9dia mensal de R$ 700,00.<\/strong><\/p>\n\n\n\n<p><strong>\u201cSer\u00e1 que eles n\u00e3o veem que todos os produtos, sobretudo alimenta\u00e7\u00e3o, t\u00eam aumentado pre\u00e7o, &nbsp;e que nosso poder de compra est\u00e1 reduzido?\u201d, indagou uma professora.<\/strong><\/p>\n\n\n\n<figure class=\"wp-block-image size-large\"><img loading=\"lazy\" width=\"1024\" height=\"643\" src=\"https:\/\/revistavitrineibiuna.com.br\/wp-content\/uploads\/2025\/07\/piso-nacional-3-1024x643.png\" alt=\"\" class=\"wp-image-33657\" srcset=\"https:\/\/revistavitrineibiuna.com.br\/wp-content\/uploads\/2025\/07\/piso-nacional-3-1024x643.png 1024w, https:\/\/revistavitrineibiuna.com.br\/wp-content\/uploads\/2025\/07\/piso-nacional-3-300x188.png 300w, https:\/\/revistavitrineibiuna.com.br\/wp-content\/uploads\/2025\/07\/piso-nacional-3-768x482.png 768w, https:\/\/revistavitrineibiuna.com.br\/wp-content\/uploads\/2025\/07\/piso-nacional-3-1536x965.png 1536w, https:\/\/revistavitrineibiuna.com.br\/wp-content\/uploads\/2025\/07\/piso-nacional-3.png 1551w\" sizes=\"(max-width: 1024px) 100vw, 1024px\" \/><figcaption>Professores aguardam resultado das reuni\u00f5es em frente ao Pa\u00e7o Municipl<\/figcaption><\/figure>\n\n\n\n<p><strong>PAPEL HIGI\u00caNICO<\/strong><\/p>\n\n\n\n<p><strong>Na segunda reuni\u00e3o, em que a presidente do sindicato fez a leitura da ata que recebeu a assinatura dos participantes, foi lembrado outro assunto: falta de papel higi\u00eanico nas escolas.<\/strong><\/p>\n\n\n\n<p><strong>O fato foi admitido como real. Um secret\u00e1rio informou que os pedidos de papel higi\u00eanico j\u00e1 haviam sido feitos e que o material dever\u00e1 ser entregue \u00e0s escolas, mas sem data anunciada.<\/strong><\/p>\n\n\n\n<p><strong>ATUALIZA\u00c7\u00c3O<\/strong><\/p>\n\n\n\n<p><strong>Segundo declara\u00e7\u00e3o divultada hoje (24) da presidente do sindicato, o munic\u00edpio de Ibi\u00fana recebe os  repasses do governo federal para pagar o piso nacional da educa\u00e7\u00e3o desde 2008, quando foi criado pelo Gooverno Federal. Mas, desde 2020 n\u00e3o vem sendo pago aos professores da rede<\/strong> <strong>de ensino municipal de Ibi\u00fana.<\/strong><\/p>\n","protected":false},"excerpt":{"rendered":"<p>Em assembleia geral extraordin\u00e1ria realizada na manh\u00e3 de hoje (23) em frente ao Pa\u00e7o Municipal de Ibi\u00fana, professoras da rede<\/p>\n","protected":false},"author":1,"featured_media":33648,"comment_status":"open","ping_status":"open","sticky":false,"template":"","format":"standard","meta":[],"categories":[3],"tags":[],"yoast_head":"<!-- This site is optimized with the Yoast SEO plugin v15.8 - https:\/\/yoast.com\/wordpress\/plugins\/seo\/ -->\n<title>IBI\u00daNA - EM ASSEMBLEIA, PROFESSORES DA REDE B\u00c1SICA DECIDEM PARAR NA SEGUNDA-FEIRA - Revista Vitrine Online<\/title>\n<meta name=\"robots\" content=\"index, follow, max-snippet:-1, max-image-preview:large, max-video-preview:-1\" \/>\n<link rel=\"canonical\" href=\"https:\/\/revistavitrineibiuna.com.br\/?p=33647\" \/>\n<meta property=\"og:locale\" content=\"pt_BR\" \/>\n<meta property=\"og:type\" content=\"article\" \/>\n<meta property=\"og:title\" content=\"IBI\u00daNA - EM ASSEMBLEIA, PROFESSORES DA REDE B\u00c1SICA DECIDEM PARAR NA SEGUNDA-FEIRA - Revista Vitrine Online\" \/>\n<meta property=\"og:description\" content=\"Em assembleia geral extraordin\u00e1ria realizada na manh\u00e3 de hoje (23) em frente ao Pa\u00e7o Municipal de Ibi\u00fana, professoras da rede\" \/>\n<meta property=\"og:url\" content=\"https:\/\/revistavitrineibiuna.com.br\/?p=33647\" \/>\n<meta property=\"og:site_name\" content=\"Revista Vitrine Online\" \/>\n<meta property=\"article:published_time\" content=\"2025-07-23T21:10:38+00:00\" \/>\n<meta property=\"article:modified_time\" content=\"2025-07-24T16:17:11+00:00\" \/>\n<meta property=\"og:image\" content=\"https:\/\/revistavitrineibiuna.com.br\/wp-content\/uploads\/2025\/07\/piso-nacional-5.png\" \/>\n\t<meta property=\"og:image:width\" content=\"715\" \/>\n\t<meta property=\"og:image:height\" content=\"493\" \/>\n<meta name=\"twitter:card\" content=\"summary\" \/>\n<meta name=\"twitter:label1\" content=\"Est. reading time\">\n\t<meta name=\"twitter:data1\" content=\"4 minutos\">\n<script type=\"application\/ld+json\" class=\"yoast-schema-graph\">{\"@context\":\"https:\/\/schema.org\",\"@graph\":[{\"@type\":\"WebSite\",\"@id\":\"https:\/\/revistavitrineibiuna.com.br\/#website\",\"url\":\"https:\/\/revistavitrineibiuna.com.br\/\",\"name\":\"Revista Vitrine Ibi\\u00fana\",\"description\":\"A Revista de Ibi\\u00fana e Regi\\u00e3o\",\"publisher\":{\"@id\":\"https:\/\/revistavitrineibiuna.com.br\/#\/schema\/person\/e51ef49d6d88170ea21ceabff3f73deb\"},\"potentialAction\":[{\"@type\":\"SearchAction\",\"target\":\"https:\/\/revistavitrineibiuna.com.br\/?s={search_term_string}\",\"query-input\":\"required name=search_term_string\"}],\"inLanguage\":\"pt-BR\"},{\"@type\":\"ImageObject\",\"@id\":\"https:\/\/revistavitrineibiuna.com.br\/?p=33647#primaryimage\",\"inLanguage\":\"pt-BR\",\"url\":\"https:\/\/revistavitrineibiuna.com.br\/wp-content\/uploads\/2025\/07\/piso-nacional-5.png\",\"width\":715,\"height\":493},{\"@type\":\"WebPage\",\"@id\":\"https:\/\/revistavitrineibiuna.com.br\/?p=33647#webpage\",\"url\":\"https:\/\/revistavitrineibiuna.com.br\/?p=33647\",\"name\":\"IBI\\u00daNA - EM ASSEMBLEIA, PROFESSORES DA REDE B\\u00c1SICA DECIDEM PARAR NA SEGUNDA-FEIRA - Revista Vitrine Online\",\"isPartOf\":{\"@id\":\"https:\/\/revistavitrineibiuna.com.br\/#website\"},\"primaryImageOfPage\":{\"@id\":\"https:\/\/revistavitrineibiuna.com.br\/?p=33647#primaryimage\"},\"datePublished\":\"2025-07-23T21:10:38+00:00\",\"dateModified\":\"2025-07-24T16:17:11+00:00\",\"breadcrumb\":{\"@id\":\"https:\/\/revistavitrineibiuna.com.br\/?p=33647#breadcrumb\"},\"inLanguage\":\"pt-BR\",\"potentialAction\":[{\"@type\":\"ReadAction\",\"target\":[\"https:\/\/revistavitrineibiuna.com.br\/?p=33647\"]}]},{\"@type\":\"BreadcrumbList\",\"@id\":\"https:\/\/revistavitrineibiuna.com.br\/?p=33647#breadcrumb\",\"itemListElement\":[{\"@type\":\"ListItem\",\"position\":1,\"item\":{\"@type\":\"WebPage\",\"@id\":\"https:\/\/revistavitrineibiuna.com.br\/\",\"url\":\"https:\/\/revistavitrineibiuna.com.br\/\",\"name\":\"In\\u00edcio\"}},{\"@type\":\"ListItem\",\"position\":2,\"item\":{\"@type\":\"WebPage\",\"@id\":\"https:\/\/revistavitrineibiuna.com.br\/?p=33647\",\"url\":\"https:\/\/revistavitrineibiuna.com.br\/?p=33647\",\"name\":\"IBI\\u00daNA &#8211; EM ASSEMBLEIA, PROFESSORES DA REDE B\\u00c1SICA DECIDEM PARAR NA SEGUNDA-FEIRA\"}}]},{\"@type\":\"Article\",\"@id\":\"https:\/\/revistavitrineibiuna.com.br\/?p=33647#article\",\"isPartOf\":{\"@id\":\"https:\/\/revistavitrineibiuna.com.br\/?p=33647#webpage\"},\"author\":{\"@id\":\"https:\/\/revistavitrineibiuna.com.br\/#\/schema\/person\/e51ef49d6d88170ea21ceabff3f73deb\"},\"headline\":\"IBI\\u00daNA &#8211; EM ASSEMBLEIA, PROFESSORES DA REDE B\\u00c1SICA DECIDEM PARAR NA SEGUNDA-FEIRA\",\"datePublished\":\"2025-07-23T21:10:38+00:00\",\"dateModified\":\"2025-07-24T16:17:11+00:00\",\"mainEntityOfPage\":{\"@id\":\"https:\/\/revistavitrineibiuna.com.br\/?p=33647#webpage\"},\"commentCount\":0,\"publisher\":{\"@id\":\"https:\/\/revistavitrineibiuna.com.br\/#\/schema\/person\/e51ef49d6d88170ea21ceabff3f73deb\"},\"image\":{\"@id\":\"https:\/\/revistavitrineibiuna.com.br\/?p=33647#primaryimage\"},\"articleSection\":\"Not\\u00edcias\",\"inLanguage\":\"pt-BR\",\"potentialAction\":[{\"@type\":\"CommentAction\",\"name\":\"Comment\",\"target\":[\"https:\/\/revistavitrineibiuna.com.br\/?p=33647#respond\"]}]},{\"@type\":[\"Person\",\"Organization\"],\"@id\":\"https:\/\/revistavitrineibiuna.com.br\/#\/schema\/person\/e51ef49d6d88170ea21ceabff3f73deb\",\"name\":\"Carlos Rossini\",\"image\":{\"@type\":\"ImageObject\",\"@id\":\"https:\/\/revistavitrineibiuna.com.br\/#personlogo\",\"inLanguage\":\"pt-BR\",\"url\":\"https:\/\/secure.gravatar.com\/avatar\/4f2d0f99fac1f85c7d643f21f5c8d900?s=96&d=mm&r=g\",\"caption\":\"Carlos Rossini\"},\"logo\":{\"@id\":\"https:\/\/revistavitrineibiuna.com.br\/#personlogo\"},\"description\":\"Carlos Rossini \\u00e9 jornalista, soci\\u00f3logo, escritor e professor universit\\u00e1rio, tendo sido professor de jornalismo por vinte anos. Trabalhou em ve\\u00edculos de comunica\\u00e7\\u00e3o nas fun\\u00e7\\u00f5es de rep\\u00f3rter, redator, editor, articulista e colaborador, como Folha de S. Paulo, O Estado de S. Paulo, Di\\u00e1rio Popular, entre outros. Ao transferir a revista vitrine, vers\\u00e3o imprensa, de S\\u00e3o Paulo para Ibi\\u00fana h\\u00e1 alguns anos, iniciou uma nova experi\\u00eancia profissional, dedicando-se ao jornalismo regional, depois de cumprir uma trajet\\u00f3ria bem-sucedida na grande imprensa brasileira. Seu primeiro livro A Coragem de Comunicar foi lan\\u00e7ado na Bienal do Livro em S\\u00e3o Paulo no ano 2000, pela editora Madras.\"}]}<\/script>\n<!-- \/ Yoast SEO plugin. -->","_links":{"self":[{"href":"https:\/\/revistavitrineibiuna.com.br\/index.php?rest_route=\/wp\/v2\/posts\/33647"}],"collection":[{"href":"https:\/\/revistavitrineibiuna.com.br\/index.php?rest_route=\/wp\/v2\/posts"}],"about":[{"href":"https:\/\/revistavitrineibiuna.com.br\/index.php?rest_route=\/wp\/v2\/types\/post"}],"author":[{"embeddable":true,"href":"https:\/\/revistavitrineibiuna.com.br\/index.php?rest_route=\/wp\/v2\/users\/1"}],"replies":[{"embeddable":true,"href":"https:\/\/revistavitrineibiuna.com.br\/index.php?rest_route=%2Fwp%2Fv2%2Fcomments&post=33647"}],"version-history":[{"count":13,"href":"https:\/\/revistavitrineibiuna.com.br\/index.php?rest_route=\/wp\/v2\/posts\/33647\/revisions"}],"predecessor-version":[{"id":33679,"href":"https:\/\/revistavitrineibiuna.com.br\/index.php?rest_route=\/wp\/v2\/posts\/33647\/revisions\/33679"}],"wp:featuredmedia":[{"embeddable":true,"href":"https:\/\/revistavitrineibiuna.com.br\/index.php?rest_route=\/wp\/v2\/media\/33648"}],"wp:attachment":[{"href":"https:\/\/revistavitrineibiuna.com.br\/index.php?rest_route=%2Fwp%2Fv2%2Fmedia&parent=33647"}],"wp:term":[{"taxonomy":"category","embeddable":true,"href":"https:\/\/revistavitrineibiuna.com.br\/index.php?rest_route=%2Fwp%2Fv2%2Fcategories&post=33647"},{"taxonomy":"post_tag","embeddable":true,"href":"https:\/\/revistavitrineibiuna.com.br\/index.php?rest_route=%2Fwp%2Fv2%2Ftags&post=33647"}],"curies":[{"name":"wp","href":"https:\/\/api.w.org\/{rel}","templated":true}]}}