{"id":33668,"date":"2025-07-24T11:05:39","date_gmt":"2025-07-24T14:05:39","guid":{"rendered":"http:\/\/revistavitrineibiuna.com.br\/?p=33668"},"modified":"2025-07-24T11:35:40","modified_gmt":"2025-07-24T14:35:40","slug":"aos-professores-de-ibiuna-com-carinho","status":"publish","type":"post","link":"https:\/\/revistavitrineibiuna.com.br\/?p=33668","title":{"rendered":"Aos professores de Ibi\u00fana, com carinho!"},"content":{"rendered":"\n<p class=\"has-drop-cap\"><strong>Quem acompanhou nesta quarta-feira (23) a assembleia dos professores de Ibi\u00fana, na frente do Pa\u00e7o Municipal, em defesa do direito de receber o piso nacional da educa\u00e7\u00e3o, p\u00f4de ouvir suas queixas que refletem um largo e antigo espectro de desrespeito.<\/strong><\/p>\n\n\n\n<p><strong>[\u00c9 preciso ressalvar que essa quest\u00e3o n\u00e3o se originou no atual governo de Ibi\u00fana, ao qual, no entanto, caber\u00e1 encontrar a solu\u00e7\u00e3o.]<\/strong><\/p>\n\n\n\n<p><strong>Apresentaram aos secret\u00e1rios municipais em duas reuni\u00f5es realizadas numa sala do gabinete [o prefeito e o vice-prefeito estavam fora da prefeitura] a demanda principal, mas tamb\u00e9m mencionaram um assunto aparentemente irris\u00f3rio, mas de extremo significado simb\u00f3lico: a falta papel higi\u00eanico nas escolas.<\/strong><\/p>\n\n\n\n<p><strong>N\u00e3o \u00e9 de hoje que as mestras [a maioria absoluta s\u00e3o mulheres] se viram nos trinta para ter condi\u00e7\u00f5es m\u00ednimas para exercer sua profiss\u00e3o essencial para a forma\u00e7\u00e3o de crian\u00e7as e adolescentes para a vida.<\/strong><\/p>\n\n\n\n<p><strong>Vitrine online tem uma cole\u00e7\u00e3o de not\u00edcias sobre suas manifesta\u00e7\u00f5es. Em mar\u00e7o de 2015, para ficar num exemplo, centenas delas sa\u00edram pelas ruas centrais da cidade e se concentraram em frente \u00e0 prefeitura para \u201cexigir condi\u00e7\u00f5es m\u00ednimas de trabalho\u201d.<\/strong><\/p>\n\n\n\n<p><strong>E, na assembleia de ontem, quando ficou decidido que a categoria vai parar na segunda-feira (28), n\u00e3o a totalidade das professoras porque essa atividade \u00e9 considerada pela lei essencial e n\u00e3o se pode prejudicar o ensino das crian\u00e7as.<\/strong><\/p>\n\n\n\n<p><strong>Segundo o sindicato da categoria 70% delas devem comparecer \u00e0s salas de aula enquanto 30% continuar\u00e3o \u00e0 frente do movimento j\u00e1 na mesma segunda-feira, \u00e1s 11h, em frente ao Pa\u00e7o Municipal, quando esperam receber a decis\u00e3o do Executivo sobre o direito reivindicado.<\/strong><\/p>\n\n\n\n<p><strong>O sindicato postou um v\u00eddeo pedindo aos pais que colaborem com o movimento e deixem seus filhos\u00a0 em casa na segunda-feira porque, afinal, os professores precisam ter seu direito salarial respeitado. Eles est\u00e3o recebendo menos do que R$ 24,33 por hora aula, conforme determina o piso nacional da educa\u00e7\u00e3o.<\/strong><\/p>\n\n\n\n<p><strong>Vitrine online lembra que o prefeito M\u00e1rio Pires foi eleito com a mais extraordin\u00e1ria quantidade de votos da hist\u00f3ria pol\u00edtica do munic\u00edpio.<\/strong><\/p>\n\n\n\n<p><strong>Na elei\u00e7\u00e3o de outubro de 2024, se notabilizou, entre outros motivos, por seu questionamento, na condi\u00e7\u00e3o de presidente do CACS-Fundeb, em rela\u00e7\u00e3o \u00e0s verbas recebidas do Fundeb destinadas ao pagamento dos professores que ficou na marca do p\u00eanalti para servir de base para um pedido de cassa\u00e7\u00e3o do prefeito.<\/strong><\/p>\n\n\n\n<p><strong>S\u00e3o esses mesmos professores que esperam agora que ele se sensibilize a fim de corrigir um erro, que certamente n\u00e3o lhe cabe, mas que se apresenta como um dever de quem foi eleito como personagem central de uma enorme esperan\u00e7a.<\/strong><\/p>\n\n\n\n<p><strong>Estamos confiantes de que, na condi\u00e7\u00e3o de advogado e defensor da justi\u00e7a, o prefeito de Ibi\u00fana saber\u00e1 agir com sabedoria. (C.R.)<\/strong><\/p>\n","protected":false},"excerpt":{"rendered":"<p>Quem acompanhou nesta quarta-feira (23) a assembleia dos professores de Ibi\u00fana, na frente do Pa\u00e7o Municipal, em defesa do direito<\/p>\n","protected":false},"author":1,"featured_media":33669,"comment_status":"open","ping_status":"open","sticky":false,"template":"","format":"standard","meta":[],"categories":[3],"tags":[],"yoast_head":"<!-- This site is optimized with the Yoast SEO plugin v15.8 - https:\/\/yoast.com\/wordpress\/plugins\/seo\/ -->\n<title>Aos professores de Ibi\u00fana, com carinho! - Revista Vitrine Online<\/title>\n<meta name=\"robots\" content=\"index, follow, max-snippet:-1, max-image-preview:large, max-video-preview:-1\" \/>\n<link rel=\"canonical\" href=\"http:\/\/revistavitrineibiuna.com.br\/?p=33668\" \/>\n<meta property=\"og:locale\" content=\"pt_BR\" \/>\n<meta property=\"og:type\" content=\"article\" \/>\n<meta property=\"og:title\" content=\"Aos professores de Ibi\u00fana, com carinho! - Revista Vitrine Online\" \/>\n<meta property=\"og:description\" content=\"Quem acompanhou nesta quarta-feira (23) a assembleia dos professores de Ibi\u00fana, na frente do Pa\u00e7o Municipal, em defesa do direito\" \/>\n<meta property=\"og:url\" content=\"http:\/\/revistavitrineibiuna.com.br\/?p=33668\" \/>\n<meta property=\"og:site_name\" content=\"Revista Vitrine Online\" \/>\n<meta property=\"article:published_time\" content=\"2025-07-24T14:05:39+00:00\" \/>\n<meta property=\"article:modified_time\" content=\"2025-07-24T14:35:40+00:00\" \/>\n<meta property=\"og:image\" content=\"https:\/\/revistavitrineibiuna.com.br\/wp-content\/uploads\/2025\/07\/aos-professores-com-carinho.png\" \/>\n\t<meta property=\"og:image:width\" content=\"628\" \/>\n\t<meta property=\"og:image:height\" content=\"412\" \/>\n<meta name=\"twitter:card\" content=\"summary\" \/>\n<meta name=\"twitter:label1\" content=\"Est. reading time\">\n\t<meta name=\"twitter:data1\" content=\"2 minutos\">\n<script type=\"application\/ld+json\" class=\"yoast-schema-graph\">{\"@context\":\"https:\/\/schema.org\",\"@graph\":[{\"@type\":\"WebSite\",\"@id\":\"https:\/\/revistavitrineibiuna.com.br\/#website\",\"url\":\"https:\/\/revistavitrineibiuna.com.br\/\",\"name\":\"Revista Vitrine Ibi\\u00fana\",\"description\":\"A Revista de Ibi\\u00fana e Regi\\u00e3o\",\"publisher\":{\"@id\":\"https:\/\/revistavitrineibiuna.com.br\/#\/schema\/person\/e51ef49d6d88170ea21ceabff3f73deb\"},\"potentialAction\":[{\"@type\":\"SearchAction\",\"target\":\"https:\/\/revistavitrineibiuna.com.br\/?s={search_term_string}\",\"query-input\":\"required name=search_term_string\"}],\"inLanguage\":\"pt-BR\"},{\"@type\":\"ImageObject\",\"@id\":\"http:\/\/revistavitrineibiuna.com.br\/?p=33668#primaryimage\",\"inLanguage\":\"pt-BR\",\"url\":\"https:\/\/revistavitrineibiuna.com.br\/wp-content\/uploads\/2025\/07\/aos-professores-com-carinho.png\",\"width\":628,\"height\":412},{\"@type\":\"WebPage\",\"@id\":\"http:\/\/revistavitrineibiuna.com.br\/?p=33668#webpage\",\"url\":\"http:\/\/revistavitrineibiuna.com.br\/?p=33668\",\"name\":\"Aos professores de Ibi\\u00fana, com carinho! - Revista Vitrine Online\",\"isPartOf\":{\"@id\":\"https:\/\/revistavitrineibiuna.com.br\/#website\"},\"primaryImageOfPage\":{\"@id\":\"http:\/\/revistavitrineibiuna.com.br\/?p=33668#primaryimage\"},\"datePublished\":\"2025-07-24T14:05:39+00:00\",\"dateModified\":\"2025-07-24T14:35:40+00:00\",\"breadcrumb\":{\"@id\":\"http:\/\/revistavitrineibiuna.com.br\/?p=33668#breadcrumb\"},\"inLanguage\":\"pt-BR\",\"potentialAction\":[{\"@type\":\"ReadAction\",\"target\":[\"http:\/\/revistavitrineibiuna.com.br\/?p=33668\"]}]},{\"@type\":\"BreadcrumbList\",\"@id\":\"http:\/\/revistavitrineibiuna.com.br\/?p=33668#breadcrumb\",\"itemListElement\":[{\"@type\":\"ListItem\",\"position\":1,\"item\":{\"@type\":\"WebPage\",\"@id\":\"https:\/\/revistavitrineibiuna.com.br\/\",\"url\":\"https:\/\/revistavitrineibiuna.com.br\/\",\"name\":\"In\\u00edcio\"}},{\"@type\":\"ListItem\",\"position\":2,\"item\":{\"@type\":\"WebPage\",\"@id\":\"http:\/\/revistavitrineibiuna.com.br\/?p=33668\",\"url\":\"http:\/\/revistavitrineibiuna.com.br\/?p=33668\",\"name\":\"Aos professores de Ibi\\u00fana, com carinho!\"}}]},{\"@type\":\"Article\",\"@id\":\"http:\/\/revistavitrineibiuna.com.br\/?p=33668#article\",\"isPartOf\":{\"@id\":\"http:\/\/revistavitrineibiuna.com.br\/?p=33668#webpage\"},\"author\":{\"@id\":\"https:\/\/revistavitrineibiuna.com.br\/#\/schema\/person\/e51ef49d6d88170ea21ceabff3f73deb\"},\"headline\":\"Aos professores de Ibi\\u00fana, com carinho!\",\"datePublished\":\"2025-07-24T14:05:39+00:00\",\"dateModified\":\"2025-07-24T14:35:40+00:00\",\"mainEntityOfPage\":{\"@id\":\"http:\/\/revistavitrineibiuna.com.br\/?p=33668#webpage\"},\"commentCount\":0,\"publisher\":{\"@id\":\"https:\/\/revistavitrineibiuna.com.br\/#\/schema\/person\/e51ef49d6d88170ea21ceabff3f73deb\"},\"image\":{\"@id\":\"http:\/\/revistavitrineibiuna.com.br\/?p=33668#primaryimage\"},\"articleSection\":\"Not\\u00edcias\",\"inLanguage\":\"pt-BR\",\"potentialAction\":[{\"@type\":\"CommentAction\",\"name\":\"Comment\",\"target\":[\"http:\/\/revistavitrineibiuna.com.br\/?p=33668#respond\"]}]},{\"@type\":[\"Person\",\"Organization\"],\"@id\":\"https:\/\/revistavitrineibiuna.com.br\/#\/schema\/person\/e51ef49d6d88170ea21ceabff3f73deb\",\"name\":\"Carlos Rossini\",\"image\":{\"@type\":\"ImageObject\",\"@id\":\"https:\/\/revistavitrineibiuna.com.br\/#personlogo\",\"inLanguage\":\"pt-BR\",\"url\":\"https:\/\/secure.gravatar.com\/avatar\/4f2d0f99fac1f85c7d643f21f5c8d900?s=96&d=mm&r=g\",\"caption\":\"Carlos Rossini\"},\"logo\":{\"@id\":\"https:\/\/revistavitrineibiuna.com.br\/#personlogo\"},\"description\":\"Carlos Rossini \\u00e9 jornalista, soci\\u00f3logo, escritor e professor universit\\u00e1rio, tendo sido professor de jornalismo por vinte anos. Trabalhou em ve\\u00edculos de comunica\\u00e7\\u00e3o nas fun\\u00e7\\u00f5es de rep\\u00f3rter, redator, editor, articulista e colaborador, como Folha de S. Paulo, O Estado de S. Paulo, Di\\u00e1rio Popular, entre outros. Ao transferir a revista vitrine, vers\\u00e3o imprensa, de S\\u00e3o Paulo para Ibi\\u00fana h\\u00e1 alguns anos, iniciou uma nova experi\\u00eancia profissional, dedicando-se ao jornalismo regional, depois de cumprir uma trajet\\u00f3ria bem-sucedida na grande imprensa brasileira. Seu primeiro livro A Coragem de Comunicar foi lan\\u00e7ado na Bienal do Livro em S\\u00e3o Paulo no ano 2000, pela editora Madras.\"}]}<\/script>\n<!-- \/ Yoast SEO plugin. -->","_links":{"self":[{"href":"https:\/\/revistavitrineibiuna.com.br\/index.php?rest_route=\/wp\/v2\/posts\/33668"}],"collection":[{"href":"https:\/\/revistavitrineibiuna.com.br\/index.php?rest_route=\/wp\/v2\/posts"}],"about":[{"href":"https:\/\/revistavitrineibiuna.com.br\/index.php?rest_route=\/wp\/v2\/types\/post"}],"author":[{"embeddable":true,"href":"https:\/\/revistavitrineibiuna.com.br\/index.php?rest_route=\/wp\/v2\/users\/1"}],"replies":[{"embeddable":true,"href":"https:\/\/revistavitrineibiuna.com.br\/index.php?rest_route=%2Fwp%2Fv2%2Fcomments&post=33668"}],"version-history":[{"count":6,"href":"https:\/\/revistavitrineibiuna.com.br\/index.php?rest_route=\/wp\/v2\/posts\/33668\/revisions"}],"predecessor-version":[{"id":33676,"href":"https:\/\/revistavitrineibiuna.com.br\/index.php?rest_route=\/wp\/v2\/posts\/33668\/revisions\/33676"}],"wp:featuredmedia":[{"embeddable":true,"href":"https:\/\/revistavitrineibiuna.com.br\/index.php?rest_route=\/wp\/v2\/media\/33669"}],"wp:attachment":[{"href":"https:\/\/revistavitrineibiuna.com.br\/index.php?rest_route=%2Fwp%2Fv2%2Fmedia&parent=33668"}],"wp:term":[{"taxonomy":"category","embeddable":true,"href":"https:\/\/revistavitrineibiuna.com.br\/index.php?rest_route=%2Fwp%2Fv2%2Fcategories&post=33668"},{"taxonomy":"post_tag","embeddable":true,"href":"https:\/\/revistavitrineibiuna.com.br\/index.php?rest_route=%2Fwp%2Fv2%2Ftags&post=33668"}],"curies":[{"name":"wp","href":"https:\/\/api.w.org\/{rel}","templated":true}]}}