{"id":33680,"date":"2025-07-25T08:12:03","date_gmt":"2025-07-25T11:12:03","guid":{"rendered":"http:\/\/revistavitrineibiuna.com.br\/?p=33680"},"modified":"2025-07-29T04:53:00","modified_gmt":"2025-07-29T07:53:00","slug":"governador-anuncia-duplicacao-da-bunjiro-nakao-em-toda-a-sua-extensao","status":"publish","type":"post","link":"https:\/\/revistavitrineibiuna.com.br\/?p=33680","title":{"rendered":"GOVERNADOR ANUNCIA DUPLICA\u00c7\u00c3O DA BUNJIRO NAKAO EM TODA A SUA EXTENS\u00c3O*"},"content":{"rendered":"\n<p class=\"has-drop-cap\"><strong>O governador Tarc\u00edsio de Freitas anunciou oficialmente nesta quinta-feira (24) a retomada da duplica\u00e7\u00e3o da rodovia Bunjiro Nakao, durante a abertura da Caravana 3D \u2013 Desenvolvimento, Dignidade e Di\u00e1logo, realizada no Parque Tecnol\u00f3gico de Sorocaba (PTS), com a participa\u00e7\u00e3o de prefeitos da regi\u00e3o.<\/strong><\/p>\n\n\n\n<p><strong>A novidade do an\u00fancio foi o fato de Freitas ter afirmado que a duplica\u00e7\u00e3o, que inicialmente seria realizada somente no trecho entre Vargem Grande a Ibi\u00fana, onde as obras est\u00e3o paralisadas h\u00e1 tr\u00eas anos, agora inclui o trecho at\u00e9 Piedade, com um investimento de R$ 129 milh\u00f5es.<\/strong><\/p>\n\n\n\n<p><strong>\u00c9 oportuno lembrar que o trajeto entre Ibi\u00fana e Piedade \u00e9 tamb\u00e9m perigoso por apresentar muitas curvas, com acidentes graves, e estar sujeito a inunda\u00e7\u00f5es com bloqueio da pista que t\u00eam gerando grande desconforto aos usu\u00e1rios da estrada.<\/strong><\/p>\n\n\n\n<p><strong>O governador disse que as obras de duplica\u00e7\u00e3o [a cargo da Motiva &#8211; CCR Sorocabana] deve se iniciar entre o fim de agosto e come\u00e7o de setembro e que ser\u00e3o entregues em junho de 2026.<\/strong><\/p>\n\n\n\n<p><strong>ESTADO DE GRA\u00c7A<\/strong><\/p>\n\n\n\n<figure class=\"wp-block-image size-large\"><img loading=\"lazy\" width=\"1024\" height=\"575\" src=\"https:\/\/revistavitrineibiuna.com.br\/wp-content\/uploads\/2025\/07\/00000001743392703110644930515.jpeg\" alt=\"\" class=\"wp-image-33683\" srcset=\"https:\/\/revistavitrineibiuna.com.br\/wp-content\/uploads\/2025\/07\/00000001743392703110644930515.jpeg 1024w, https:\/\/revistavitrineibiuna.com.br\/wp-content\/uploads\/2025\/07\/00000001743392703110644930515-300x168.jpeg 300w, https:\/\/revistavitrineibiuna.com.br\/wp-content\/uploads\/2025\/07\/00000001743392703110644930515-768x431.jpeg 768w\" sizes=\"(max-width: 1024px) 100vw, 1024px\" \/><figcaption>Tarc\u00edsio e Cristiane Freitas participam da solenidade de entrega de certificados do programa &#8220;Caminho da Capacita\u00e7\u00e3o&#8221;amanh\u00e3 em Ibi\u00fana<\/figcaption><\/figure>\n\n\n\n<p><strong>O prefeito M\u00e1rio Pires, do partido Republicano como Freitas, certamente se encontra em estado de gra\u00e7a nesta altura do seu governo, com essa not\u00edcia t\u00e3o aguardada pela popula\u00e7\u00e3o. E tamb\u00e9m porque o governador e a primeira-dama, Cristiane Freitas, estar\u00e3o neste s\u00e1bado em Ibi\u00fana para o grande evento da formatura do programa Caminho da Capacita\u00e7\u00e3o.<\/strong><\/p>\n\n\n\n<p><strong>Esse programa \u00e9 uma iniciativa do Governo do Estado de S\u00e3o Paulo, em parceria como Fundo Social de Solidariedade. Ibi\u00fana foi escolhida para o palco da cerim\u00f4nia que reunir\u00e1 cerca de 500 formandos de Ibi\u00fana, S\u00e3o Roque, Piedade, Mairinque, Alum\u00ednio e Ara\u00e7ariguama.<\/strong><\/p>\n\n\n\n<p><strong>Os cursos s\u00e3o oferecidos gratuitamente por meio de carretas adaptadas para sala de aula levando oportunidades a diversas regi\u00f5es do estado por meio do projeto SuperA\u00e7\u00e3o SP.<\/strong><\/p>\n\n\n\n<p><strong>Nota distribu\u00edda pela prefeitura de Ibi\u00fana esclarece que o programa prepara os participantes para o mercado de trabalho ou para o empreendedorismo com cursos em diversas \u00e1reas. Em Ibi\u00fana os cursos foram ministrados nas especialidades de gastronomia e beleza.<\/strong><\/p>\n\n\n\n<p><strong>M\u00e1rio Pires, o anfitri\u00e3o da formatura, afirmou que \u201cesse programa \u00e9 um exemplo de como a pol\u00edtica p\u00fablica pode ser eficiente e humanizada\u201d. Roberta Castanho, primeira-dama e presidente do Fundo Social de Solidariedade de Ibi\u00fana assinalou:<\/strong><\/p>\n\n\n\n<p><strong>\u201cEstamos celebrando mais do que uma formatura, estamos celebrando sonhos, conquistas e o in\u00edcio de novos caminhos.\u201d<\/strong><\/p>\n\n\n\n<p><strong>SOLENIDADE<\/strong><\/p>\n\n\n\n<p><strong>A cerim\u00f4nia de entrega dos certificados ser\u00e1 realizada neste s\u00e1bado (26), \u00e0s 15h, na \u00c1rea de Lazer 1, ao lado da Avenida Ant\u00f4nio Falci, no centro.<\/strong><\/p>\n\n\n\n<p><strong>ATUALIZA\u00c7\u00c3O <\/strong><\/p>\n\n\n\n<p><strong>Depois do evento em Ibi\u00fana, o governador seguir\u00e1 para a cidade de Itu, onde participar\u00e1 de cerim\u00f4nia com alunos do mesmo programa de Itu, Sorocaba, Salto e Votorantim na pra\u00e7a Washington Lu\u00eds, localizada no Jardim Est\u00e1dio.<\/strong><\/p>\n\n\n\n<ul><li><strong>ATEN\u00c7\u00c3O: Durante sua fala na solenidade de entrega de certificados aos alunos, sob uma grande tenda, o governador, contrariamente ao anunciara em um v\u00eddeo, dias antes, disse que a duplica\u00e7\u00e3o da Bunjiro Nakao acontecer\u00e1 apenas no trecho entre Vargem Grande Paulista e o centro de Ibi\u00fana e na avenida Ant\u00f4nio Falci, que contorna a cidade, o que significa que a duplica\u00e7\u00e3o n\u00e3o incluir\u00e1 o trecho entre Ibi\u00fana e Piedade, como aparece nesta not\u00edcia, que ficar\u00e1 para outros anos. Freitas tamb\u00e9m observou que ser\u00e1 feita uma nova ciclovia em decorr\u00eancia da necessidade do alargamento da pista da avenida Antonio Falci.<\/strong><\/li><\/ul>\n","protected":false},"excerpt":{"rendered":"<p>O governador Tarc\u00edsio de Freitas anunciou oficialmente nesta quinta-feira (24) a retomada da duplica\u00e7\u00e3o da rodovia Bunjiro Nakao, durante a<\/p>\n","protected":false},"author":1,"featured_media":33681,"comment_status":"open","ping_status":"open","sticky":false,"template":"","format":"standard","meta":[],"categories":[3],"tags":[],"yoast_head":"<!-- This site is optimized with the Yoast SEO plugin v15.8 - https:\/\/yoast.com\/wordpress\/plugins\/seo\/ -->\n<title>GOVERNADOR ANUNCIA DUPLICA\u00c7\u00c3O DA BUNJIRO NAKAO EM TODA A SUA EXTENS\u00c3O* - Revista Vitrine Online<\/title>\n<meta name=\"robots\" content=\"index, follow, max-snippet:-1, max-image-preview:large, max-video-preview:-1\" \/>\n<link rel=\"canonical\" href=\"http:\/\/revistavitrineibiuna.com.br\/?p=33680\" \/>\n<meta property=\"og:locale\" content=\"pt_BR\" \/>\n<meta property=\"og:type\" content=\"article\" \/>\n<meta property=\"og:title\" content=\"GOVERNADOR ANUNCIA DUPLICA\u00c7\u00c3O DA BUNJIRO NAKAO EM TODA A SUA EXTENS\u00c3O* - Revista Vitrine Online\" \/>\n<meta property=\"og:description\" content=\"O governador Tarc\u00edsio de Freitas anunciou oficialmente nesta quinta-feira (24) a retomada da duplica\u00e7\u00e3o da rodovia Bunjiro Nakao, durante a\" \/>\n<meta property=\"og:url\" content=\"http:\/\/revistavitrineibiuna.com.br\/?p=33680\" \/>\n<meta property=\"og:site_name\" content=\"Revista Vitrine Online\" \/>\n<meta property=\"article:published_time\" content=\"2025-07-25T11:12:03+00:00\" \/>\n<meta property=\"article:modified_time\" content=\"2025-07-29T07:53:00+00:00\" \/>\n<meta property=\"og:image\" content=\"https:\/\/revistavitrineibiuna.com.br\/wp-content\/uploads\/2025\/07\/tarcisio-eabjunjiro.png\" \/>\n\t<meta property=\"og:image:width\" content=\"720\" \/>\n\t<meta property=\"og:image:height\" content=\"483\" \/>\n<meta name=\"twitter:card\" content=\"summary\" \/>\n<meta name=\"twitter:label1\" content=\"Est. reading time\">\n\t<meta name=\"twitter:data1\" content=\"3 minutos\">\n<script type=\"application\/ld+json\" class=\"yoast-schema-graph\">{\"@context\":\"https:\/\/schema.org\",\"@graph\":[{\"@type\":\"WebSite\",\"@id\":\"https:\/\/revistavitrineibiuna.com.br\/#website\",\"url\":\"https:\/\/revistavitrineibiuna.com.br\/\",\"name\":\"Revista Vitrine Ibi\\u00fana\",\"description\":\"A Revista de Ibi\\u00fana e Regi\\u00e3o\",\"publisher\":{\"@id\":\"https:\/\/revistavitrineibiuna.com.br\/#\/schema\/person\/e51ef49d6d88170ea21ceabff3f73deb\"},\"potentialAction\":[{\"@type\":\"SearchAction\",\"target\":\"https:\/\/revistavitrineibiuna.com.br\/?s={search_term_string}\",\"query-input\":\"required name=search_term_string\"}],\"inLanguage\":\"pt-BR\"},{\"@type\":\"ImageObject\",\"@id\":\"http:\/\/revistavitrineibiuna.com.br\/?p=33680#primaryimage\",\"inLanguage\":\"pt-BR\",\"url\":\"https:\/\/revistavitrineibiuna.com.br\/wp-content\/uploads\/2025\/07\/tarcisio-eabjunjiro.png\",\"width\":720,\"height\":483},{\"@type\":\"WebPage\",\"@id\":\"http:\/\/revistavitrineibiuna.com.br\/?p=33680#webpage\",\"url\":\"http:\/\/revistavitrineibiuna.com.br\/?p=33680\",\"name\":\"GOVERNADOR ANUNCIA DUPLICA\\u00c7\\u00c3O DA BUNJIRO NAKAO EM TODA A SUA EXTENS\\u00c3O* - Revista Vitrine Online\",\"isPartOf\":{\"@id\":\"https:\/\/revistavitrineibiuna.com.br\/#website\"},\"primaryImageOfPage\":{\"@id\":\"http:\/\/revistavitrineibiuna.com.br\/?p=33680#primaryimage\"},\"datePublished\":\"2025-07-25T11:12:03+00:00\",\"dateModified\":\"2025-07-29T07:53:00+00:00\",\"breadcrumb\":{\"@id\":\"http:\/\/revistavitrineibiuna.com.br\/?p=33680#breadcrumb\"},\"inLanguage\":\"pt-BR\",\"potentialAction\":[{\"@type\":\"ReadAction\",\"target\":[\"http:\/\/revistavitrineibiuna.com.br\/?p=33680\"]}]},{\"@type\":\"BreadcrumbList\",\"@id\":\"http:\/\/revistavitrineibiuna.com.br\/?p=33680#breadcrumb\",\"itemListElement\":[{\"@type\":\"ListItem\",\"position\":1,\"item\":{\"@type\":\"WebPage\",\"@id\":\"https:\/\/revistavitrineibiuna.com.br\/\",\"url\":\"https:\/\/revistavitrineibiuna.com.br\/\",\"name\":\"In\\u00edcio\"}},{\"@type\":\"ListItem\",\"position\":2,\"item\":{\"@type\":\"WebPage\",\"@id\":\"http:\/\/revistavitrineibiuna.com.br\/?p=33680\",\"url\":\"http:\/\/revistavitrineibiuna.com.br\/?p=33680\",\"name\":\"GOVERNADOR ANUNCIA DUPLICA\\u00c7\\u00c3O DA BUNJIRO NAKAO EM TODA A SUA EXTENS\\u00c3O*\"}}]},{\"@type\":\"Article\",\"@id\":\"http:\/\/revistavitrineibiuna.com.br\/?p=33680#article\",\"isPartOf\":{\"@id\":\"http:\/\/revistavitrineibiuna.com.br\/?p=33680#webpage\"},\"author\":{\"@id\":\"https:\/\/revistavitrineibiuna.com.br\/#\/schema\/person\/e51ef49d6d88170ea21ceabff3f73deb\"},\"headline\":\"GOVERNADOR ANUNCIA DUPLICA\\u00c7\\u00c3O DA BUNJIRO NAKAO EM TODA A SUA EXTENS\\u00c3O*\",\"datePublished\":\"2025-07-25T11:12:03+00:00\",\"dateModified\":\"2025-07-29T07:53:00+00:00\",\"mainEntityOfPage\":{\"@id\":\"http:\/\/revistavitrineibiuna.com.br\/?p=33680#webpage\"},\"commentCount\":0,\"publisher\":{\"@id\":\"https:\/\/revistavitrineibiuna.com.br\/#\/schema\/person\/e51ef49d6d88170ea21ceabff3f73deb\"},\"image\":{\"@id\":\"http:\/\/revistavitrineibiuna.com.br\/?p=33680#primaryimage\"},\"articleSection\":\"Not\\u00edcias\",\"inLanguage\":\"pt-BR\",\"potentialAction\":[{\"@type\":\"CommentAction\",\"name\":\"Comment\",\"target\":[\"http:\/\/revistavitrineibiuna.com.br\/?p=33680#respond\"]}]},{\"@type\":[\"Person\",\"Organization\"],\"@id\":\"https:\/\/revistavitrineibiuna.com.br\/#\/schema\/person\/e51ef49d6d88170ea21ceabff3f73deb\",\"name\":\"Carlos Rossini\",\"image\":{\"@type\":\"ImageObject\",\"@id\":\"https:\/\/revistavitrineibiuna.com.br\/#personlogo\",\"inLanguage\":\"pt-BR\",\"url\":\"https:\/\/secure.gravatar.com\/avatar\/4f2d0f99fac1f85c7d643f21f5c8d900?s=96&d=mm&r=g\",\"caption\":\"Carlos Rossini\"},\"logo\":{\"@id\":\"https:\/\/revistavitrineibiuna.com.br\/#personlogo\"},\"description\":\"Carlos Rossini \\u00e9 jornalista, soci\\u00f3logo, escritor e professor universit\\u00e1rio, tendo sido professor de jornalismo por vinte anos. Trabalhou em ve\\u00edculos de comunica\\u00e7\\u00e3o nas fun\\u00e7\\u00f5es de rep\\u00f3rter, redator, editor, articulista e colaborador, como Folha de S. Paulo, O Estado de S. Paulo, Di\\u00e1rio Popular, entre outros. Ao transferir a revista vitrine, vers\\u00e3o imprensa, de S\\u00e3o Paulo para Ibi\\u00fana h\\u00e1 alguns anos, iniciou uma nova experi\\u00eancia profissional, dedicando-se ao jornalismo regional, depois de cumprir uma trajet\\u00f3ria bem-sucedida na grande imprensa brasileira. Seu primeiro livro A Coragem de Comunicar foi lan\\u00e7ado na Bienal do Livro em S\\u00e3o Paulo no ano 2000, pela editora Madras.\"}]}<\/script>\n<!-- \/ Yoast SEO plugin. -->","_links":{"self":[{"href":"https:\/\/revistavitrineibiuna.com.br\/index.php?rest_route=\/wp\/v2\/posts\/33680"}],"collection":[{"href":"https:\/\/revistavitrineibiuna.com.br\/index.php?rest_route=\/wp\/v2\/posts"}],"about":[{"href":"https:\/\/revistavitrineibiuna.com.br\/index.php?rest_route=\/wp\/v2\/types\/post"}],"author":[{"embeddable":true,"href":"https:\/\/revistavitrineibiuna.com.br\/index.php?rest_route=\/wp\/v2\/users\/1"}],"replies":[{"embeddable":true,"href":"https:\/\/revistavitrineibiuna.com.br\/index.php?rest_route=%2Fwp%2Fv2%2Fcomments&post=33680"}],"version-history":[{"count":8,"href":"https:\/\/revistavitrineibiuna.com.br\/index.php?rest_route=\/wp\/v2\/posts\/33680\/revisions"}],"predecessor-version":[{"id":33780,"href":"https:\/\/revistavitrineibiuna.com.br\/index.php?rest_route=\/wp\/v2\/posts\/33680\/revisions\/33780"}],"wp:featuredmedia":[{"embeddable":true,"href":"https:\/\/revistavitrineibiuna.com.br\/index.php?rest_route=\/wp\/v2\/media\/33681"}],"wp:attachment":[{"href":"https:\/\/revistavitrineibiuna.com.br\/index.php?rest_route=%2Fwp%2Fv2%2Fmedia&parent=33680"}],"wp:term":[{"taxonomy":"category","embeddable":true,"href":"https:\/\/revistavitrineibiuna.com.br\/index.php?rest_route=%2Fwp%2Fv2%2Fcategories&post=33680"},{"taxonomy":"post_tag","embeddable":true,"href":"https:\/\/revistavitrineibiuna.com.br\/index.php?rest_route=%2Fwp%2Fv2%2Ftags&post=33680"}],"curies":[{"name":"wp","href":"https:\/\/api.w.org\/{rel}","templated":true}]}}