{"id":33694,"date":"2025-07-25T20:09:39","date_gmt":"2025-07-25T23:09:39","guid":{"rendered":"http:\/\/revistavitrineibiuna.com.br\/?p=33694"},"modified":"2025-07-25T20:32:51","modified_gmt":"2025-07-25T23:32:51","slug":"piso-nacional-sindicato-repele-fake-news-e-mantem-paralisacao-na-segunda-feira","status":"publish","type":"post","link":"https:\/\/revistavitrineibiuna.com.br\/?p=33694","title":{"rendered":"PISO NACIONAL &#8211; SINDICATO REPELE FAKE NEWS E MANT\u00c9M PARALISA\u00c7\u00c3O NA SEGUNDA-FEIRA"},"content":{"rendered":"\n<p class=\"has-drop-cap\"><strong>Neste domingo (27), vitrine online publicar\u00e1 mat\u00e9ria especial sobre o impasse gerado pela falta de pagamento do piso salarial nacional de R$ 24,33 por hora-aula aos professores da rede de ensino b\u00e1sico de Ibi\u00fana, garantido pela lei 11.738, de 2008. &nbsp;<\/strong><\/p>\n\n\n\n<p><strong>Na \u00faltima quarta-feira (23), conforme vitrine online e a TVUNA noticiaram, houve duas reuni\u00f5es no Pa\u00e7o Municipal entre secret\u00e1rios municipais e uma comiss\u00e3o constitu\u00edda pela presidente do Sindicato dos Servidores da Est\u00e2ncia Tur\u00edstica de S\u00e3o Roque, Ibi\u00fana e Ara\u00e7ariguama, Patr\u00edcia Bueno Lisboa, e um grupo de professoras.<\/strong><\/p>\n\n\n\n<p><strong>Uma proposta feita pela prefeitura de marcar outra reuni\u00e3o para o dia 8 de agosto foi rejeitada por unanimidade e como n\u00e3o se chegou a um acordo, os professores em assembleia geral extraordin\u00e1ria, decidiram, tamb\u00e9m por unanimidade, paralisar as atividades, convocando uma nova assembleia \u00e0s 11h, nesta segunda-feira (28) em frente ao Pa\u00e7o Municipal, para uma nova tentativa de ver atendida a reivindica\u00e7\u00e3o da categoria.<\/strong><\/p>\n\n\n\n<p><strong>De acordo com o sindicato,<\/strong> <strong>por n\u00e3o estarem recebendo o piso nacional determinado, os professores estariam tendo uma perda mensal em seus sal\u00e1rios entre R$ 800,00 e R$ 900,00\/m\u00eas.<\/strong><\/p>\n\n\n\n<p><strong>COLETA DE DADOS<\/strong><\/p>\n\n\n\n<p><strong>Para a constru\u00e7\u00e3o da not\u00edcia, a reda\u00e7\u00e3o est\u00e1 reunindo dados das manifesta\u00e7\u00f5es feitas pelo prefeito, pela presidente do sindicato, pelo deputado Carlos Gianazi, integrante da Comiss\u00e3o da Educa\u00e7\u00e3o da Assembleia Legislativa (Alesp), da reuni\u00e3o convocada pelo prefeito e realizada nesta sexta-feira (25) em seu gabinete com a participa\u00e7\u00e3o de secret\u00e1rios e integrantes de conselhos municipais, e de um vereador, e a rea\u00e7\u00e3o dos professores no grupo de WhatsApp de sua entidade, com mais de 400 seguidores.<\/strong><\/p>\n\n\n\n<p><strong>APOIO DOS PAIS<\/strong><\/p>\n\n\n\n<p><strong>Como a educa\u00e7\u00e3o \u00e9 uma atividade essencial e, portanto, n\u00e3o pode ser geral, o sindicato, em an\u00fancio, est\u00e1 pedindo a colabora\u00e7\u00e3o dos pais a fim de que as crian\u00e7as fiquem em suas casas na segunda-feira.<\/strong><\/p>\n\n\n\n<p><strong>Na realidade, ainda de acordo a entidade, e por quest\u00f5es legais, 70% dos professores dever\u00e3o comparecer nas escolas e 30% prosseguir\u00e3o o movimento em busca da solu\u00e7\u00e3o para o pagamento do piso nacional que teria deixado de ser pago aos professores em Ibi\u00fana desde 2020.<\/strong><\/p>\n\n\n\n<p><strong>RECEP\u00c7\u00c3O<\/strong><\/p>\n\n\n\n<p><strong>O prefeito de Ibi\u00fana j\u00e1 manifestou a inten\u00e7\u00e3o de receber a comiss\u00e3o da categoria na segunda-feira. Na quarta-feira, data da primeira assembleia, tanto ele quanto o vice-prefeito se encontravam fora da prefeitura, cumprindo outra agenda.<\/strong><\/p>\n","protected":false},"excerpt":{"rendered":"<p>Neste domingo (27), vitrine online publicar\u00e1 mat\u00e9ria especial sobre o impasse gerado pela falta de pagamento do piso salarial nacional<\/p>\n","protected":false},"author":1,"featured_media":33695,"comment_status":"open","ping_status":"open","sticky":false,"template":"","format":"standard","meta":[],"categories":[3],"tags":[],"yoast_head":"<!-- This site is optimized with the Yoast SEO plugin v15.8 - https:\/\/yoast.com\/wordpress\/plugins\/seo\/ -->\n<title>PISO NACIONAL - SINDICATO REPELE FAKE NEWS E MANT\u00c9M PARALISA\u00c7\u00c3O NA SEGUNDA-FEIRA - Revista Vitrine Online<\/title>\n<meta name=\"robots\" content=\"index, follow, max-snippet:-1, max-image-preview:large, max-video-preview:-1\" \/>\n<link rel=\"canonical\" href=\"http:\/\/revistavitrineibiuna.com.br\/?p=33694\" \/>\n<meta property=\"og:locale\" content=\"pt_BR\" \/>\n<meta property=\"og:type\" content=\"article\" \/>\n<meta property=\"og:title\" content=\"PISO NACIONAL - SINDICATO REPELE FAKE NEWS E MANT\u00c9M PARALISA\u00c7\u00c3O NA SEGUNDA-FEIRA - Revista Vitrine Online\" \/>\n<meta property=\"og:description\" content=\"Neste domingo (27), vitrine online publicar\u00e1 mat\u00e9ria especial sobre o impasse gerado pela falta de pagamento do piso salarial nacional\" \/>\n<meta property=\"og:url\" content=\"http:\/\/revistavitrineibiuna.com.br\/?p=33694\" \/>\n<meta property=\"og:site_name\" content=\"Revista Vitrine Online\" \/>\n<meta property=\"article:published_time\" content=\"2025-07-25T23:09:39+00:00\" \/>\n<meta property=\"article:modified_time\" content=\"2025-07-25T23:32:51+00:00\" \/>\n<meta property=\"og:image\" content=\"https:\/\/revistavitrineibiuna.com.br\/wp-content\/uploads\/2025\/07\/professoras-esperam-sentadas.png\" \/>\n\t<meta property=\"og:image:width\" content=\"702\" \/>\n\t<meta property=\"og:image:height\" content=\"438\" \/>\n<meta name=\"twitter:card\" content=\"summary\" \/>\n<meta name=\"twitter:label1\" content=\"Est. reading time\">\n\t<meta name=\"twitter:data1\" content=\"2 minutos\">\n<script type=\"application\/ld+json\" class=\"yoast-schema-graph\">{\"@context\":\"https:\/\/schema.org\",\"@graph\":[{\"@type\":\"WebSite\",\"@id\":\"https:\/\/revistavitrineibiuna.com.br\/#website\",\"url\":\"https:\/\/revistavitrineibiuna.com.br\/\",\"name\":\"Revista Vitrine Ibi\\u00fana\",\"description\":\"A Revista de Ibi\\u00fana e Regi\\u00e3o\",\"publisher\":{\"@id\":\"https:\/\/revistavitrineibiuna.com.br\/#\/schema\/person\/e51ef49d6d88170ea21ceabff3f73deb\"},\"potentialAction\":[{\"@type\":\"SearchAction\",\"target\":\"https:\/\/revistavitrineibiuna.com.br\/?s={search_term_string}\",\"query-input\":\"required name=search_term_string\"}],\"inLanguage\":\"pt-BR\"},{\"@type\":\"ImageObject\",\"@id\":\"http:\/\/revistavitrineibiuna.com.br\/?p=33694#primaryimage\",\"inLanguage\":\"pt-BR\",\"url\":\"https:\/\/revistavitrineibiuna.com.br\/wp-content\/uploads\/2025\/07\/professoras-esperam-sentadas.png\",\"width\":702,\"height\":438},{\"@type\":\"WebPage\",\"@id\":\"http:\/\/revistavitrineibiuna.com.br\/?p=33694#webpage\",\"url\":\"http:\/\/revistavitrineibiuna.com.br\/?p=33694\",\"name\":\"PISO NACIONAL - SINDICATO REPELE FAKE NEWS E MANT\\u00c9M PARALISA\\u00c7\\u00c3O NA SEGUNDA-FEIRA - Revista Vitrine Online\",\"isPartOf\":{\"@id\":\"https:\/\/revistavitrineibiuna.com.br\/#website\"},\"primaryImageOfPage\":{\"@id\":\"http:\/\/revistavitrineibiuna.com.br\/?p=33694#primaryimage\"},\"datePublished\":\"2025-07-25T23:09:39+00:00\",\"dateModified\":\"2025-07-25T23:32:51+00:00\",\"breadcrumb\":{\"@id\":\"http:\/\/revistavitrineibiuna.com.br\/?p=33694#breadcrumb\"},\"inLanguage\":\"pt-BR\",\"potentialAction\":[{\"@type\":\"ReadAction\",\"target\":[\"http:\/\/revistavitrineibiuna.com.br\/?p=33694\"]}]},{\"@type\":\"BreadcrumbList\",\"@id\":\"http:\/\/revistavitrineibiuna.com.br\/?p=33694#breadcrumb\",\"itemListElement\":[{\"@type\":\"ListItem\",\"position\":1,\"item\":{\"@type\":\"WebPage\",\"@id\":\"https:\/\/revistavitrineibiuna.com.br\/\",\"url\":\"https:\/\/revistavitrineibiuna.com.br\/\",\"name\":\"In\\u00edcio\"}},{\"@type\":\"ListItem\",\"position\":2,\"item\":{\"@type\":\"WebPage\",\"@id\":\"http:\/\/revistavitrineibiuna.com.br\/?p=33694\",\"url\":\"http:\/\/revistavitrineibiuna.com.br\/?p=33694\",\"name\":\"PISO NACIONAL &#8211; SINDICATO REPELE FAKE NEWS E MANT\\u00c9M PARALISA\\u00c7\\u00c3O NA SEGUNDA-FEIRA\"}}]},{\"@type\":\"Article\",\"@id\":\"http:\/\/revistavitrineibiuna.com.br\/?p=33694#article\",\"isPartOf\":{\"@id\":\"http:\/\/revistavitrineibiuna.com.br\/?p=33694#webpage\"},\"author\":{\"@id\":\"https:\/\/revistavitrineibiuna.com.br\/#\/schema\/person\/e51ef49d6d88170ea21ceabff3f73deb\"},\"headline\":\"PISO NACIONAL &#8211; SINDICATO REPELE FAKE NEWS E MANT\\u00c9M PARALISA\\u00c7\\u00c3O NA SEGUNDA-FEIRA\",\"datePublished\":\"2025-07-25T23:09:39+00:00\",\"dateModified\":\"2025-07-25T23:32:51+00:00\",\"mainEntityOfPage\":{\"@id\":\"http:\/\/revistavitrineibiuna.com.br\/?p=33694#webpage\"},\"commentCount\":0,\"publisher\":{\"@id\":\"https:\/\/revistavitrineibiuna.com.br\/#\/schema\/person\/e51ef49d6d88170ea21ceabff3f73deb\"},\"image\":{\"@id\":\"http:\/\/revistavitrineibiuna.com.br\/?p=33694#primaryimage\"},\"articleSection\":\"Not\\u00edcias\",\"inLanguage\":\"pt-BR\",\"potentialAction\":[{\"@type\":\"CommentAction\",\"name\":\"Comment\",\"target\":[\"http:\/\/revistavitrineibiuna.com.br\/?p=33694#respond\"]}]},{\"@type\":[\"Person\",\"Organization\"],\"@id\":\"https:\/\/revistavitrineibiuna.com.br\/#\/schema\/person\/e51ef49d6d88170ea21ceabff3f73deb\",\"name\":\"Carlos Rossini\",\"image\":{\"@type\":\"ImageObject\",\"@id\":\"https:\/\/revistavitrineibiuna.com.br\/#personlogo\",\"inLanguage\":\"pt-BR\",\"url\":\"https:\/\/secure.gravatar.com\/avatar\/4f2d0f99fac1f85c7d643f21f5c8d900?s=96&d=mm&r=g\",\"caption\":\"Carlos Rossini\"},\"logo\":{\"@id\":\"https:\/\/revistavitrineibiuna.com.br\/#personlogo\"},\"description\":\"Carlos Rossini \\u00e9 jornalista, soci\\u00f3logo, escritor e professor universit\\u00e1rio, tendo sido professor de jornalismo por vinte anos. Trabalhou em ve\\u00edculos de comunica\\u00e7\\u00e3o nas fun\\u00e7\\u00f5es de rep\\u00f3rter, redator, editor, articulista e colaborador, como Folha de S. Paulo, O Estado de S. Paulo, Di\\u00e1rio Popular, entre outros. Ao transferir a revista vitrine, vers\\u00e3o imprensa, de S\\u00e3o Paulo para Ibi\\u00fana h\\u00e1 alguns anos, iniciou uma nova experi\\u00eancia profissional, dedicando-se ao jornalismo regional, depois de cumprir uma trajet\\u00f3ria bem-sucedida na grande imprensa brasileira. Seu primeiro livro A Coragem de Comunicar foi lan\\u00e7ado na Bienal do Livro em S\\u00e3o Paulo no ano 2000, pela editora Madras.\"}]}<\/script>\n<!-- \/ Yoast SEO plugin. -->","_links":{"self":[{"href":"https:\/\/revistavitrineibiuna.com.br\/index.php?rest_route=\/wp\/v2\/posts\/33694"}],"collection":[{"href":"https:\/\/revistavitrineibiuna.com.br\/index.php?rest_route=\/wp\/v2\/posts"}],"about":[{"href":"https:\/\/revistavitrineibiuna.com.br\/index.php?rest_route=\/wp\/v2\/types\/post"}],"author":[{"embeddable":true,"href":"https:\/\/revistavitrineibiuna.com.br\/index.php?rest_route=\/wp\/v2\/users\/1"}],"replies":[{"embeddable":true,"href":"https:\/\/revistavitrineibiuna.com.br\/index.php?rest_route=%2Fwp%2Fv2%2Fcomments&post=33694"}],"version-history":[{"count":3,"href":"https:\/\/revistavitrineibiuna.com.br\/index.php?rest_route=\/wp\/v2\/posts\/33694\/revisions"}],"predecessor-version":[{"id":33700,"href":"https:\/\/revistavitrineibiuna.com.br\/index.php?rest_route=\/wp\/v2\/posts\/33694\/revisions\/33700"}],"wp:featuredmedia":[{"embeddable":true,"href":"https:\/\/revistavitrineibiuna.com.br\/index.php?rest_route=\/wp\/v2\/media\/33695"}],"wp:attachment":[{"href":"https:\/\/revistavitrineibiuna.com.br\/index.php?rest_route=%2Fwp%2Fv2%2Fmedia&parent=33694"}],"wp:term":[{"taxonomy":"category","embeddable":true,"href":"https:\/\/revistavitrineibiuna.com.br\/index.php?rest_route=%2Fwp%2Fv2%2Fcategories&post=33694"},{"taxonomy":"post_tag","embeddable":true,"href":"https:\/\/revistavitrineibiuna.com.br\/index.php?rest_route=%2Fwp%2Fv2%2Ftags&post=33694"}],"curies":[{"name":"wp","href":"https:\/\/api.w.org\/{rel}","templated":true}]}}