{"id":33701,"date":"2025-07-27T11:22:44","date_gmt":"2025-07-27T14:22:44","guid":{"rendered":"http:\/\/revistavitrineibiuna.com.br\/?p=33701"},"modified":"2025-07-27T21:17:55","modified_gmt":"2025-07-28T00:17:55","slug":"professores-fazem-nova-assembleia-e-podem-entrar-em-greve","status":"publish","type":"post","link":"https:\/\/revistavitrineibiuna.com.br\/?p=33701","title":{"rendered":"PROFESSORES FAZEM NOVA ASSEMBLEIA E PODEM ENTRAR EM GREVE"},"content":{"rendered":"\n<p class=\"has-drop-cap\"><strong>\u00c0s 11h desta segunda-feira (28) os professores da rede b\u00e1sica da educa\u00e7\u00e3o no munic\u00edpio de Ibi\u00fana realizam nova assembleia geral extraordin\u00e1ria em frente ao Pa\u00e7o Municipal com o objetivo de ter uma posi\u00e7\u00e3o oficial e conclusiva do Executivo sobre a reivindica\u00e7\u00e3o de pagamento do piso salarial nacional do magist\u00e9rio.<\/strong><\/p>\n\n\n\n<p><strong>O prefeito da cidade, advogado M\u00e1rio Pires, declarou que ir\u00e1 receber a comiss\u00e3o de representantes do professorado ibiunense. Na quarta-feira(23), quando ocorreu a primeira assembleia, ele e o vice-prefeito se encontravam fora da cidade, cumprindo outra agenda.<\/strong><\/p>\n\n\n\n<p><strong>Em resolu\u00e7\u00e3o votada por unanimidade na assembleia da \u00faltima quarta-feira (23), a categoria rejeitou a proposta feita pelos secret\u00e1rios municipais para convocar uma nova reuni\u00e3o no dia 8 de agosto, a fim de poderem realizar ou complementar um estudo do impacto nas finan\u00e7as municipais que a medida acarretar\u00e1.<\/strong><\/p>\n\n\n\n<p><strong>A presidente do Sindicato dos Servidores da Est\u00e2ncia Tur\u00edstica de S\u00e3o Roque, Ibi\u00fana e Ara\u00e7ariguama, Patr\u00edcia Bueno Lisboa, informou que n\u00e3o est\u00e1 afastada a possiblidade de greve da categoria, caso a reivindica\u00e7\u00e3o n\u00e3o seja atendida.<\/strong><\/p>\n\n\n\n<p><strong>\u201cRUMORES\u201d<\/strong><\/p>\n\n\n\n<p><strong>Na sexta-feira (25), Pires postou um v\u00eddeo em que se dirige aos ibiunenses, especialmente aos pais dos alunos, com o prop\u00f3sito de esclarecer a popula\u00e7\u00e3o sobre \u201cmuitos rumores e not\u00edcias falsas\u201d sobre a quest\u00e3o do piso salarial.<\/strong><\/p>\n\n\n\n<p><strong>O prefeito fez um relato argumentando que est\u00e1 cumprindo um or\u00e7amento da gest\u00e3o anterior que n\u00e3o previu o pagamento do piso nacional da educa\u00e7\u00e3o para este ano.<\/strong><\/p>\n\n\n\n<p><strong>Assinalou que no in\u00edcio do governo come\u00e7ou a tratar desse assunto para avaliar o impacto que o piso nacional daria ao caixa da prefeitura.<\/strong><\/p>\n\n\n\n<p><strong>Em suma, disse que, na ocasi\u00e3o, n\u00e3o contava com uma equipe t\u00e9cnica suficiente para aprofundar os estudos em rela\u00e7\u00e3o aos professores, pois havia diverg\u00eancias nas informa\u00e7\u00f5es.<\/strong><\/p>\n\n\n\n<p><strong>Anunciou o \u201csumi\u00e7o&#8221; de R$ 7,2 milh\u00f5es na conta do Fundeb que ele teve que pagar, al\u00e9m de R$ 500 mil de verba destinada \u00e0 merenda escolar havia igualmente \u201csumido\u201d.<\/strong><\/p>\n\n\n\n<p><strong>Essas descobertas, disse o prefeito, foram constatadas pela an\u00e1lise peri\u00f3dica feita pelo Tribunal de Contas do Estado de S\u00e3o Paulo \u2013 TCESP.<\/strong><\/p>\n\n\n\n<p><strong>Em mar\u00e7o o Executivo contratou a Funda\u00e7\u00e3o de Estudos para o Desenvolvimento da Administra\u00e7\u00e3o P\u00fablica \u2013 Fedap para avaliar o referido impacto financeiro, que come\u00e7ou a vigorar no dia 1\u00ba de junho com prazo para t\u00e9rmino em novembro.<\/strong><\/p>\n\n\n\n<p><strong>PLANO DE CARREIRA<\/strong><\/p>\n\n\n\n<p><strong>Sob o impacto da movimenta\u00e7\u00e3o dos professores, o Executivo promoveu uma reuni\u00e3o no gabinete na sexta-feira (25) com a participa\u00e7\u00e3o de secret\u00e1rios municipais e representantes de conselhos municipais, em que foi decidido: 1. Realiza\u00e7\u00e3o de um plano de trabalho para tratar do piso nacional da educa\u00e7\u00e3o; 2.Cria\u00e7\u00e3o da Comiss\u00e3o de Reformula\u00e7\u00e3o do Plano de Carreira do Magist\u00e9rio, constitu\u00edda por quinze pessoas.<\/strong><\/p>\n\n\n\n<p><strong>SINDICATO REBATE<\/strong><\/p>\n\n\n\n<p><strong>Em resposta \u00e0 postagem do prefeito, Patr\u00edcia Bueno Lisboa, tamb\u00e9m por meio de um v\u00eddeo, rebateu ponto a ponto as declara\u00e7\u00f5es do prefeito, o primeiro deles contrariando o fato de o chefe do Executivo ter dito que prestaria esclarecimentos diante da exist\u00eancia \u201cde rumores e not\u00edcias falsas\u201d.<\/strong><\/p>\n\n\n\n<p><strong>Lisboa disse que os fatos narrados pelos professores correspondem a fatos verdadeiros, enfatizando que a prefeitura de Ibi\u00fana continua n\u00e3o pagando o piso salarial nacional, que \u00e9 um direito do servidor professor. E n\u00e3o h\u00e1 como defender o contr\u00e1rio porque somente o piso estar\u00e1 sendo pago se a hora-aula for de R$ 24,33.<\/strong><\/p>\n\n\n\n<p><strong>POMO DA DISC\u00d3RDIA<\/strong><\/p>\n\n\n\n<p><strong>\u201cO prefeito admite que quer pagar o piso e depois vem dizendo que nenhum servidor recebe abaixo do piso. \u201cFala, fala, e n\u00e3o diz nada!\u201d O pr\u00f3prio prefeito declarou que h\u00e1 diferen\u00e7as entre os valores recebidos, alguns o piso e outros, n\u00e3o.<\/strong><\/p>\n\n\n\n<p><strong>A presidente da entidade esclarece, no entanto, que h\u00e1 um equ\u00edvoco palmar nesse argumento. H\u00e1 pessoas que recebem de fato o equivalente ao piso nacional, mas isso se deve aos valores agregados de outros benef\u00edcios, como quinqu\u00eanios, bi\u00eanios, que s\u00e3o adicionados aos proventos dos professores ao longo do tempo, algumas exercendo a fun\u00e7\u00e3o h\u00e1 d\u00e9cadas.<\/strong><\/p>\n\n\n\n<p><strong>Ou seja: os professores somente estar\u00e3o recebendo efetivamente o piso nacional da educa\u00e7\u00e3o, se os demais valores adicionais estiverem acima<\/strong>  <strong>de sua base.<\/strong><\/p>\n\n\n\n<p><strong>Enfim, Lisboa disse que o pronunciamento do prefeito causou \u201crevolta\u201d no meio do professorado, que se refletiu nos coment\u00e1rios feitos pelos mestres no grupo social que compartilham com mais de 400 seguidores.<\/strong><\/p>\n\n\n\n<p><strong>\u201cAl\u00e9m de nos sentirmos revoltadas com essa atitude, incompat\u00edvel com as promessas de campanha do prefeito, n\u00f3s nos sentimos tamb\u00e9m humilhadas e ofendidas\u201d, disse uma professora a vitrine online.<\/strong><\/p>\n\n\n\n<p><strong>\u201cComo pode, sabendo que desde 2021 a prefeitura n\u00e3o vem pagando o piso nacional e a atual gest\u00e3o n\u00e3o ter conseguido nem mesmo concluir um estudo do impacto da medida nas \u201c.finan\u00e7as municipais?\u201d, indaga a presidente do sindicato.<\/strong><\/p>\n\n\n\n<p><strong>DEPUTADO MANIFESTA APOIO<\/strong><\/p>\n\n\n\n<p><strong>O deputado Carlos Gianazi, membro da Comiss\u00e3o de Educa\u00e7\u00e3o da Assembleia Legislativa do Estado de S\u00e3o Paulo \u2013 Alesp, tamb\u00e9m postou v\u00eddeo declarando apoio aos professores de Ibi\u00fana.<\/strong><\/p>\n\n\n\n<p><strong>Afirmou que o piso \u00e9 um direito firmado pela Lei 11.738, de 2008, e a prefeitura \u201ctem que pagar corretamente a todas as professoras e professores e enquadrar tamb\u00e9m os educadores da educa\u00e7\u00e3o infantil na carreira do magist\u00e9rio.<\/strong><\/p>\n\n\n\n<p><strong>A\u00c7\u00c3O<\/strong><\/p>\n\n\n\n<p><strong>Caso a prefeitura n\u00e3o disponha de recursos suficientes para o piso nacional pode pedir ao Governo Federal uma verba complementar, apresentando argumentos fundamentados.<\/strong><\/p>\n\n\n\n<p><strong>Caso n\u00e3o haja o pagamento, Gianazi disse que entrar\u00e1 com uma a\u00e7\u00e3o junto ao Tribunal de Contas do Estado de S\u00e3o Paulo e da Uni\u00e3o e ao Minist\u00e9rio P\u00fablico do Estado de S\u00e3o Paulo.<\/strong><\/p>\n","protected":false},"excerpt":{"rendered":"<p>\u00c0s 11h desta segunda-feira (28) os professores da rede b\u00e1sica da educa\u00e7\u00e3o no munic\u00edpio de Ibi\u00fana realizam nova assembleia geral<\/p>\n","protected":false},"author":1,"featured_media":33702,"comment_status":"open","ping_status":"open","sticky":false,"template":"","format":"standard","meta":[],"categories":[3],"tags":[],"yoast_head":"<!-- This site is optimized with the Yoast SEO plugin v15.8 - https:\/\/yoast.com\/wordpress\/plugins\/seo\/ -->\n<title>PROFESSORES FAZEM NOVA ASSEMBLEIA E PODEM ENTRAR EM GREVE - Revista Vitrine Online<\/title>\n<meta name=\"robots\" content=\"index, follow, max-snippet:-1, max-image-preview:large, max-video-preview:-1\" \/>\n<link rel=\"canonical\" href=\"http:\/\/revistavitrineibiuna.com.br\/?p=33701\" \/>\n<meta property=\"og:locale\" content=\"pt_BR\" \/>\n<meta property=\"og:type\" content=\"article\" \/>\n<meta property=\"og:title\" content=\"PROFESSORES FAZEM NOVA ASSEMBLEIA E PODEM ENTRAR EM GREVE - Revista Vitrine Online\" \/>\n<meta property=\"og:description\" content=\"\u00c0s 11h desta segunda-feira (28) os professores da rede b\u00e1sica da educa\u00e7\u00e3o no munic\u00edpio de Ibi\u00fana realizam nova assembleia geral\" \/>\n<meta property=\"og:url\" content=\"http:\/\/revistavitrineibiuna.com.br\/?p=33701\" \/>\n<meta property=\"og:site_name\" content=\"Revista Vitrine Online\" \/>\n<meta property=\"article:published_time\" content=\"2025-07-27T14:22:44+00:00\" \/>\n<meta property=\"article:modified_time\" content=\"2025-07-28T00:17:55+00:00\" \/>\n<meta property=\"og:image\" content=\"https:\/\/revistavitrineibiuna.com.br\/wp-content\/uploads\/2025\/07\/novo-mario-e-patricia.png\" \/>\n\t<meta property=\"og:image:width\" content=\"800\" \/>\n\t<meta property=\"og:image:height\" content=\"445\" \/>\n<meta name=\"twitter:card\" content=\"summary\" \/>\n<meta name=\"twitter:label1\" content=\"Est. reading time\">\n\t<meta name=\"twitter:data1\" content=\"4 minutos\">\n<script type=\"application\/ld+json\" class=\"yoast-schema-graph\">{\"@context\":\"https:\/\/schema.org\",\"@graph\":[{\"@type\":\"WebSite\",\"@id\":\"https:\/\/revistavitrineibiuna.com.br\/#website\",\"url\":\"https:\/\/revistavitrineibiuna.com.br\/\",\"name\":\"Revista Vitrine Ibi\\u00fana\",\"description\":\"A Revista de Ibi\\u00fana e Regi\\u00e3o\",\"publisher\":{\"@id\":\"https:\/\/revistavitrineibiuna.com.br\/#\/schema\/person\/e51ef49d6d88170ea21ceabff3f73deb\"},\"potentialAction\":[{\"@type\":\"SearchAction\",\"target\":\"https:\/\/revistavitrineibiuna.com.br\/?s={search_term_string}\",\"query-input\":\"required name=search_term_string\"}],\"inLanguage\":\"pt-BR\"},{\"@type\":\"ImageObject\",\"@id\":\"http:\/\/revistavitrineibiuna.com.br\/?p=33701#primaryimage\",\"inLanguage\":\"pt-BR\",\"url\":\"https:\/\/revistavitrineibiuna.com.br\/wp-content\/uploads\/2025\/07\/novo-mario-e-patricia.png\",\"width\":800,\"height\":445},{\"@type\":\"WebPage\",\"@id\":\"http:\/\/revistavitrineibiuna.com.br\/?p=33701#webpage\",\"url\":\"http:\/\/revistavitrineibiuna.com.br\/?p=33701\",\"name\":\"PROFESSORES FAZEM NOVA ASSEMBLEIA E PODEM ENTRAR EM GREVE - Revista Vitrine Online\",\"isPartOf\":{\"@id\":\"https:\/\/revistavitrineibiuna.com.br\/#website\"},\"primaryImageOfPage\":{\"@id\":\"http:\/\/revistavitrineibiuna.com.br\/?p=33701#primaryimage\"},\"datePublished\":\"2025-07-27T14:22:44+00:00\",\"dateModified\":\"2025-07-28T00:17:55+00:00\",\"breadcrumb\":{\"@id\":\"http:\/\/revistavitrineibiuna.com.br\/?p=33701#breadcrumb\"},\"inLanguage\":\"pt-BR\",\"potentialAction\":[{\"@type\":\"ReadAction\",\"target\":[\"http:\/\/revistavitrineibiuna.com.br\/?p=33701\"]}]},{\"@type\":\"BreadcrumbList\",\"@id\":\"http:\/\/revistavitrineibiuna.com.br\/?p=33701#breadcrumb\",\"itemListElement\":[{\"@type\":\"ListItem\",\"position\":1,\"item\":{\"@type\":\"WebPage\",\"@id\":\"https:\/\/revistavitrineibiuna.com.br\/\",\"url\":\"https:\/\/revistavitrineibiuna.com.br\/\",\"name\":\"In\\u00edcio\"}},{\"@type\":\"ListItem\",\"position\":2,\"item\":{\"@type\":\"WebPage\",\"@id\":\"http:\/\/revistavitrineibiuna.com.br\/?p=33701\",\"url\":\"http:\/\/revistavitrineibiuna.com.br\/?p=33701\",\"name\":\"PROFESSORES FAZEM NOVA ASSEMBLEIA E PODEM ENTRAR EM GREVE\"}}]},{\"@type\":\"Article\",\"@id\":\"http:\/\/revistavitrineibiuna.com.br\/?p=33701#article\",\"isPartOf\":{\"@id\":\"http:\/\/revistavitrineibiuna.com.br\/?p=33701#webpage\"},\"author\":{\"@id\":\"https:\/\/revistavitrineibiuna.com.br\/#\/schema\/person\/e51ef49d6d88170ea21ceabff3f73deb\"},\"headline\":\"PROFESSORES FAZEM NOVA ASSEMBLEIA E PODEM ENTRAR EM GREVE\",\"datePublished\":\"2025-07-27T14:22:44+00:00\",\"dateModified\":\"2025-07-28T00:17:55+00:00\",\"mainEntityOfPage\":{\"@id\":\"http:\/\/revistavitrineibiuna.com.br\/?p=33701#webpage\"},\"commentCount\":0,\"publisher\":{\"@id\":\"https:\/\/revistavitrineibiuna.com.br\/#\/schema\/person\/e51ef49d6d88170ea21ceabff3f73deb\"},\"image\":{\"@id\":\"http:\/\/revistavitrineibiuna.com.br\/?p=33701#primaryimage\"},\"articleSection\":\"Not\\u00edcias\",\"inLanguage\":\"pt-BR\",\"potentialAction\":[{\"@type\":\"CommentAction\",\"name\":\"Comment\",\"target\":[\"http:\/\/revistavitrineibiuna.com.br\/?p=33701#respond\"]}]},{\"@type\":[\"Person\",\"Organization\"],\"@id\":\"https:\/\/revistavitrineibiuna.com.br\/#\/schema\/person\/e51ef49d6d88170ea21ceabff3f73deb\",\"name\":\"Carlos Rossini\",\"image\":{\"@type\":\"ImageObject\",\"@id\":\"https:\/\/revistavitrineibiuna.com.br\/#personlogo\",\"inLanguage\":\"pt-BR\",\"url\":\"https:\/\/secure.gravatar.com\/avatar\/4f2d0f99fac1f85c7d643f21f5c8d900?s=96&d=mm&r=g\",\"caption\":\"Carlos Rossini\"},\"logo\":{\"@id\":\"https:\/\/revistavitrineibiuna.com.br\/#personlogo\"},\"description\":\"Carlos Rossini \\u00e9 jornalista, soci\\u00f3logo, escritor e professor universit\\u00e1rio, tendo sido professor de jornalismo por vinte anos. Trabalhou em ve\\u00edculos de comunica\\u00e7\\u00e3o nas fun\\u00e7\\u00f5es de rep\\u00f3rter, redator, editor, articulista e colaborador, como Folha de S. Paulo, O Estado de S. Paulo, Di\\u00e1rio Popular, entre outros. Ao transferir a revista vitrine, vers\\u00e3o imprensa, de S\\u00e3o Paulo para Ibi\\u00fana h\\u00e1 alguns anos, iniciou uma nova experi\\u00eancia profissional, dedicando-se ao jornalismo regional, depois de cumprir uma trajet\\u00f3ria bem-sucedida na grande imprensa brasileira. Seu primeiro livro A Coragem de Comunicar foi lan\\u00e7ado na Bienal do Livro em S\\u00e3o Paulo no ano 2000, pela editora Madras.\"}]}<\/script>\n<!-- \/ Yoast SEO plugin. -->","_links":{"self":[{"href":"https:\/\/revistavitrineibiuna.com.br\/index.php?rest_route=\/wp\/v2\/posts\/33701"}],"collection":[{"href":"https:\/\/revistavitrineibiuna.com.br\/index.php?rest_route=\/wp\/v2\/posts"}],"about":[{"href":"https:\/\/revistavitrineibiuna.com.br\/index.php?rest_route=\/wp\/v2\/types\/post"}],"author":[{"embeddable":true,"href":"https:\/\/revistavitrineibiuna.com.br\/index.php?rest_route=\/wp\/v2\/users\/1"}],"replies":[{"embeddable":true,"href":"https:\/\/revistavitrineibiuna.com.br\/index.php?rest_route=%2Fwp%2Fv2%2Fcomments&post=33701"}],"version-history":[{"count":15,"href":"https:\/\/revistavitrineibiuna.com.br\/index.php?rest_route=\/wp\/v2\/posts\/33701\/revisions"}],"predecessor-version":[{"id":33733,"href":"https:\/\/revistavitrineibiuna.com.br\/index.php?rest_route=\/wp\/v2\/posts\/33701\/revisions\/33733"}],"wp:featuredmedia":[{"embeddable":true,"href":"https:\/\/revistavitrineibiuna.com.br\/index.php?rest_route=\/wp\/v2\/media\/33702"}],"wp:attachment":[{"href":"https:\/\/revistavitrineibiuna.com.br\/index.php?rest_route=%2Fwp%2Fv2%2Fmedia&parent=33701"}],"wp:term":[{"taxonomy":"category","embeddable":true,"href":"https:\/\/revistavitrineibiuna.com.br\/index.php?rest_route=%2Fwp%2Fv2%2Fcategories&post=33701"},{"taxonomy":"post_tag","embeddable":true,"href":"https:\/\/revistavitrineibiuna.com.br\/index.php?rest_route=%2Fwp%2Fv2%2Ftags&post=33701"}],"curies":[{"name":"wp","href":"https:\/\/api.w.org\/{rel}","templated":true}]}}