{"id":33734,"date":"2025-07-28T17:15:24","date_gmt":"2025-07-28T20:15:24","guid":{"rendered":"http:\/\/revistavitrineibiuna.com.br\/?p=33734"},"modified":"2025-07-28T18:28:18","modified_gmt":"2025-07-28T21:28:18","slug":"mesmo-em-estado-de-greve-acordo-garante-aulas-em-ibiuna","status":"publish","type":"post","link":"https:\/\/revistavitrineibiuna.com.br\/?p=33734","title":{"rendered":"MESMO EM ESTADO DE GREVE, ACORDO GARANTE AULAS EM IBI\u00daNA"},"content":{"rendered":"\n<p><strong><em>[Em reuni\u00e3o entre o prefeito e lideran\u00e7as sindicais e professores municipais, mesmo em estado de greve, foi acertado que as aulas prosseguir\u00e3o normalmente]<\/em><\/strong><\/p>\n\n\n\n<p class=\"has-drop-cap\"><strong>A prefeitura de Ibi\u00fana e os professores da rede b\u00e1sica, liderados pelo sindicato da categoria, chegaram na manh\u00e3 de hoje (28) a um acordo preliminar a respeito da reivindica\u00e7\u00e3o do piso salarial nacional do magist\u00e9rio, numa reuni\u00e3o realizada no gabinete e presidida pelo prefeito M\u00e1rio Pires, que durou duas horas e meia.<\/strong><\/p>\n\n\n\n<p><strong>Essa reuni\u00e3o foi provocada pelas manifesta\u00e7\u00f5es da categoria que realizaram duas assembleias gerais extraordin\u00e1rias, em frente ao Pa\u00e7o Municipal que previa o inicio de uma greve a partir desta ter\u00e7a-feira (29), caso a demanda apresentada, o piso de R$24,33 a hora-aula, n\u00e3o fosse atendida.<\/strong><\/p>\n\n\n\n<p><strong>Os argumentos apresentados pela prefeitura sobre o impacto financeiro do piso do magist\u00e9rio nas finan\u00e7as municipais e a promessa do prefeito de encontrar uma solu\u00e7\u00e3o \u201cde uma vez por todas, j\u00e1 que os professores v\u00eam sendo penalizados nos \u00faltimos 15 anos&#8221;, talvez tenham contribu\u00eddo para que houvesse uma flexibiliza\u00e7\u00e3o por parte dos representantes dos docentes ibiunenses.<\/strong><\/p>\n\n\n\n<p><strong>O QUE FOI APRESENTADO E DECIDIDO<\/strong><\/p>\n\n\n\n<p><strong>Os representantes do sindicato da categoria foram\u00a0 convidados e aceitaram participar, nesta ter\u00e7a-feira (29), \u00e0s 14h, da primeira reuni\u00e3o com Funda\u00e7\u00e3o para o Desenvolvimento da Administra\u00e7\u00e3o \u2013 Fedap contratada pelo Executivo para diagnosticar e apresentar solu\u00e7\u00f5es para diversos problemas gerenciais, sendo que se decidiu dar prioridade ao caso do piso salarial nacional.<\/strong><\/p>\n\n\n\n<p><strong>Na \u00faltima sexta-feira, numa iniciativa do prefeito, secret\u00e1rios e membros de conselhos municipais se reunir\u00e3o para dar uma resposta ao movimento sindical e chegou \u00e0s seguintes decis\u00f5es:<\/strong><\/p>\n\n\n\n<p><strong>. Formar um grupo t\u00e9cnico (RH+Finan\u00e7as+Jur\u00eddico+Educa\u00e7\u00e3o);<\/strong><\/p>\n\n\n\n<p><strong>. Definir cronograma para estudo e apresenta\u00e7\u00e3o dos cen\u00e1rios;<\/strong><\/p>\n\n\n\n<p><strong>. Garantir transpar\u00eancia \u2013 consulta aos professores<\/strong><\/p>\n\n\n\n<p><strong>. Apresentar proposta final ao conselho para delibera\u00e7\u00f5es.<\/strong><\/p>\n\n\n\n<p><strong>A diretora da RH, D\u00e9bora Aparecida de Goes, apresentou uma s\u00e9rie de eslaides com os n\u00fameros relacionados ao setor da educa\u00e7\u00e3o.<\/strong><\/p>\n\n\n\n<p><strong>O prefeito M\u00e1rio Pires admitiu que precisava de \u201cum bra\u00e7o t\u00e9cnico&#8221;, no caso a Funda\u00e7\u00e3o contratada, para conhecer a real situa\u00e7\u00e3o relacionada ao uso das verbas do Fundeb.<\/strong><\/p>\n\n\n\n<p><strong>A proposta do prefeito, portanto, foi convidar o sindicato, conselheiros municipais para \u201cjuntos encontrarmos a solu\u00e7\u00e3o\u201d. \u201cEstou aberto ao di\u00e1logo\u201d, frisou.<\/strong><\/p>\n\n\n\n<p><strong>Reiterando que o or\u00e7amento deste ano foi a heran\u00e7a \u201ccatastr\u00f3fica&#8221; do governo anterior, e afirmou, de forma categ\u00f3rica: \u201cEu n\u00e3o vou estourar o or\u00e7amento e agirei dentro dos limites da\u00a0responsabilidade fiscal e or\u00e7ament\u00e1ria.\u201d<\/strong><\/p>\n\n\n\n<p><strong>Embora a Fedap tenha quatro meses de prazo para concluir seu trabalho, Pires prometeu que, na medida em que a realidade efetiva for conhecida, poder\u00e1 liberar os primeiros resultados relativos ao atendimento da demanda da categoria.<\/strong><\/p>\n\n\n\n<p><strong>A dra. Rosana Altafin, advogada do Sindicato da categoria, apresentou v\u00e1rios argumentos procurando, de alguma forma, sensibilizar o prefeito, chegando\u00a0 mesmo a afirmar que os professores \u201cest\u00e3o sufocados e que alguns est\u00e3o at\u00e9 mesmo passando\u00a0 fome\u201d, por conta de baixos sal\u00e1rios.<\/strong> <strong>Lembrou-se que h\u00e1 professores que recebem algo em torno de R$900,00.<\/strong><\/p>\n\n\n\n<figure class=\"wp-block-image size-large\"><img loading=\"lazy\" width=\"729\" height=\"1024\" src=\"https:\/\/revistavitrineibiuna.com.br\/wp-content\/uploads\/2025\/07\/foto-das-professoras-no-saguao-729x1024.png\" alt=\"\" class=\"wp-image-33737\" srcset=\"https:\/\/revistavitrineibiuna.com.br\/wp-content\/uploads\/2025\/07\/foto-das-professoras-no-saguao-729x1024.png 729w, https:\/\/revistavitrineibiuna.com.br\/wp-content\/uploads\/2025\/07\/foto-das-professoras-no-saguao-214x300.png 214w, https:\/\/revistavitrineibiuna.com.br\/wp-content\/uploads\/2025\/07\/foto-das-professoras-no-saguao-768x1079.png 768w, https:\/\/revistavitrineibiuna.com.br\/wp-content\/uploads\/2025\/07\/foto-das-professoras-no-saguao.png 780w\" sizes=\"(max-width: 729px) 100vw, 729px\" \/><figcaption>Patr\u00edcia Bueno Lisboa [de costas e bra\u00e7os erguidos] relata o resultado da reuni\u00e3o e submete dois assuntos a vota\u00e7\u00e3o<\/figcaption><\/figure>\n\n\n\n<p><strong>ESTADO DE GREVE<\/strong><\/p>\n\n\n\n<p><strong>Terminada a reuni\u00e3o no andar de cima, Patr\u00edcia Bueno Lisboa, presidente do Sindicato dos Servidores P\u00fablicos de S\u00e3o Roque, Ibi\u00fana e Ara\u00e7ariguama, seguida de sua equipe, desceu ao sagu\u00e3o do Pa\u00e7o Municipal onde apresentou uma narrativa dos acontecimentos no gabinete do prefeito, ao fim da qual p\u00f4s em vota\u00e7\u00e3o duas posi\u00e7\u00f5es: 1. se os professores aceitavam a proposta do governo municipal; 2. se concordavam e manter-se em\u00a0 estado de greve.<\/strong><\/p>\n\n\n\n<p><strong>Em rela\u00e7\u00e3o ao primeiro t\u00f3pico houve queixas e reclama\u00e7\u00f5es das professoras que, em suma, esperavam a libera\u00e7\u00e3o do piso imediatamente, e a advert\u00eancia de que n\u00e3o h\u00e1 nenhuma garantia de quando e se o piso salarial nacional do magist\u00e9rio ser\u00e1 mesmo pago.<\/strong><\/p>\n\n\n\n<p><strong>Na realidade se constatou que existe grande diversidade de situa\u00e7\u00f5es que precisam ser levantadas<\/strong>,<strong> caso a caso.<\/strong><\/p>\n\n\n\n<p><strong>Tanto uma quanto a outra proposta foram aprovadas por unanimidade.<\/strong><\/p>\n\n\n\n<p><strong>CONDI\u00c7\u00c3O<\/strong><\/p>\n\n\n\n<p><strong>O estado de greve \u00e9 um aviso de que uma greve pode ser iniciada a qualquer momento, mas ainda n\u00e3o \u00e9 a paralisa\u00e7\u00e3o total do trabalho. Ficou entendido, ent\u00e3o, caso haja um desencaminhamento do que foi combinado, a greve ser\u00e1 votada pela categoria.<\/strong><\/p>\n\n\n\n<p><strong>AS ESCOLAS<\/strong><\/p>\n\n\n\n<p><strong>Assim, todas as professoras do ensino b\u00e1sico e infantil da rede municipal de Ibi\u00fana estar\u00e3o nas escolas e ministrar\u00e3o as aulas normalmente. \u201cNossa inten\u00e7\u00e3o \u00e9 jamais causar qualquer tipo de preju\u00edzo aos alunos\u201d, afirmou a professora Patr\u00edcia Bueno Lisboa a vitrine online.<\/strong><\/p>\n\n\n\n<p><strong>Em Ibi\u00fana h\u00e1 69 escolas municipais.<\/strong><\/p>\n\n\n\n<p><strong>REUNI\u00c3O<\/strong><\/p>\n\n\n\n<p><strong>Entre as trinta pessoas que participaram da reuni\u00e3o de hoje se encontravam tr\u00eas representantes da For\u00e7a Sindical, presidentes de outros sindicatos, a presidente do Conselho Municipal da Educa\u00e7\u00e3o de Ibi\u00fana, professora Naiane Pereira Leite, outros conselheiros e secret\u00e1rios municipais.<\/strong><\/p>\n","protected":false},"excerpt":{"rendered":"<p>[Em reuni\u00e3o entre o prefeito e lideran\u00e7as sindicais e professores municipais, mesmo em estado de greve, foi acertado que as<\/p>\n","protected":false},"author":1,"featured_media":33735,"comment_status":"open","ping_status":"open","sticky":false,"template":"","format":"standard","meta":[],"categories":[3],"tags":[],"yoast_head":"<!-- This site is optimized with the Yoast SEO plugin v15.8 - https:\/\/yoast.com\/wordpress\/plugins\/seo\/ -->\n<title>MESMO EM ESTADO DE GREVE, ACORDO GARANTE AULAS EM IBI\u00daNA - Revista Vitrine Online<\/title>\n<meta name=\"robots\" content=\"index, follow, max-snippet:-1, max-image-preview:large, max-video-preview:-1\" \/>\n<link rel=\"canonical\" href=\"http:\/\/revistavitrineibiuna.com.br\/?p=33734\" \/>\n<meta property=\"og:locale\" content=\"pt_BR\" \/>\n<meta property=\"og:type\" content=\"article\" \/>\n<meta property=\"og:title\" content=\"MESMO EM ESTADO DE GREVE, ACORDO GARANTE AULAS EM IBI\u00daNA - Revista Vitrine Online\" \/>\n<meta property=\"og:description\" content=\"[Em reuni\u00e3o entre o prefeito e lideran\u00e7as sindicais e professores municipais, mesmo em estado de greve, foi acertado que as\" \/>\n<meta property=\"og:url\" content=\"http:\/\/revistavitrineibiuna.com.br\/?p=33734\" \/>\n<meta property=\"og:site_name\" content=\"Revista Vitrine Online\" \/>\n<meta property=\"article:published_time\" content=\"2025-07-28T20:15:24+00:00\" \/>\n<meta property=\"article:modified_time\" content=\"2025-07-28T21:28:18+00:00\" \/>\n<meta property=\"og:image\" content=\"https:\/\/revistavitrineibiuna.com.br\/wp-content\/uploads\/2025\/07\/reuniao-piso-1.png\" \/>\n\t<meta property=\"og:image:width\" content=\"1591\" \/>\n\t<meta property=\"og:image:height\" content=\"932\" \/>\n<meta name=\"twitter:card\" content=\"summary\" \/>\n<meta name=\"twitter:label1\" content=\"Est. reading time\">\n\t<meta name=\"twitter:data1\" content=\"4 minutos\">\n<script type=\"application\/ld+json\" class=\"yoast-schema-graph\">{\"@context\":\"https:\/\/schema.org\",\"@graph\":[{\"@type\":\"WebSite\",\"@id\":\"https:\/\/revistavitrineibiuna.com.br\/#website\",\"url\":\"https:\/\/revistavitrineibiuna.com.br\/\",\"name\":\"Revista Vitrine Ibi\\u00fana\",\"description\":\"A Revista de Ibi\\u00fana e Regi\\u00e3o\",\"publisher\":{\"@id\":\"https:\/\/revistavitrineibiuna.com.br\/#\/schema\/person\/e51ef49d6d88170ea21ceabff3f73deb\"},\"potentialAction\":[{\"@type\":\"SearchAction\",\"target\":\"https:\/\/revistavitrineibiuna.com.br\/?s={search_term_string}\",\"query-input\":\"required name=search_term_string\"}],\"inLanguage\":\"pt-BR\"},{\"@type\":\"ImageObject\",\"@id\":\"http:\/\/revistavitrineibiuna.com.br\/?p=33734#primaryimage\",\"inLanguage\":\"pt-BR\",\"url\":\"https:\/\/revistavitrineibiuna.com.br\/wp-content\/uploads\/2025\/07\/reuniao-piso-1.png\",\"width\":1591,\"height\":932},{\"@type\":\"WebPage\",\"@id\":\"http:\/\/revistavitrineibiuna.com.br\/?p=33734#webpage\",\"url\":\"http:\/\/revistavitrineibiuna.com.br\/?p=33734\",\"name\":\"MESMO EM ESTADO DE GREVE, ACORDO GARANTE AULAS EM IBI\\u00daNA - Revista Vitrine Online\",\"isPartOf\":{\"@id\":\"https:\/\/revistavitrineibiuna.com.br\/#website\"},\"primaryImageOfPage\":{\"@id\":\"http:\/\/revistavitrineibiuna.com.br\/?p=33734#primaryimage\"},\"datePublished\":\"2025-07-28T20:15:24+00:00\",\"dateModified\":\"2025-07-28T21:28:18+00:00\",\"breadcrumb\":{\"@id\":\"http:\/\/revistavitrineibiuna.com.br\/?p=33734#breadcrumb\"},\"inLanguage\":\"pt-BR\",\"potentialAction\":[{\"@type\":\"ReadAction\",\"target\":[\"http:\/\/revistavitrineibiuna.com.br\/?p=33734\"]}]},{\"@type\":\"BreadcrumbList\",\"@id\":\"http:\/\/revistavitrineibiuna.com.br\/?p=33734#breadcrumb\",\"itemListElement\":[{\"@type\":\"ListItem\",\"position\":1,\"item\":{\"@type\":\"WebPage\",\"@id\":\"https:\/\/revistavitrineibiuna.com.br\/\",\"url\":\"https:\/\/revistavitrineibiuna.com.br\/\",\"name\":\"In\\u00edcio\"}},{\"@type\":\"ListItem\",\"position\":2,\"item\":{\"@type\":\"WebPage\",\"@id\":\"http:\/\/revistavitrineibiuna.com.br\/?p=33734\",\"url\":\"http:\/\/revistavitrineibiuna.com.br\/?p=33734\",\"name\":\"MESMO EM ESTADO DE GREVE, ACORDO GARANTE AULAS EM IBI\\u00daNA\"}}]},{\"@type\":\"Article\",\"@id\":\"http:\/\/revistavitrineibiuna.com.br\/?p=33734#article\",\"isPartOf\":{\"@id\":\"http:\/\/revistavitrineibiuna.com.br\/?p=33734#webpage\"},\"author\":{\"@id\":\"https:\/\/revistavitrineibiuna.com.br\/#\/schema\/person\/e51ef49d6d88170ea21ceabff3f73deb\"},\"headline\":\"MESMO EM ESTADO DE GREVE, ACORDO GARANTE AULAS EM IBI\\u00daNA\",\"datePublished\":\"2025-07-28T20:15:24+00:00\",\"dateModified\":\"2025-07-28T21:28:18+00:00\",\"mainEntityOfPage\":{\"@id\":\"http:\/\/revistavitrineibiuna.com.br\/?p=33734#webpage\"},\"commentCount\":0,\"publisher\":{\"@id\":\"https:\/\/revistavitrineibiuna.com.br\/#\/schema\/person\/e51ef49d6d88170ea21ceabff3f73deb\"},\"image\":{\"@id\":\"http:\/\/revistavitrineibiuna.com.br\/?p=33734#primaryimage\"},\"articleSection\":\"Not\\u00edcias\",\"inLanguage\":\"pt-BR\",\"potentialAction\":[{\"@type\":\"CommentAction\",\"name\":\"Comment\",\"target\":[\"http:\/\/revistavitrineibiuna.com.br\/?p=33734#respond\"]}]},{\"@type\":[\"Person\",\"Organization\"],\"@id\":\"https:\/\/revistavitrineibiuna.com.br\/#\/schema\/person\/e51ef49d6d88170ea21ceabff3f73deb\",\"name\":\"Carlos Rossini\",\"image\":{\"@type\":\"ImageObject\",\"@id\":\"https:\/\/revistavitrineibiuna.com.br\/#personlogo\",\"inLanguage\":\"pt-BR\",\"url\":\"https:\/\/secure.gravatar.com\/avatar\/4f2d0f99fac1f85c7d643f21f5c8d900?s=96&d=mm&r=g\",\"caption\":\"Carlos Rossini\"},\"logo\":{\"@id\":\"https:\/\/revistavitrineibiuna.com.br\/#personlogo\"},\"description\":\"Carlos Rossini \\u00e9 jornalista, soci\\u00f3logo, escritor e professor universit\\u00e1rio, tendo sido professor de jornalismo por vinte anos. Trabalhou em ve\\u00edculos de comunica\\u00e7\\u00e3o nas fun\\u00e7\\u00f5es de rep\\u00f3rter, redator, editor, articulista e colaborador, como Folha de S. Paulo, O Estado de S. Paulo, Di\\u00e1rio Popular, entre outros. Ao transferir a revista vitrine, vers\\u00e3o imprensa, de S\\u00e3o Paulo para Ibi\\u00fana h\\u00e1 alguns anos, iniciou uma nova experi\\u00eancia profissional, dedicando-se ao jornalismo regional, depois de cumprir uma trajet\\u00f3ria bem-sucedida na grande imprensa brasileira. Seu primeiro livro A Coragem de Comunicar foi lan\\u00e7ado na Bienal do Livro em S\\u00e3o Paulo no ano 2000, pela editora Madras.\"}]}<\/script>\n<!-- \/ Yoast SEO plugin. -->","_links":{"self":[{"href":"https:\/\/revistavitrineibiuna.com.br\/index.php?rest_route=\/wp\/v2\/posts\/33734"}],"collection":[{"href":"https:\/\/revistavitrineibiuna.com.br\/index.php?rest_route=\/wp\/v2\/posts"}],"about":[{"href":"https:\/\/revistavitrineibiuna.com.br\/index.php?rest_route=\/wp\/v2\/types\/post"}],"author":[{"embeddable":true,"href":"https:\/\/revistavitrineibiuna.com.br\/index.php?rest_route=\/wp\/v2\/users\/1"}],"replies":[{"embeddable":true,"href":"https:\/\/revistavitrineibiuna.com.br\/index.php?rest_route=%2Fwp%2Fv2%2Fcomments&post=33734"}],"version-history":[{"count":27,"href":"https:\/\/revistavitrineibiuna.com.br\/index.php?rest_route=\/wp\/v2\/posts\/33734\/revisions"}],"predecessor-version":[{"id":33771,"href":"https:\/\/revistavitrineibiuna.com.br\/index.php?rest_route=\/wp\/v2\/posts\/33734\/revisions\/33771"}],"wp:featuredmedia":[{"embeddable":true,"href":"https:\/\/revistavitrineibiuna.com.br\/index.php?rest_route=\/wp\/v2\/media\/33735"}],"wp:attachment":[{"href":"https:\/\/revistavitrineibiuna.com.br\/index.php?rest_route=%2Fwp%2Fv2%2Fmedia&parent=33734"}],"wp:term":[{"taxonomy":"category","embeddable":true,"href":"https:\/\/revistavitrineibiuna.com.br\/index.php?rest_route=%2Fwp%2Fv2%2Fcategories&post=33734"},{"taxonomy":"post_tag","embeddable":true,"href":"https:\/\/revistavitrineibiuna.com.br\/index.php?rest_route=%2Fwp%2Fv2%2Ftags&post=33734"}],"curies":[{"name":"wp","href":"https:\/\/api.w.org\/{rel}","templated":true}]}}