{"id":33772,"date":"2025-07-28T20:29:01","date_gmt":"2025-07-28T23:29:01","guid":{"rendered":"http:\/\/revistavitrineibiuna.com.br\/?p=33772"},"modified":"2025-07-29T05:44:02","modified_gmt":"2025-07-29T08:44:02","slug":"pegamos-esse-municipio-arrebentado","status":"publish","type":"post","link":"https:\/\/revistavitrineibiuna.com.br\/?p=33772","title":{"rendered":"\u201cPEGAMOS ESSE MUNIC\u00cdPIO ARREBENTADO\u201d"},"content":{"rendered":"\n<p class=\"has-drop-cap\"><strong>Algumas li\u00e7\u00f5es aparentemente oportunas e \u00fateis podem ser tiradas da reuni\u00e3o realizada hoje (28) no gabinete do prefeito de Ibi\u00fana gravitando em torno do piso salarial nacional do magist\u00e9rio, causa de duas assembleias gerais extraordin\u00e1rias realizadas em frente ao Pa\u00e7o Municipal.<\/strong><\/p>\n\n\n\n<p><strong>A primeira delas \u00e9 a necessidade imperativa da abertura para o di\u00e1logo cont\u00ednuo e transparente entre as partes envolvidas: autoridades, entidades representativas, cidad\u00e3os.<\/strong><\/p>\n\n\n\n<p><strong>Afinal, um tema pol\u00eamico envolvendo necessidades e direitos irrefut\u00e1veis, deveres e responsabilidades precisa de oxig\u00eanio para manter o organismo p\u00fablico saud\u00e1vel em suas rela\u00e7\u00f5es internas e externas.<\/strong><\/p>\n\n\n\n<p><strong>Ali\u00e1s, foi o que ocorreu como resultado de um di\u00e1logo com momentos tensos que levou a uma concilia\u00e7\u00e3o entre a prefeitura e o professorado municipal.<\/strong><\/p>\n\n\n\n<p><strong>Talvez essa reuni\u00e3o tenha sido uma oportunidade para se descobrir o caminho daquilo que supostamente todos desejam: ver uma cidade bem administrada e reconhecida dessa forma pela popula\u00e7\u00e3o.<\/strong><\/p>\n\n\n\n<p><strong>O prefeito disse que esta \u00e9 a primeira vez que exerce um cargo p\u00fablico e que recebeu uma prefeitura \u201carrebentada\u201d e que est\u00e1 fazendo de tudo para colocar as coisas em ordem. As explica\u00e7\u00f5es que apresentou dos problemas encontrados de alguma forma foram compreendidas.<\/strong><\/p>\n\n\n\n<p><strong>Afinal, \u00e9 o que transparece, o chefe do Executivo precisa contar com o tempo para destrinchar o emaranhado ca\u00f3tico que encontrou nos escaninhos e gavetas municipais. Isso tamb\u00e9m foi admitido.<\/strong><\/p>\n\n\n\n<p><strong>Talvez, mais uma li\u00e7\u00e3o e essa \u00e9 t\u00e3o importante para a futuridade do seu cargo, o novo prefeito precisa superar os v\u00edcios que impregnam o enraizado h\u00e1bito de se praticar uma esp\u00e9cie de obscuridade burocr\u00e1tica, ou, em outras palavras, ser extremamente sovinas com as informa\u00e7\u00f5es requeridas pela sociedade.<\/strong><\/p>\n\n\n\n<p><strong>Na reuni\u00e3o, a l\u00edder sindical enfatizou a cr\u00f4nica dificuldade de acessar as informa\u00e7\u00f5es que circulam no interior da prefeitura, uma pr\u00e1tica hist\u00f3rica e alvo de muitas reclama\u00e7\u00f5es, como se as pessoas estivessem diante de uma caixa preta.<\/strong><\/p>\n\n\n\n<p><strong>A presidente do Conselho Municipal da Educa\u00e7\u00e3o se queixa h\u00e1 anos de falta de informa\u00e7\u00f5es solicitadas \u00e0 Secretaria da Educa\u00e7\u00e3o. Assim, est\u00e1 clara a necessidade de o novo governo de dar um salto inovando essa pr\u00e1tica por meio da transpar\u00eancia.<\/strong><\/p>\n\n\n\n<p><strong>Em suma, os conte\u00fados das duas horas e trinta minutos tempo que durou a reuni\u00e3o, j\u00e1 que estamos falando de educa\u00e7\u00e3o, se apresentaram como uma excelente oportunidade para livrar, finalmente, a prefeitura municipal de Ibi\u00fana de d\u00e9cadas obscurantistas.<\/strong><\/p>\n\n\n\n<p><strong>\u00c9 verdade que, como declarou o prefeito, ele n\u00e3o tem culpa de pegar um \u201cmunic\u00edpio arrebentado\u201d. Seu dever, e ele demonstra ter consci\u00eancia l\u00f3gica do desafio, \u00e9 consert\u00e1-lo e \u00e9 isso que todos esperamos. \u201cVou colocar as coisas em ordem\u201d, prometeu.<\/strong><\/p>\n\n\n\n<p><strong>Talvez seja oportuno lembrar o resultado de uma pesquisa elaborada pela Universidade de Harvard, h\u00e1 alguns anos, ouvidas dez mil pessoas: 85% do sucesso dos empreendimentos e organiza\u00e7\u00f5es s\u00e3o atribu\u00eddos aos relacionamentos (comunica\u00e7\u00e3o, transpar\u00eancia) e 15% se devem a habilidades t\u00e9cnicas.<\/strong><\/p>\n\n\n\n<p><strong>Para tanto, como diriam os mestres da ret\u00f3rica, \u00e9 necess\u00e1rio fazer bom uso das palavras, com sensatez e equil\u00edbrio, sem a necessidade de socar a mesa e elevar o tom de voz para impor respeito, ainda que esse seja um comportamento humano, demasiadamente humano. (C.R.)<\/strong><\/p>\n","protected":false},"excerpt":{"rendered":"<p>Algumas li\u00e7\u00f5es aparentemente oportunas e \u00fateis podem ser tiradas da reuni\u00e3o realizada hoje (28) no gabinete do prefeito de Ibi\u00fana<\/p>\n","protected":false},"author":1,"featured_media":33773,"comment_status":"open","ping_status":"open","sticky":false,"template":"","format":"standard","meta":[],"categories":[3],"tags":[],"yoast_head":"<!-- This site is optimized with the Yoast SEO plugin v15.8 - https:\/\/yoast.com\/wordpress\/plugins\/seo\/ -->\n<title>\u201cPEGAMOS ESSE MUNIC\u00cdPIO ARREBENTADO\u201d - Revista Vitrine Online<\/title>\n<meta name=\"robots\" content=\"index, follow, max-snippet:-1, max-image-preview:large, max-video-preview:-1\" \/>\n<link rel=\"canonical\" href=\"http:\/\/revistavitrineibiuna.com.br\/?p=33772\" \/>\n<meta property=\"og:locale\" content=\"pt_BR\" \/>\n<meta property=\"og:type\" content=\"article\" \/>\n<meta property=\"og:title\" content=\"\u201cPEGAMOS ESSE MUNIC\u00cdPIO ARREBENTADO\u201d - Revista Vitrine Online\" \/>\n<meta property=\"og:description\" content=\"Algumas li\u00e7\u00f5es aparentemente oportunas e \u00fateis podem ser tiradas da reuni\u00e3o realizada hoje (28) no gabinete do prefeito de Ibi\u00fana\" \/>\n<meta property=\"og:url\" content=\"http:\/\/revistavitrineibiuna.com.br\/?p=33772\" \/>\n<meta property=\"og:site_name\" content=\"Revista Vitrine Online\" \/>\n<meta property=\"article:published_time\" content=\"2025-07-28T23:29:01+00:00\" \/>\n<meta property=\"article:modified_time\" content=\"2025-07-29T08:44:02+00:00\" \/>\n<meta property=\"og:image\" content=\"https:\/\/revistavitrineibiuna.com.br\/wp-content\/uploads\/2025\/07\/pegamos-o-municipio-arrebentado.png\" \/>\n\t<meta property=\"og:image:width\" content=\"719\" \/>\n\t<meta property=\"og:image:height\" content=\"480\" \/>\n<meta name=\"twitter:card\" content=\"summary\" \/>\n<meta name=\"twitter:label1\" content=\"Est. reading time\">\n\t<meta name=\"twitter:data1\" content=\"3 minutos\">\n<script type=\"application\/ld+json\" class=\"yoast-schema-graph\">{\"@context\":\"https:\/\/schema.org\",\"@graph\":[{\"@type\":\"WebSite\",\"@id\":\"https:\/\/revistavitrineibiuna.com.br\/#website\",\"url\":\"https:\/\/revistavitrineibiuna.com.br\/\",\"name\":\"Revista Vitrine Ibi\\u00fana\",\"description\":\"A Revista de Ibi\\u00fana e Regi\\u00e3o\",\"publisher\":{\"@id\":\"https:\/\/revistavitrineibiuna.com.br\/#\/schema\/person\/e51ef49d6d88170ea21ceabff3f73deb\"},\"potentialAction\":[{\"@type\":\"SearchAction\",\"target\":\"https:\/\/revistavitrineibiuna.com.br\/?s={search_term_string}\",\"query-input\":\"required name=search_term_string\"}],\"inLanguage\":\"pt-BR\"},{\"@type\":\"ImageObject\",\"@id\":\"http:\/\/revistavitrineibiuna.com.br\/?p=33772#primaryimage\",\"inLanguage\":\"pt-BR\",\"url\":\"https:\/\/revistavitrineibiuna.com.br\/wp-content\/uploads\/2025\/07\/pegamos-o-municipio-arrebentado.png\",\"width\":719,\"height\":480},{\"@type\":\"WebPage\",\"@id\":\"http:\/\/revistavitrineibiuna.com.br\/?p=33772#webpage\",\"url\":\"http:\/\/revistavitrineibiuna.com.br\/?p=33772\",\"name\":\"\\u201cPEGAMOS ESSE MUNIC\\u00cdPIO ARREBENTADO\\u201d - Revista Vitrine Online\",\"isPartOf\":{\"@id\":\"https:\/\/revistavitrineibiuna.com.br\/#website\"},\"primaryImageOfPage\":{\"@id\":\"http:\/\/revistavitrineibiuna.com.br\/?p=33772#primaryimage\"},\"datePublished\":\"2025-07-28T23:29:01+00:00\",\"dateModified\":\"2025-07-29T08:44:02+00:00\",\"breadcrumb\":{\"@id\":\"http:\/\/revistavitrineibiuna.com.br\/?p=33772#breadcrumb\"},\"inLanguage\":\"pt-BR\",\"potentialAction\":[{\"@type\":\"ReadAction\",\"target\":[\"http:\/\/revistavitrineibiuna.com.br\/?p=33772\"]}]},{\"@type\":\"BreadcrumbList\",\"@id\":\"http:\/\/revistavitrineibiuna.com.br\/?p=33772#breadcrumb\",\"itemListElement\":[{\"@type\":\"ListItem\",\"position\":1,\"item\":{\"@type\":\"WebPage\",\"@id\":\"https:\/\/revistavitrineibiuna.com.br\/\",\"url\":\"https:\/\/revistavitrineibiuna.com.br\/\",\"name\":\"In\\u00edcio\"}},{\"@type\":\"ListItem\",\"position\":2,\"item\":{\"@type\":\"WebPage\",\"@id\":\"http:\/\/revistavitrineibiuna.com.br\/?p=33772\",\"url\":\"http:\/\/revistavitrineibiuna.com.br\/?p=33772\",\"name\":\"\\u201cPEGAMOS ESSE MUNIC\\u00cdPIO ARREBENTADO\\u201d\"}}]},{\"@type\":\"Article\",\"@id\":\"http:\/\/revistavitrineibiuna.com.br\/?p=33772#article\",\"isPartOf\":{\"@id\":\"http:\/\/revistavitrineibiuna.com.br\/?p=33772#webpage\"},\"author\":{\"@id\":\"https:\/\/revistavitrineibiuna.com.br\/#\/schema\/person\/e51ef49d6d88170ea21ceabff3f73deb\"},\"headline\":\"\\u201cPEGAMOS ESSE MUNIC\\u00cdPIO ARREBENTADO\\u201d\",\"datePublished\":\"2025-07-28T23:29:01+00:00\",\"dateModified\":\"2025-07-29T08:44:02+00:00\",\"mainEntityOfPage\":{\"@id\":\"http:\/\/revistavitrineibiuna.com.br\/?p=33772#webpage\"},\"commentCount\":0,\"publisher\":{\"@id\":\"https:\/\/revistavitrineibiuna.com.br\/#\/schema\/person\/e51ef49d6d88170ea21ceabff3f73deb\"},\"image\":{\"@id\":\"http:\/\/revistavitrineibiuna.com.br\/?p=33772#primaryimage\"},\"articleSection\":\"Not\\u00edcias\",\"inLanguage\":\"pt-BR\",\"potentialAction\":[{\"@type\":\"CommentAction\",\"name\":\"Comment\",\"target\":[\"http:\/\/revistavitrineibiuna.com.br\/?p=33772#respond\"]}]},{\"@type\":[\"Person\",\"Organization\"],\"@id\":\"https:\/\/revistavitrineibiuna.com.br\/#\/schema\/person\/e51ef49d6d88170ea21ceabff3f73deb\",\"name\":\"Carlos Rossini\",\"image\":{\"@type\":\"ImageObject\",\"@id\":\"https:\/\/revistavitrineibiuna.com.br\/#personlogo\",\"inLanguage\":\"pt-BR\",\"url\":\"https:\/\/secure.gravatar.com\/avatar\/4f2d0f99fac1f85c7d643f21f5c8d900?s=96&d=mm&r=g\",\"caption\":\"Carlos Rossini\"},\"logo\":{\"@id\":\"https:\/\/revistavitrineibiuna.com.br\/#personlogo\"},\"description\":\"Carlos Rossini \\u00e9 jornalista, soci\\u00f3logo, escritor e professor universit\\u00e1rio, tendo sido professor de jornalismo por vinte anos. Trabalhou em ve\\u00edculos de comunica\\u00e7\\u00e3o nas fun\\u00e7\\u00f5es de rep\\u00f3rter, redator, editor, articulista e colaborador, como Folha de S. Paulo, O Estado de S. Paulo, Di\\u00e1rio Popular, entre outros. Ao transferir a revista vitrine, vers\\u00e3o imprensa, de S\\u00e3o Paulo para Ibi\\u00fana h\\u00e1 alguns anos, iniciou uma nova experi\\u00eancia profissional, dedicando-se ao jornalismo regional, depois de cumprir uma trajet\\u00f3ria bem-sucedida na grande imprensa brasileira. Seu primeiro livro A Coragem de Comunicar foi lan\\u00e7ado na Bienal do Livro em S\\u00e3o Paulo no ano 2000, pela editora Madras.\"}]}<\/script>\n<!-- \/ Yoast SEO plugin. -->","_links":{"self":[{"href":"https:\/\/revistavitrineibiuna.com.br\/index.php?rest_route=\/wp\/v2\/posts\/33772"}],"collection":[{"href":"https:\/\/revistavitrineibiuna.com.br\/index.php?rest_route=\/wp\/v2\/posts"}],"about":[{"href":"https:\/\/revistavitrineibiuna.com.br\/index.php?rest_route=\/wp\/v2\/types\/post"}],"author":[{"embeddable":true,"href":"https:\/\/revistavitrineibiuna.com.br\/index.php?rest_route=\/wp\/v2\/users\/1"}],"replies":[{"embeddable":true,"href":"https:\/\/revistavitrineibiuna.com.br\/index.php?rest_route=%2Fwp%2Fv2%2Fcomments&post=33772"}],"version-history":[{"count":6,"href":"https:\/\/revistavitrineibiuna.com.br\/index.php?rest_route=\/wp\/v2\/posts\/33772\/revisions"}],"predecessor-version":[{"id":33784,"href":"https:\/\/revistavitrineibiuna.com.br\/index.php?rest_route=\/wp\/v2\/posts\/33772\/revisions\/33784"}],"wp:featuredmedia":[{"embeddable":true,"href":"https:\/\/revistavitrineibiuna.com.br\/index.php?rest_route=\/wp\/v2\/media\/33773"}],"wp:attachment":[{"href":"https:\/\/revistavitrineibiuna.com.br\/index.php?rest_route=%2Fwp%2Fv2%2Fmedia&parent=33772"}],"wp:term":[{"taxonomy":"category","embeddable":true,"href":"https:\/\/revistavitrineibiuna.com.br\/index.php?rest_route=%2Fwp%2Fv2%2Fcategories&post=33772"},{"taxonomy":"post_tag","embeddable":true,"href":"https:\/\/revistavitrineibiuna.com.br\/index.php?rest_route=%2Fwp%2Fv2%2Ftags&post=33772"}],"curies":[{"name":"wp","href":"https:\/\/api.w.org\/{rel}","templated":true}]}}