{"id":33785,"date":"2025-07-29T11:34:09","date_gmt":"2025-07-29T14:34:09","guid":{"rendered":"http:\/\/revistavitrineibiuna.com.br\/?p=33785"},"modified":"2025-07-30T09:23:24","modified_gmt":"2025-07-30T12:23:24","slug":"ibiuna-servico-de-zona-azul-foi-suspenso-em-junho-saiba-o-motivo","status":"publish","type":"post","link":"https:\/\/revistavitrineibiuna.com.br\/?p=33785","title":{"rendered":"IBI\u00daNA \u2013 SERVI\u00c7O DE ZONA AZUL FOI SUSPENSO EM JUNHO; SAIBA O MOTIVO"},"content":{"rendered":"\n<p class=\"has-drop-cap\"><strong>O servi\u00e7o de zona azul nas ruas centrais de Ibi\u00fana foi suspenso em junho \u00faltimo devido ao encerramento do contrato com a empresa Tecgolds Sistemas Ltda. (Park Gold). Essa medida decorre do fato dessa atividade ter sido contratada por regime emergencial pela gest\u00e3o anterior que, conforme a legisla\u00e7\u00e3o em vigor, n\u00e3o pode ser prorrogado.<\/strong><\/p>\n\n\n\n<p><strong>O atual governo est\u00e1 elaborando um novo processo licitat\u00f3rio, \u201cque permitir\u00e1 a contrata\u00e7\u00e3o de empresa para a presta\u00e7\u00e3o desse servi\u00e7o por um prazo maior e com melhores condi\u00e7\u00f5es t\u00e9cnicas e operacionais\u201d, conforme informou a prefeitura a vitrine online.<\/strong><\/p>\n\n\n\n<p><strong>Segundo a mesma fonte, \u201co novo projeto prev\u00ea, ainda, o remanejamento e a amplia\u00e7\u00e3o de vagas, com o objetivo de contemplar um n\u00famero maior de comerciantes da \u00e1rea central, que dependem da rotatividade de ve\u00edculos para manter a fluidez no atendimento aos seus clientes\u201d.<\/strong><\/p>\n\n\n\n<p><strong>A expectativa do governo &nbsp;\u201c\u00e9 que o novo modelo traga benef\u00edcios tanto para os condutores, que contar\u00e3o com mais op\u00e7\u00f5es de estacionamento, quanto para os comerciantes, que ter\u00e3o melhores condi\u00e7\u00f5es de atrair e receber clientes em seus estabelecimentos\u201d.<\/strong><\/p>\n\n\n\n<p><strong>O contrato firmado com a TecGolds (Park Gold), com sede no munic\u00edpio de Franco da Rocha, passou a vigorar, na pr\u00e1tica, no dia 10 de junho de 2024, conforme vitrine online noticiou<\/strong><\/p>\n\n\n\n<p><strong>Na ocasi\u00e3o, pelo menos duas faixas foram afixadas na rua Pinduca Soares em que a empresa informa que \u201cEstacionar em Ibi\u00fana agora ficou f\u00e1cil\u201d.<\/strong><\/p>\n\n\n\n<p><strong>As tarifas anunciadas na \u00e9poca carros: R$ 2,30 por uma hora e R$ 4,60 por duas horas. Motos: R$ 1,00 por hora e R$ 2,00 por duas horas.<\/strong><\/p>\n\n\n\n<p><strong>Caso os propriet\u00e1rios dos ve\u00edculos ultrapassassem o limite m\u00e1ximo de 2 horas, teriam que \u201cregularizar\u201d o estacionamento. No caso de n\u00e3o regularizarem, ser\u00e1 cobrado o valor equivalente a 10 horas de estacionamento, ou seja, R$ 25,30. Esse pormenor provocou algumas pol\u00eamicas.<\/strong><\/p>\n\n\n\n<p><strong>CONFLITO COM A C\u00c2MARA<\/strong><\/p>\n\n\n\n<p><strong>Outra empresa \u2013 Serbet \u2013 Sistema de Estacionamento de Ve\u00edculos do Brasil Ltda., com sede em Joinville, no estado de Santa Catarina, contratada pelo ent\u00e3o prefeito F\u00e1bio Bello, iniciara o servi\u00e7o de estacionamento rotativo nas ruas centrais de Ibi\u00fana a um custo de R$ 1,50 a hora no dia 21 de dezembro de 2015.<\/strong><\/p>\n\n\n\n<p><strong>Na ocasi\u00e3o, houve uma diverg\u00eancia entre a C\u00e2mara Municipal e a Prefeitura, com o argumento de que a licita\u00e7\u00e3o havia sido feita sem a aprova\u00e7\u00e3o pr\u00e9via dos vereadores como exige a Lei Org\u00e2nica do Munic\u00edpio.<\/strong><\/p>\n\n\n\n<p><strong>Edis da base aliada do governo no entanto aprovaram a medida em regime de urg\u00eancia. Assim, o Projeto de Lei n\u00ba 341\/2016 encaminhado pelo prefeito F\u00e1bio Bello, n\u00e3o apenas autorizou a prefeitura a licitar esse servi\u00e7o mas, especialmente, retroagir \u201cseus efeitos a partir do dia 8 de dezembro de 2015\u201d, m\u00eas em que foi contratada a empresa Serbet para realizar essa atividade em diversas ruas do centro.<\/strong><\/p>\n\n\n\n<p><strong>PROCESSO CONTRA A PREFEITURA<\/strong><\/p>\n\n\n\n<p><strong>A Serbet, no entanto, sob o argumento de que a Prefeitura havia descumprido termos contratuais, paralisou os servi\u00e7os e abriu um processo contra o Executivo ibiunense.<\/strong><\/p>\n\n\n\n<p><strong>A Justi\u00e7a julgou o processo e o contrato entre a empresa e a Prefeitura foi rescindido.<\/strong><\/p>\n\n\n\n<p><strong>No ano passado, quando entrevistamos um dos advogados da Serbet para a TVUNA, falava-se que o valor de uma prov\u00e1vel multa poderia girar em torno dos R$ 4 milh\u00f5es.<\/strong><\/p>\n\n\n\n<p><strong>No entanto, o valor real do pedido de indeniza\u00e7\u00e3o ser\u00e1 definido pela Justi\u00e7a, com base em levantamento pericial. Mas n\u00e3o tivemos mais not\u00edcia desse caso e n\u00e3o sabemos do seu desfecho.<\/strong><\/p>\n\n\n\n<p><strong><em>*Fizemos contato com o escrit\u00f3rio de advocacia da empresa e atualizaremos a not\u00edcia assim que tivermos retorno.<\/em><\/strong><\/p>\n\n\n\n<p><strong>ATUALIZA\u00c7\u00c3O &#8211; O escrit\u00f3rio que representa a Serbet no processo &#8211; Gama Monteiro Sociedade de Advogados, com sede no Paran\u00e1 &#8211; informou  vitrine online na tarde de hoje (29) que est\u00e1 aguardando a apura\u00e7\u00e3o do montante a ser indenizado, que ser\u00e1 fixado pelo Poder Judici\u00e1rio. Em suma: a prefeitura de Ibiuna dever\u00e1 arcar com todos os custos: indeniza\u00e7\u00e3o e advocat\u00edcios.<\/strong><\/p>\n","protected":false},"excerpt":{"rendered":"<p>O servi\u00e7o de zona azul nas ruas centrais de Ibi\u00fana foi suspenso em junho \u00faltimo devido ao encerramento do contrato<\/p>\n","protected":false},"author":1,"featured_media":33788,"comment_status":"open","ping_status":"open","sticky":false,"template":"","format":"standard","meta":[],"categories":[3],"tags":[],"yoast_head":"<!-- This site is optimized with the Yoast SEO plugin v15.8 - https:\/\/yoast.com\/wordpress\/plugins\/seo\/ -->\n<title>IBI\u00daNA \u2013 SERVI\u00c7O DE ZONA AZUL FOI SUSPENSO EM JUNHO; SAIBA O MOTIVO - Revista Vitrine Online<\/title>\n<meta name=\"robots\" content=\"index, follow, max-snippet:-1, max-image-preview:large, max-video-preview:-1\" \/>\n<link rel=\"canonical\" href=\"http:\/\/revistavitrineibiuna.com.br\/?p=33785\" \/>\n<meta property=\"og:locale\" content=\"pt_BR\" \/>\n<meta property=\"og:type\" content=\"article\" \/>\n<meta property=\"og:title\" content=\"IBI\u00daNA \u2013 SERVI\u00c7O DE ZONA AZUL FOI SUSPENSO EM JUNHO; SAIBA O MOTIVO - Revista Vitrine Online\" \/>\n<meta property=\"og:description\" content=\"O servi\u00e7o de zona azul nas ruas centrais de Ibi\u00fana foi suspenso em junho \u00faltimo devido ao encerramento do contrato\" \/>\n<meta property=\"og:url\" content=\"http:\/\/revistavitrineibiuna.com.br\/?p=33785\" \/>\n<meta property=\"og:site_name\" content=\"Revista Vitrine Online\" \/>\n<meta property=\"article:published_time\" content=\"2025-07-29T14:34:09+00:00\" \/>\n<meta property=\"article:modified_time\" content=\"2025-07-30T12:23:24+00:00\" \/>\n<meta property=\"og:image\" content=\"https:\/\/revistavitrineibiuna.com.br\/wp-content\/uploads\/2025\/07\/zona-azul-em-ibiuna-novo-800x445-1.png\" \/>\n\t<meta property=\"og:image:width\" content=\"800\" \/>\n\t<meta property=\"og:image:height\" content=\"445\" \/>\n<meta name=\"twitter:card\" content=\"summary\" \/>\n<meta name=\"twitter:label1\" content=\"Est. reading time\">\n\t<meta name=\"twitter:data1\" content=\"3 minutos\">\n<script type=\"application\/ld+json\" class=\"yoast-schema-graph\">{\"@context\":\"https:\/\/schema.org\",\"@graph\":[{\"@type\":\"WebSite\",\"@id\":\"https:\/\/revistavitrineibiuna.com.br\/#website\",\"url\":\"https:\/\/revistavitrineibiuna.com.br\/\",\"name\":\"Revista Vitrine Ibi\\u00fana\",\"description\":\"A Revista de Ibi\\u00fana e Regi\\u00e3o\",\"publisher\":{\"@id\":\"https:\/\/revistavitrineibiuna.com.br\/#\/schema\/person\/e51ef49d6d88170ea21ceabff3f73deb\"},\"potentialAction\":[{\"@type\":\"SearchAction\",\"target\":\"https:\/\/revistavitrineibiuna.com.br\/?s={search_term_string}\",\"query-input\":\"required name=search_term_string\"}],\"inLanguage\":\"pt-BR\"},{\"@type\":\"ImageObject\",\"@id\":\"http:\/\/revistavitrineibiuna.com.br\/?p=33785#primaryimage\",\"inLanguage\":\"pt-BR\",\"url\":\"https:\/\/revistavitrineibiuna.com.br\/wp-content\/uploads\/2025\/07\/zona-azul-em-ibiuna-novo-800x445-1.png\",\"width\":800,\"height\":445},{\"@type\":\"WebPage\",\"@id\":\"http:\/\/revistavitrineibiuna.com.br\/?p=33785#webpage\",\"url\":\"http:\/\/revistavitrineibiuna.com.br\/?p=33785\",\"name\":\"IBI\\u00daNA \\u2013 SERVI\\u00c7O DE ZONA AZUL FOI SUSPENSO EM JUNHO; SAIBA O MOTIVO - Revista Vitrine Online\",\"isPartOf\":{\"@id\":\"https:\/\/revistavitrineibiuna.com.br\/#website\"},\"primaryImageOfPage\":{\"@id\":\"http:\/\/revistavitrineibiuna.com.br\/?p=33785#primaryimage\"},\"datePublished\":\"2025-07-29T14:34:09+00:00\",\"dateModified\":\"2025-07-30T12:23:24+00:00\",\"breadcrumb\":{\"@id\":\"http:\/\/revistavitrineibiuna.com.br\/?p=33785#breadcrumb\"},\"inLanguage\":\"pt-BR\",\"potentialAction\":[{\"@type\":\"ReadAction\",\"target\":[\"http:\/\/revistavitrineibiuna.com.br\/?p=33785\"]}]},{\"@type\":\"BreadcrumbList\",\"@id\":\"http:\/\/revistavitrineibiuna.com.br\/?p=33785#breadcrumb\",\"itemListElement\":[{\"@type\":\"ListItem\",\"position\":1,\"item\":{\"@type\":\"WebPage\",\"@id\":\"https:\/\/revistavitrineibiuna.com.br\/\",\"url\":\"https:\/\/revistavitrineibiuna.com.br\/\",\"name\":\"In\\u00edcio\"}},{\"@type\":\"ListItem\",\"position\":2,\"item\":{\"@type\":\"WebPage\",\"@id\":\"http:\/\/revistavitrineibiuna.com.br\/?p=33785\",\"url\":\"http:\/\/revistavitrineibiuna.com.br\/?p=33785\",\"name\":\"IBI\\u00daNA \\u2013 SERVI\\u00c7O DE ZONA AZUL FOI SUSPENSO EM JUNHO; SAIBA O MOTIVO\"}}]},{\"@type\":\"Article\",\"@id\":\"http:\/\/revistavitrineibiuna.com.br\/?p=33785#article\",\"isPartOf\":{\"@id\":\"http:\/\/revistavitrineibiuna.com.br\/?p=33785#webpage\"},\"author\":{\"@id\":\"https:\/\/revistavitrineibiuna.com.br\/#\/schema\/person\/e51ef49d6d88170ea21ceabff3f73deb\"},\"headline\":\"IBI\\u00daNA \\u2013 SERVI\\u00c7O DE ZONA AZUL FOI SUSPENSO EM JUNHO; SAIBA O MOTIVO\",\"datePublished\":\"2025-07-29T14:34:09+00:00\",\"dateModified\":\"2025-07-30T12:23:24+00:00\",\"mainEntityOfPage\":{\"@id\":\"http:\/\/revistavitrineibiuna.com.br\/?p=33785#webpage\"},\"commentCount\":0,\"publisher\":{\"@id\":\"https:\/\/revistavitrineibiuna.com.br\/#\/schema\/person\/e51ef49d6d88170ea21ceabff3f73deb\"},\"image\":{\"@id\":\"http:\/\/revistavitrineibiuna.com.br\/?p=33785#primaryimage\"},\"articleSection\":\"Not\\u00edcias\",\"inLanguage\":\"pt-BR\",\"potentialAction\":[{\"@type\":\"CommentAction\",\"name\":\"Comment\",\"target\":[\"http:\/\/revistavitrineibiuna.com.br\/?p=33785#respond\"]}]},{\"@type\":[\"Person\",\"Organization\"],\"@id\":\"https:\/\/revistavitrineibiuna.com.br\/#\/schema\/person\/e51ef49d6d88170ea21ceabff3f73deb\",\"name\":\"Carlos Rossini\",\"image\":{\"@type\":\"ImageObject\",\"@id\":\"https:\/\/revistavitrineibiuna.com.br\/#personlogo\",\"inLanguage\":\"pt-BR\",\"url\":\"https:\/\/secure.gravatar.com\/avatar\/4f2d0f99fac1f85c7d643f21f5c8d900?s=96&d=mm&r=g\",\"caption\":\"Carlos Rossini\"},\"logo\":{\"@id\":\"https:\/\/revistavitrineibiuna.com.br\/#personlogo\"},\"description\":\"Carlos Rossini \\u00e9 jornalista, soci\\u00f3logo, escritor e professor universit\\u00e1rio, tendo sido professor de jornalismo por vinte anos. Trabalhou em ve\\u00edculos de comunica\\u00e7\\u00e3o nas fun\\u00e7\\u00f5es de rep\\u00f3rter, redator, editor, articulista e colaborador, como Folha de S. Paulo, O Estado de S. Paulo, Di\\u00e1rio Popular, entre outros. Ao transferir a revista vitrine, vers\\u00e3o imprensa, de S\\u00e3o Paulo para Ibi\\u00fana h\\u00e1 alguns anos, iniciou uma nova experi\\u00eancia profissional, dedicando-se ao jornalismo regional, depois de cumprir uma trajet\\u00f3ria bem-sucedida na grande imprensa brasileira. Seu primeiro livro A Coragem de Comunicar foi lan\\u00e7ado na Bienal do Livro em S\\u00e3o Paulo no ano 2000, pela editora Madras.\"}]}<\/script>\n<!-- \/ Yoast SEO plugin. -->","_links":{"self":[{"href":"https:\/\/revistavitrineibiuna.com.br\/index.php?rest_route=\/wp\/v2\/posts\/33785"}],"collection":[{"href":"https:\/\/revistavitrineibiuna.com.br\/index.php?rest_route=\/wp\/v2\/posts"}],"about":[{"href":"https:\/\/revistavitrineibiuna.com.br\/index.php?rest_route=\/wp\/v2\/types\/post"}],"author":[{"embeddable":true,"href":"https:\/\/revistavitrineibiuna.com.br\/index.php?rest_route=\/wp\/v2\/users\/1"}],"replies":[{"embeddable":true,"href":"https:\/\/revistavitrineibiuna.com.br\/index.php?rest_route=%2Fwp%2Fv2%2Fcomments&post=33785"}],"version-history":[{"count":3,"href":"https:\/\/revistavitrineibiuna.com.br\/index.php?rest_route=\/wp\/v2\/posts\/33785\/revisions"}],"predecessor-version":[{"id":33791,"href":"https:\/\/revistavitrineibiuna.com.br\/index.php?rest_route=\/wp\/v2\/posts\/33785\/revisions\/33791"}],"wp:featuredmedia":[{"embeddable":true,"href":"https:\/\/revistavitrineibiuna.com.br\/index.php?rest_route=\/wp\/v2\/media\/33788"}],"wp:attachment":[{"href":"https:\/\/revistavitrineibiuna.com.br\/index.php?rest_route=%2Fwp%2Fv2%2Fmedia&parent=33785"}],"wp:term":[{"taxonomy":"category","embeddable":true,"href":"https:\/\/revistavitrineibiuna.com.br\/index.php?rest_route=%2Fwp%2Fv2%2Fcategories&post=33785"},{"taxonomy":"post_tag","embeddable":true,"href":"https:\/\/revistavitrineibiuna.com.br\/index.php?rest_route=%2Fwp%2Fv2%2Ftags&post=33785"}],"curies":[{"name":"wp","href":"https:\/\/api.w.org\/{rel}","templated":true}]}}